{"id":238938,"date":"2025-03-12T12:15:00","date_gmt":"2025-03-12T15:15:00","guid":{"rendered":"https:\/\/www.gaveanews.com\/?p=238938"},"modified":"2025-03-12T11:41:25","modified_gmt":"2025-03-12T14:41:25","slug":"idolo-do-flamengo-junior-e-sincero-ao-falar-sobre-luiz-araujo","status":"publish","type":"post","link":"https:\/\/www.gaveanews.com\/index.php\/2025\/03\/12\/idolo-do-flamengo-junior-e-sincero-ao-falar-sobre-luiz-araujo\/","title":{"rendered":"\u00cddolo do Flamengo, J\u00fanior \u00e9 sincero ao falar sobre Luiz Ara\u00fajo"},"content":{"rendered":"\n<p>O Flamengo se prepara para a decis\u00e3o do Campeonato Carioca contra o Fluminense, com o primeiro jogo marcado para quarta-feira (12), \u00e0s 21h30 (hor\u00e1rio de Bras\u00edlia), no Maracan\u00e3. Contudo, a equipe rubro-negra enfrenta problemas no setor ofensivo devido a desfalques importantes.<\/p>\n\n\n\n<p>Bruno Henrique, uma das pe\u00e7as-chave do ataque, sentiu dores durante a semifinal contra o Vasco e n\u00e3o deve estar dispon\u00edvel para as duas partidas da final. Al\u00e9m dele, Everton Cebolinha e Michael tamb\u00e9m est\u00e3o fora do primeiro jogo, pois ainda est\u00e3o em processo de transi\u00e7\u00e3o f\u00edsica. Diante dessas baixas, o Flamengo busca solu\u00e7\u00f5es para manter a qualidade ofensiva na decis\u00e3o.<\/p>\n\n\n\n<figure class=\"wp-block-image size-large\"><img loading=\"lazy\" decoding=\"async\" width=\"939\" height=\"1024\" src=\"http:\/\/www.gaveanews.com\/wp-content\/uploads\/Luiz-Araujo-durante-jogo-entre-Flamengo-e-Atletico-GO-pelo-Brasileirao-em-2024-939x1024.webp\" alt=\"\" class=\"wp-image-155239\" srcset=\"https:\/\/www.gaveanews.com\/wp-content\/uploads\/Luiz-Araujo-durante-jogo-entre-Flamengo-e-Atletico-GO-pelo-Brasileirao-em-2024-939x1024.webp 939w, https:\/\/www.gaveanews.com\/wp-content\/uploads\/Luiz-Araujo-durante-jogo-entre-Flamengo-e-Atletico-GO-pelo-Brasileirao-em-2024-275x300.webp 275w, https:\/\/www.gaveanews.com\/wp-content\/uploads\/Luiz-Araujo-durante-jogo-entre-Flamengo-e-Atletico-GO-pelo-Brasileirao-em-2024-768x838.webp 768w, https:\/\/www.gaveanews.com\/wp-content\/uploads\/Luiz-Araujo-durante-jogo-entre-Flamengo-e-Atletico-GO-pelo-Brasileirao-em-2024-385x420.webp 385w, https:\/\/www.gaveanews.com\/wp-content\/uploads\/Luiz-Araujo-durante-jogo-entre-Flamengo-e-Atletico-GO-pelo-Brasileirao-em-2024-770x840.webp 770w, https:\/\/www.gaveanews.com\/wp-content\/uploads\/Luiz-Araujo-durante-jogo-entre-Flamengo-e-Atletico-GO-pelo-Brasileirao-em-2024-640x698.webp 640w, https:\/\/www.gaveanews.com\/wp-content\/uploads\/Luiz-Araujo-durante-jogo-entre-Flamengo-e-Atletico-GO-pelo-Brasileirao-em-2024-681x743.webp 681w, https:\/\/www.gaveanews.com\/wp-content\/uploads\/Luiz-Araujo-durante-jogo-entre-Flamengo-e-Atletico-GO-pelo-Brasileirao-em-2024-100x109.webp 100w, https:\/\/www.gaveanews.com\/wp-content\/uploads\/Luiz-Araujo-durante-jogo-entre-Flamengo-e-Atletico-GO-pelo-Brasileirao-em-2024.webp 1170w\" sizes=\"auto, (max-width: 939px) 100vw, 939px\" \/><figcaption class=\"wp-element-caption\">Luiz Ara\u00fajo durante jogo entre Flamengo e Atl\u00e9tico-GO, pelo Brasileir\u00e3o em 2024 (Foto: Reprodu\u00e7\u00e3o\/Instagram Luiz Ara\u00fajo)<\/figcaption><\/figure>\n\n\n\n<p>O ex-jogador e comentarista Maestro J\u00fanior sugeriu alternativas para suprir a aus\u00eancia de Bruno Henrique. Para ele, Luiz Ara\u00fajo pode assumir a posi\u00e7\u00e3o pelo lado esquerdo do campo, enquanto Plata poderia atuar como um falso nove. &#8220;No primeiro jogo contra o Vasco, ele jogou demais, chutou bola na trave, se movimentou bem. Ajuda demais&#8221;, afirmou J\u00fanior ao elogiar Luiz Ara\u00fajo.<\/p>\n\n\n\n<p>O Flamengo tem um elenco qualificado, mas a aus\u00eancia de atletas experientes como Bruno Henrique pode impactar a estrat\u00e9gia do time. O t\u00e9cnico Tite precisar\u00e1 encontrar a melhor forma\u00e7\u00e3o para equilibrar a equipe e enfrentar um Fluminense que vem mostrando regularidade na temporada.<\/p>\n\n\n\n<p>A decis\u00e3o promete ser disputada, com dois times que t\u00eam protagonizado grandes confrontos nos \u00faltimos anos. A torcida rubro-negra aguarda ansiosamente para ver como a equipe ir\u00e1 se portar diante dessas adversidades e quem assumir\u00e1 o papel de decisivo na aus\u00eancia de Bruno Henrique.<\/p>\n\n\n\n<p>Com o primeiro duelo se aproximando, a expectativa \u00e9 de um Maracan\u00e3 lotado, e o Flamengo precisar\u00e1 encontrar solu\u00e7\u00f5es r\u00e1pidas para iniciar a final com um resultado positivo.<\/p>\n\n\n\n<p>Al\u00e9m das quest\u00f5es t\u00e1ticas, o aspecto emocional pode ser determinante na final. O Flamengo precisa superar as aus\u00eancias e manter o foco para buscar o t\u00edtulo estadual. Jogadores como Arrascaeta e Pedro ganham ainda mais responsabilidade na constru\u00e7\u00e3o das jogadas ofensivas e na defini\u00e7\u00e3o das partidas.<\/p>\n\n\n\n<p>Do outro lado, o Fluminense chega confiante e com a equipe praticamente completa. O t\u00e9cnico Fernando Diniz deve apostar na posse de bola e na troca de passes para envolver o advers\u00e1rio. Dessa forma, o confronto se desenha como um grande espet\u00e1culo para os torcedores, reeditando uma rivalidade hist\u00f3rica no futebol carioca.<\/p>\n","protected":false},"excerpt":{"rendered":"<p>O Flamengo se prepara para a decis\u00e3o do Campeonato Carioca contra o Fluminense, com o primeiro jogo marcado para quarta-feira (12), \u00e0s 21h30 (hor\u00e1rio de Bras\u00edlia), no Maracan\u00e3. Contudo, a equipe rubro-negra enfrenta problemas no setor ofensivo devido a desfalques importantes. Bruno Henrique, uma das pe\u00e7as-chave do ataque, sentiu dores durante a semifinal contra o [&hellip;]<\/p>\n","protected":false},"author":27,"featured_media":112652,"comment_status":"open","ping_status":"closed","sticky":false,"template":"","format":"standard","meta":{"footnotes":""},"categories":[1],"tags":[],"class_list":["post-238938","post","type-post","status-publish","format-standard","has-post-thumbnail","hentry","category-flamengo"],"yoast_head":"<!-- This site is optimized with the Yoast SEO Premium plugin v24.2 (Yoast SEO v26.9) - https:\/\/yoast.com\/product\/yoast-seo-premium-wordpress\/ -->\n<title>\u00cddolo do Flamengo, J\u00fanior \u00e9 sincero ao falar sobre Luiz Ara\u00fajo<\/title>\n<meta name=\"robots\" content=\"index, follow, max-snippet:-1, max-image-preview:large, max-video-preview:-1\" \/>\n<link rel=\"canonical\" href=\"https:\/\/www.gaveanews.com\/index.php\/2025\/03\/12\/idolo-do-flamengo-junior-e-sincero-ao-falar-sobre-luiz-araujo\/\" \/>\n<meta property=\"og:locale\" content=\"pt_BR\" \/>\n<meta property=\"og:type\" content=\"article\" \/>\n<meta property=\"og:title\" content=\"\u00cddolo do Flamengo, J\u00fanior \u00e9 sincero ao falar sobre Luiz Ara\u00fajo\" \/>\n<meta property=\"og:description\" content=\"O Flamengo se prepara para a decis\u00e3o do Campeonato Carioca contra o Fluminense, com o primeiro jogo marcado para quarta-feira (12), \u00e0s 21h30 (hor\u00e1rio de Bras\u00edlia), no Maracan\u00e3. Contudo, a equipe rubro-negra enfrenta problemas no setor ofensivo devido a desfalques importantes. Bruno Henrique, uma das pe\u00e7as-chave do ataque, sentiu dores durante a semifinal contra o [&hellip;]\" \/>\n<meta property=\"og:url\" content=\"https:\/\/www.gaveanews.com\/index.php\/2025\/03\/12\/idolo-do-flamengo-junior-e-sincero-ao-falar-sobre-luiz-araujo\/\" \/>\n<meta property=\"og:site_name\" content=\"G\u00e1vea News\" \/>\n<meta property=\"article:publisher\" content=\"https:\/\/facebook.com\/gaveaNews\/\" \/>\n<meta property=\"article:published_time\" content=\"2025-03-12T15:15:00+00:00\" \/>\n<meta property=\"og:image\" content=\"https:\/\/www.gaveanews.com\/wp-content\/uploads\/maestro-junior.webp\" \/>\n\t<meta property=\"og:image:width\" content=\"640\" \/>\n\t<meta property=\"og:image:height\" content=\"400\" \/>\n\t<meta property=\"og:image:type\" content=\"image\/jpeg\" \/>\n<meta name=\"author\" content=\"Matheus Felipe\" \/>\n<meta name=\"twitter:card\" content=\"summary_large_image\" \/>\n<meta name=\"twitter:label1\" content=\"Escrito por\" \/>\n\t<meta name=\"twitter:data1\" content=\"Matheus Felipe\" \/>\n\t<meta name=\"twitter:label2\" content=\"Est. tempo de leitura\" \/>\n\t<meta name=\"twitter:data2\" content=\"3 minutos\" \/>\n<script type=\"application\/ld+json\" class=\"yoast-schema-graph\">{\"@context\":\"https:\/\/schema.org\",\"@graph\":[{\"@type\":\"NewsArticle\",\"@id\":\"https:\/\/www.gaveanews.com\/index.php\/2025\/03\/12\/idolo-do-flamengo-junior-e-sincero-ao-falar-sobre-luiz-araujo\/#article\",\"isPartOf\":{\"@id\":\"https:\/\/www.gaveanews.com\/index.php\/2025\/03\/12\/idolo-do-flamengo-junior-e-sincero-ao-falar-sobre-luiz-araujo\/\"},\"author\":{\"name\":\"Matheus Felipe\",\"@id\":\"https:\/\/www.gaveanews.com\/#\/schema\/person\/8207cd4627f56151707418bfc835b2fb\"},\"headline\":\"\u00cddolo do Flamengo, J\u00fanior \u00e9 sincero ao falar sobre Luiz Ara\u00fajo\",\"datePublished\":\"2025-03-12T15:15:00+00:00\",\"mainEntityOfPage\":{\"@id\":\"https:\/\/www.gaveanews.com\/index.php\/2025\/03\/12\/idolo-do-flamengo-junior-e-sincero-ao-falar-sobre-luiz-araujo\/\"},\"wordCount\":445,\"commentCount\":0,\"image\":{\"@id\":\"https:\/\/www.gaveanews.com\/index.php\/2025\/03\/12\/idolo-do-flamengo-junior-e-sincero-ao-falar-sobre-luiz-araujo\/#primaryimage\"},\"thumbnailUrl\":\"https:\/\/www.gaveanews.com\/wp-content\/uploads\/maestro-junior.webp\",\"articleSection\":[\"Flamengo\"],\"inLanguage\":\"pt-BR\",\"potentialAction\":[{\"@type\":\"CommentAction\",\"name\":\"Comment\",\"target\":[\"https:\/\/www.gaveanews.com\/index.php\/2025\/03\/12\/idolo-do-flamengo-junior-e-sincero-ao-falar-sobre-luiz-araujo\/#respond\"]}],\"copyrightYear\":\"2025\",\"copyrightHolder\":{\"@id\":\"https:\/\/www.gaveanews.com\/#organization\"}},{\"@type\":\"WebPage\",\"@id\":\"https:\/\/www.gaveanews.com\/index.php\/2025\/03\/12\/idolo-do-flamengo-junior-e-sincero-ao-falar-sobre-luiz-araujo\/\",\"url\":\"https:\/\/www.gaveanews.com\/index.php\/2025\/03\/12\/idolo-do-flamengo-junior-e-sincero-ao-falar-sobre-luiz-araujo\/\",\"name\":\"\u00cddolo do Flamengo, J\u00fanior \u00e9 sincero ao falar sobre Luiz Ara\u00fajo\",\"isPartOf\":{\"@id\":\"https:\/\/www.gaveanews.com\/#website\"},\"primaryImageOfPage\":{\"@id\":\"https:\/\/www.gaveanews.com\/index.php\/2025\/03\/12\/idolo-do-flamengo-junior-e-sincero-ao-falar-sobre-luiz-araujo\/#primaryimage\"},\"image\":{\"@id\":\"https:\/\/www.gaveanews.com\/index.php\/2025\/03\/12\/idolo-do-flamengo-junior-e-sincero-ao-falar-sobre-luiz-araujo\/#primaryimage\"},\"thumbnailUrl\":\"https:\/\/www.gaveanews.com\/wp-content\/uploads\/maestro-junior.webp\",\"datePublished\":\"2025-03-12T15:15:00+00:00\",\"author\":{\"@id\":\"https:\/\/www.gaveanews.com\/#\/schema\/person\/8207cd4627f56151707418bfc835b2fb\"},\"breadcrumb\":{\"@id\":\"https:\/\/www.gaveanews.com\/index.php\/2025\/03\/12\/idolo-do-flamengo-junior-e-sincero-ao-falar-sobre-luiz-araujo\/#breadcrumb\"},\"inLanguage\":\"pt-BR\",\"potentialAction\":[{\"@type\":\"ReadAction\",\"target\":[\"https:\/\/www.gaveanews.com\/index.php\/2025\/03\/12\/idolo-do-flamengo-junior-e-sincero-ao-falar-sobre-luiz-araujo\/\"]}]},{\"@type\":\"ImageObject\",\"inLanguage\":\"pt-BR\",\"@id\":\"https:\/\/www.gaveanews.com\/index.php\/2025\/03\/12\/idolo-do-flamengo-junior-e-sincero-ao-falar-sobre-luiz-araujo\/#primaryimage\",\"url\":\"https:\/\/www.gaveanews.com\/wp-content\/uploads\/maestro-junior.webp\",\"contentUrl\":\"https:\/\/www.gaveanews.com\/wp-content\/uploads\/maestro-junior.webp\",\"width\":640,\"height\":400,\"caption\":\"Maestro Junior durante programa Sportv - Foto: Reprodu\u00e7\u00e3o\"},{\"@type\":\"BreadcrumbList\",\"@id\":\"https:\/\/www.gaveanews.com\/index.php\/2025\/03\/12\/idolo-do-flamengo-junior-e-sincero-ao-falar-sobre-luiz-araujo\/#breadcrumb\",\"itemListElement\":[{\"@type\":\"ListItem\",\"position\":1,\"name\":\"Home\",\"item\":\"https:\/\/www.gaveanews.com\/\"},{\"@type\":\"ListItem\",\"position\":2,\"name\":\"\u00cddolo do Flamengo, J\u00fanior \u00e9 sincero ao falar sobre Luiz Ara\u00fajo\"}]},{\"@type\":\"WebSite\",\"@id\":\"https:\/\/www.gaveanews.com\/#website\",\"url\":\"https:\/\/www.gaveanews.com\/\",\"name\":\"G\u00e1vea News\",\"description\":\"Veja todas as not\u00edcias sobre o Flamengo: Contrata\u00e7\u00f5es, categorias de base, resultados das partidas, tabela de classifica\u00e7\u00e3o, pr\u00f3ximos jogos!\",\"potentialAction\":[{\"@type\":\"SearchAction\",\"target\":{\"@type\":\"EntryPoint\",\"urlTemplate\":\"https:\/\/www.gaveanews.com\/?s={search_term_string}\"},\"query-input\":{\"@type\":\"PropertyValueSpecification\",\"valueRequired\":true,\"valueName\":\"search_term_string\"}}],\"inLanguage\":\"pt-BR\"},{\"@type\":\"Person\",\"@id\":\"https:\/\/www.gaveanews.com\/#\/schema\/person\/8207cd4627f56151707418bfc835b2fb\",\"name\":\"Matheus Felipe\",\"image\":{\"@type\":\"ImageObject\",\"inLanguage\":\"pt-BR\",\"@id\":\"https:\/\/www.gaveanews.com\/#\/schema\/person\/image\/\",\"url\":\"https:\/\/secure.gravatar.com\/avatar\/a452ffbed9130f726358b298bb3a99ce4bd3c5338411f8440e87e14d74c7c087?s=96&d=mm&r=g\",\"contentUrl\":\"https:\/\/secure.gravatar.com\/avatar\/a452ffbed9130f726358b298bb3a99ce4bd3c5338411f8440e87e14d74c7c087?s=96&d=mm&r=g\",\"caption\":\"Matheus Felipe\"}}]}<\/script>\n<!-- \/ Yoast SEO Premium plugin. -->","yoast_head_json":{"title":"\u00cddolo do Flamengo, J\u00fanior \u00e9 sincero ao falar sobre Luiz Ara\u00fajo","robots":{"index":"index","follow":"follow","max-snippet":"max-snippet:-1","max-image-preview":"max-image-preview:large","max-video-preview":"max-video-preview:-1"},"canonical":"https:\/\/www.gaveanews.com\/index.php\/2025\/03\/12\/idolo-do-flamengo-junior-e-sincero-ao-falar-sobre-luiz-araujo\/","og_locale":"pt_BR","og_type":"article","og_title":"\u00cddolo do Flamengo, J\u00fanior \u00e9 sincero ao falar sobre Luiz Ara\u00fajo","og_description":"O Flamengo se prepara para a decis\u00e3o do Campeonato Carioca contra o Fluminense, com o primeiro jogo marcado para quarta-feira (12), \u00e0s 21h30 (hor\u00e1rio de Bras\u00edlia), no Maracan\u00e3. Contudo, a equipe rubro-negra enfrenta problemas no setor ofensivo devido a desfalques importantes. Bruno Henrique, uma das pe\u00e7as-chave do ataque, sentiu dores durante a semifinal contra o [&hellip;]","og_url":"https:\/\/www.gaveanews.com\/index.php\/2025\/03\/12\/idolo-do-flamengo-junior-e-sincero-ao-falar-sobre-luiz-araujo\/","og_site_name":"G\u00e1vea News","article_publisher":"https:\/\/facebook.com\/gaveaNews\/","article_published_time":"2025-03-12T15:15:00+00:00","og_image":[{"width":640,"height":400,"url":"https:\/\/www.gaveanews.com\/wp-content\/uploads\/maestro-junior.webp","type":"image\/jpeg"}],"author":"Matheus Felipe","twitter_card":"summary_large_image","twitter_misc":{"Escrito por":"Matheus Felipe","Est. tempo de leitura":"3 minutos"},"schema":{"@context":"https:\/\/schema.org","@graph":[{"@type":"NewsArticle","@id":"https:\/\/www.gaveanews.com\/index.php\/2025\/03\/12\/idolo-do-flamengo-junior-e-sincero-ao-falar-sobre-luiz-araujo\/#article","isPartOf":{"@id":"https:\/\/www.gaveanews.com\/index.php\/2025\/03\/12\/idolo-do-flamengo-junior-e-sincero-ao-falar-sobre-luiz-araujo\/"},"author":{"name":"Matheus Felipe","@id":"https:\/\/www.gaveanews.com\/#\/schema\/person\/8207cd4627f56151707418bfc835b2fb"},"headline":"\u00cddolo do Flamengo, J\u00fanior \u00e9 sincero ao falar sobre Luiz Ara\u00fajo","datePublished":"2025-03-12T15:15:00+00:00","mainEntityOfPage":{"@id":"https:\/\/www.gaveanews.com\/index.php\/2025\/03\/12\/idolo-do-flamengo-junior-e-sincero-ao-falar-sobre-luiz-araujo\/"},"wordCount":445,"commentCount":0,"image":{"@id":"https:\/\/www.gaveanews.com\/index.php\/2025\/03\/12\/idolo-do-flamengo-junior-e-sincero-ao-falar-sobre-luiz-araujo\/#primaryimage"},"thumbnailUrl":"https:\/\/www.gaveanews.com\/wp-content\/uploads\/maestro-junior.webp","articleSection":["Flamengo"],"inLanguage":"pt-BR","potentialAction":[{"@type":"CommentAction","name":"Comment","target":["https:\/\/www.gaveanews.com\/index.php\/2025\/03\/12\/idolo-do-flamengo-junior-e-sincero-ao-falar-sobre-luiz-araujo\/#respond"]}],"copyrightYear":"2025","copyrightHolder":{"@id":"https:\/\/www.gaveanews.com\/#organization"}},{"@type":"WebPage","@id":"https:\/\/www.gaveanews.com\/index.php\/2025\/03\/12\/idolo-do-flamengo-junior-e-sincero-ao-falar-sobre-luiz-araujo\/","url":"https:\/\/www.gaveanews.com\/index.php\/2025\/03\/12\/idolo-do-flamengo-junior-e-sincero-ao-falar-sobre-luiz-araujo\/","name":"\u00cddolo do Flamengo, J\u00fanior \u00e9 sincero ao falar sobre Luiz Ara\u00fajo","isPartOf":{"@id":"https:\/\/www.gaveanews.com\/#website"},"primaryImageOfPage":{"@id":"https:\/\/www.gaveanews.com\/index.php\/2025\/03\/12\/idolo-do-flamengo-junior-e-sincero-ao-falar-sobre-luiz-araujo\/#primaryimage"},"image":{"@id":"https:\/\/www.gaveanews.com\/index.php\/2025\/03\/12\/idolo-do-flamengo-junior-e-sincero-ao-falar-sobre-luiz-araujo\/#primaryimage"},"thumbnailUrl":"https:\/\/www.gaveanews.com\/wp-content\/uploads\/maestro-junior.webp","datePublished":"2025-03-12T15:15:00+00:00","author":{"@id":"https:\/\/www.gaveanews.com\/#\/schema\/person\/8207cd4627f56151707418bfc835b2fb"},"breadcrumb":{"@id":"https:\/\/www.gaveanews.com\/index.php\/2025\/03\/12\/idolo-do-flamengo-junior-e-sincero-ao-falar-sobre-luiz-araujo\/#breadcrumb"},"inLanguage":"pt-BR","potentialAction":[{"@type":"ReadAction","target":["https:\/\/www.gaveanews.com\/index.php\/2025\/03\/12\/idolo-do-flamengo-junior-e-sincero-ao-falar-sobre-luiz-araujo\/"]}]},{"@type":"ImageObject","inLanguage":"pt-BR","@id":"https:\/\/www.gaveanews.com\/index.php\/2025\/03\/12\/idolo-do-flamengo-junior-e-sincero-ao-falar-sobre-luiz-araujo\/#primaryimage","url":"https:\/\/www.gaveanews.com\/wp-content\/uploads\/maestro-junior.webp","contentUrl":"https:\/\/www.gaveanews.com\/wp-content\/uploads\/maestro-junior.webp","width":640,"height":400,"caption":"Maestro Junior durante programa Sportv - Foto: Reprodu\u00e7\u00e3o"},{"@type":"BreadcrumbList","@id":"https:\/\/www.gaveanews.com\/index.php\/2025\/03\/12\/idolo-do-flamengo-junior-e-sincero-ao-falar-sobre-luiz-araujo\/#breadcrumb","itemListElement":[{"@type":"ListItem","position":1,"name":"Home","item":"https:\/\/www.gaveanews.com\/"},{"@type":"ListItem","position":2,"name":"\u00cddolo do Flamengo, J\u00fanior \u00e9 sincero ao falar sobre Luiz Ara\u00fajo"}]},{"@type":"WebSite","@id":"https:\/\/www.gaveanews.com\/#website","url":"https:\/\/www.gaveanews.com\/","name":"G\u00e1vea News","description":"Veja todas as not\u00edcias sobre o Flamengo: Contrata\u00e7\u00f5es, categorias de base, resultados das partidas, tabela de classifica\u00e7\u00e3o, pr\u00f3ximos jogos!","potentialAction":[{"@type":"SearchAction","target":{"@type":"EntryPoint","urlTemplate":"https:\/\/www.gaveanews.com\/?s={search_term_string}"},"query-input":{"@type":"PropertyValueSpecification","valueRequired":true,"valueName":"search_term_string"}}],"inLanguage":"pt-BR"},{"@type":"Person","@id":"https:\/\/www.gaveanews.com\/#\/schema\/person\/8207cd4627f56151707418bfc835b2fb","name":"Matheus Felipe","image":{"@type":"ImageObject","inLanguage":"pt-BR","@id":"https:\/\/www.gaveanews.com\/#\/schema\/person\/image\/","url":"https:\/\/secure.gravatar.com\/avatar\/a452ffbed9130f726358b298bb3a99ce4bd3c5338411f8440e87e14d74c7c087?s=96&d=mm&r=g","contentUrl":"https:\/\/secure.gravatar.com\/avatar\/a452ffbed9130f726358b298bb3a99ce4bd3c5338411f8440e87e14d74c7c087?s=96&d=mm&r=g","caption":"Matheus Felipe"}}]}},"_links":{"self":[{"href":"https:\/\/www.gaveanews.com\/index.php\/wp-json\/wp\/v2\/posts\/238938","targetHints":{"allow":["GET"]}}],"collection":[{"href":"https:\/\/www.gaveanews.com\/index.php\/wp-json\/wp\/v2\/posts"}],"about":[{"href":"https:\/\/www.gaveanews.com\/index.php\/wp-json\/wp\/v2\/types\/post"}],"author":[{"embeddable":true,"href":"https:\/\/www.gaveanews.com\/index.php\/wp-json\/wp\/v2\/users\/27"}],"replies":[{"embeddable":true,"href":"https:\/\/www.gaveanews.com\/index.php\/wp-json\/wp\/v2\/comments?post=238938"}],"version-history":[{"count":1,"href":"https:\/\/www.gaveanews.com\/index.php\/wp-json\/wp\/v2\/posts\/238938\/revisions"}],"predecessor-version":[{"id":238941,"href":"https:\/\/www.gaveanews.com\/index.php\/wp-json\/wp\/v2\/posts\/238938\/revisions\/238941"}],"wp:featuredmedia":[{"embeddable":true,"href":"https:\/\/www.gaveanews.com\/index.php\/wp-json\/wp\/v2\/media\/112652"}],"wp:attachment":[{"href":"https:\/\/www.gaveanews.com\/index.php\/wp-json\/wp\/v2\/media?parent=238938"}],"wp:term":[{"taxonomy":"category","embeddable":true,"href":"https:\/\/www.gaveanews.com\/index.php\/wp-json\/wp\/v2\/categories?post=238938"},{"taxonomy":"post_tag","embeddable":true,"href":"https:\/\/www.gaveanews.com\/index.php\/wp-json\/wp\/v2\/tags?post=238938"}],"curies":[{"name":"wp","href":"https:\/\/api.w.org\/{rel}","templated":true}]}}