{"id":238940,"date":"2025-03-12T12:35:00","date_gmt":"2025-03-12T15:35:00","guid":{"rendered":"https:\/\/www.gaveanews.com\/?p=238940"},"modified":"2025-03-12T11:50:13","modified_gmt":"2025-03-12T14:50:13","slug":"a-declaracao-de-lamine-yamal-do-barcelona-direcionada-a-neymar-do-santos","status":"publish","type":"post","link":"https:\/\/www.gaveanews.com\/index.php\/2025\/03\/12\/a-declaracao-de-lamine-yamal-do-barcelona-direcionada-a-neymar-do-santos\/","title":{"rendered":"A declara\u00e7\u00e3o de Lamine Yamal, do Barcelona, direcionada a Neymar, do Santos"},"content":{"rendered":"\n<p>O jovem atacante Lamine Yamal, uma das grandes promessas do Barcelona, voltou a demonstrar sua admira\u00e7\u00e3o por Neymar, atualmente no Santos. O jogador espanhol, de apenas 16 anos, afirmou que acompanha os jogos da equipe brasileira para assistir ao camisa 10 em a\u00e7\u00e3o.<\/p>\n\n\n\n<p>Yamal nunca escondeu que considera Neymar uma de suas maiores refer\u00eancias no futebol. O atacante destacou a maneira \u00fanica como o brasileiro joga e o impacto que ele causa em quem assiste \u00e0s suas partidas. &#8220;Desde pequeno me espelho muito no Neymar. Quando ele jogava aqui no Barcelona e tamb\u00e9m no PSG. Para mim, ele \u00e9 um dos melhores jogadores da hist\u00f3ria&#8221;, afirmou em entrevista \u00e0 &#8220;TNT Sports&#8221;.<\/p>\n\n\n\n<figure class=\"wp-block-image size-full\"><img loading=\"lazy\" decoding=\"async\" width=\"984\" height=\"709\" src=\"http:\/\/www.gaveanews.com\/wp-content\/uploads\/image-28.webp\" alt=\"Divulga\u00e7\u00e3o: Santos\" class=\"wp-image-220190\"\/><figcaption class=\"wp-element-caption\">Neymar no Santos &#8211; Foto: Divulga\u00e7\u00e3o\/SFC<\/figcaption><\/figure>\n\n\n\n<p>O atleta espanhol ressaltou ainda a alegria transmitida pelo estilo de jogo de Neymar. Segundo ele, a forma como o brasileiro se diverte em campo contagia os torcedores e os demais jogadores. &#8220;Voc\u00ea olha para ele e ele transmite alegria. Isso \u00e9 o que mais me inspira, porque eu jogo para que as pessoas desfrutem&#8221;, acrescentou.<\/p>\n\n\n\n<p>Mesmo atuando no futebol europeu, Lamine Yamal garantiu que segue acompanhando os jogos do Santos sempre que pode, apesar da diferen\u00e7a de fuso hor\u00e1rio. &#8220;Continuo acompanhando o Neymar no Santos. \u00c0s vezes vejo quando acordo, porque jogam tarde para n\u00f3s, e \u00e0s vezes, se posso ver ao vivo, \u00e9 melhor&#8221;, revelou o jogador.<\/p>\n\n\n\n<p>A rela\u00e7\u00e3o de Neymar com o Santos continua sendo um atrativo para jogadores e torcedores ao redor do mundo. O retorno do camisa 10 ao clube que o revelou segue despertando aten\u00e7\u00e3o, inclusive de talentos que despontam no futebol internacional, como \u00e9 o caso de Lamine Yamal.<\/p>\n\n\n\n<p>O jovem atacante do Barcelona segue evoluindo em sua carreira e tem mostrado potencial para se tornar um dos grandes nomes do futebol europeu. Sua admira\u00e7\u00e3o por Neymar refor\u00e7a o legado que o brasileiro deixa para as novas gera\u00e7\u00f5es de jogadores.<\/p>\n","protected":false},"excerpt":{"rendered":"<p>O jovem atacante Lamine Yamal, uma das grandes promessas do Barcelona, voltou a demonstrar sua admira\u00e7\u00e3o por Neymar, atualmente no Santos. O jogador espanhol, de apenas 16 anos, afirmou que acompanha os jogos da equipe brasileira para assistir ao camisa 10 em a\u00e7\u00e3o. Yamal nunca escondeu que considera Neymar uma de suas maiores refer\u00eancias no [&hellip;]<\/p>\n","protected":false},"author":33,"featured_media":153555,"comment_status":"open","ping_status":"closed","sticky":false,"template":"","format":"standard","meta":{"footnotes":""},"categories":[87,139],"tags":[],"class_list":["post-238940","post","type-post","status-publish","format-standard","has-post-thumbnail","hentry","category-barcelona","category-santos"],"yoast_head":"<!-- This site is optimized with the Yoast SEO Premium plugin v24.2 (Yoast SEO v26.9) - https:\/\/yoast.com\/product\/yoast-seo-premium-wordpress\/ -->\n<title>A declara\u00e7\u00e3o de Lamine Yamal, do Barcelona, direcionada a Neymar, do Santos<\/title>\n<meta name=\"robots\" content=\"index, follow, max-snippet:-1, max-image-preview:large, max-video-preview:-1\" \/>\n<link rel=\"canonical\" href=\"https:\/\/www.gaveanews.com\/index.php\/2025\/03\/12\/a-declaracao-de-lamine-yamal-do-barcelona-direcionada-a-neymar-do-santos\/\" \/>\n<meta property=\"og:locale\" content=\"pt_BR\" \/>\n<meta property=\"og:type\" content=\"article\" \/>\n<meta property=\"og:title\" content=\"A declara\u00e7\u00e3o de Lamine Yamal, do Barcelona, direcionada a Neymar, do Santos\" \/>\n<meta property=\"og:description\" content=\"O jovem atacante Lamine Yamal, uma das grandes promessas do Barcelona, voltou a demonstrar sua admira\u00e7\u00e3o por Neymar, atualmente no Santos. O jogador espanhol, de apenas 16 anos, afirmou que acompanha os jogos da equipe brasileira para assistir ao camisa 10 em a\u00e7\u00e3o. Yamal nunca escondeu que considera Neymar uma de suas maiores refer\u00eancias no [&hellip;]\" \/>\n<meta property=\"og:url\" content=\"https:\/\/www.gaveanews.com\/index.php\/2025\/03\/12\/a-declaracao-de-lamine-yamal-do-barcelona-direcionada-a-neymar-do-santos\/\" \/>\n<meta property=\"og:site_name\" content=\"G\u00e1vea News\" \/>\n<meta property=\"article:publisher\" content=\"https:\/\/facebook.com\/gaveaNews\/\" \/>\n<meta property=\"article:published_time\" content=\"2025-03-12T15:35:00+00:00\" \/>\n<meta property=\"og:image\" content=\"https:\/\/www.gaveanews.com\/wp-content\/uploads\/Lamine-Yamal-com-a-camisa-do-Barcelona-diante-da-Napoli.webp\" \/>\n\t<meta property=\"og:image:width\" content=\"1080\" \/>\n\t<meta property=\"og:image:height\" content=\"1346\" \/>\n\t<meta property=\"og:image:type\" content=\"image\/jpeg\" \/>\n<meta name=\"author\" content=\"Brenda Cezillo\" \/>\n<meta name=\"twitter:card\" content=\"summary_large_image\" \/>\n<meta name=\"twitter:label1\" content=\"Escrito por\" \/>\n\t<meta name=\"twitter:data1\" content=\"Brenda Cezillo\" \/>\n\t<meta name=\"twitter:label2\" content=\"Est. tempo de leitura\" \/>\n\t<meta name=\"twitter:data2\" content=\"3 minutos\" \/>\n<script type=\"application\/ld+json\" class=\"yoast-schema-graph\">{\"@context\":\"https:\/\/schema.org\",\"@graph\":[{\"@type\":\"NewsArticle\",\"@id\":\"https:\/\/www.gaveanews.com\/index.php\/2025\/03\/12\/a-declaracao-de-lamine-yamal-do-barcelona-direcionada-a-neymar-do-santos\/#article\",\"isPartOf\":{\"@id\":\"https:\/\/www.gaveanews.com\/index.php\/2025\/03\/12\/a-declaracao-de-lamine-yamal-do-barcelona-direcionada-a-neymar-do-santos\/\"},\"author\":{\"name\":\"Brenda Cezillo\",\"@id\":\"https:\/\/www.gaveanews.com\/#\/schema\/person\/c79759ca337c40791ae8d08e2923d403\"},\"headline\":\"A declara\u00e7\u00e3o de Lamine Yamal, do Barcelona, direcionada a Neymar, do Santos\",\"datePublished\":\"2025-03-12T15:35:00+00:00\",\"mainEntityOfPage\":{\"@id\":\"https:\/\/www.gaveanews.com\/index.php\/2025\/03\/12\/a-declaracao-de-lamine-yamal-do-barcelona-direcionada-a-neymar-do-santos\/\"},\"wordCount\":334,\"commentCount\":0,\"image\":{\"@id\":\"https:\/\/www.gaveanews.com\/index.php\/2025\/03\/12\/a-declaracao-de-lamine-yamal-do-barcelona-direcionada-a-neymar-do-santos\/#primaryimage\"},\"thumbnailUrl\":\"https:\/\/www.gaveanews.com\/wp-content\/uploads\/Lamine-Yamal-com-a-camisa-do-Barcelona-diante-da-Napoli.webp\",\"articleSection\":[\"Barcelona\",\"Santos\"],\"inLanguage\":\"pt-BR\",\"potentialAction\":[{\"@type\":\"CommentAction\",\"name\":\"Comment\",\"target\":[\"https:\/\/www.gaveanews.com\/index.php\/2025\/03\/12\/a-declaracao-de-lamine-yamal-do-barcelona-direcionada-a-neymar-do-santos\/#respond\"]}],\"copyrightYear\":\"2025\",\"copyrightHolder\":{\"@id\":\"https:\/\/www.gaveanews.com\/#organization\"}},{\"@type\":\"WebPage\",\"@id\":\"https:\/\/www.gaveanews.com\/index.php\/2025\/03\/12\/a-declaracao-de-lamine-yamal-do-barcelona-direcionada-a-neymar-do-santos\/\",\"url\":\"https:\/\/www.gaveanews.com\/index.php\/2025\/03\/12\/a-declaracao-de-lamine-yamal-do-barcelona-direcionada-a-neymar-do-santos\/\",\"name\":\"A declara\u00e7\u00e3o de Lamine Yamal, do Barcelona, direcionada a Neymar, do Santos\",\"isPartOf\":{\"@id\":\"https:\/\/www.gaveanews.com\/#website\"},\"primaryImageOfPage\":{\"@id\":\"https:\/\/www.gaveanews.com\/index.php\/2025\/03\/12\/a-declaracao-de-lamine-yamal-do-barcelona-direcionada-a-neymar-do-santos\/#primaryimage\"},\"image\":{\"@id\":\"https:\/\/www.gaveanews.com\/index.php\/2025\/03\/12\/a-declaracao-de-lamine-yamal-do-barcelona-direcionada-a-neymar-do-santos\/#primaryimage\"},\"thumbnailUrl\":\"https:\/\/www.gaveanews.com\/wp-content\/uploads\/Lamine-Yamal-com-a-camisa-do-Barcelona-diante-da-Napoli.webp\",\"datePublished\":\"2025-03-12T15:35:00+00:00\",\"author\":{\"@id\":\"https:\/\/www.gaveanews.com\/#\/schema\/person\/c79759ca337c40791ae8d08e2923d403\"},\"breadcrumb\":{\"@id\":\"https:\/\/www.gaveanews.com\/index.php\/2025\/03\/12\/a-declaracao-de-lamine-yamal-do-barcelona-direcionada-a-neymar-do-santos\/#breadcrumb\"},\"inLanguage\":\"pt-BR\",\"potentialAction\":[{\"@type\":\"ReadAction\",\"target\":[\"https:\/\/www.gaveanews.com\/index.php\/2025\/03\/12\/a-declaracao-de-lamine-yamal-do-barcelona-direcionada-a-neymar-do-santos\/\"]}]},{\"@type\":\"ImageObject\",\"inLanguage\":\"pt-BR\",\"@id\":\"https:\/\/www.gaveanews.com\/index.php\/2025\/03\/12\/a-declaracao-de-lamine-yamal-do-barcelona-direcionada-a-neymar-do-santos\/#primaryimage\",\"url\":\"https:\/\/www.gaveanews.com\/wp-content\/uploads\/Lamine-Yamal-com-a-camisa-do-Barcelona-diante-da-Napoli.webp\",\"contentUrl\":\"https:\/\/www.gaveanews.com\/wp-content\/uploads\/Lamine-Yamal-com-a-camisa-do-Barcelona-diante-da-Napoli.webp\",\"width\":1080,\"height\":1346,\"caption\":\"Lamine Yamal com a camisa do Barcelona diante da Napoli (Foto: Reprodu\u00e7\u00e3o\/Instagram)\"},{\"@type\":\"BreadcrumbList\",\"@id\":\"https:\/\/www.gaveanews.com\/index.php\/2025\/03\/12\/a-declaracao-de-lamine-yamal-do-barcelona-direcionada-a-neymar-do-santos\/#breadcrumb\",\"itemListElement\":[{\"@type\":\"ListItem\",\"position\":1,\"name\":\"Home\",\"item\":\"https:\/\/www.gaveanews.com\/\"},{\"@type\":\"ListItem\",\"position\":2,\"name\":\"A declara\u00e7\u00e3o de Lamine Yamal, do Barcelona, direcionada a Neymar, do Santos\"}]},{\"@type\":\"WebSite\",\"@id\":\"https:\/\/www.gaveanews.com\/#website\",\"url\":\"https:\/\/www.gaveanews.com\/\",\"name\":\"G\u00e1vea News\",\"description\":\"Veja todas as not\u00edcias sobre o Flamengo: Contrata\u00e7\u00f5es, categorias de base, resultados das partidas, tabela de classifica\u00e7\u00e3o, pr\u00f3ximos jogos!\",\"potentialAction\":[{\"@type\":\"SearchAction\",\"target\":{\"@type\":\"EntryPoint\",\"urlTemplate\":\"https:\/\/www.gaveanews.com\/?s={search_term_string}\"},\"query-input\":{\"@type\":\"PropertyValueSpecification\",\"valueRequired\":true,\"valueName\":\"search_term_string\"}}],\"inLanguage\":\"pt-BR\"},{\"@type\":\"Person\",\"@id\":\"https:\/\/www.gaveanews.com\/#\/schema\/person\/c79759ca337c40791ae8d08e2923d403\",\"name\":\"Brenda Cezillo\",\"image\":{\"@type\":\"ImageObject\",\"inLanguage\":\"pt-BR\",\"@id\":\"https:\/\/www.gaveanews.com\/#\/schema\/person\/image\/\",\"url\":\"https:\/\/secure.gravatar.com\/avatar\/1738d75cee7317f9c29ae61dd67620c5883d80a92e42a6fff88ae5d527af217a?s=96&d=mm&r=g\",\"contentUrl\":\"https:\/\/secure.gravatar.com\/avatar\/1738d75cee7317f9c29ae61dd67620c5883d80a92e42a6fff88ae5d527af217a?s=96&d=mm&r=g\",\"caption\":\"Brenda Cezillo\"}}]}<\/script>\n<!-- \/ Yoast SEO Premium plugin. -->","yoast_head_json":{"title":"A declara\u00e7\u00e3o de Lamine Yamal, do Barcelona, direcionada a Neymar, do Santos","robots":{"index":"index","follow":"follow","max-snippet":"max-snippet:-1","max-image-preview":"max-image-preview:large","max-video-preview":"max-video-preview:-1"},"canonical":"https:\/\/www.gaveanews.com\/index.php\/2025\/03\/12\/a-declaracao-de-lamine-yamal-do-barcelona-direcionada-a-neymar-do-santos\/","og_locale":"pt_BR","og_type":"article","og_title":"A declara\u00e7\u00e3o de Lamine Yamal, do Barcelona, direcionada a Neymar, do Santos","og_description":"O jovem atacante Lamine Yamal, uma das grandes promessas do Barcelona, voltou a demonstrar sua admira\u00e7\u00e3o por Neymar, atualmente no Santos. O jogador espanhol, de apenas 16 anos, afirmou que acompanha os jogos da equipe brasileira para assistir ao camisa 10 em a\u00e7\u00e3o. Yamal nunca escondeu que considera Neymar uma de suas maiores refer\u00eancias no [&hellip;]","og_url":"https:\/\/www.gaveanews.com\/index.php\/2025\/03\/12\/a-declaracao-de-lamine-yamal-do-barcelona-direcionada-a-neymar-do-santos\/","og_site_name":"G\u00e1vea News","article_publisher":"https:\/\/facebook.com\/gaveaNews\/","article_published_time":"2025-03-12T15:35:00+00:00","og_image":[{"width":1080,"height":1346,"url":"https:\/\/www.gaveanews.com\/wp-content\/uploads\/Lamine-Yamal-com-a-camisa-do-Barcelona-diante-da-Napoli.webp","type":"image\/jpeg"}],"author":"Brenda Cezillo","twitter_card":"summary_large_image","twitter_misc":{"Escrito por":"Brenda Cezillo","Est. tempo de leitura":"3 minutos"},"schema":{"@context":"https:\/\/schema.org","@graph":[{"@type":"NewsArticle","@id":"https:\/\/www.gaveanews.com\/index.php\/2025\/03\/12\/a-declaracao-de-lamine-yamal-do-barcelona-direcionada-a-neymar-do-santos\/#article","isPartOf":{"@id":"https:\/\/www.gaveanews.com\/index.php\/2025\/03\/12\/a-declaracao-de-lamine-yamal-do-barcelona-direcionada-a-neymar-do-santos\/"},"author":{"name":"Brenda Cezillo","@id":"https:\/\/www.gaveanews.com\/#\/schema\/person\/c79759ca337c40791ae8d08e2923d403"},"headline":"A declara\u00e7\u00e3o de Lamine Yamal, do Barcelona, direcionada a Neymar, do Santos","datePublished":"2025-03-12T15:35:00+00:00","mainEntityOfPage":{"@id":"https:\/\/www.gaveanews.com\/index.php\/2025\/03\/12\/a-declaracao-de-lamine-yamal-do-barcelona-direcionada-a-neymar-do-santos\/"},"wordCount":334,"commentCount":0,"image":{"@id":"https:\/\/www.gaveanews.com\/index.php\/2025\/03\/12\/a-declaracao-de-lamine-yamal-do-barcelona-direcionada-a-neymar-do-santos\/#primaryimage"},"thumbnailUrl":"https:\/\/www.gaveanews.com\/wp-content\/uploads\/Lamine-Yamal-com-a-camisa-do-Barcelona-diante-da-Napoli.webp","articleSection":["Barcelona","Santos"],"inLanguage":"pt-BR","potentialAction":[{"@type":"CommentAction","name":"Comment","target":["https:\/\/www.gaveanews.com\/index.php\/2025\/03\/12\/a-declaracao-de-lamine-yamal-do-barcelona-direcionada-a-neymar-do-santos\/#respond"]}],"copyrightYear":"2025","copyrightHolder":{"@id":"https:\/\/www.gaveanews.com\/#organization"}},{"@type":"WebPage","@id":"https:\/\/www.gaveanews.com\/index.php\/2025\/03\/12\/a-declaracao-de-lamine-yamal-do-barcelona-direcionada-a-neymar-do-santos\/","url":"https:\/\/www.gaveanews.com\/index.php\/2025\/03\/12\/a-declaracao-de-lamine-yamal-do-barcelona-direcionada-a-neymar-do-santos\/","name":"A declara\u00e7\u00e3o de Lamine Yamal, do Barcelona, direcionada a Neymar, do Santos","isPartOf":{"@id":"https:\/\/www.gaveanews.com\/#website"},"primaryImageOfPage":{"@id":"https:\/\/www.gaveanews.com\/index.php\/2025\/03\/12\/a-declaracao-de-lamine-yamal-do-barcelona-direcionada-a-neymar-do-santos\/#primaryimage"},"image":{"@id":"https:\/\/www.gaveanews.com\/index.php\/2025\/03\/12\/a-declaracao-de-lamine-yamal-do-barcelona-direcionada-a-neymar-do-santos\/#primaryimage"},"thumbnailUrl":"https:\/\/www.gaveanews.com\/wp-content\/uploads\/Lamine-Yamal-com-a-camisa-do-Barcelona-diante-da-Napoli.webp","datePublished":"2025-03-12T15:35:00+00:00","author":{"@id":"https:\/\/www.gaveanews.com\/#\/schema\/person\/c79759ca337c40791ae8d08e2923d403"},"breadcrumb":{"@id":"https:\/\/www.gaveanews.com\/index.php\/2025\/03\/12\/a-declaracao-de-lamine-yamal-do-barcelona-direcionada-a-neymar-do-santos\/#breadcrumb"},"inLanguage":"pt-BR","potentialAction":[{"@type":"ReadAction","target":["https:\/\/www.gaveanews.com\/index.php\/2025\/03\/12\/a-declaracao-de-lamine-yamal-do-barcelona-direcionada-a-neymar-do-santos\/"]}]},{"@type":"ImageObject","inLanguage":"pt-BR","@id":"https:\/\/www.gaveanews.com\/index.php\/2025\/03\/12\/a-declaracao-de-lamine-yamal-do-barcelona-direcionada-a-neymar-do-santos\/#primaryimage","url":"https:\/\/www.gaveanews.com\/wp-content\/uploads\/Lamine-Yamal-com-a-camisa-do-Barcelona-diante-da-Napoli.webp","contentUrl":"https:\/\/www.gaveanews.com\/wp-content\/uploads\/Lamine-Yamal-com-a-camisa-do-Barcelona-diante-da-Napoli.webp","width":1080,"height":1346,"caption":"Lamine Yamal com a camisa do Barcelona diante da Napoli (Foto: Reprodu\u00e7\u00e3o\/Instagram)"},{"@type":"BreadcrumbList","@id":"https:\/\/www.gaveanews.com\/index.php\/2025\/03\/12\/a-declaracao-de-lamine-yamal-do-barcelona-direcionada-a-neymar-do-santos\/#breadcrumb","itemListElement":[{"@type":"ListItem","position":1,"name":"Home","item":"https:\/\/www.gaveanews.com\/"},{"@type":"ListItem","position":2,"name":"A declara\u00e7\u00e3o de Lamine Yamal, do Barcelona, direcionada a Neymar, do Santos"}]},{"@type":"WebSite","@id":"https:\/\/www.gaveanews.com\/#website","url":"https:\/\/www.gaveanews.com\/","name":"G\u00e1vea News","description":"Veja todas as not\u00edcias sobre o Flamengo: Contrata\u00e7\u00f5es, categorias de base, resultados das partidas, tabela de classifica\u00e7\u00e3o, pr\u00f3ximos jogos!","potentialAction":[{"@type":"SearchAction","target":{"@type":"EntryPoint","urlTemplate":"https:\/\/www.gaveanews.com\/?s={search_term_string}"},"query-input":{"@type":"PropertyValueSpecification","valueRequired":true,"valueName":"search_term_string"}}],"inLanguage":"pt-BR"},{"@type":"Person","@id":"https:\/\/www.gaveanews.com\/#\/schema\/person\/c79759ca337c40791ae8d08e2923d403","name":"Brenda Cezillo","image":{"@type":"ImageObject","inLanguage":"pt-BR","@id":"https:\/\/www.gaveanews.com\/#\/schema\/person\/image\/","url":"https:\/\/secure.gravatar.com\/avatar\/1738d75cee7317f9c29ae61dd67620c5883d80a92e42a6fff88ae5d527af217a?s=96&d=mm&r=g","contentUrl":"https:\/\/secure.gravatar.com\/avatar\/1738d75cee7317f9c29ae61dd67620c5883d80a92e42a6fff88ae5d527af217a?s=96&d=mm&r=g","caption":"Brenda Cezillo"}}]}},"_links":{"self":[{"href":"https:\/\/www.gaveanews.com\/index.php\/wp-json\/wp\/v2\/posts\/238940","targetHints":{"allow":["GET"]}}],"collection":[{"href":"https:\/\/www.gaveanews.com\/index.php\/wp-json\/wp\/v2\/posts"}],"about":[{"href":"https:\/\/www.gaveanews.com\/index.php\/wp-json\/wp\/v2\/types\/post"}],"author":[{"embeddable":true,"href":"https:\/\/www.gaveanews.com\/index.php\/wp-json\/wp\/v2\/users\/33"}],"replies":[{"embeddable":true,"href":"https:\/\/www.gaveanews.com\/index.php\/wp-json\/wp\/v2\/comments?post=238940"}],"version-history":[{"count":1,"href":"https:\/\/www.gaveanews.com\/index.php\/wp-json\/wp\/v2\/posts\/238940\/revisions"}],"predecessor-version":[{"id":238946,"href":"https:\/\/www.gaveanews.com\/index.php\/wp-json\/wp\/v2\/posts\/238940\/revisions\/238946"}],"wp:featuredmedia":[{"embeddable":true,"href":"https:\/\/www.gaveanews.com\/index.php\/wp-json\/wp\/v2\/media\/153555"}],"wp:attachment":[{"href":"https:\/\/www.gaveanews.com\/index.php\/wp-json\/wp\/v2\/media?parent=238940"}],"wp:term":[{"taxonomy":"category","embeddable":true,"href":"https:\/\/www.gaveanews.com\/index.php\/wp-json\/wp\/v2\/categories?post=238940"},{"taxonomy":"post_tag","embeddable":true,"href":"https:\/\/www.gaveanews.com\/index.php\/wp-json\/wp\/v2\/tags?post=238940"}],"curies":[{"name":"wp","href":"https:\/\/api.w.org\/{rel}","templated":true}]}}