{"id":238942,"date":"2025-03-12T12:30:00","date_gmt":"2025-03-12T15:30:00","guid":{"rendered":"https:\/\/www.gaveanews.com\/?p=238942"},"modified":"2025-03-12T11:51:47","modified_gmt":"2025-03-12T14:51:47","slug":"ele-e-o-grande-destaque-do-flamengo-em-2025","status":"publish","type":"post","link":"https:\/\/www.gaveanews.com\/index.php\/2025\/03\/12\/ele-e-o-grande-destaque-do-flamengo-em-2025\/","title":{"rendered":"Ele \u00e9 o grande destaque do Flamengo em 2025"},"content":{"rendered":"\n<p>Luiz Ara\u00fajo tem se destacado no Flamengo em 2025, tornando-se o jogador com mais participa\u00e7\u00f5es em gols pelo time, mesmo sem ser titular. O atacante soma quatro gols e duas assist\u00eancias, alcan\u00e7ando seis participa\u00e7\u00f5es diretas em gols ao longo da temporada. Seu desempenho o coloca \u00e0 frente de todo o elenco rubro-negro nesse quesito.<\/p>\n\n\n\n<p>Com a contus\u00e3o de Bruno Henrique, artilheiro do Flamengo no ano, Luiz Ara\u00fajo surge como op\u00e7\u00e3o para assumir a titularidade na decis\u00e3o contra o Fluminense. O camisa 27 sentiu a coxa na partida contra o Vasco, abrindo espa\u00e7o para o atacante de 27 anos, que pode ganhar ainda mais protagonismo na equipe.<\/p>\n\n\n\n<figure class=\"wp-block-image size-large\"><img loading=\"lazy\" decoding=\"async\" width=\"939\" height=\"1024\" src=\"http:\/\/www.gaveanews.com\/wp-content\/uploads\/Luiz-Araujo-durante-jogo-entre-Flamengo-e-Atletico-GO-pelo-Brasileirao-em-2024-939x1024.webp\" alt=\"\" class=\"wp-image-155239\" srcset=\"https:\/\/www.gaveanews.com\/wp-content\/uploads\/Luiz-Araujo-durante-jogo-entre-Flamengo-e-Atletico-GO-pelo-Brasileirao-em-2024-939x1024.webp 939w, https:\/\/www.gaveanews.com\/wp-content\/uploads\/Luiz-Araujo-durante-jogo-entre-Flamengo-e-Atletico-GO-pelo-Brasileirao-em-2024-275x300.webp 275w, https:\/\/www.gaveanews.com\/wp-content\/uploads\/Luiz-Araujo-durante-jogo-entre-Flamengo-e-Atletico-GO-pelo-Brasileirao-em-2024-768x838.webp 768w, https:\/\/www.gaveanews.com\/wp-content\/uploads\/Luiz-Araujo-durante-jogo-entre-Flamengo-e-Atletico-GO-pelo-Brasileirao-em-2024-385x420.webp 385w, https:\/\/www.gaveanews.com\/wp-content\/uploads\/Luiz-Araujo-durante-jogo-entre-Flamengo-e-Atletico-GO-pelo-Brasileirao-em-2024-770x840.webp 770w, https:\/\/www.gaveanews.com\/wp-content\/uploads\/Luiz-Araujo-durante-jogo-entre-Flamengo-e-Atletico-GO-pelo-Brasileirao-em-2024-640x698.webp 640w, https:\/\/www.gaveanews.com\/wp-content\/uploads\/Luiz-Araujo-durante-jogo-entre-Flamengo-e-Atletico-GO-pelo-Brasileirao-em-2024-681x743.webp 681w, https:\/\/www.gaveanews.com\/wp-content\/uploads\/Luiz-Araujo-durante-jogo-entre-Flamengo-e-Atletico-GO-pelo-Brasileirao-em-2024-100x109.webp 100w, https:\/\/www.gaveanews.com\/wp-content\/uploads\/Luiz-Araujo-durante-jogo-entre-Flamengo-e-Atletico-GO-pelo-Brasileirao-em-2024.webp 1170w\" sizes=\"auto, (max-width: 939px) 100vw, 939px\" \/><figcaption class=\"wp-element-caption\">Luiz Ara\u00fajo durante jogo entre Flamengo e Atl\u00e9tico-GO, pelo Brasileir\u00e3o em 2024 (Foto: Reprodu\u00e7\u00e3o\/Instagram Luiz Ara\u00fajo)<\/figcaption><\/figure>\n\n\n\n<p>Apesar de ser apenas o 13\u00ba jogador com mais minutagem no elenco, Luiz Ara\u00fajo tem se mostrado eficiente. Com 421 minutos em campo, sua m\u00e9dia \u00e9 de uma participa\u00e7\u00e3o em gol a cada 70 minutos. Entre os destaques est\u00e3o gols marcados contra Botafogo, Portuguesa-RJ, Maric\u00e1 e Vasco, sendo este \u00faltimo decisivo para a classifica\u00e7\u00e3o \u00e0 final do Campeonato Carioca.<\/p>\n\n\n\n<p>Al\u00e9m disso, suas duas assist\u00eancias ocorreram na estreia da temporada, na vit\u00f3ria sobre o Sampaio Corr\u00eaa. Esses n\u00fameros refor\u00e7am a import\u00e2ncia do jogador para o sistema ofensivo rubro-negro e aumentam suas chances de ser titular na decis\u00e3o.<\/p>\n\n\n\n<p>O Flamengo enfrenta o Fluminense nesta quarta-feira (12), \u00e0s 21h30 (hor\u00e1rio de Bras\u00edlia), no Maracan\u00e3, pelo primeiro jogo da decis\u00e3o do Campeonato Carioca. Caso o saldo de gols fique empatado ao final dos dois jogos, o t\u00edtulo ser\u00e1 decidido nos p\u00eanaltis.<\/p>\n\n\n\n<p>A partida de volta est\u00e1 marcada para domingo, tamb\u00e9m no Maracan\u00e3, a partir das 16h (hor\u00e1rio de Bras\u00edlia). O confronto promete ser equilibrado, e Luiz Ara\u00fajo pode ter a chance de consolidar ainda mais sua import\u00e2ncia para a equipe na temporada.<\/p>\n","protected":false},"excerpt":{"rendered":"<p>Luiz Ara\u00fajo tem se destacado no Flamengo em 2025, tornando-se o jogador com mais participa\u00e7\u00f5es em gols pelo time, mesmo sem ser titular. O atacante soma quatro gols e duas assist\u00eancias, alcan\u00e7ando seis participa\u00e7\u00f5es diretas em gols ao longo da temporada. Seu desempenho o coloca \u00e0 frente de todo o elenco rubro-negro nesse quesito. Com [&hellip;]<\/p>\n","protected":false},"author":27,"featured_media":126591,"comment_status":"open","ping_status":"closed","sticky":false,"template":"","format":"standard","meta":{"footnotes":""},"categories":[1],"tags":[],"class_list":["post-238942","post","type-post","status-publish","format-standard","has-post-thumbnail","hentry","category-flamengo"],"yoast_head":"<!-- This site is optimized with the Yoast SEO Premium plugin v24.2 (Yoast SEO v26.9) - https:\/\/yoast.com\/product\/yoast-seo-premium-wordpress\/ -->\n<title>Ele \u00e9 o grande destaque do Flamengo em 2025<\/title>\n<meta name=\"robots\" content=\"index, follow, max-snippet:-1, max-image-preview:large, max-video-preview:-1\" \/>\n<link rel=\"canonical\" href=\"https:\/\/www.gaveanews.com\/index.php\/2025\/03\/12\/ele-e-o-grande-destaque-do-flamengo-em-2025\/\" \/>\n<meta property=\"og:locale\" content=\"pt_BR\" \/>\n<meta property=\"og:type\" content=\"article\" \/>\n<meta property=\"og:title\" content=\"Ele \u00e9 o grande destaque do Flamengo em 2025\" \/>\n<meta property=\"og:description\" content=\"Luiz Ara\u00fajo tem se destacado no Flamengo em 2025, tornando-se o jogador com mais participa\u00e7\u00f5es em gols pelo time, mesmo sem ser titular. O atacante soma quatro gols e duas assist\u00eancias, alcan\u00e7ando seis participa\u00e7\u00f5es diretas em gols ao longo da temporada. Seu desempenho o coloca \u00e0 frente de todo o elenco rubro-negro nesse quesito. Com [&hellip;]\" \/>\n<meta property=\"og:url\" content=\"https:\/\/www.gaveanews.com\/index.php\/2025\/03\/12\/ele-e-o-grande-destaque-do-flamengo-em-2025\/\" \/>\n<meta property=\"og:site_name\" content=\"G\u00e1vea News\" \/>\n<meta property=\"article:publisher\" content=\"https:\/\/facebook.com\/gaveaNews\/\" \/>\n<meta property=\"article:published_time\" content=\"2025-03-12T15:30:00+00:00\" \/>\n<meta property=\"og:image\" content=\"https:\/\/www.gaveanews.com\/wp-content\/uploads\/escudoDoFlamengo.webp\" \/>\n\t<meta property=\"og:image:width\" content=\"1000\" \/>\n\t<meta property=\"og:image:height\" content=\"667\" \/>\n\t<meta property=\"og:image:type\" content=\"image\/jpeg\" \/>\n<meta name=\"author\" content=\"Matheus Felipe\" \/>\n<meta name=\"twitter:card\" content=\"summary_large_image\" \/>\n<meta name=\"twitter:label1\" content=\"Escrito por\" \/>\n\t<meta name=\"twitter:data1\" content=\"Matheus Felipe\" \/>\n\t<meta name=\"twitter:label2\" content=\"Est. tempo de leitura\" \/>\n\t<meta name=\"twitter:data2\" content=\"3 minutos\" \/>\n<script type=\"application\/ld+json\" class=\"yoast-schema-graph\">{\"@context\":\"https:\/\/schema.org\",\"@graph\":[{\"@type\":\"NewsArticle\",\"@id\":\"https:\/\/www.gaveanews.com\/index.php\/2025\/03\/12\/ele-e-o-grande-destaque-do-flamengo-em-2025\/#article\",\"isPartOf\":{\"@id\":\"https:\/\/www.gaveanews.com\/index.php\/2025\/03\/12\/ele-e-o-grande-destaque-do-flamengo-em-2025\/\"},\"author\":{\"name\":\"Matheus Felipe\",\"@id\":\"https:\/\/www.gaveanews.com\/#\/schema\/person\/8207cd4627f56151707418bfc835b2fb\"},\"headline\":\"Ele \u00e9 o grande destaque do Flamengo em 2025\",\"datePublished\":\"2025-03-12T15:30:00+00:00\",\"mainEntityOfPage\":{\"@id\":\"https:\/\/www.gaveanews.com\/index.php\/2025\/03\/12\/ele-e-o-grande-destaque-do-flamengo-em-2025\/\"},\"wordCount\":335,\"commentCount\":0,\"image\":{\"@id\":\"https:\/\/www.gaveanews.com\/index.php\/2025\/03\/12\/ele-e-o-grande-destaque-do-flamengo-em-2025\/#primaryimage\"},\"thumbnailUrl\":\"https:\/\/www.gaveanews.com\/wp-content\/uploads\/escudoDoFlamengo.webp\",\"articleSection\":[\"Flamengo\"],\"inLanguage\":\"pt-BR\",\"potentialAction\":[{\"@type\":\"CommentAction\",\"name\":\"Comment\",\"target\":[\"https:\/\/www.gaveanews.com\/index.php\/2025\/03\/12\/ele-e-o-grande-destaque-do-flamengo-em-2025\/#respond\"]}],\"copyrightYear\":\"2025\",\"copyrightHolder\":{\"@id\":\"https:\/\/www.gaveanews.com\/#organization\"}},{\"@type\":\"WebPage\",\"@id\":\"https:\/\/www.gaveanews.com\/index.php\/2025\/03\/12\/ele-e-o-grande-destaque-do-flamengo-em-2025\/\",\"url\":\"https:\/\/www.gaveanews.com\/index.php\/2025\/03\/12\/ele-e-o-grande-destaque-do-flamengo-em-2025\/\",\"name\":\"Ele \u00e9 o grande destaque do Flamengo em 2025\",\"isPartOf\":{\"@id\":\"https:\/\/www.gaveanews.com\/#website\"},\"primaryImageOfPage\":{\"@id\":\"https:\/\/www.gaveanews.com\/index.php\/2025\/03\/12\/ele-e-o-grande-destaque-do-flamengo-em-2025\/#primaryimage\"},\"image\":{\"@id\":\"https:\/\/www.gaveanews.com\/index.php\/2025\/03\/12\/ele-e-o-grande-destaque-do-flamengo-em-2025\/#primaryimage\"},\"thumbnailUrl\":\"https:\/\/www.gaveanews.com\/wp-content\/uploads\/escudoDoFlamengo.webp\",\"datePublished\":\"2025-03-12T15:30:00+00:00\",\"author\":{\"@id\":\"https:\/\/www.gaveanews.com\/#\/schema\/person\/8207cd4627f56151707418bfc835b2fb\"},\"breadcrumb\":{\"@id\":\"https:\/\/www.gaveanews.com\/index.php\/2025\/03\/12\/ele-e-o-grande-destaque-do-flamengo-em-2025\/#breadcrumb\"},\"inLanguage\":\"pt-BR\",\"potentialAction\":[{\"@type\":\"ReadAction\",\"target\":[\"https:\/\/www.gaveanews.com\/index.php\/2025\/03\/12\/ele-e-o-grande-destaque-do-flamengo-em-2025\/\"]}]},{\"@type\":\"ImageObject\",\"inLanguage\":\"pt-BR\",\"@id\":\"https:\/\/www.gaveanews.com\/index.php\/2025\/03\/12\/ele-e-o-grande-destaque-do-flamengo-em-2025\/#primaryimage\",\"url\":\"https:\/\/www.gaveanews.com\/wp-content\/uploads\/escudoDoFlamengo.webp\",\"contentUrl\":\"https:\/\/www.gaveanews.com\/wp-content\/uploads\/escudoDoFlamengo.webp\",\"width\":1000,\"height\":667,\"caption\":\"Escudo do Flamengo (Foto: Reprodu\u00e7\u00e3o)\"},{\"@type\":\"BreadcrumbList\",\"@id\":\"https:\/\/www.gaveanews.com\/index.php\/2025\/03\/12\/ele-e-o-grande-destaque-do-flamengo-em-2025\/#breadcrumb\",\"itemListElement\":[{\"@type\":\"ListItem\",\"position\":1,\"name\":\"Home\",\"item\":\"https:\/\/www.gaveanews.com\/\"},{\"@type\":\"ListItem\",\"position\":2,\"name\":\"Ele \u00e9 o grande destaque do Flamengo em 2025\"}]},{\"@type\":\"WebSite\",\"@id\":\"https:\/\/www.gaveanews.com\/#website\",\"url\":\"https:\/\/www.gaveanews.com\/\",\"name\":\"G\u00e1vea News\",\"description\":\"Veja todas as not\u00edcias sobre o Flamengo: Contrata\u00e7\u00f5es, categorias de base, resultados das partidas, tabela de classifica\u00e7\u00e3o, pr\u00f3ximos jogos!\",\"potentialAction\":[{\"@type\":\"SearchAction\",\"target\":{\"@type\":\"EntryPoint\",\"urlTemplate\":\"https:\/\/www.gaveanews.com\/?s={search_term_string}\"},\"query-input\":{\"@type\":\"PropertyValueSpecification\",\"valueRequired\":true,\"valueName\":\"search_term_string\"}}],\"inLanguage\":\"pt-BR\"},{\"@type\":\"Person\",\"@id\":\"https:\/\/www.gaveanews.com\/#\/schema\/person\/8207cd4627f56151707418bfc835b2fb\",\"name\":\"Matheus Felipe\",\"image\":{\"@type\":\"ImageObject\",\"inLanguage\":\"pt-BR\",\"@id\":\"https:\/\/www.gaveanews.com\/#\/schema\/person\/image\/\",\"url\":\"https:\/\/secure.gravatar.com\/avatar\/a452ffbed9130f726358b298bb3a99ce4bd3c5338411f8440e87e14d74c7c087?s=96&d=mm&r=g\",\"contentUrl\":\"https:\/\/secure.gravatar.com\/avatar\/a452ffbed9130f726358b298bb3a99ce4bd3c5338411f8440e87e14d74c7c087?s=96&d=mm&r=g\",\"caption\":\"Matheus Felipe\"}}]}<\/script>\n<!-- \/ Yoast SEO Premium plugin. -->","yoast_head_json":{"title":"Ele \u00e9 o grande destaque do Flamengo em 2025","robots":{"index":"index","follow":"follow","max-snippet":"max-snippet:-1","max-image-preview":"max-image-preview:large","max-video-preview":"max-video-preview:-1"},"canonical":"https:\/\/www.gaveanews.com\/index.php\/2025\/03\/12\/ele-e-o-grande-destaque-do-flamengo-em-2025\/","og_locale":"pt_BR","og_type":"article","og_title":"Ele \u00e9 o grande destaque do Flamengo em 2025","og_description":"Luiz Ara\u00fajo tem se destacado no Flamengo em 2025, tornando-se o jogador com mais participa\u00e7\u00f5es em gols pelo time, mesmo sem ser titular. O atacante soma quatro gols e duas assist\u00eancias, alcan\u00e7ando seis participa\u00e7\u00f5es diretas em gols ao longo da temporada. Seu desempenho o coloca \u00e0 frente de todo o elenco rubro-negro nesse quesito. Com [&hellip;]","og_url":"https:\/\/www.gaveanews.com\/index.php\/2025\/03\/12\/ele-e-o-grande-destaque-do-flamengo-em-2025\/","og_site_name":"G\u00e1vea News","article_publisher":"https:\/\/facebook.com\/gaveaNews\/","article_published_time":"2025-03-12T15:30:00+00:00","og_image":[{"width":1000,"height":667,"url":"https:\/\/www.gaveanews.com\/wp-content\/uploads\/escudoDoFlamengo.webp","type":"image\/jpeg"}],"author":"Matheus Felipe","twitter_card":"summary_large_image","twitter_misc":{"Escrito por":"Matheus Felipe","Est. tempo de leitura":"3 minutos"},"schema":{"@context":"https:\/\/schema.org","@graph":[{"@type":"NewsArticle","@id":"https:\/\/www.gaveanews.com\/index.php\/2025\/03\/12\/ele-e-o-grande-destaque-do-flamengo-em-2025\/#article","isPartOf":{"@id":"https:\/\/www.gaveanews.com\/index.php\/2025\/03\/12\/ele-e-o-grande-destaque-do-flamengo-em-2025\/"},"author":{"name":"Matheus Felipe","@id":"https:\/\/www.gaveanews.com\/#\/schema\/person\/8207cd4627f56151707418bfc835b2fb"},"headline":"Ele \u00e9 o grande destaque do Flamengo em 2025","datePublished":"2025-03-12T15:30:00+00:00","mainEntityOfPage":{"@id":"https:\/\/www.gaveanews.com\/index.php\/2025\/03\/12\/ele-e-o-grande-destaque-do-flamengo-em-2025\/"},"wordCount":335,"commentCount":0,"image":{"@id":"https:\/\/www.gaveanews.com\/index.php\/2025\/03\/12\/ele-e-o-grande-destaque-do-flamengo-em-2025\/#primaryimage"},"thumbnailUrl":"https:\/\/www.gaveanews.com\/wp-content\/uploads\/escudoDoFlamengo.webp","articleSection":["Flamengo"],"inLanguage":"pt-BR","potentialAction":[{"@type":"CommentAction","name":"Comment","target":["https:\/\/www.gaveanews.com\/index.php\/2025\/03\/12\/ele-e-o-grande-destaque-do-flamengo-em-2025\/#respond"]}],"copyrightYear":"2025","copyrightHolder":{"@id":"https:\/\/www.gaveanews.com\/#organization"}},{"@type":"WebPage","@id":"https:\/\/www.gaveanews.com\/index.php\/2025\/03\/12\/ele-e-o-grande-destaque-do-flamengo-em-2025\/","url":"https:\/\/www.gaveanews.com\/index.php\/2025\/03\/12\/ele-e-o-grande-destaque-do-flamengo-em-2025\/","name":"Ele \u00e9 o grande destaque do Flamengo em 2025","isPartOf":{"@id":"https:\/\/www.gaveanews.com\/#website"},"primaryImageOfPage":{"@id":"https:\/\/www.gaveanews.com\/index.php\/2025\/03\/12\/ele-e-o-grande-destaque-do-flamengo-em-2025\/#primaryimage"},"image":{"@id":"https:\/\/www.gaveanews.com\/index.php\/2025\/03\/12\/ele-e-o-grande-destaque-do-flamengo-em-2025\/#primaryimage"},"thumbnailUrl":"https:\/\/www.gaveanews.com\/wp-content\/uploads\/escudoDoFlamengo.webp","datePublished":"2025-03-12T15:30:00+00:00","author":{"@id":"https:\/\/www.gaveanews.com\/#\/schema\/person\/8207cd4627f56151707418bfc835b2fb"},"breadcrumb":{"@id":"https:\/\/www.gaveanews.com\/index.php\/2025\/03\/12\/ele-e-o-grande-destaque-do-flamengo-em-2025\/#breadcrumb"},"inLanguage":"pt-BR","potentialAction":[{"@type":"ReadAction","target":["https:\/\/www.gaveanews.com\/index.php\/2025\/03\/12\/ele-e-o-grande-destaque-do-flamengo-em-2025\/"]}]},{"@type":"ImageObject","inLanguage":"pt-BR","@id":"https:\/\/www.gaveanews.com\/index.php\/2025\/03\/12\/ele-e-o-grande-destaque-do-flamengo-em-2025\/#primaryimage","url":"https:\/\/www.gaveanews.com\/wp-content\/uploads\/escudoDoFlamengo.webp","contentUrl":"https:\/\/www.gaveanews.com\/wp-content\/uploads\/escudoDoFlamengo.webp","width":1000,"height":667,"caption":"Escudo do Flamengo (Foto: Reprodu\u00e7\u00e3o)"},{"@type":"BreadcrumbList","@id":"https:\/\/www.gaveanews.com\/index.php\/2025\/03\/12\/ele-e-o-grande-destaque-do-flamengo-em-2025\/#breadcrumb","itemListElement":[{"@type":"ListItem","position":1,"name":"Home","item":"https:\/\/www.gaveanews.com\/"},{"@type":"ListItem","position":2,"name":"Ele \u00e9 o grande destaque do Flamengo em 2025"}]},{"@type":"WebSite","@id":"https:\/\/www.gaveanews.com\/#website","url":"https:\/\/www.gaveanews.com\/","name":"G\u00e1vea News","description":"Veja todas as not\u00edcias sobre o Flamengo: Contrata\u00e7\u00f5es, categorias de base, resultados das partidas, tabela de classifica\u00e7\u00e3o, pr\u00f3ximos jogos!","potentialAction":[{"@type":"SearchAction","target":{"@type":"EntryPoint","urlTemplate":"https:\/\/www.gaveanews.com\/?s={search_term_string}"},"query-input":{"@type":"PropertyValueSpecification","valueRequired":true,"valueName":"search_term_string"}}],"inLanguage":"pt-BR"},{"@type":"Person","@id":"https:\/\/www.gaveanews.com\/#\/schema\/person\/8207cd4627f56151707418bfc835b2fb","name":"Matheus Felipe","image":{"@type":"ImageObject","inLanguage":"pt-BR","@id":"https:\/\/www.gaveanews.com\/#\/schema\/person\/image\/","url":"https:\/\/secure.gravatar.com\/avatar\/a452ffbed9130f726358b298bb3a99ce4bd3c5338411f8440e87e14d74c7c087?s=96&d=mm&r=g","contentUrl":"https:\/\/secure.gravatar.com\/avatar\/a452ffbed9130f726358b298bb3a99ce4bd3c5338411f8440e87e14d74c7c087?s=96&d=mm&r=g","caption":"Matheus Felipe"}}]}},"_links":{"self":[{"href":"https:\/\/www.gaveanews.com\/index.php\/wp-json\/wp\/v2\/posts\/238942","targetHints":{"allow":["GET"]}}],"collection":[{"href":"https:\/\/www.gaveanews.com\/index.php\/wp-json\/wp\/v2\/posts"}],"about":[{"href":"https:\/\/www.gaveanews.com\/index.php\/wp-json\/wp\/v2\/types\/post"}],"author":[{"embeddable":true,"href":"https:\/\/www.gaveanews.com\/index.php\/wp-json\/wp\/v2\/users\/27"}],"replies":[{"embeddable":true,"href":"https:\/\/www.gaveanews.com\/index.php\/wp-json\/wp\/v2\/comments?post=238942"}],"version-history":[{"count":1,"href":"https:\/\/www.gaveanews.com\/index.php\/wp-json\/wp\/v2\/posts\/238942\/revisions"}],"predecessor-version":[{"id":238949,"href":"https:\/\/www.gaveanews.com\/index.php\/wp-json\/wp\/v2\/posts\/238942\/revisions\/238949"}],"wp:featuredmedia":[{"embeddable":true,"href":"https:\/\/www.gaveanews.com\/index.php\/wp-json\/wp\/v2\/media\/126591"}],"wp:attachment":[{"href":"https:\/\/www.gaveanews.com\/index.php\/wp-json\/wp\/v2\/media?parent=238942"}],"wp:term":[{"taxonomy":"category","embeddable":true,"href":"https:\/\/www.gaveanews.com\/index.php\/wp-json\/wp\/v2\/categories?post=238942"},{"taxonomy":"post_tag","embeddable":true,"href":"https:\/\/www.gaveanews.com\/index.php\/wp-json\/wp\/v2\/tags?post=238942"}],"curies":[{"name":"wp","href":"https:\/\/api.w.org\/{rel}","templated":true}]}}