{"id":238943,"date":"2025-03-12T12:25:00","date_gmt":"2025-03-12T15:25:00","guid":{"rendered":"https:\/\/www.gaveanews.com\/?p=238943"},"modified":"2025-03-12T11:45:29","modified_gmt":"2025-03-12T14:45:29","slug":"a-declaracao-de-abel-braga-sobre-o-flamengo","status":"publish","type":"post","link":"https:\/\/www.gaveanews.com\/index.php\/2025\/03\/12\/a-declaracao-de-abel-braga-sobre-o-flamengo\/","title":{"rendered":"A declara\u00e7\u00e3o de Abel Braga sobre o Flamengo"},"content":{"rendered":"\n<p>Em entrevista ao Charla Podcast, Abel Braga, ex-t\u00e9cnico do Internacional, relembrando a disputa acirrada pelo t\u00edtulo do Campeonato Brasileiro de 2020 entre sua equipe e o Flamengo, fez duras cr\u00edticas \u00e0s decis\u00f5es da arbitragem que, para ele, impactaram o desfecho do campeonato.&nbsp;<\/p>\n\n\n\n<p>O t\u00e9cnico n\u00e3o poupou cr\u00edticas sobre lances espec\u00edficos e ressaltou que erros prejudicaram sua equipe na reta final.<\/p>\n\n\n\n<h2 class=\"wp-block-heading\" id=\"h-o-titulo-foi-tirado-no-apito-diz-abel\">&#8220;O t\u00edtulo foi tirado no apito&#8221;, diz Abel<\/h2>\n\n\n\n<p>Abel n\u00e3o teve receio de expor sua vis\u00e3o sobre o que considera decis\u00f5es equivocadas da arbitragem ao longo do campeonato. &#8220;2020 foi tirado no apito&#8221;, disparou.&nbsp;<\/p>\n\n\n\n<p>De acordo com o t\u00e9cnico, o Flamengo se beneficiou de situa\u00e7\u00f5es em que o VAR foi utilizado, como em uma partida contra o Internacional, mas outros lances, em que ele acredita que o VAR deveria ter sido acionado, foram ignorados.&nbsp;<\/p>\n\n\n\n<p>&#8220;O cara deu o p\u00eanalti para o Internacional, mas foi para o VAR. No entanto, tr\u00eas rodadas antes, deram um p\u00eanalti contra o Gr\u00eamio, a favor do Flamengo, e n\u00e3o teve VAR. Foi o mesmo lance&#8221;, criticou.<\/p>\n\n\n\n<h2 class=\"wp-block-heading\" id=\"h-o-jogo-no-maracana-e-a-expulsao-de-rodinei\">O jogo no Maracan\u00e3 e a expuls\u00e3o de Rodinei<\/h2>\n\n\n\n<p>Abel Braga tamb\u00e9m se referiu ao confronto entre Flamengo e Internacional no Maracan\u00e3, jogo decisivo para a disputa do t\u00edtulo. Durante a partida, Rodinei foi expulso ap\u00f3s cometer uma falta em Filipe Lu\u00eds, e Abel n\u00e3o concorda com a decis\u00e3o do \u00e1rbitro.&nbsp;<\/p>\n\n\n\n<p>&#8220;Nesse jogo, estava 1 a 1, o jogo estava muito bom para n\u00f3s, controlado. O lado bom nem \u00e9 eu ficar questionando, mas aquilo que o Filipe Lu\u00eds falou depois do jogo. Ele estava no lance do Rodinei. Aquilo n\u00e3o foi falta nem para amarelo&#8221;, afirmou Abel, defendendo a ideia de que Rodinei n\u00e3o merecia nem o cart\u00e3o amarelo, muito menos a expuls\u00e3o.<\/p>\n\n\n\n<p>Sendo assim, o Flamengo venceu a partida no Maracan\u00e3, assumiu a lideran\u00e7a e foi para a \u00faltima rodada com a chance de conquistar o t\u00edtulo. Mesmo com a derrota para o S\u00e3o Paulo, o Flamengo foi campe\u00e3o ap\u00f3s o empate do Internacional contra o Corinthians.&nbsp;<\/p>\n\n\n\n<p>Abel, portanto, reafirma que os erros de arbitragem fizeram com que o t\u00edtulo fosse decidido de forma injusta, e n\u00e3o hesitou em colocar em d\u00favida a legitimidade do campeonato.<\/p>\n","protected":false},"excerpt":{"rendered":"<p>Em entrevista ao Charla Podcast, Abel Braga, ex-t\u00e9cnico do Internacional, relembrando a disputa acirrada pelo t\u00edtulo do Campeonato Brasileiro de 2020 entre sua equipe e o Flamengo, fez duras cr\u00edticas \u00e0s decis\u00f5es da arbitragem que, para ele, impactaram o desfecho do campeonato.&nbsp; O t\u00e9cnico n\u00e3o poupou cr\u00edticas sobre lances espec\u00edficos e ressaltou que erros prejudicaram [&hellip;]<\/p>\n","protected":false},"author":25,"featured_media":33950,"comment_status":"open","ping_status":"closed","sticky":false,"template":"","format":"standard","meta":{"footnotes":""},"categories":[145],"tags":[],"class_list":["post-238943","post","type-post","status-publish","format-standard","has-post-thumbnail","hentry","category-fluminense"],"yoast_head":"<!-- This site is optimized with the Yoast SEO Premium plugin v24.2 (Yoast SEO v26.9) - https:\/\/yoast.com\/product\/yoast-seo-premium-wordpress\/ -->\n<title>A declara\u00e7\u00e3o de Abel Braga sobre o Flamengo<\/title>\n<meta name=\"robots\" content=\"index, follow, max-snippet:-1, max-image-preview:large, max-video-preview:-1\" \/>\n<link rel=\"canonical\" href=\"https:\/\/www.gaveanews.com\/index.php\/2025\/03\/12\/a-declaracao-de-abel-braga-sobre-o-flamengo\/\" \/>\n<meta property=\"og:locale\" content=\"pt_BR\" \/>\n<meta property=\"og:type\" content=\"article\" \/>\n<meta property=\"og:title\" content=\"A declara\u00e7\u00e3o de Abel Braga sobre o Flamengo\" \/>\n<meta property=\"og:description\" content=\"Em entrevista ao Charla Podcast, Abel Braga, ex-t\u00e9cnico do Internacional, relembrando a disputa acirrada pelo t\u00edtulo do Campeonato Brasileiro de 2020 entre sua equipe e o Flamengo, fez duras cr\u00edticas \u00e0s decis\u00f5es da arbitragem que, para ele, impactaram o desfecho do campeonato.&nbsp; O t\u00e9cnico n\u00e3o poupou cr\u00edticas sobre lances espec\u00edficos e ressaltou que erros prejudicaram [&hellip;]\" \/>\n<meta property=\"og:url\" content=\"https:\/\/www.gaveanews.com\/index.php\/2025\/03\/12\/a-declaracao-de-abel-braga-sobre-o-flamengo\/\" \/>\n<meta property=\"og:site_name\" content=\"G\u00e1vea News\" \/>\n<meta property=\"article:publisher\" content=\"https:\/\/facebook.com\/gaveaNews\/\" \/>\n<meta property=\"article:published_time\" content=\"2025-03-12T15:25:00+00:00\" \/>\n<meta property=\"og:image\" content=\"https:\/\/www.gaveanews.com\/wp-content\/uploads\/tecnico-abel-braga-do-cruzeiro-1570566959650_v2_1920x1281.webp\" \/>\n\t<meta property=\"og:image:width\" content=\"1920\" \/>\n\t<meta property=\"og:image:height\" content=\"1281\" \/>\n\t<meta property=\"og:image:type\" content=\"image\/jpeg\" \/>\n<meta name=\"author\" content=\"Rafaela Ladeira\" \/>\n<meta name=\"twitter:card\" content=\"summary_large_image\" \/>\n<meta name=\"twitter:label1\" content=\"Escrito por\" \/>\n\t<meta name=\"twitter:data1\" content=\"Rafaela Ladeira\" \/>\n\t<meta name=\"twitter:label2\" content=\"Est. tempo de leitura\" \/>\n\t<meta name=\"twitter:data2\" content=\"3 minutos\" \/>\n<script type=\"application\/ld+json\" class=\"yoast-schema-graph\">{\"@context\":\"https:\/\/schema.org\",\"@graph\":[{\"@type\":\"NewsArticle\",\"@id\":\"https:\/\/www.gaveanews.com\/index.php\/2025\/03\/12\/a-declaracao-de-abel-braga-sobre-o-flamengo\/#article\",\"isPartOf\":{\"@id\":\"https:\/\/www.gaveanews.com\/index.php\/2025\/03\/12\/a-declaracao-de-abel-braga-sobre-o-flamengo\/\"},\"author\":{\"name\":\"Rafaela Ladeira\",\"@id\":\"https:\/\/www.gaveanews.com\/#\/schema\/person\/0eb3e3fe1754f0205218538adbe8f5ed\"},\"headline\":\"A declara\u00e7\u00e3o de Abel Braga sobre o Flamengo\",\"datePublished\":\"2025-03-12T15:25:00+00:00\",\"mainEntityOfPage\":{\"@id\":\"https:\/\/www.gaveanews.com\/index.php\/2025\/03\/12\/a-declaracao-de-abel-braga-sobre-o-flamengo\/\"},\"wordCount\":408,\"commentCount\":0,\"image\":{\"@id\":\"https:\/\/www.gaveanews.com\/index.php\/2025\/03\/12\/a-declaracao-de-abel-braga-sobre-o-flamengo\/#primaryimage\"},\"thumbnailUrl\":\"https:\/\/www.gaveanews.com\/wp-content\/uploads\/tecnico-abel-braga-do-cruzeiro-1570566959650_v2_1920x1281.webp\",\"articleSection\":[\"Fluminense\"],\"inLanguage\":\"pt-BR\",\"potentialAction\":[{\"@type\":\"CommentAction\",\"name\":\"Comment\",\"target\":[\"https:\/\/www.gaveanews.com\/index.php\/2025\/03\/12\/a-declaracao-de-abel-braga-sobre-o-flamengo\/#respond\"]}],\"copyrightYear\":\"2025\",\"copyrightHolder\":{\"@id\":\"https:\/\/www.gaveanews.com\/#organization\"}},{\"@type\":\"WebPage\",\"@id\":\"https:\/\/www.gaveanews.com\/index.php\/2025\/03\/12\/a-declaracao-de-abel-braga-sobre-o-flamengo\/\",\"url\":\"https:\/\/www.gaveanews.com\/index.php\/2025\/03\/12\/a-declaracao-de-abel-braga-sobre-o-flamengo\/\",\"name\":\"A declara\u00e7\u00e3o de Abel Braga sobre o Flamengo\",\"isPartOf\":{\"@id\":\"https:\/\/www.gaveanews.com\/#website\"},\"primaryImageOfPage\":{\"@id\":\"https:\/\/www.gaveanews.com\/index.php\/2025\/03\/12\/a-declaracao-de-abel-braga-sobre-o-flamengo\/#primaryimage\"},\"image\":{\"@id\":\"https:\/\/www.gaveanews.com\/index.php\/2025\/03\/12\/a-declaracao-de-abel-braga-sobre-o-flamengo\/#primaryimage\"},\"thumbnailUrl\":\"https:\/\/www.gaveanews.com\/wp-content\/uploads\/tecnico-abel-braga-do-cruzeiro-1570566959650_v2_1920x1281.webp\",\"datePublished\":\"2025-03-12T15:25:00+00:00\",\"author\":{\"@id\":\"https:\/\/www.gaveanews.com\/#\/schema\/person\/0eb3e3fe1754f0205218538adbe8f5ed\"},\"breadcrumb\":{\"@id\":\"https:\/\/www.gaveanews.com\/index.php\/2025\/03\/12\/a-declaracao-de-abel-braga-sobre-o-flamengo\/#breadcrumb\"},\"inLanguage\":\"pt-BR\",\"potentialAction\":[{\"@type\":\"ReadAction\",\"target\":[\"https:\/\/www.gaveanews.com\/index.php\/2025\/03\/12\/a-declaracao-de-abel-braga-sobre-o-flamengo\/\"]}]},{\"@type\":\"ImageObject\",\"inLanguage\":\"pt-BR\",\"@id\":\"https:\/\/www.gaveanews.com\/index.php\/2025\/03\/12\/a-declaracao-de-abel-braga-sobre-o-flamengo\/#primaryimage\",\"url\":\"https:\/\/www.gaveanews.com\/wp-content\/uploads\/tecnico-abel-braga-do-cruzeiro-1570566959650_v2_1920x1281.webp\",\"contentUrl\":\"https:\/\/www.gaveanews.com\/wp-content\/uploads\/tecnico-abel-braga-do-cruzeiro-1570566959650_v2_1920x1281.webp\",\"width\":1920,\"height\":1281},{\"@type\":\"BreadcrumbList\",\"@id\":\"https:\/\/www.gaveanews.com\/index.php\/2025\/03\/12\/a-declaracao-de-abel-braga-sobre-o-flamengo\/#breadcrumb\",\"itemListElement\":[{\"@type\":\"ListItem\",\"position\":1,\"name\":\"Home\",\"item\":\"https:\/\/www.gaveanews.com\/\"},{\"@type\":\"ListItem\",\"position\":2,\"name\":\"A declara\u00e7\u00e3o de Abel Braga sobre o Flamengo\"}]},{\"@type\":\"WebSite\",\"@id\":\"https:\/\/www.gaveanews.com\/#website\",\"url\":\"https:\/\/www.gaveanews.com\/\",\"name\":\"G\u00e1vea News\",\"description\":\"Veja todas as not\u00edcias sobre o Flamengo: Contrata\u00e7\u00f5es, categorias de base, resultados das partidas, tabela de classifica\u00e7\u00e3o, pr\u00f3ximos jogos!\",\"potentialAction\":[{\"@type\":\"SearchAction\",\"target\":{\"@type\":\"EntryPoint\",\"urlTemplate\":\"https:\/\/www.gaveanews.com\/?s={search_term_string}\"},\"query-input\":{\"@type\":\"PropertyValueSpecification\",\"valueRequired\":true,\"valueName\":\"search_term_string\"}}],\"inLanguage\":\"pt-BR\"},{\"@type\":\"Person\",\"@id\":\"https:\/\/www.gaveanews.com\/#\/schema\/person\/0eb3e3fe1754f0205218538adbe8f5ed\",\"name\":\"Rafaela Ladeira\",\"image\":{\"@type\":\"ImageObject\",\"inLanguage\":\"pt-BR\",\"@id\":\"https:\/\/www.gaveanews.com\/#\/schema\/person\/image\/\",\"url\":\"https:\/\/secure.gravatar.com\/avatar\/c31f513acffd85eacab5730cbdfdbbf59f21ba5aeada8cd890acea879fbb2455?s=96&d=mm&r=g\",\"contentUrl\":\"https:\/\/secure.gravatar.com\/avatar\/c31f513acffd85eacab5730cbdfdbbf59f21ba5aeada8cd890acea879fbb2455?s=96&d=mm&r=g\",\"caption\":\"Rafaela Ladeira\"}}]}<\/script>\n<!-- \/ Yoast SEO Premium plugin. -->","yoast_head_json":{"title":"A declara\u00e7\u00e3o de Abel Braga sobre o Flamengo","robots":{"index":"index","follow":"follow","max-snippet":"max-snippet:-1","max-image-preview":"max-image-preview:large","max-video-preview":"max-video-preview:-1"},"canonical":"https:\/\/www.gaveanews.com\/index.php\/2025\/03\/12\/a-declaracao-de-abel-braga-sobre-o-flamengo\/","og_locale":"pt_BR","og_type":"article","og_title":"A declara\u00e7\u00e3o de Abel Braga sobre o Flamengo","og_description":"Em entrevista ao Charla Podcast, Abel Braga, ex-t\u00e9cnico do Internacional, relembrando a disputa acirrada pelo t\u00edtulo do Campeonato Brasileiro de 2020 entre sua equipe e o Flamengo, fez duras cr\u00edticas \u00e0s decis\u00f5es da arbitragem que, para ele, impactaram o desfecho do campeonato.&nbsp; O t\u00e9cnico n\u00e3o poupou cr\u00edticas sobre lances espec\u00edficos e ressaltou que erros prejudicaram [&hellip;]","og_url":"https:\/\/www.gaveanews.com\/index.php\/2025\/03\/12\/a-declaracao-de-abel-braga-sobre-o-flamengo\/","og_site_name":"G\u00e1vea News","article_publisher":"https:\/\/facebook.com\/gaveaNews\/","article_published_time":"2025-03-12T15:25:00+00:00","og_image":[{"width":1920,"height":1281,"url":"https:\/\/www.gaveanews.com\/wp-content\/uploads\/tecnico-abel-braga-do-cruzeiro-1570566959650_v2_1920x1281.webp","type":"image\/jpeg"}],"author":"Rafaela Ladeira","twitter_card":"summary_large_image","twitter_misc":{"Escrito por":"Rafaela Ladeira","Est. tempo de leitura":"3 minutos"},"schema":{"@context":"https:\/\/schema.org","@graph":[{"@type":"NewsArticle","@id":"https:\/\/www.gaveanews.com\/index.php\/2025\/03\/12\/a-declaracao-de-abel-braga-sobre-o-flamengo\/#article","isPartOf":{"@id":"https:\/\/www.gaveanews.com\/index.php\/2025\/03\/12\/a-declaracao-de-abel-braga-sobre-o-flamengo\/"},"author":{"name":"Rafaela Ladeira","@id":"https:\/\/www.gaveanews.com\/#\/schema\/person\/0eb3e3fe1754f0205218538adbe8f5ed"},"headline":"A declara\u00e7\u00e3o de Abel Braga sobre o Flamengo","datePublished":"2025-03-12T15:25:00+00:00","mainEntityOfPage":{"@id":"https:\/\/www.gaveanews.com\/index.php\/2025\/03\/12\/a-declaracao-de-abel-braga-sobre-o-flamengo\/"},"wordCount":408,"commentCount":0,"image":{"@id":"https:\/\/www.gaveanews.com\/index.php\/2025\/03\/12\/a-declaracao-de-abel-braga-sobre-o-flamengo\/#primaryimage"},"thumbnailUrl":"https:\/\/www.gaveanews.com\/wp-content\/uploads\/tecnico-abel-braga-do-cruzeiro-1570566959650_v2_1920x1281.webp","articleSection":["Fluminense"],"inLanguage":"pt-BR","potentialAction":[{"@type":"CommentAction","name":"Comment","target":["https:\/\/www.gaveanews.com\/index.php\/2025\/03\/12\/a-declaracao-de-abel-braga-sobre-o-flamengo\/#respond"]}],"copyrightYear":"2025","copyrightHolder":{"@id":"https:\/\/www.gaveanews.com\/#organization"}},{"@type":"WebPage","@id":"https:\/\/www.gaveanews.com\/index.php\/2025\/03\/12\/a-declaracao-de-abel-braga-sobre-o-flamengo\/","url":"https:\/\/www.gaveanews.com\/index.php\/2025\/03\/12\/a-declaracao-de-abel-braga-sobre-o-flamengo\/","name":"A declara\u00e7\u00e3o de Abel Braga sobre o Flamengo","isPartOf":{"@id":"https:\/\/www.gaveanews.com\/#website"},"primaryImageOfPage":{"@id":"https:\/\/www.gaveanews.com\/index.php\/2025\/03\/12\/a-declaracao-de-abel-braga-sobre-o-flamengo\/#primaryimage"},"image":{"@id":"https:\/\/www.gaveanews.com\/index.php\/2025\/03\/12\/a-declaracao-de-abel-braga-sobre-o-flamengo\/#primaryimage"},"thumbnailUrl":"https:\/\/www.gaveanews.com\/wp-content\/uploads\/tecnico-abel-braga-do-cruzeiro-1570566959650_v2_1920x1281.webp","datePublished":"2025-03-12T15:25:00+00:00","author":{"@id":"https:\/\/www.gaveanews.com\/#\/schema\/person\/0eb3e3fe1754f0205218538adbe8f5ed"},"breadcrumb":{"@id":"https:\/\/www.gaveanews.com\/index.php\/2025\/03\/12\/a-declaracao-de-abel-braga-sobre-o-flamengo\/#breadcrumb"},"inLanguage":"pt-BR","potentialAction":[{"@type":"ReadAction","target":["https:\/\/www.gaveanews.com\/index.php\/2025\/03\/12\/a-declaracao-de-abel-braga-sobre-o-flamengo\/"]}]},{"@type":"ImageObject","inLanguage":"pt-BR","@id":"https:\/\/www.gaveanews.com\/index.php\/2025\/03\/12\/a-declaracao-de-abel-braga-sobre-o-flamengo\/#primaryimage","url":"https:\/\/www.gaveanews.com\/wp-content\/uploads\/tecnico-abel-braga-do-cruzeiro-1570566959650_v2_1920x1281.webp","contentUrl":"https:\/\/www.gaveanews.com\/wp-content\/uploads\/tecnico-abel-braga-do-cruzeiro-1570566959650_v2_1920x1281.webp","width":1920,"height":1281},{"@type":"BreadcrumbList","@id":"https:\/\/www.gaveanews.com\/index.php\/2025\/03\/12\/a-declaracao-de-abel-braga-sobre-o-flamengo\/#breadcrumb","itemListElement":[{"@type":"ListItem","position":1,"name":"Home","item":"https:\/\/www.gaveanews.com\/"},{"@type":"ListItem","position":2,"name":"A declara\u00e7\u00e3o de Abel Braga sobre o Flamengo"}]},{"@type":"WebSite","@id":"https:\/\/www.gaveanews.com\/#website","url":"https:\/\/www.gaveanews.com\/","name":"G\u00e1vea News","description":"Veja todas as not\u00edcias sobre o Flamengo: Contrata\u00e7\u00f5es, categorias de base, resultados das partidas, tabela de classifica\u00e7\u00e3o, pr\u00f3ximos jogos!","potentialAction":[{"@type":"SearchAction","target":{"@type":"EntryPoint","urlTemplate":"https:\/\/www.gaveanews.com\/?s={search_term_string}"},"query-input":{"@type":"PropertyValueSpecification","valueRequired":true,"valueName":"search_term_string"}}],"inLanguage":"pt-BR"},{"@type":"Person","@id":"https:\/\/www.gaveanews.com\/#\/schema\/person\/0eb3e3fe1754f0205218538adbe8f5ed","name":"Rafaela Ladeira","image":{"@type":"ImageObject","inLanguage":"pt-BR","@id":"https:\/\/www.gaveanews.com\/#\/schema\/person\/image\/","url":"https:\/\/secure.gravatar.com\/avatar\/c31f513acffd85eacab5730cbdfdbbf59f21ba5aeada8cd890acea879fbb2455?s=96&d=mm&r=g","contentUrl":"https:\/\/secure.gravatar.com\/avatar\/c31f513acffd85eacab5730cbdfdbbf59f21ba5aeada8cd890acea879fbb2455?s=96&d=mm&r=g","caption":"Rafaela Ladeira"}}]}},"_links":{"self":[{"href":"https:\/\/www.gaveanews.com\/index.php\/wp-json\/wp\/v2\/posts\/238943","targetHints":{"allow":["GET"]}}],"collection":[{"href":"https:\/\/www.gaveanews.com\/index.php\/wp-json\/wp\/v2\/posts"}],"about":[{"href":"https:\/\/www.gaveanews.com\/index.php\/wp-json\/wp\/v2\/types\/post"}],"author":[{"embeddable":true,"href":"https:\/\/www.gaveanews.com\/index.php\/wp-json\/wp\/v2\/users\/25"}],"replies":[{"embeddable":true,"href":"https:\/\/www.gaveanews.com\/index.php\/wp-json\/wp\/v2\/comments?post=238943"}],"version-history":[{"count":1,"href":"https:\/\/www.gaveanews.com\/index.php\/wp-json\/wp\/v2\/posts\/238943\/revisions"}],"predecessor-version":[{"id":238945,"href":"https:\/\/www.gaveanews.com\/index.php\/wp-json\/wp\/v2\/posts\/238943\/revisions\/238945"}],"wp:featuredmedia":[{"embeddable":true,"href":"https:\/\/www.gaveanews.com\/index.php\/wp-json\/wp\/v2\/media\/33950"}],"wp:attachment":[{"href":"https:\/\/www.gaveanews.com\/index.php\/wp-json\/wp\/v2\/media?parent=238943"}],"wp:term":[{"taxonomy":"category","embeddable":true,"href":"https:\/\/www.gaveanews.com\/index.php\/wp-json\/wp\/v2\/categories?post=238943"},{"taxonomy":"post_tag","embeddable":true,"href":"https:\/\/www.gaveanews.com\/index.php\/wp-json\/wp\/v2\/tags?post=238943"}],"curies":[{"name":"wp","href":"https:\/\/api.w.org\/{rel}","templated":true}]}}