{"id":238947,"date":"2025-03-12T12:45:00","date_gmt":"2025-03-12T15:45:00","guid":{"rendered":"https:\/\/www.gaveanews.com\/?p=238947"},"modified":"2025-03-12T11:55:01","modified_gmt":"2025-03-12T14:55:01","slug":"craque-neto-crava-time-rebaixado-no-brasileirao-2025","status":"publish","type":"post","link":"https:\/\/www.gaveanews.com\/index.php\/2025\/03\/12\/craque-neto-crava-time-rebaixado-no-brasileirao-2025\/","title":{"rendered":"Craque Neto crava time rebaixado no Brasileir\u00e3o 2025"},"content":{"rendered":"\n<p>O ex-jogador e comentarista Craque Neto fez uma an\u00e1lise contundente sobre o Santos e sua participa\u00e7\u00e3o no Campeonato Brasileiro de 2025. Durante o programa &#8220;Os Donos da Bola&#8221;, ele afirmou que o clube paulista \u00e9 o primeiro candidato ao rebaixamento na competi\u00e7\u00e3o, caso mantenha o atual elenco. Segundo Neto, mesmo com Neymar no time, o desempenho recente nos campeonatos estaduais indica que a equipe pode ter dificuldades na S\u00e9rie A.<\/p>\n\n\n\n<p>A declara\u00e7\u00e3o veio ap\u00f3s a elimina\u00e7\u00e3o do Santos na semifinal do Campeonato Paulista, em uma derrota para o Corinthians. Neto destacou que, se o time advers\u00e1rio tivesse for\u00e7ado mais, poderia ter aplicado um placar ainda mais el\u00e1stico. Para o comentarista, a fragilidade do elenco santista \u00e9 evidente e compromete qualquer possibilidade de uma campanha segura no Brasileir\u00e3o.<\/p>\n\n\n\n<figure class=\"wp-block-image size-large\"><img loading=\"lazy\" decoding=\"async\" width=\"1024\" height=\"682\" src=\"http:\/\/www.gaveanews.com\/wp-content\/uploads\/Escudo-do-Santos-2-1024x682.webp\" alt=\"\" class=\"wp-image-165619\" srcset=\"https:\/\/www.gaveanews.com\/wp-content\/uploads\/Escudo-do-Santos-2-1024x682.webp 1024w, https:\/\/www.gaveanews.com\/wp-content\/uploads\/Escudo-do-Santos-2-300x200.webp 300w, https:\/\/www.gaveanews.com\/wp-content\/uploads\/Escudo-do-Santos-2-768x512.webp 768w, https:\/\/www.gaveanews.com\/wp-content\/uploads\/Escudo-do-Santos-2-630x420.webp 630w, https:\/\/www.gaveanews.com\/wp-content\/uploads\/Escudo-do-Santos-2-1260x840.webp 1260w, https:\/\/www.gaveanews.com\/wp-content\/uploads\/Escudo-do-Santos-2-640x427.webp 640w, https:\/\/www.gaveanews.com\/wp-content\/uploads\/Escudo-do-Santos-2-1280x853.webp 1280w, https:\/\/www.gaveanews.com\/wp-content\/uploads\/Escudo-do-Santos-2-681x454.webp 681w, https:\/\/www.gaveanews.com\/wp-content\/uploads\/Escudo-do-Santos-2-1362x908.webp 1362w, https:\/\/www.gaveanews.com\/wp-content\/uploads\/Escudo-do-Santos-2-100x67.webp 100w, https:\/\/www.gaveanews.com\/wp-content\/uploads\/Escudo-do-Santos-2.webp 1424w\" sizes=\"auto, (max-width: 1024px) 100vw, 1024px\" \/><figcaption class=\"wp-element-caption\">Escudo do Santos (Foto: Raul Baretta\/Santos FC)<\/figcaption><\/figure>\n\n\n\n<p>Al\u00e9m disso, o ex-jogador afirmou que, mesmo que o Santos se reforce para o restante da temporada, dificilmente brigar\u00e1 por algo maior. &#8220;Se refor\u00e7ar, a\u00ed briga por Sul-Americana. Porque o time do Santos \u00e9 fraco&#8221;, declarou Neto. Dessa forma, ele descartou qualquer possibilidade de o clube disputar o t\u00edtulo ou at\u00e9 mesmo uma vaga na Libertadores.<\/p>\n\n\n\n<p>O Santos estreia no Campeonato Brasileiro no dia 30 de mar\u00e7o, contra o Vasco, em S\u00e3o Janu\u00e1rio, \u00e0s 18h30 (hor\u00e1rio de Bras\u00edlia). A equipe ter\u00e1 pouco mais de duas semanas de prepara\u00e7\u00e3o at\u00e9 a primeira rodada, buscando ajustes para evitar um in\u00edcio ruim na competi\u00e7\u00e3o nacional.<\/p>\n\n\n\n<p>Craque Neto tamb\u00e9m fez coment\u00e1rios sobre o Corinthians e seu treinador, Ram\u00f3n D\u00edaz. Para ele, o t\u00e9cnico argentino pode n\u00e3o permanecer no cargo caso n\u00e3o conquiste o t\u00edtulo do Campeonato Paulista. O comentarista afirmou que a vit\u00f3ria sobre o Santos garantiu um al\u00edvio tempor\u00e1rio, mas ressaltou que escolhas feitas por D\u00edaz na Libertadores geraram insatisfa\u00e7\u00e3o interna.<\/p>\n\n\n\n<p>Por fim, Neto cravou que, caso o Corinthians perca a final do estadual, a demiss\u00e3o de Ram\u00f3n D\u00edaz ser\u00e1 praticamente inevit\u00e1vel. Segundo ele, a continuidade do treinador depende diretamente da conquista do t\u00edtulo, o que demonstra a press\u00e3o sobre o comandante alvinegro.<\/p>\n","protected":false},"excerpt":{"rendered":"<p>O ex-jogador e comentarista Craque Neto fez uma an\u00e1lise contundente sobre o Santos e sua participa\u00e7\u00e3o no Campeonato Brasileiro de 2025. Durante o programa &#8220;Os Donos da Bola&#8221;, ele afirmou que o clube paulista \u00e9 o primeiro candidato ao rebaixamento na competi\u00e7\u00e3o, caso mantenha o atual elenco. Segundo Neto, mesmo com Neymar no time, o [&hellip;]<\/p>\n","protected":false},"author":33,"featured_media":71983,"comment_status":"open","ping_status":"closed","sticky":false,"template":"","format":"standard","meta":{"footnotes":""},"categories":[139],"tags":[],"class_list":["post-238947","post","type-post","status-publish","format-standard","has-post-thumbnail","hentry","category-santos"],"yoast_head":"<!-- This site is optimized with the Yoast SEO Premium plugin v24.2 (Yoast SEO v26.9) - https:\/\/yoast.com\/product\/yoast-seo-premium-wordpress\/ -->\n<title>Craque Neto crava time rebaixado no Brasileir\u00e3o 2025<\/title>\n<meta name=\"robots\" content=\"index, follow, max-snippet:-1, max-image-preview:large, max-video-preview:-1\" \/>\n<link rel=\"canonical\" href=\"https:\/\/www.gaveanews.com\/index.php\/2025\/03\/12\/craque-neto-crava-time-rebaixado-no-brasileirao-2025\/\" \/>\n<meta property=\"og:locale\" content=\"pt_BR\" \/>\n<meta property=\"og:type\" content=\"article\" \/>\n<meta property=\"og:title\" content=\"Craque Neto crava time rebaixado no Brasileir\u00e3o 2025\" \/>\n<meta property=\"og:description\" content=\"O ex-jogador e comentarista Craque Neto fez uma an\u00e1lise contundente sobre o Santos e sua participa\u00e7\u00e3o no Campeonato Brasileiro de 2025. Durante o programa &#8220;Os Donos da Bola&#8221;, ele afirmou que o clube paulista \u00e9 o primeiro candidato ao rebaixamento na competi\u00e7\u00e3o, caso mantenha o atual elenco. Segundo Neto, mesmo com Neymar no time, o [&hellip;]\" \/>\n<meta property=\"og:url\" content=\"https:\/\/www.gaveanews.com\/index.php\/2025\/03\/12\/craque-neto-crava-time-rebaixado-no-brasileirao-2025\/\" \/>\n<meta property=\"og:site_name\" content=\"G\u00e1vea News\" \/>\n<meta property=\"article:publisher\" content=\"https:\/\/facebook.com\/gaveaNews\/\" \/>\n<meta property=\"article:published_time\" content=\"2025-03-12T15:45:00+00:00\" \/>\n<meta property=\"og:image\" content=\"https:\/\/www.gaveanews.com\/wp-content\/uploads\/Comentarista-Neto-em-programa-da-Band.webp\" \/>\n\t<meta property=\"og:image:width\" content=\"846\" \/>\n\t<meta property=\"og:image:height\" content=\"476\" \/>\n\t<meta property=\"og:image:type\" content=\"image\/jpeg\" \/>\n<meta name=\"author\" content=\"Brenda Cezillo\" \/>\n<meta name=\"twitter:card\" content=\"summary_large_image\" \/>\n<meta name=\"twitter:label1\" content=\"Escrito por\" \/>\n\t<meta name=\"twitter:data1\" content=\"Brenda Cezillo\" \/>\n\t<meta name=\"twitter:label2\" content=\"Est. tempo de leitura\" \/>\n\t<meta name=\"twitter:data2\" content=\"3 minutos\" \/>\n<script type=\"application\/ld+json\" class=\"yoast-schema-graph\">{\"@context\":\"https:\/\/schema.org\",\"@graph\":[{\"@type\":\"NewsArticle\",\"@id\":\"https:\/\/www.gaveanews.com\/index.php\/2025\/03\/12\/craque-neto-crava-time-rebaixado-no-brasileirao-2025\/#article\",\"isPartOf\":{\"@id\":\"https:\/\/www.gaveanews.com\/index.php\/2025\/03\/12\/craque-neto-crava-time-rebaixado-no-brasileirao-2025\/\"},\"author\":{\"name\":\"Brenda Cezillo\",\"@id\":\"https:\/\/www.gaveanews.com\/#\/schema\/person\/c79759ca337c40791ae8d08e2923d403\"},\"headline\":\"Craque Neto crava time rebaixado no Brasileir\u00e3o 2025\",\"datePublished\":\"2025-03-12T15:45:00+00:00\",\"mainEntityOfPage\":{\"@id\":\"https:\/\/www.gaveanews.com\/index.php\/2025\/03\/12\/craque-neto-crava-time-rebaixado-no-brasileirao-2025\/\"},\"wordCount\":379,\"commentCount\":0,\"image\":{\"@id\":\"https:\/\/www.gaveanews.com\/index.php\/2025\/03\/12\/craque-neto-crava-time-rebaixado-no-brasileirao-2025\/#primaryimage\"},\"thumbnailUrl\":\"https:\/\/www.gaveanews.com\/wp-content\/uploads\/Comentarista-Neto-em-programa-da-Band.webp\",\"articleSection\":[\"Santos\"],\"inLanguage\":\"pt-BR\",\"potentialAction\":[{\"@type\":\"CommentAction\",\"name\":\"Comment\",\"target\":[\"https:\/\/www.gaveanews.com\/index.php\/2025\/03\/12\/craque-neto-crava-time-rebaixado-no-brasileirao-2025\/#respond\"]}],\"copyrightYear\":\"2025\",\"copyrightHolder\":{\"@id\":\"https:\/\/www.gaveanews.com\/#organization\"}},{\"@type\":\"WebPage\",\"@id\":\"https:\/\/www.gaveanews.com\/index.php\/2025\/03\/12\/craque-neto-crava-time-rebaixado-no-brasileirao-2025\/\",\"url\":\"https:\/\/www.gaveanews.com\/index.php\/2025\/03\/12\/craque-neto-crava-time-rebaixado-no-brasileirao-2025\/\",\"name\":\"Craque Neto crava time rebaixado no Brasileir\u00e3o 2025\",\"isPartOf\":{\"@id\":\"https:\/\/www.gaveanews.com\/#website\"},\"primaryImageOfPage\":{\"@id\":\"https:\/\/www.gaveanews.com\/index.php\/2025\/03\/12\/craque-neto-crava-time-rebaixado-no-brasileirao-2025\/#primaryimage\"},\"image\":{\"@id\":\"https:\/\/www.gaveanews.com\/index.php\/2025\/03\/12\/craque-neto-crava-time-rebaixado-no-brasileirao-2025\/#primaryimage\"},\"thumbnailUrl\":\"https:\/\/www.gaveanews.com\/wp-content\/uploads\/Comentarista-Neto-em-programa-da-Band.webp\",\"datePublished\":\"2025-03-12T15:45:00+00:00\",\"author\":{\"@id\":\"https:\/\/www.gaveanews.com\/#\/schema\/person\/c79759ca337c40791ae8d08e2923d403\"},\"breadcrumb\":{\"@id\":\"https:\/\/www.gaveanews.com\/index.php\/2025\/03\/12\/craque-neto-crava-time-rebaixado-no-brasileirao-2025\/#breadcrumb\"},\"inLanguage\":\"pt-BR\",\"potentialAction\":[{\"@type\":\"ReadAction\",\"target\":[\"https:\/\/www.gaveanews.com\/index.php\/2025\/03\/12\/craque-neto-crava-time-rebaixado-no-brasileirao-2025\/\"]}]},{\"@type\":\"ImageObject\",\"inLanguage\":\"pt-BR\",\"@id\":\"https:\/\/www.gaveanews.com\/index.php\/2025\/03\/12\/craque-neto-crava-time-rebaixado-no-brasileirao-2025\/#primaryimage\",\"url\":\"https:\/\/www.gaveanews.com\/wp-content\/uploads\/Comentarista-Neto-em-programa-da-Band.webp\",\"contentUrl\":\"https:\/\/www.gaveanews.com\/wp-content\/uploads\/Comentarista-Neto-em-programa-da-Band.webp\",\"width\":846,\"height\":476,\"caption\":\"Comentarista Neto em programa da Band (Foto: Reprodu\u00e7\u00e3o\/Band)\"},{\"@type\":\"BreadcrumbList\",\"@id\":\"https:\/\/www.gaveanews.com\/index.php\/2025\/03\/12\/craque-neto-crava-time-rebaixado-no-brasileirao-2025\/#breadcrumb\",\"itemListElement\":[{\"@type\":\"ListItem\",\"position\":1,\"name\":\"Home\",\"item\":\"https:\/\/www.gaveanews.com\/\"},{\"@type\":\"ListItem\",\"position\":2,\"name\":\"Craque Neto crava time rebaixado no Brasileir\u00e3o 2025\"}]},{\"@type\":\"WebSite\",\"@id\":\"https:\/\/www.gaveanews.com\/#website\",\"url\":\"https:\/\/www.gaveanews.com\/\",\"name\":\"G\u00e1vea News\",\"description\":\"Veja todas as not\u00edcias sobre o Flamengo: Contrata\u00e7\u00f5es, categorias de base, resultados das partidas, tabela de classifica\u00e7\u00e3o, pr\u00f3ximos jogos!\",\"potentialAction\":[{\"@type\":\"SearchAction\",\"target\":{\"@type\":\"EntryPoint\",\"urlTemplate\":\"https:\/\/www.gaveanews.com\/?s={search_term_string}\"},\"query-input\":{\"@type\":\"PropertyValueSpecification\",\"valueRequired\":true,\"valueName\":\"search_term_string\"}}],\"inLanguage\":\"pt-BR\"},{\"@type\":\"Person\",\"@id\":\"https:\/\/www.gaveanews.com\/#\/schema\/person\/c79759ca337c40791ae8d08e2923d403\",\"name\":\"Brenda Cezillo\",\"image\":{\"@type\":\"ImageObject\",\"inLanguage\":\"pt-BR\",\"@id\":\"https:\/\/www.gaveanews.com\/#\/schema\/person\/image\/\",\"url\":\"https:\/\/secure.gravatar.com\/avatar\/1738d75cee7317f9c29ae61dd67620c5883d80a92e42a6fff88ae5d527af217a?s=96&d=mm&r=g\",\"contentUrl\":\"https:\/\/secure.gravatar.com\/avatar\/1738d75cee7317f9c29ae61dd67620c5883d80a92e42a6fff88ae5d527af217a?s=96&d=mm&r=g\",\"caption\":\"Brenda Cezillo\"}}]}<\/script>\n<!-- \/ Yoast SEO Premium plugin. -->","yoast_head_json":{"title":"Craque Neto crava time rebaixado no Brasileir\u00e3o 2025","robots":{"index":"index","follow":"follow","max-snippet":"max-snippet:-1","max-image-preview":"max-image-preview:large","max-video-preview":"max-video-preview:-1"},"canonical":"https:\/\/www.gaveanews.com\/index.php\/2025\/03\/12\/craque-neto-crava-time-rebaixado-no-brasileirao-2025\/","og_locale":"pt_BR","og_type":"article","og_title":"Craque Neto crava time rebaixado no Brasileir\u00e3o 2025","og_description":"O ex-jogador e comentarista Craque Neto fez uma an\u00e1lise contundente sobre o Santos e sua participa\u00e7\u00e3o no Campeonato Brasileiro de 2025. Durante o programa &#8220;Os Donos da Bola&#8221;, ele afirmou que o clube paulista \u00e9 o primeiro candidato ao rebaixamento na competi\u00e7\u00e3o, caso mantenha o atual elenco. Segundo Neto, mesmo com Neymar no time, o [&hellip;]","og_url":"https:\/\/www.gaveanews.com\/index.php\/2025\/03\/12\/craque-neto-crava-time-rebaixado-no-brasileirao-2025\/","og_site_name":"G\u00e1vea News","article_publisher":"https:\/\/facebook.com\/gaveaNews\/","article_published_time":"2025-03-12T15:45:00+00:00","og_image":[{"width":846,"height":476,"url":"https:\/\/www.gaveanews.com\/wp-content\/uploads\/Comentarista-Neto-em-programa-da-Band.webp","type":"image\/jpeg"}],"author":"Brenda Cezillo","twitter_card":"summary_large_image","twitter_misc":{"Escrito por":"Brenda Cezillo","Est. tempo de leitura":"3 minutos"},"schema":{"@context":"https:\/\/schema.org","@graph":[{"@type":"NewsArticle","@id":"https:\/\/www.gaveanews.com\/index.php\/2025\/03\/12\/craque-neto-crava-time-rebaixado-no-brasileirao-2025\/#article","isPartOf":{"@id":"https:\/\/www.gaveanews.com\/index.php\/2025\/03\/12\/craque-neto-crava-time-rebaixado-no-brasileirao-2025\/"},"author":{"name":"Brenda Cezillo","@id":"https:\/\/www.gaveanews.com\/#\/schema\/person\/c79759ca337c40791ae8d08e2923d403"},"headline":"Craque Neto crava time rebaixado no Brasileir\u00e3o 2025","datePublished":"2025-03-12T15:45:00+00:00","mainEntityOfPage":{"@id":"https:\/\/www.gaveanews.com\/index.php\/2025\/03\/12\/craque-neto-crava-time-rebaixado-no-brasileirao-2025\/"},"wordCount":379,"commentCount":0,"image":{"@id":"https:\/\/www.gaveanews.com\/index.php\/2025\/03\/12\/craque-neto-crava-time-rebaixado-no-brasileirao-2025\/#primaryimage"},"thumbnailUrl":"https:\/\/www.gaveanews.com\/wp-content\/uploads\/Comentarista-Neto-em-programa-da-Band.webp","articleSection":["Santos"],"inLanguage":"pt-BR","potentialAction":[{"@type":"CommentAction","name":"Comment","target":["https:\/\/www.gaveanews.com\/index.php\/2025\/03\/12\/craque-neto-crava-time-rebaixado-no-brasileirao-2025\/#respond"]}],"copyrightYear":"2025","copyrightHolder":{"@id":"https:\/\/www.gaveanews.com\/#organization"}},{"@type":"WebPage","@id":"https:\/\/www.gaveanews.com\/index.php\/2025\/03\/12\/craque-neto-crava-time-rebaixado-no-brasileirao-2025\/","url":"https:\/\/www.gaveanews.com\/index.php\/2025\/03\/12\/craque-neto-crava-time-rebaixado-no-brasileirao-2025\/","name":"Craque Neto crava time rebaixado no Brasileir\u00e3o 2025","isPartOf":{"@id":"https:\/\/www.gaveanews.com\/#website"},"primaryImageOfPage":{"@id":"https:\/\/www.gaveanews.com\/index.php\/2025\/03\/12\/craque-neto-crava-time-rebaixado-no-brasileirao-2025\/#primaryimage"},"image":{"@id":"https:\/\/www.gaveanews.com\/index.php\/2025\/03\/12\/craque-neto-crava-time-rebaixado-no-brasileirao-2025\/#primaryimage"},"thumbnailUrl":"https:\/\/www.gaveanews.com\/wp-content\/uploads\/Comentarista-Neto-em-programa-da-Band.webp","datePublished":"2025-03-12T15:45:00+00:00","author":{"@id":"https:\/\/www.gaveanews.com\/#\/schema\/person\/c79759ca337c40791ae8d08e2923d403"},"breadcrumb":{"@id":"https:\/\/www.gaveanews.com\/index.php\/2025\/03\/12\/craque-neto-crava-time-rebaixado-no-brasileirao-2025\/#breadcrumb"},"inLanguage":"pt-BR","potentialAction":[{"@type":"ReadAction","target":["https:\/\/www.gaveanews.com\/index.php\/2025\/03\/12\/craque-neto-crava-time-rebaixado-no-brasileirao-2025\/"]}]},{"@type":"ImageObject","inLanguage":"pt-BR","@id":"https:\/\/www.gaveanews.com\/index.php\/2025\/03\/12\/craque-neto-crava-time-rebaixado-no-brasileirao-2025\/#primaryimage","url":"https:\/\/www.gaveanews.com\/wp-content\/uploads\/Comentarista-Neto-em-programa-da-Band.webp","contentUrl":"https:\/\/www.gaveanews.com\/wp-content\/uploads\/Comentarista-Neto-em-programa-da-Band.webp","width":846,"height":476,"caption":"Comentarista Neto em programa da Band (Foto: Reprodu\u00e7\u00e3o\/Band)"},{"@type":"BreadcrumbList","@id":"https:\/\/www.gaveanews.com\/index.php\/2025\/03\/12\/craque-neto-crava-time-rebaixado-no-brasileirao-2025\/#breadcrumb","itemListElement":[{"@type":"ListItem","position":1,"name":"Home","item":"https:\/\/www.gaveanews.com\/"},{"@type":"ListItem","position":2,"name":"Craque Neto crava time rebaixado no Brasileir\u00e3o 2025"}]},{"@type":"WebSite","@id":"https:\/\/www.gaveanews.com\/#website","url":"https:\/\/www.gaveanews.com\/","name":"G\u00e1vea News","description":"Veja todas as not\u00edcias sobre o Flamengo: Contrata\u00e7\u00f5es, categorias de base, resultados das partidas, tabela de classifica\u00e7\u00e3o, pr\u00f3ximos jogos!","potentialAction":[{"@type":"SearchAction","target":{"@type":"EntryPoint","urlTemplate":"https:\/\/www.gaveanews.com\/?s={search_term_string}"},"query-input":{"@type":"PropertyValueSpecification","valueRequired":true,"valueName":"search_term_string"}}],"inLanguage":"pt-BR"},{"@type":"Person","@id":"https:\/\/www.gaveanews.com\/#\/schema\/person\/c79759ca337c40791ae8d08e2923d403","name":"Brenda Cezillo","image":{"@type":"ImageObject","inLanguage":"pt-BR","@id":"https:\/\/www.gaveanews.com\/#\/schema\/person\/image\/","url":"https:\/\/secure.gravatar.com\/avatar\/1738d75cee7317f9c29ae61dd67620c5883d80a92e42a6fff88ae5d527af217a?s=96&d=mm&r=g","contentUrl":"https:\/\/secure.gravatar.com\/avatar\/1738d75cee7317f9c29ae61dd67620c5883d80a92e42a6fff88ae5d527af217a?s=96&d=mm&r=g","caption":"Brenda Cezillo"}}]}},"_links":{"self":[{"href":"https:\/\/www.gaveanews.com\/index.php\/wp-json\/wp\/v2\/posts\/238947","targetHints":{"allow":["GET"]}}],"collection":[{"href":"https:\/\/www.gaveanews.com\/index.php\/wp-json\/wp\/v2\/posts"}],"about":[{"href":"https:\/\/www.gaveanews.com\/index.php\/wp-json\/wp\/v2\/types\/post"}],"author":[{"embeddable":true,"href":"https:\/\/www.gaveanews.com\/index.php\/wp-json\/wp\/v2\/users\/33"}],"replies":[{"embeddable":true,"href":"https:\/\/www.gaveanews.com\/index.php\/wp-json\/wp\/v2\/comments?post=238947"}],"version-history":[{"count":1,"href":"https:\/\/www.gaveanews.com\/index.php\/wp-json\/wp\/v2\/posts\/238947\/revisions"}],"predecessor-version":[{"id":238953,"href":"https:\/\/www.gaveanews.com\/index.php\/wp-json\/wp\/v2\/posts\/238947\/revisions\/238953"}],"wp:featuredmedia":[{"embeddable":true,"href":"https:\/\/www.gaveanews.com\/index.php\/wp-json\/wp\/v2\/media\/71983"}],"wp:attachment":[{"href":"https:\/\/www.gaveanews.com\/index.php\/wp-json\/wp\/v2\/media?parent=238947"}],"wp:term":[{"taxonomy":"category","embeddable":true,"href":"https:\/\/www.gaveanews.com\/index.php\/wp-json\/wp\/v2\/categories?post=238947"},{"taxonomy":"post_tag","embeddable":true,"href":"https:\/\/www.gaveanews.com\/index.php\/wp-json\/wp\/v2\/tags?post=238947"}],"curies":[{"name":"wp","href":"https:\/\/api.w.org\/{rel}","templated":true}]}}