{"id":238948,"date":"2025-03-12T12:40:00","date_gmt":"2025-03-12T15:40:00","guid":{"rendered":"https:\/\/www.gaveanews.com\/?p=238948"},"modified":"2025-03-12T11:51:55","modified_gmt":"2025-03-12T14:51:55","slug":"a-declaracao-ousada-de-pedro-certezas-sobre-flamengo-x-fluminense-eu-acho-que","status":"publish","type":"post","link":"https:\/\/www.gaveanews.com\/index.php\/2025\/03\/12\/a-declaracao-ousada-de-pedro-certezas-sobre-flamengo-x-fluminense-eu-acho-que\/","title":{"rendered":"A declara\u00e7\u00e3o ousada de Pedro Certezas sobre Flamengo x Fluminense: &#8220;eu acho que&#8230;&#8221;"},"content":{"rendered":"\n<p>O Campeonato Carioca de 2025 tem gerado muita expectativa, especialmente com a final entre Flamengo e Fluminense. O jornalista Pedro Certezas, em sua participa\u00e7\u00e3o no programa De Sola, analisou o cl\u00e1ssico e deu uma opini\u00e3o ousada sobre as chances do time das Laranjeiras contra o Rubro-Negro.&nbsp;<\/p>\n\n\n\n<p>Para Certezas, o Fluminense tem o potencial de fazer frente ao Flamengo, que tem dominado o cen\u00e1rio estadual nos \u00faltimos anos.<\/p>\n\n\n\n<h2 class=\"wp-block-heading\" id=\"h-fluminense-pode-desestabilizar-o-flamengo\">Fluminense pode desestabilizar o Flamengo?<\/h2>\n\n\n\n<p>&#8220;Se tem um time no Carioca que conseguiria fazer frente ao Flamengo, eu acho que \u00e9 o Fluminense&#8221;, afirmou Pedro Certezas. O jornalista destacou que, ao contr\u00e1rio do Botafogo, que segundo ele &#8220;abriu m\u00e3o de todos os campeonatos&#8221;, o Fluminense tem mostrado um equil\u00edbrio nas \u00faltimas disputas contra o Flamengo.&nbsp;<\/p>\n\n\n\n<p>Vale destacar que, em quatro finais recentes entre as duas equipes, o Flamengo venceu duas, mas o Fluminense tamb\u00e9m conquistou duas ta\u00e7as, o que demonstra a competitividade entre os times.<\/p>\n\n\n\n<h2 class=\"wp-block-heading\" id=\"h-historico-equilibrado-entre-flamengo-e-fluminense\">Hist\u00f3rico equilibrado entre Flamengo e Fluminense<\/h2>\n\n\n\n<p>Pedro Certezas fez uma an\u00e1lise aprofundada, apontando que, ao contr\u00e1rio de outros rivais, como o Vasco, o Fluminense tem sido capaz de lutar de igual para igual com o Flamengo.<\/p>\n\n\n\n<p>&nbsp;&#8220;O Vasco eu acho bem pior do que o Flamengo. A gente viu isso, o Flamengo passou pelo Vasco&#8221;, comentou.&nbsp;<\/p>\n\n\n\n<p>No entanto, ao falar do Fluminense, Certezas fez quest\u00e3o de ressaltar que &#8221; Ganhou com m\u00e9ritos e muita luta. Nos que perdeu, fez frente tamb\u00e9m ao Flamengo&#8221;, completou.<\/p>\n\n\n\n<h2 class=\"wp-block-heading\" id=\"h-a-rivalidade-historica-do-campeonato-carioca\">A rivalidade hist\u00f3rica do Campeonato Carioca<\/h2>\n\n\n\n<p>Sendo assim, o confronto promete ser um dos mais emocionantes da temporada. O hist\u00f3rico das finais entre os dois times \u00e9 rico e equilibrado. A \u00faltima conquista do Fluminense, em 2023, ainda est\u00e1 fresca na mem\u00f3ria dos torcedores, e o time vem demonstrando for\u00e7a para brigar por mais um t\u00edtulo estadual. Com isso, o duelo entre Flamengo e Fluminense promete ser recheado de rivalidade e grandes emo\u00e7\u00f5es, como tem sido ao longo dos anos.<\/p>\n","protected":false},"excerpt":{"rendered":"<p>O Campeonato Carioca de 2025 tem gerado muita expectativa, especialmente com a final entre Flamengo e Fluminense. O jornalista Pedro Certezas, em sua participa\u00e7\u00e3o no programa De Sola, analisou o cl\u00e1ssico e deu uma opini\u00e3o ousada sobre as chances do time das Laranjeiras contra o Rubro-Negro.&nbsp; Para Certezas, o Fluminense tem o potencial de fazer [&hellip;]<\/p>\n","protected":false},"author":25,"featured_media":122288,"comment_status":"open","ping_status":"closed","sticky":false,"template":"","format":"standard","meta":{"footnotes":""},"categories":[1,145],"tags":[],"class_list":["post-238948","post","type-post","status-publish","format-standard","has-post-thumbnail","hentry","category-flamengo","category-fluminense"],"yoast_head":"<!-- This site is optimized with the Yoast SEO Premium plugin v24.2 (Yoast SEO v26.9) - https:\/\/yoast.com\/product\/yoast-seo-premium-wordpress\/ -->\n<title>A declara\u00e7\u00e3o ousada de Pedro Certezas sobre Flamengo x Fluminense: &quot;eu acho que...&quot;<\/title>\n<meta name=\"robots\" content=\"index, follow, max-snippet:-1, max-image-preview:large, max-video-preview:-1\" \/>\n<link rel=\"canonical\" href=\"https:\/\/www.gaveanews.com\/index.php\/2025\/03\/12\/a-declaracao-ousada-de-pedro-certezas-sobre-flamengo-x-fluminense-eu-acho-que\/\" \/>\n<meta property=\"og:locale\" content=\"pt_BR\" \/>\n<meta property=\"og:type\" content=\"article\" \/>\n<meta property=\"og:title\" content=\"A declara\u00e7\u00e3o ousada de Pedro Certezas sobre Flamengo x Fluminense: &quot;eu acho que...&quot;\" \/>\n<meta property=\"og:description\" content=\"O Campeonato Carioca de 2025 tem gerado muita expectativa, especialmente com a final entre Flamengo e Fluminense. O jornalista Pedro Certezas, em sua participa\u00e7\u00e3o no programa De Sola, analisou o cl\u00e1ssico e deu uma opini\u00e3o ousada sobre as chances do time das Laranjeiras contra o Rubro-Negro.&nbsp; Para Certezas, o Fluminense tem o potencial de fazer [&hellip;]\" \/>\n<meta property=\"og:url\" content=\"https:\/\/www.gaveanews.com\/index.php\/2025\/03\/12\/a-declaracao-ousada-de-pedro-certezas-sobre-flamengo-x-fluminense-eu-acho-que\/\" \/>\n<meta property=\"og:site_name\" content=\"G\u00e1vea News\" \/>\n<meta property=\"article:publisher\" content=\"https:\/\/facebook.com\/gaveaNews\/\" \/>\n<meta property=\"article:published_time\" content=\"2025-03-12T15:40:00+00:00\" \/>\n<meta property=\"og:image\" content=\"https:\/\/www.gaveanews.com\/wp-content\/uploads\/flaflu.webp\" \/>\n\t<meta property=\"og:image:width\" content=\"1280\" \/>\n\t<meta property=\"og:image:height\" content=\"720\" \/>\n\t<meta property=\"og:image:type\" content=\"image\/webp\" \/>\n<meta name=\"author\" content=\"Rafaela Ladeira\" \/>\n<meta name=\"twitter:card\" content=\"summary_large_image\" \/>\n<meta name=\"twitter:label1\" content=\"Escrito por\" \/>\n\t<meta name=\"twitter:data1\" content=\"Rafaela Ladeira\" \/>\n\t<meta name=\"twitter:label2\" content=\"Est. tempo de leitura\" \/>\n\t<meta name=\"twitter:data2\" content=\"2 minutos\" \/>\n<script type=\"application\/ld+json\" class=\"yoast-schema-graph\">{\"@context\":\"https:\/\/schema.org\",\"@graph\":[{\"@type\":\"NewsArticle\",\"@id\":\"https:\/\/www.gaveanews.com\/index.php\/2025\/03\/12\/a-declaracao-ousada-de-pedro-certezas-sobre-flamengo-x-fluminense-eu-acho-que\/#article\",\"isPartOf\":{\"@id\":\"https:\/\/www.gaveanews.com\/index.php\/2025\/03\/12\/a-declaracao-ousada-de-pedro-certezas-sobre-flamengo-x-fluminense-eu-acho-que\/\"},\"author\":{\"name\":\"Rafaela Ladeira\",\"@id\":\"https:\/\/www.gaveanews.com\/#\/schema\/person\/0eb3e3fe1754f0205218538adbe8f5ed\"},\"headline\":\"A declara\u00e7\u00e3o ousada de Pedro Certezas sobre Flamengo x Fluminense: &#8220;eu acho que&#8230;&#8221;\",\"datePublished\":\"2025-03-12T15:40:00+00:00\",\"mainEntityOfPage\":{\"@id\":\"https:\/\/www.gaveanews.com\/index.php\/2025\/03\/12\/a-declaracao-ousada-de-pedro-certezas-sobre-flamengo-x-fluminense-eu-acho-que\/\"},\"wordCount\":350,\"commentCount\":0,\"image\":{\"@id\":\"https:\/\/www.gaveanews.com\/index.php\/2025\/03\/12\/a-declaracao-ousada-de-pedro-certezas-sobre-flamengo-x-fluminense-eu-acho-que\/#primaryimage\"},\"thumbnailUrl\":\"https:\/\/www.gaveanews.com\/wp-content\/uploads\/flaflu.webp\",\"articleSection\":[\"Flamengo\",\"Fluminense\"],\"inLanguage\":\"pt-BR\",\"potentialAction\":[{\"@type\":\"CommentAction\",\"name\":\"Comment\",\"target\":[\"https:\/\/www.gaveanews.com\/index.php\/2025\/03\/12\/a-declaracao-ousada-de-pedro-certezas-sobre-flamengo-x-fluminense-eu-acho-que\/#respond\"]}],\"copyrightYear\":\"2025\",\"copyrightHolder\":{\"@id\":\"https:\/\/www.gaveanews.com\/#organization\"}},{\"@type\":\"WebPage\",\"@id\":\"https:\/\/www.gaveanews.com\/index.php\/2025\/03\/12\/a-declaracao-ousada-de-pedro-certezas-sobre-flamengo-x-fluminense-eu-acho-que\/\",\"url\":\"https:\/\/www.gaveanews.com\/index.php\/2025\/03\/12\/a-declaracao-ousada-de-pedro-certezas-sobre-flamengo-x-fluminense-eu-acho-que\/\",\"name\":\"A declara\u00e7\u00e3o ousada de Pedro Certezas sobre Flamengo x Fluminense: \\\"eu acho que...\\\"\",\"isPartOf\":{\"@id\":\"https:\/\/www.gaveanews.com\/#website\"},\"primaryImageOfPage\":{\"@id\":\"https:\/\/www.gaveanews.com\/index.php\/2025\/03\/12\/a-declaracao-ousada-de-pedro-certezas-sobre-flamengo-x-fluminense-eu-acho-que\/#primaryimage\"},\"image\":{\"@id\":\"https:\/\/www.gaveanews.com\/index.php\/2025\/03\/12\/a-declaracao-ousada-de-pedro-certezas-sobre-flamengo-x-fluminense-eu-acho-que\/#primaryimage\"},\"thumbnailUrl\":\"https:\/\/www.gaveanews.com\/wp-content\/uploads\/flaflu.webp\",\"datePublished\":\"2025-03-12T15:40:00+00:00\",\"author\":{\"@id\":\"https:\/\/www.gaveanews.com\/#\/schema\/person\/0eb3e3fe1754f0205218538adbe8f5ed\"},\"breadcrumb\":{\"@id\":\"https:\/\/www.gaveanews.com\/index.php\/2025\/03\/12\/a-declaracao-ousada-de-pedro-certezas-sobre-flamengo-x-fluminense-eu-acho-que\/#breadcrumb\"},\"inLanguage\":\"pt-BR\",\"potentialAction\":[{\"@type\":\"ReadAction\",\"target\":[\"https:\/\/www.gaveanews.com\/index.php\/2025\/03\/12\/a-declaracao-ousada-de-pedro-certezas-sobre-flamengo-x-fluminense-eu-acho-que\/\"]}]},{\"@type\":\"ImageObject\",\"inLanguage\":\"pt-BR\",\"@id\":\"https:\/\/www.gaveanews.com\/index.php\/2025\/03\/12\/a-declaracao-ousada-de-pedro-certezas-sobre-flamengo-x-fluminense-eu-acho-que\/#primaryimage\",\"url\":\"https:\/\/www.gaveanews.com\/wp-content\/uploads\/flaflu.webp\",\"contentUrl\":\"https:\/\/www.gaveanews.com\/wp-content\/uploads\/flaflu.webp\",\"width\":1280,\"height\":720,\"caption\":\"Escudos de Flamengo e Fluminense (Foto: Reprodu\u00e7\u00e3o)\"},{\"@type\":\"BreadcrumbList\",\"@id\":\"https:\/\/www.gaveanews.com\/index.php\/2025\/03\/12\/a-declaracao-ousada-de-pedro-certezas-sobre-flamengo-x-fluminense-eu-acho-que\/#breadcrumb\",\"itemListElement\":[{\"@type\":\"ListItem\",\"position\":1,\"name\":\"Home\",\"item\":\"https:\/\/www.gaveanews.com\/\"},{\"@type\":\"ListItem\",\"position\":2,\"name\":\"A declara\u00e7\u00e3o ousada de Pedro Certezas sobre Flamengo x Fluminense: &#8220;eu acho que&#8230;&#8221;\"}]},{\"@type\":\"WebSite\",\"@id\":\"https:\/\/www.gaveanews.com\/#website\",\"url\":\"https:\/\/www.gaveanews.com\/\",\"name\":\"G\u00e1vea News\",\"description\":\"Veja todas as not\u00edcias sobre o Flamengo: Contrata\u00e7\u00f5es, categorias de base, resultados das partidas, tabela de classifica\u00e7\u00e3o, pr\u00f3ximos jogos!\",\"potentialAction\":[{\"@type\":\"SearchAction\",\"target\":{\"@type\":\"EntryPoint\",\"urlTemplate\":\"https:\/\/www.gaveanews.com\/?s={search_term_string}\"},\"query-input\":{\"@type\":\"PropertyValueSpecification\",\"valueRequired\":true,\"valueName\":\"search_term_string\"}}],\"inLanguage\":\"pt-BR\"},{\"@type\":\"Person\",\"@id\":\"https:\/\/www.gaveanews.com\/#\/schema\/person\/0eb3e3fe1754f0205218538adbe8f5ed\",\"name\":\"Rafaela Ladeira\",\"image\":{\"@type\":\"ImageObject\",\"inLanguage\":\"pt-BR\",\"@id\":\"https:\/\/www.gaveanews.com\/#\/schema\/person\/image\/\",\"url\":\"https:\/\/secure.gravatar.com\/avatar\/c31f513acffd85eacab5730cbdfdbbf59f21ba5aeada8cd890acea879fbb2455?s=96&d=mm&r=g\",\"contentUrl\":\"https:\/\/secure.gravatar.com\/avatar\/c31f513acffd85eacab5730cbdfdbbf59f21ba5aeada8cd890acea879fbb2455?s=96&d=mm&r=g\",\"caption\":\"Rafaela Ladeira\"}}]}<\/script>\n<!-- \/ Yoast SEO Premium plugin. -->","yoast_head_json":{"title":"A declara\u00e7\u00e3o ousada de Pedro Certezas sobre Flamengo x Fluminense: \"eu acho que...\"","robots":{"index":"index","follow":"follow","max-snippet":"max-snippet:-1","max-image-preview":"max-image-preview:large","max-video-preview":"max-video-preview:-1"},"canonical":"https:\/\/www.gaveanews.com\/index.php\/2025\/03\/12\/a-declaracao-ousada-de-pedro-certezas-sobre-flamengo-x-fluminense-eu-acho-que\/","og_locale":"pt_BR","og_type":"article","og_title":"A declara\u00e7\u00e3o ousada de Pedro Certezas sobre Flamengo x Fluminense: \"eu acho que...\"","og_description":"O Campeonato Carioca de 2025 tem gerado muita expectativa, especialmente com a final entre Flamengo e Fluminense. O jornalista Pedro Certezas, em sua participa\u00e7\u00e3o no programa De Sola, analisou o cl\u00e1ssico e deu uma opini\u00e3o ousada sobre as chances do time das Laranjeiras contra o Rubro-Negro.&nbsp; Para Certezas, o Fluminense tem o potencial de fazer [&hellip;]","og_url":"https:\/\/www.gaveanews.com\/index.php\/2025\/03\/12\/a-declaracao-ousada-de-pedro-certezas-sobre-flamengo-x-fluminense-eu-acho-que\/","og_site_name":"G\u00e1vea News","article_publisher":"https:\/\/facebook.com\/gaveaNews\/","article_published_time":"2025-03-12T15:40:00+00:00","og_image":[{"width":1280,"height":720,"url":"https:\/\/www.gaveanews.com\/wp-content\/uploads\/flaflu.webp","type":"image\/webp"}],"author":"Rafaela Ladeira","twitter_card":"summary_large_image","twitter_misc":{"Escrito por":"Rafaela Ladeira","Est. tempo de leitura":"2 minutos"},"schema":{"@context":"https:\/\/schema.org","@graph":[{"@type":"NewsArticle","@id":"https:\/\/www.gaveanews.com\/index.php\/2025\/03\/12\/a-declaracao-ousada-de-pedro-certezas-sobre-flamengo-x-fluminense-eu-acho-que\/#article","isPartOf":{"@id":"https:\/\/www.gaveanews.com\/index.php\/2025\/03\/12\/a-declaracao-ousada-de-pedro-certezas-sobre-flamengo-x-fluminense-eu-acho-que\/"},"author":{"name":"Rafaela Ladeira","@id":"https:\/\/www.gaveanews.com\/#\/schema\/person\/0eb3e3fe1754f0205218538adbe8f5ed"},"headline":"A declara\u00e7\u00e3o ousada de Pedro Certezas sobre Flamengo x Fluminense: &#8220;eu acho que&#8230;&#8221;","datePublished":"2025-03-12T15:40:00+00:00","mainEntityOfPage":{"@id":"https:\/\/www.gaveanews.com\/index.php\/2025\/03\/12\/a-declaracao-ousada-de-pedro-certezas-sobre-flamengo-x-fluminense-eu-acho-que\/"},"wordCount":350,"commentCount":0,"image":{"@id":"https:\/\/www.gaveanews.com\/index.php\/2025\/03\/12\/a-declaracao-ousada-de-pedro-certezas-sobre-flamengo-x-fluminense-eu-acho-que\/#primaryimage"},"thumbnailUrl":"https:\/\/www.gaveanews.com\/wp-content\/uploads\/flaflu.webp","articleSection":["Flamengo","Fluminense"],"inLanguage":"pt-BR","potentialAction":[{"@type":"CommentAction","name":"Comment","target":["https:\/\/www.gaveanews.com\/index.php\/2025\/03\/12\/a-declaracao-ousada-de-pedro-certezas-sobre-flamengo-x-fluminense-eu-acho-que\/#respond"]}],"copyrightYear":"2025","copyrightHolder":{"@id":"https:\/\/www.gaveanews.com\/#organization"}},{"@type":"WebPage","@id":"https:\/\/www.gaveanews.com\/index.php\/2025\/03\/12\/a-declaracao-ousada-de-pedro-certezas-sobre-flamengo-x-fluminense-eu-acho-que\/","url":"https:\/\/www.gaveanews.com\/index.php\/2025\/03\/12\/a-declaracao-ousada-de-pedro-certezas-sobre-flamengo-x-fluminense-eu-acho-que\/","name":"A declara\u00e7\u00e3o ousada de Pedro Certezas sobre Flamengo x Fluminense: \"eu acho que...\"","isPartOf":{"@id":"https:\/\/www.gaveanews.com\/#website"},"primaryImageOfPage":{"@id":"https:\/\/www.gaveanews.com\/index.php\/2025\/03\/12\/a-declaracao-ousada-de-pedro-certezas-sobre-flamengo-x-fluminense-eu-acho-que\/#primaryimage"},"image":{"@id":"https:\/\/www.gaveanews.com\/index.php\/2025\/03\/12\/a-declaracao-ousada-de-pedro-certezas-sobre-flamengo-x-fluminense-eu-acho-que\/#primaryimage"},"thumbnailUrl":"https:\/\/www.gaveanews.com\/wp-content\/uploads\/flaflu.webp","datePublished":"2025-03-12T15:40:00+00:00","author":{"@id":"https:\/\/www.gaveanews.com\/#\/schema\/person\/0eb3e3fe1754f0205218538adbe8f5ed"},"breadcrumb":{"@id":"https:\/\/www.gaveanews.com\/index.php\/2025\/03\/12\/a-declaracao-ousada-de-pedro-certezas-sobre-flamengo-x-fluminense-eu-acho-que\/#breadcrumb"},"inLanguage":"pt-BR","potentialAction":[{"@type":"ReadAction","target":["https:\/\/www.gaveanews.com\/index.php\/2025\/03\/12\/a-declaracao-ousada-de-pedro-certezas-sobre-flamengo-x-fluminense-eu-acho-que\/"]}]},{"@type":"ImageObject","inLanguage":"pt-BR","@id":"https:\/\/www.gaveanews.com\/index.php\/2025\/03\/12\/a-declaracao-ousada-de-pedro-certezas-sobre-flamengo-x-fluminense-eu-acho-que\/#primaryimage","url":"https:\/\/www.gaveanews.com\/wp-content\/uploads\/flaflu.webp","contentUrl":"https:\/\/www.gaveanews.com\/wp-content\/uploads\/flaflu.webp","width":1280,"height":720,"caption":"Escudos de Flamengo e Fluminense (Foto: Reprodu\u00e7\u00e3o)"},{"@type":"BreadcrumbList","@id":"https:\/\/www.gaveanews.com\/index.php\/2025\/03\/12\/a-declaracao-ousada-de-pedro-certezas-sobre-flamengo-x-fluminense-eu-acho-que\/#breadcrumb","itemListElement":[{"@type":"ListItem","position":1,"name":"Home","item":"https:\/\/www.gaveanews.com\/"},{"@type":"ListItem","position":2,"name":"A declara\u00e7\u00e3o ousada de Pedro Certezas sobre Flamengo x Fluminense: &#8220;eu acho que&#8230;&#8221;"}]},{"@type":"WebSite","@id":"https:\/\/www.gaveanews.com\/#website","url":"https:\/\/www.gaveanews.com\/","name":"G\u00e1vea News","description":"Veja todas as not\u00edcias sobre o Flamengo: Contrata\u00e7\u00f5es, categorias de base, resultados das partidas, tabela de classifica\u00e7\u00e3o, pr\u00f3ximos jogos!","potentialAction":[{"@type":"SearchAction","target":{"@type":"EntryPoint","urlTemplate":"https:\/\/www.gaveanews.com\/?s={search_term_string}"},"query-input":{"@type":"PropertyValueSpecification","valueRequired":true,"valueName":"search_term_string"}}],"inLanguage":"pt-BR"},{"@type":"Person","@id":"https:\/\/www.gaveanews.com\/#\/schema\/person\/0eb3e3fe1754f0205218538adbe8f5ed","name":"Rafaela Ladeira","image":{"@type":"ImageObject","inLanguage":"pt-BR","@id":"https:\/\/www.gaveanews.com\/#\/schema\/person\/image\/","url":"https:\/\/secure.gravatar.com\/avatar\/c31f513acffd85eacab5730cbdfdbbf59f21ba5aeada8cd890acea879fbb2455?s=96&d=mm&r=g","contentUrl":"https:\/\/secure.gravatar.com\/avatar\/c31f513acffd85eacab5730cbdfdbbf59f21ba5aeada8cd890acea879fbb2455?s=96&d=mm&r=g","caption":"Rafaela Ladeira"}}]}},"_links":{"self":[{"href":"https:\/\/www.gaveanews.com\/index.php\/wp-json\/wp\/v2\/posts\/238948","targetHints":{"allow":["GET"]}}],"collection":[{"href":"https:\/\/www.gaveanews.com\/index.php\/wp-json\/wp\/v2\/posts"}],"about":[{"href":"https:\/\/www.gaveanews.com\/index.php\/wp-json\/wp\/v2\/types\/post"}],"author":[{"embeddable":true,"href":"https:\/\/www.gaveanews.com\/index.php\/wp-json\/wp\/v2\/users\/25"}],"replies":[{"embeddable":true,"href":"https:\/\/www.gaveanews.com\/index.php\/wp-json\/wp\/v2\/comments?post=238948"}],"version-history":[{"count":1,"href":"https:\/\/www.gaveanews.com\/index.php\/wp-json\/wp\/v2\/posts\/238948\/revisions"}],"predecessor-version":[{"id":238951,"href":"https:\/\/www.gaveanews.com\/index.php\/wp-json\/wp\/v2\/posts\/238948\/revisions\/238951"}],"wp:featuredmedia":[{"embeddable":true,"href":"https:\/\/www.gaveanews.com\/index.php\/wp-json\/wp\/v2\/media\/122288"}],"wp:attachment":[{"href":"https:\/\/www.gaveanews.com\/index.php\/wp-json\/wp\/v2\/media?parent=238948"}],"wp:term":[{"taxonomy":"category","embeddable":true,"href":"https:\/\/www.gaveanews.com\/index.php\/wp-json\/wp\/v2\/categories?post=238948"},{"taxonomy":"post_tag","embeddable":true,"href":"https:\/\/www.gaveanews.com\/index.php\/wp-json\/wp\/v2\/tags?post=238948"}],"curies":[{"name":"wp","href":"https:\/\/api.w.org\/{rel}","templated":true}]}}