{"id":238952,"date":"2025-03-12T13:05:00","date_gmt":"2025-03-12T16:05:00","guid":{"rendered":"https:\/\/www.gaveanews.com\/?p=238952"},"modified":"2025-03-12T12:05:41","modified_gmt":"2025-03-12T15:05:41","slug":"idolo-do-flamengo-junior-faz-publicacao-enigmatica-e-agita-torcedores","status":"publish","type":"post","link":"https:\/\/www.gaveanews.com\/index.php\/2025\/03\/12\/idolo-do-flamengo-junior-faz-publicacao-enigmatica-e-agita-torcedores\/","title":{"rendered":"\u00cddolo do Flamengo, J\u00fanior faz publica\u00e7\u00e3o enigm\u00e1tica e agita torcedores"},"content":{"rendered":"\n<p>O ex-jogador e comentarista J\u00fanior movimentou as redes sociais ao compartilhar uma reflex\u00e3o em seu Instagram. A postagem intrigante chamou a aten\u00e7\u00e3o dos torcedores do Flamengo, que rapidamente passaram a comentar sobre o significado da mensagem. No entanto, n\u00e3o houve qualquer ind\u00edcio de que a publica\u00e7\u00e3o estivesse relacionada ao clube ou a alguma situa\u00e7\u00e3o espec\u00edfica do futebol. J\u00fanior n\u00e3o esclareceu o contexto da frase, o que aumentou ainda mais a curiosidade dos seguidores.<\/p>\n\n\n\n<blockquote class=\"twitter-tweet\" data-media-max-width=\"560\"><p lang=\"pt\" dir=\"ltr\">Canetada do Maestro J\u00fanior. \u270d\ufe0f <a href=\"https:\/\/t.co\/w5WrbEXiQb\">pic.twitter.com\/w5WrbEXiQb<\/a><\/p>&mdash; Planeta do Futebol \ud83c\udf0e (@futebol_info) <a href=\"https:\/\/twitter.com\/futebol_info\/status\/1899820588635468239?ref_src=twsrc%5Etfw\">March 12, 2025<\/a><\/blockquote> <script async src=\"https:\/\/platform.twitter.com\/widgets.js\" charset=\"utf-8\"><\/script>\n\n\n\n<p>Enquanto isso, J\u00fanior tamb\u00e9m esteve em destaque por suas an\u00e1lises sobre o Flamengo. Em recente participa\u00e7\u00e3o como comentarista, ele elogiou o atacante Luiz Ara\u00fajo e sugeriu que o jogador pode ser uma op\u00e7\u00e3o para substituir Bruno Henrique, que est\u00e1 fora da final do Campeonato Carioca. O ex-lateral destacou a qualidade do atleta e sua import\u00e2ncia para o esquema ofensivo da equipe.<\/p>\n\n\n\n<p>Al\u00e9m disso, J\u00fanior indicou que uma poss\u00edvel alternativa t\u00e1tica para o time seria utilizar Plata como falso nove, deslocando Luiz Ara\u00fajo para o lado esquerdo do ataque. Segundo ele, essa forma\u00e7\u00e3o pode trazer mais dinamismo e fluidez ao setor ofensivo, especialmente diante da aus\u00eancia de pe\u00e7as importantes.<\/p>\n\n\n\n<p>A fala do ex-jogador refor\u00e7a a aten\u00e7\u00e3o \u00e0s mudan\u00e7as na equipe, principalmente diante da decis\u00e3o contra o Fluminense. Com Everton Cebolinha e Michael ainda em transi\u00e7\u00e3o f\u00edsica e fora do primeiro jogo da final, o t\u00e9cnico precisar\u00e1 buscar solu\u00e7\u00f5es para manter a competitividade do Flamengo no cl\u00e1ssico decisivo.<\/p>\n\n\n\n<p>O fato de J\u00fanior seguir sendo uma voz influente entre os torcedores e a imprensa esportiva evidencia sua relev\u00e2ncia no cen\u00e1rio rubro-negro. Mesmo ap\u00f3s tantos anos longe dos gramados, suas opini\u00f5es seguem repercutindo e gerando debates entre os torcedores.<\/p>\n\n\n\n<p>A expectativa agora \u00e9 para ver qual ser\u00e1 a estrat\u00e9gia adotada pelo Flamengo na final do Campeonato Carioca. Com um elenco qualificado, mas lidando com desfalques, o time precisar\u00e1 encontrar o equil\u00edbrio ideal para buscar o t\u00edtulo diante de um advers\u00e1rio tradicional.<\/p>\n","protected":false},"excerpt":{"rendered":"<p>O ex-jogador e comentarista J\u00fanior movimentou as redes sociais ao compartilhar uma reflex\u00e3o em seu Instagram. A postagem intrigante chamou a aten\u00e7\u00e3o dos torcedores do Flamengo, que rapidamente passaram a comentar sobre o significado da mensagem. No entanto, n\u00e3o houve qualquer ind\u00edcio de que a publica\u00e7\u00e3o estivesse relacionada ao clube ou a alguma situa\u00e7\u00e3o espec\u00edfica [&hellip;]<\/p>\n","protected":false},"author":27,"featured_media":112652,"comment_status":"open","ping_status":"closed","sticky":false,"template":"","format":"standard","meta":{"footnotes":""},"categories":[1],"tags":[],"class_list":["post-238952","post","type-post","status-publish","format-standard","has-post-thumbnail","hentry","category-flamengo"],"yoast_head":"<!-- This site is optimized with the Yoast SEO Premium plugin v24.2 (Yoast SEO v26.9) - https:\/\/yoast.com\/product\/yoast-seo-premium-wordpress\/ -->\n<title>\u00cddolo do Flamengo, J\u00fanior faz publica\u00e7\u00e3o enigm\u00e1tica e agita torcedores<\/title>\n<meta name=\"robots\" content=\"index, follow, max-snippet:-1, max-image-preview:large, max-video-preview:-1\" \/>\n<link rel=\"canonical\" href=\"https:\/\/www.gaveanews.com\/index.php\/2025\/03\/12\/idolo-do-flamengo-junior-faz-publicacao-enigmatica-e-agita-torcedores\/\" \/>\n<meta property=\"og:locale\" content=\"pt_BR\" \/>\n<meta property=\"og:type\" content=\"article\" \/>\n<meta property=\"og:title\" content=\"\u00cddolo do Flamengo, J\u00fanior faz publica\u00e7\u00e3o enigm\u00e1tica e agita torcedores\" \/>\n<meta property=\"og:description\" content=\"O ex-jogador e comentarista J\u00fanior movimentou as redes sociais ao compartilhar uma reflex\u00e3o em seu Instagram. A postagem intrigante chamou a aten\u00e7\u00e3o dos torcedores do Flamengo, que rapidamente passaram a comentar sobre o significado da mensagem. No entanto, n\u00e3o houve qualquer ind\u00edcio de que a publica\u00e7\u00e3o estivesse relacionada ao clube ou a alguma situa\u00e7\u00e3o espec\u00edfica [&hellip;]\" \/>\n<meta property=\"og:url\" content=\"https:\/\/www.gaveanews.com\/index.php\/2025\/03\/12\/idolo-do-flamengo-junior-faz-publicacao-enigmatica-e-agita-torcedores\/\" \/>\n<meta property=\"og:site_name\" content=\"G\u00e1vea News\" \/>\n<meta property=\"article:publisher\" content=\"https:\/\/facebook.com\/gaveaNews\/\" \/>\n<meta property=\"article:published_time\" content=\"2025-03-12T16:05:00+00:00\" \/>\n<meta property=\"og:image\" content=\"https:\/\/www.gaveanews.com\/wp-content\/uploads\/maestro-junior.webp\" \/>\n\t<meta property=\"og:image:width\" content=\"640\" \/>\n\t<meta property=\"og:image:height\" content=\"400\" \/>\n\t<meta property=\"og:image:type\" content=\"image\/jpeg\" \/>\n<meta name=\"author\" content=\"Matheus Felipe\" \/>\n<meta name=\"twitter:card\" content=\"summary_large_image\" \/>\n<meta name=\"twitter:label1\" content=\"Escrito por\" \/>\n\t<meta name=\"twitter:data1\" content=\"Matheus Felipe\" \/>\n\t<meta name=\"twitter:label2\" content=\"Est. tempo de leitura\" \/>\n\t<meta name=\"twitter:data2\" content=\"2 minutos\" \/>\n<script type=\"application\/ld+json\" class=\"yoast-schema-graph\">{\"@context\":\"https:\/\/schema.org\",\"@graph\":[{\"@type\":\"NewsArticle\",\"@id\":\"https:\/\/www.gaveanews.com\/index.php\/2025\/03\/12\/idolo-do-flamengo-junior-faz-publicacao-enigmatica-e-agita-torcedores\/#article\",\"isPartOf\":{\"@id\":\"https:\/\/www.gaveanews.com\/index.php\/2025\/03\/12\/idolo-do-flamengo-junior-faz-publicacao-enigmatica-e-agita-torcedores\/\"},\"author\":{\"name\":\"Matheus Felipe\",\"@id\":\"https:\/\/www.gaveanews.com\/#\/schema\/person\/8207cd4627f56151707418bfc835b2fb\"},\"headline\":\"\u00cddolo do Flamengo, J\u00fanior faz publica\u00e7\u00e3o enigm\u00e1tica e agita torcedores\",\"datePublished\":\"2025-03-12T16:05:00+00:00\",\"mainEntityOfPage\":{\"@id\":\"https:\/\/www.gaveanews.com\/index.php\/2025\/03\/12\/idolo-do-flamengo-junior-faz-publicacao-enigmatica-e-agita-torcedores\/\"},\"wordCount\":382,\"commentCount\":0,\"image\":{\"@id\":\"https:\/\/www.gaveanews.com\/index.php\/2025\/03\/12\/idolo-do-flamengo-junior-faz-publicacao-enigmatica-e-agita-torcedores\/#primaryimage\"},\"thumbnailUrl\":\"https:\/\/www.gaveanews.com\/wp-content\/uploads\/maestro-junior.webp\",\"articleSection\":[\"Flamengo\"],\"inLanguage\":\"pt-BR\",\"potentialAction\":[{\"@type\":\"CommentAction\",\"name\":\"Comment\",\"target\":[\"https:\/\/www.gaveanews.com\/index.php\/2025\/03\/12\/idolo-do-flamengo-junior-faz-publicacao-enigmatica-e-agita-torcedores\/#respond\"]}],\"copyrightYear\":\"2025\",\"copyrightHolder\":{\"@id\":\"https:\/\/www.gaveanews.com\/#organization\"}},{\"@type\":\"WebPage\",\"@id\":\"https:\/\/www.gaveanews.com\/index.php\/2025\/03\/12\/idolo-do-flamengo-junior-faz-publicacao-enigmatica-e-agita-torcedores\/\",\"url\":\"https:\/\/www.gaveanews.com\/index.php\/2025\/03\/12\/idolo-do-flamengo-junior-faz-publicacao-enigmatica-e-agita-torcedores\/\",\"name\":\"\u00cddolo do Flamengo, J\u00fanior faz publica\u00e7\u00e3o enigm\u00e1tica e agita torcedores\",\"isPartOf\":{\"@id\":\"https:\/\/www.gaveanews.com\/#website\"},\"primaryImageOfPage\":{\"@id\":\"https:\/\/www.gaveanews.com\/index.php\/2025\/03\/12\/idolo-do-flamengo-junior-faz-publicacao-enigmatica-e-agita-torcedores\/#primaryimage\"},\"image\":{\"@id\":\"https:\/\/www.gaveanews.com\/index.php\/2025\/03\/12\/idolo-do-flamengo-junior-faz-publicacao-enigmatica-e-agita-torcedores\/#primaryimage\"},\"thumbnailUrl\":\"https:\/\/www.gaveanews.com\/wp-content\/uploads\/maestro-junior.webp\",\"datePublished\":\"2025-03-12T16:05:00+00:00\",\"author\":{\"@id\":\"https:\/\/www.gaveanews.com\/#\/schema\/person\/8207cd4627f56151707418bfc835b2fb\"},\"breadcrumb\":{\"@id\":\"https:\/\/www.gaveanews.com\/index.php\/2025\/03\/12\/idolo-do-flamengo-junior-faz-publicacao-enigmatica-e-agita-torcedores\/#breadcrumb\"},\"inLanguage\":\"pt-BR\",\"potentialAction\":[{\"@type\":\"ReadAction\",\"target\":[\"https:\/\/www.gaveanews.com\/index.php\/2025\/03\/12\/idolo-do-flamengo-junior-faz-publicacao-enigmatica-e-agita-torcedores\/\"]}]},{\"@type\":\"ImageObject\",\"inLanguage\":\"pt-BR\",\"@id\":\"https:\/\/www.gaveanews.com\/index.php\/2025\/03\/12\/idolo-do-flamengo-junior-faz-publicacao-enigmatica-e-agita-torcedores\/#primaryimage\",\"url\":\"https:\/\/www.gaveanews.com\/wp-content\/uploads\/maestro-junior.webp\",\"contentUrl\":\"https:\/\/www.gaveanews.com\/wp-content\/uploads\/maestro-junior.webp\",\"width\":640,\"height\":400,\"caption\":\"Maestro Junior durante programa Sportv - Foto: Reprodu\u00e7\u00e3o\"},{\"@type\":\"BreadcrumbList\",\"@id\":\"https:\/\/www.gaveanews.com\/index.php\/2025\/03\/12\/idolo-do-flamengo-junior-faz-publicacao-enigmatica-e-agita-torcedores\/#breadcrumb\",\"itemListElement\":[{\"@type\":\"ListItem\",\"position\":1,\"name\":\"Home\",\"item\":\"https:\/\/www.gaveanews.com\/\"},{\"@type\":\"ListItem\",\"position\":2,\"name\":\"\u00cddolo do Flamengo, J\u00fanior faz publica\u00e7\u00e3o enigm\u00e1tica e agita torcedores\"}]},{\"@type\":\"WebSite\",\"@id\":\"https:\/\/www.gaveanews.com\/#website\",\"url\":\"https:\/\/www.gaveanews.com\/\",\"name\":\"G\u00e1vea News\",\"description\":\"Veja todas as not\u00edcias sobre o Flamengo: Contrata\u00e7\u00f5es, categorias de base, resultados das partidas, tabela de classifica\u00e7\u00e3o, pr\u00f3ximos jogos!\",\"potentialAction\":[{\"@type\":\"SearchAction\",\"target\":{\"@type\":\"EntryPoint\",\"urlTemplate\":\"https:\/\/www.gaveanews.com\/?s={search_term_string}\"},\"query-input\":{\"@type\":\"PropertyValueSpecification\",\"valueRequired\":true,\"valueName\":\"search_term_string\"}}],\"inLanguage\":\"pt-BR\"},{\"@type\":\"Person\",\"@id\":\"https:\/\/www.gaveanews.com\/#\/schema\/person\/8207cd4627f56151707418bfc835b2fb\",\"name\":\"Matheus Felipe\",\"image\":{\"@type\":\"ImageObject\",\"inLanguage\":\"pt-BR\",\"@id\":\"https:\/\/www.gaveanews.com\/#\/schema\/person\/image\/\",\"url\":\"https:\/\/secure.gravatar.com\/avatar\/a452ffbed9130f726358b298bb3a99ce4bd3c5338411f8440e87e14d74c7c087?s=96&d=mm&r=g\",\"contentUrl\":\"https:\/\/secure.gravatar.com\/avatar\/a452ffbed9130f726358b298bb3a99ce4bd3c5338411f8440e87e14d74c7c087?s=96&d=mm&r=g\",\"caption\":\"Matheus Felipe\"}}]}<\/script>\n<!-- \/ Yoast SEO Premium plugin. -->","yoast_head_json":{"title":"\u00cddolo do Flamengo, J\u00fanior faz publica\u00e7\u00e3o enigm\u00e1tica e agita torcedores","robots":{"index":"index","follow":"follow","max-snippet":"max-snippet:-1","max-image-preview":"max-image-preview:large","max-video-preview":"max-video-preview:-1"},"canonical":"https:\/\/www.gaveanews.com\/index.php\/2025\/03\/12\/idolo-do-flamengo-junior-faz-publicacao-enigmatica-e-agita-torcedores\/","og_locale":"pt_BR","og_type":"article","og_title":"\u00cddolo do Flamengo, J\u00fanior faz publica\u00e7\u00e3o enigm\u00e1tica e agita torcedores","og_description":"O ex-jogador e comentarista J\u00fanior movimentou as redes sociais ao compartilhar uma reflex\u00e3o em seu Instagram. A postagem intrigante chamou a aten\u00e7\u00e3o dos torcedores do Flamengo, que rapidamente passaram a comentar sobre o significado da mensagem. No entanto, n\u00e3o houve qualquer ind\u00edcio de que a publica\u00e7\u00e3o estivesse relacionada ao clube ou a alguma situa\u00e7\u00e3o espec\u00edfica [&hellip;]","og_url":"https:\/\/www.gaveanews.com\/index.php\/2025\/03\/12\/idolo-do-flamengo-junior-faz-publicacao-enigmatica-e-agita-torcedores\/","og_site_name":"G\u00e1vea News","article_publisher":"https:\/\/facebook.com\/gaveaNews\/","article_published_time":"2025-03-12T16:05:00+00:00","og_image":[{"width":640,"height":400,"url":"https:\/\/www.gaveanews.com\/wp-content\/uploads\/maestro-junior.webp","type":"image\/jpeg"}],"author":"Matheus Felipe","twitter_card":"summary_large_image","twitter_misc":{"Escrito por":"Matheus Felipe","Est. tempo de leitura":"2 minutos"},"schema":{"@context":"https:\/\/schema.org","@graph":[{"@type":"NewsArticle","@id":"https:\/\/www.gaveanews.com\/index.php\/2025\/03\/12\/idolo-do-flamengo-junior-faz-publicacao-enigmatica-e-agita-torcedores\/#article","isPartOf":{"@id":"https:\/\/www.gaveanews.com\/index.php\/2025\/03\/12\/idolo-do-flamengo-junior-faz-publicacao-enigmatica-e-agita-torcedores\/"},"author":{"name":"Matheus Felipe","@id":"https:\/\/www.gaveanews.com\/#\/schema\/person\/8207cd4627f56151707418bfc835b2fb"},"headline":"\u00cddolo do Flamengo, J\u00fanior faz publica\u00e7\u00e3o enigm\u00e1tica e agita torcedores","datePublished":"2025-03-12T16:05:00+00:00","mainEntityOfPage":{"@id":"https:\/\/www.gaveanews.com\/index.php\/2025\/03\/12\/idolo-do-flamengo-junior-faz-publicacao-enigmatica-e-agita-torcedores\/"},"wordCount":382,"commentCount":0,"image":{"@id":"https:\/\/www.gaveanews.com\/index.php\/2025\/03\/12\/idolo-do-flamengo-junior-faz-publicacao-enigmatica-e-agita-torcedores\/#primaryimage"},"thumbnailUrl":"https:\/\/www.gaveanews.com\/wp-content\/uploads\/maestro-junior.webp","articleSection":["Flamengo"],"inLanguage":"pt-BR","potentialAction":[{"@type":"CommentAction","name":"Comment","target":["https:\/\/www.gaveanews.com\/index.php\/2025\/03\/12\/idolo-do-flamengo-junior-faz-publicacao-enigmatica-e-agita-torcedores\/#respond"]}],"copyrightYear":"2025","copyrightHolder":{"@id":"https:\/\/www.gaveanews.com\/#organization"}},{"@type":"WebPage","@id":"https:\/\/www.gaveanews.com\/index.php\/2025\/03\/12\/idolo-do-flamengo-junior-faz-publicacao-enigmatica-e-agita-torcedores\/","url":"https:\/\/www.gaveanews.com\/index.php\/2025\/03\/12\/idolo-do-flamengo-junior-faz-publicacao-enigmatica-e-agita-torcedores\/","name":"\u00cddolo do Flamengo, J\u00fanior faz publica\u00e7\u00e3o enigm\u00e1tica e agita torcedores","isPartOf":{"@id":"https:\/\/www.gaveanews.com\/#website"},"primaryImageOfPage":{"@id":"https:\/\/www.gaveanews.com\/index.php\/2025\/03\/12\/idolo-do-flamengo-junior-faz-publicacao-enigmatica-e-agita-torcedores\/#primaryimage"},"image":{"@id":"https:\/\/www.gaveanews.com\/index.php\/2025\/03\/12\/idolo-do-flamengo-junior-faz-publicacao-enigmatica-e-agita-torcedores\/#primaryimage"},"thumbnailUrl":"https:\/\/www.gaveanews.com\/wp-content\/uploads\/maestro-junior.webp","datePublished":"2025-03-12T16:05:00+00:00","author":{"@id":"https:\/\/www.gaveanews.com\/#\/schema\/person\/8207cd4627f56151707418bfc835b2fb"},"breadcrumb":{"@id":"https:\/\/www.gaveanews.com\/index.php\/2025\/03\/12\/idolo-do-flamengo-junior-faz-publicacao-enigmatica-e-agita-torcedores\/#breadcrumb"},"inLanguage":"pt-BR","potentialAction":[{"@type":"ReadAction","target":["https:\/\/www.gaveanews.com\/index.php\/2025\/03\/12\/idolo-do-flamengo-junior-faz-publicacao-enigmatica-e-agita-torcedores\/"]}]},{"@type":"ImageObject","inLanguage":"pt-BR","@id":"https:\/\/www.gaveanews.com\/index.php\/2025\/03\/12\/idolo-do-flamengo-junior-faz-publicacao-enigmatica-e-agita-torcedores\/#primaryimage","url":"https:\/\/www.gaveanews.com\/wp-content\/uploads\/maestro-junior.webp","contentUrl":"https:\/\/www.gaveanews.com\/wp-content\/uploads\/maestro-junior.webp","width":640,"height":400,"caption":"Maestro Junior durante programa Sportv - Foto: Reprodu\u00e7\u00e3o"},{"@type":"BreadcrumbList","@id":"https:\/\/www.gaveanews.com\/index.php\/2025\/03\/12\/idolo-do-flamengo-junior-faz-publicacao-enigmatica-e-agita-torcedores\/#breadcrumb","itemListElement":[{"@type":"ListItem","position":1,"name":"Home","item":"https:\/\/www.gaveanews.com\/"},{"@type":"ListItem","position":2,"name":"\u00cddolo do Flamengo, J\u00fanior faz publica\u00e7\u00e3o enigm\u00e1tica e agita torcedores"}]},{"@type":"WebSite","@id":"https:\/\/www.gaveanews.com\/#website","url":"https:\/\/www.gaveanews.com\/","name":"G\u00e1vea News","description":"Veja todas as not\u00edcias sobre o Flamengo: Contrata\u00e7\u00f5es, categorias de base, resultados das partidas, tabela de classifica\u00e7\u00e3o, pr\u00f3ximos jogos!","potentialAction":[{"@type":"SearchAction","target":{"@type":"EntryPoint","urlTemplate":"https:\/\/www.gaveanews.com\/?s={search_term_string}"},"query-input":{"@type":"PropertyValueSpecification","valueRequired":true,"valueName":"search_term_string"}}],"inLanguage":"pt-BR"},{"@type":"Person","@id":"https:\/\/www.gaveanews.com\/#\/schema\/person\/8207cd4627f56151707418bfc835b2fb","name":"Matheus Felipe","image":{"@type":"ImageObject","inLanguage":"pt-BR","@id":"https:\/\/www.gaveanews.com\/#\/schema\/person\/image\/","url":"https:\/\/secure.gravatar.com\/avatar\/a452ffbed9130f726358b298bb3a99ce4bd3c5338411f8440e87e14d74c7c087?s=96&d=mm&r=g","contentUrl":"https:\/\/secure.gravatar.com\/avatar\/a452ffbed9130f726358b298bb3a99ce4bd3c5338411f8440e87e14d74c7c087?s=96&d=mm&r=g","caption":"Matheus Felipe"}}]}},"_links":{"self":[{"href":"https:\/\/www.gaveanews.com\/index.php\/wp-json\/wp\/v2\/posts\/238952","targetHints":{"allow":["GET"]}}],"collection":[{"href":"https:\/\/www.gaveanews.com\/index.php\/wp-json\/wp\/v2\/posts"}],"about":[{"href":"https:\/\/www.gaveanews.com\/index.php\/wp-json\/wp\/v2\/types\/post"}],"author":[{"embeddable":true,"href":"https:\/\/www.gaveanews.com\/index.php\/wp-json\/wp\/v2\/users\/27"}],"replies":[{"embeddable":true,"href":"https:\/\/www.gaveanews.com\/index.php\/wp-json\/wp\/v2\/comments?post=238952"}],"version-history":[{"count":1,"href":"https:\/\/www.gaveanews.com\/index.php\/wp-json\/wp\/v2\/posts\/238952\/revisions"}],"predecessor-version":[{"id":238960,"href":"https:\/\/www.gaveanews.com\/index.php\/wp-json\/wp\/v2\/posts\/238952\/revisions\/238960"}],"wp:featuredmedia":[{"embeddable":true,"href":"https:\/\/www.gaveanews.com\/index.php\/wp-json\/wp\/v2\/media\/112652"}],"wp:attachment":[{"href":"https:\/\/www.gaveanews.com\/index.php\/wp-json\/wp\/v2\/media?parent=238952"}],"wp:term":[{"taxonomy":"category","embeddable":true,"href":"https:\/\/www.gaveanews.com\/index.php\/wp-json\/wp\/v2\/categories?post=238952"},{"taxonomy":"post_tag","embeddable":true,"href":"https:\/\/www.gaveanews.com\/index.php\/wp-json\/wp\/v2\/tags?post=238952"}],"curies":[{"name":"wp","href":"https:\/\/api.w.org\/{rel}","templated":true}]}}