{"id":238958,"date":"2025-03-12T13:00:00","date_gmt":"2025-03-12T16:00:00","guid":{"rendered":"https:\/\/www.gaveanews.com\/?p=238958"},"modified":"2025-03-12T12:04:49","modified_gmt":"2025-03-12T15:04:49","slug":"diretoria-do-vasco-toma-atitude-importante-sobre-o-futuro-de-leo-jardim","status":"publish","type":"post","link":"https:\/\/www.gaveanews.com\/index.php\/2025\/03\/12\/diretoria-do-vasco-toma-atitude-importante-sobre-o-futuro-de-leo-jardim\/","title":{"rendered":"Diretoria do Vasco toma atitude importante sobre o futuro de L\u00e9o Jardim"},"content":{"rendered":"\n<p>O futuro de L\u00e9o Jardim, goleiro do Vasco, segue em suspense. Com v\u00ednculo at\u00e9 o final desta temporada, o atleta \u00e9 pe\u00e7a importante no time, e o clube est\u00e1 determinado a garantir sua perman\u00eancia.&nbsp;<\/p>\n\n\n\n<p>Recentemente, a diretoria melhorou os valores da proposta de renova\u00e7\u00e3o e aguarda a resposta de L\u00e9o e de seu empres\u00e1rio para fechar o acordo. A bola agora est\u00e1 com o goleiro, que tem total poder de decis\u00e3o.<\/p>\n\n\n\n<h2 class=\"wp-block-heading\" id=\"h-negociacao-em-aberto\">Negocia\u00e7\u00e3o em aberto<\/h2>\n\n\n\n<p>A renova\u00e7\u00e3o do contrato de L\u00e9o Jardim n\u00e3o \u00e9 uma negocia\u00e7\u00e3o simples. O Vasco fez uma primeira proposta em dezembro do ano passado, oferecendo um novo v\u00ednculo de quatro anos, at\u00e9 2028, com a possibilidade de renova\u00e7\u00e3o autom\u00e1tica at\u00e9 2029. Al\u00e9m disso, o clube prop\u00f4s um aumento salarial e um reajuste na multa rescis\u00f3ria.&nbsp;<\/p>\n\n\n\n<p>No entanto, a resposta de L\u00e9o demorou, e o clube enviou uma segunda proposta em janeiro, mantendo o tempo de contrato, mas com melhorias nos valores de sal\u00e1rio e b\u00f4nus. O goleiro, at\u00e9 o momento, ainda n\u00e3o deu uma resposta definitiva.<\/p>\n\n\n\n<p>Vale destacar que L\u00e9o Jardim trocou de empres\u00e1rio em junho do ano passado e agora \u00e9 representado por Paulo Pitombeira, que tamb\u00e9m cuida de outros atletas, como o zagueiro Jo\u00e3o Victor e o t\u00e9cnico F\u00e1bio Carille.&nbsp;<\/p>\n\n\n\n<p>Esse movimento pode indicar que o goleiro est\u00e1 buscando melhores condi\u00e7\u00f5es para sua carreira, o que faz com que a negocia\u00e7\u00e3o se torne mais estrat\u00e9gica para ambas as partes.<\/p>\n\n\n\n<h2 class=\"wp-block-heading\" id=\"h-identificacao-com-o-clube\">Identifica\u00e7\u00e3o com o clube<\/h2>\n\n\n\n<p>Al\u00e9m disso, a diretoria do Vasco tem refor\u00e7ado a identifica\u00e7\u00e3o de L\u00e9o Jardim com o clube e a torcida, algo fundamental para o fechamento do contrato. O goleiro \u00e9 o segundo capit\u00e3o do time, sendo frequentemente o respons\u00e1vel por vestir a bra\u00e7adeira na aus\u00eancia de Vegetti.&nbsp;<\/p>\n\n\n\n<p>Sendo assim, o Vasco aposta na ideia de que ele tem o potencial de se tornar um \u00eddolo da torcida. Isso porque a lideran\u00e7a e a import\u00e2ncia de Jardim no elenco s\u00e3o qualidades valorizadas pela diretoria, que tenta convenc\u00ea-lo a seguir no clube.<\/p>\n\n\n\n<p>Com isso, o Vasco aguarda uma posi\u00e7\u00e3o definitiva de L\u00e9o Jardim e de seu empres\u00e1rio. A proposta est\u00e1 feita, e o futuro do goleiro agora depende da sua resposta. A decis\u00e3o, portanto, pode definir n\u00e3o s\u00f3 o destino do jogador, mas tamb\u00e9m o planejamento da equipe para a pr\u00f3xima temporada.<\/p>\n","protected":false},"excerpt":{"rendered":"<p>O futuro de L\u00e9o Jardim, goleiro do Vasco, segue em suspense. Com v\u00ednculo at\u00e9 o final desta temporada, o atleta \u00e9 pe\u00e7a importante no time, e o clube est\u00e1 determinado a garantir sua perman\u00eancia.&nbsp; Recentemente, a diretoria melhorou os valores da proposta de renova\u00e7\u00e3o e aguarda a resposta de L\u00e9o e de seu empres\u00e1rio para [&hellip;]<\/p>\n","protected":false},"author":25,"featured_media":169868,"comment_status":"open","ping_status":"closed","sticky":false,"template":"","format":"standard","meta":{"footnotes":""},"categories":[152],"tags":[],"class_list":["post-238958","post","type-post","status-publish","format-standard","has-post-thumbnail","hentry","category-vasco"],"yoast_head":"<!-- This site is optimized with the Yoast SEO Premium plugin v24.2 (Yoast SEO v26.9) - https:\/\/yoast.com\/product\/yoast-seo-premium-wordpress\/ -->\n<title>Diretoria do Vasco toma atitude importante sobre o futuro de L\u00e9o Jardim<\/title>\n<meta name=\"robots\" content=\"index, follow, max-snippet:-1, max-image-preview:large, max-video-preview:-1\" \/>\n<link rel=\"canonical\" href=\"https:\/\/www.gaveanews.com\/index.php\/2025\/03\/12\/diretoria-do-vasco-toma-atitude-importante-sobre-o-futuro-de-leo-jardim\/\" \/>\n<meta property=\"og:locale\" content=\"pt_BR\" \/>\n<meta property=\"og:type\" content=\"article\" \/>\n<meta property=\"og:title\" content=\"Diretoria do Vasco toma atitude importante sobre o futuro de L\u00e9o Jardim\" \/>\n<meta property=\"og:description\" content=\"O futuro de L\u00e9o Jardim, goleiro do Vasco, segue em suspense. Com v\u00ednculo at\u00e9 o final desta temporada, o atleta \u00e9 pe\u00e7a importante no time, e o clube est\u00e1 determinado a garantir sua perman\u00eancia.&nbsp; Recentemente, a diretoria melhorou os valores da proposta de renova\u00e7\u00e3o e aguarda a resposta de L\u00e9o e de seu empres\u00e1rio para [&hellip;]\" \/>\n<meta property=\"og:url\" content=\"https:\/\/www.gaveanews.com\/index.php\/2025\/03\/12\/diretoria-do-vasco-toma-atitude-importante-sobre-o-futuro-de-leo-jardim\/\" \/>\n<meta property=\"og:site_name\" content=\"G\u00e1vea News\" \/>\n<meta property=\"article:publisher\" content=\"https:\/\/facebook.com\/gaveaNews\/\" \/>\n<meta property=\"article:published_time\" content=\"2025-03-12T16:00:00+00:00\" \/>\n<meta property=\"og:image\" content=\"https:\/\/www.gaveanews.com\/wp-content\/uploads\/Leo-Jardim-em-acao-pelo-Vasco.webp\" \/>\n\t<meta property=\"og:image:width\" content=\"1600\" \/>\n\t<meta property=\"og:image:height\" content=\"1000\" \/>\n\t<meta property=\"og:image:type\" content=\"image\/jpeg\" \/>\n<meta name=\"author\" content=\"Rafaela Ladeira\" \/>\n<meta name=\"twitter:card\" content=\"summary_large_image\" \/>\n<meta name=\"twitter:label1\" content=\"Escrito por\" \/>\n\t<meta name=\"twitter:data1\" content=\"Rafaela Ladeira\" \/>\n\t<meta name=\"twitter:label2\" content=\"Est. tempo de leitura\" \/>\n\t<meta name=\"twitter:data2\" content=\"3 minutos\" \/>\n<script type=\"application\/ld+json\" class=\"yoast-schema-graph\">{\"@context\":\"https:\/\/schema.org\",\"@graph\":[{\"@type\":\"NewsArticle\",\"@id\":\"https:\/\/www.gaveanews.com\/index.php\/2025\/03\/12\/diretoria-do-vasco-toma-atitude-importante-sobre-o-futuro-de-leo-jardim\/#article\",\"isPartOf\":{\"@id\":\"https:\/\/www.gaveanews.com\/index.php\/2025\/03\/12\/diretoria-do-vasco-toma-atitude-importante-sobre-o-futuro-de-leo-jardim\/\"},\"author\":{\"name\":\"Rafaela Ladeira\",\"@id\":\"https:\/\/www.gaveanews.com\/#\/schema\/person\/0eb3e3fe1754f0205218538adbe8f5ed\"},\"headline\":\"Diretoria do Vasco toma atitude importante sobre o futuro de L\u00e9o Jardim\",\"datePublished\":\"2025-03-12T16:00:00+00:00\",\"mainEntityOfPage\":{\"@id\":\"https:\/\/www.gaveanews.com\/index.php\/2025\/03\/12\/diretoria-do-vasco-toma-atitude-importante-sobre-o-futuro-de-leo-jardim\/\"},\"wordCount\":440,\"commentCount\":0,\"image\":{\"@id\":\"https:\/\/www.gaveanews.com\/index.php\/2025\/03\/12\/diretoria-do-vasco-toma-atitude-importante-sobre-o-futuro-de-leo-jardim\/#primaryimage\"},\"thumbnailUrl\":\"https:\/\/www.gaveanews.com\/wp-content\/uploads\/Leo-Jardim-em-acao-pelo-Vasco.webp\",\"articleSection\":[\"Vasco\"],\"inLanguage\":\"pt-BR\",\"potentialAction\":[{\"@type\":\"CommentAction\",\"name\":\"Comment\",\"target\":[\"https:\/\/www.gaveanews.com\/index.php\/2025\/03\/12\/diretoria-do-vasco-toma-atitude-importante-sobre-o-futuro-de-leo-jardim\/#respond\"]}],\"copyrightYear\":\"2025\",\"copyrightHolder\":{\"@id\":\"https:\/\/www.gaveanews.com\/#organization\"}},{\"@type\":\"WebPage\",\"@id\":\"https:\/\/www.gaveanews.com\/index.php\/2025\/03\/12\/diretoria-do-vasco-toma-atitude-importante-sobre-o-futuro-de-leo-jardim\/\",\"url\":\"https:\/\/www.gaveanews.com\/index.php\/2025\/03\/12\/diretoria-do-vasco-toma-atitude-importante-sobre-o-futuro-de-leo-jardim\/\",\"name\":\"Diretoria do Vasco toma atitude importante sobre o futuro de L\u00e9o Jardim\",\"isPartOf\":{\"@id\":\"https:\/\/www.gaveanews.com\/#website\"},\"primaryImageOfPage\":{\"@id\":\"https:\/\/www.gaveanews.com\/index.php\/2025\/03\/12\/diretoria-do-vasco-toma-atitude-importante-sobre-o-futuro-de-leo-jardim\/#primaryimage\"},\"image\":{\"@id\":\"https:\/\/www.gaveanews.com\/index.php\/2025\/03\/12\/diretoria-do-vasco-toma-atitude-importante-sobre-o-futuro-de-leo-jardim\/#primaryimage\"},\"thumbnailUrl\":\"https:\/\/www.gaveanews.com\/wp-content\/uploads\/Leo-Jardim-em-acao-pelo-Vasco.webp\",\"datePublished\":\"2025-03-12T16:00:00+00:00\",\"author\":{\"@id\":\"https:\/\/www.gaveanews.com\/#\/schema\/person\/0eb3e3fe1754f0205218538adbe8f5ed\"},\"breadcrumb\":{\"@id\":\"https:\/\/www.gaveanews.com\/index.php\/2025\/03\/12\/diretoria-do-vasco-toma-atitude-importante-sobre-o-futuro-de-leo-jardim\/#breadcrumb\"},\"inLanguage\":\"pt-BR\",\"potentialAction\":[{\"@type\":\"ReadAction\",\"target\":[\"https:\/\/www.gaveanews.com\/index.php\/2025\/03\/12\/diretoria-do-vasco-toma-atitude-importante-sobre-o-futuro-de-leo-jardim\/\"]}]},{\"@type\":\"ImageObject\",\"inLanguage\":\"pt-BR\",\"@id\":\"https:\/\/www.gaveanews.com\/index.php\/2025\/03\/12\/diretoria-do-vasco-toma-atitude-importante-sobre-o-futuro-de-leo-jardim\/#primaryimage\",\"url\":\"https:\/\/www.gaveanews.com\/wp-content\/uploads\/Leo-Jardim-em-acao-pelo-Vasco.webp\",\"contentUrl\":\"https:\/\/www.gaveanews.com\/wp-content\/uploads\/Leo-Jardim-em-acao-pelo-Vasco.webp\",\"width\":1600,\"height\":1000,\"caption\":\"L\u00e9o Jardim em a\u00e7\u00e3o pelo Vasco (Foto: Leandro Amorim\/Vasco)\"},{\"@type\":\"BreadcrumbList\",\"@id\":\"https:\/\/www.gaveanews.com\/index.php\/2025\/03\/12\/diretoria-do-vasco-toma-atitude-importante-sobre-o-futuro-de-leo-jardim\/#breadcrumb\",\"itemListElement\":[{\"@type\":\"ListItem\",\"position\":1,\"name\":\"Home\",\"item\":\"https:\/\/www.gaveanews.com\/\"},{\"@type\":\"ListItem\",\"position\":2,\"name\":\"Diretoria do Vasco toma atitude importante sobre o futuro de L\u00e9o Jardim\"}]},{\"@type\":\"WebSite\",\"@id\":\"https:\/\/www.gaveanews.com\/#website\",\"url\":\"https:\/\/www.gaveanews.com\/\",\"name\":\"G\u00e1vea News\",\"description\":\"Veja todas as not\u00edcias sobre o Flamengo: Contrata\u00e7\u00f5es, categorias de base, resultados das partidas, tabela de classifica\u00e7\u00e3o, pr\u00f3ximos jogos!\",\"potentialAction\":[{\"@type\":\"SearchAction\",\"target\":{\"@type\":\"EntryPoint\",\"urlTemplate\":\"https:\/\/www.gaveanews.com\/?s={search_term_string}\"},\"query-input\":{\"@type\":\"PropertyValueSpecification\",\"valueRequired\":true,\"valueName\":\"search_term_string\"}}],\"inLanguage\":\"pt-BR\"},{\"@type\":\"Person\",\"@id\":\"https:\/\/www.gaveanews.com\/#\/schema\/person\/0eb3e3fe1754f0205218538adbe8f5ed\",\"name\":\"Rafaela Ladeira\",\"image\":{\"@type\":\"ImageObject\",\"inLanguage\":\"pt-BR\",\"@id\":\"https:\/\/www.gaveanews.com\/#\/schema\/person\/image\/\",\"url\":\"https:\/\/secure.gravatar.com\/avatar\/c31f513acffd85eacab5730cbdfdbbf59f21ba5aeada8cd890acea879fbb2455?s=96&d=mm&r=g\",\"contentUrl\":\"https:\/\/secure.gravatar.com\/avatar\/c31f513acffd85eacab5730cbdfdbbf59f21ba5aeada8cd890acea879fbb2455?s=96&d=mm&r=g\",\"caption\":\"Rafaela Ladeira\"}}]}<\/script>\n<!-- \/ Yoast SEO Premium plugin. -->","yoast_head_json":{"title":"Diretoria do Vasco toma atitude importante sobre o futuro de L\u00e9o Jardim","robots":{"index":"index","follow":"follow","max-snippet":"max-snippet:-1","max-image-preview":"max-image-preview:large","max-video-preview":"max-video-preview:-1"},"canonical":"https:\/\/www.gaveanews.com\/index.php\/2025\/03\/12\/diretoria-do-vasco-toma-atitude-importante-sobre-o-futuro-de-leo-jardim\/","og_locale":"pt_BR","og_type":"article","og_title":"Diretoria do Vasco toma atitude importante sobre o futuro de L\u00e9o Jardim","og_description":"O futuro de L\u00e9o Jardim, goleiro do Vasco, segue em suspense. Com v\u00ednculo at\u00e9 o final desta temporada, o atleta \u00e9 pe\u00e7a importante no time, e o clube est\u00e1 determinado a garantir sua perman\u00eancia.&nbsp; Recentemente, a diretoria melhorou os valores da proposta de renova\u00e7\u00e3o e aguarda a resposta de L\u00e9o e de seu empres\u00e1rio para [&hellip;]","og_url":"https:\/\/www.gaveanews.com\/index.php\/2025\/03\/12\/diretoria-do-vasco-toma-atitude-importante-sobre-o-futuro-de-leo-jardim\/","og_site_name":"G\u00e1vea News","article_publisher":"https:\/\/facebook.com\/gaveaNews\/","article_published_time":"2025-03-12T16:00:00+00:00","og_image":[{"width":1600,"height":1000,"url":"https:\/\/www.gaveanews.com\/wp-content\/uploads\/Leo-Jardim-em-acao-pelo-Vasco.webp","type":"image\/jpeg"}],"author":"Rafaela Ladeira","twitter_card":"summary_large_image","twitter_misc":{"Escrito por":"Rafaela Ladeira","Est. tempo de leitura":"3 minutos"},"schema":{"@context":"https:\/\/schema.org","@graph":[{"@type":"NewsArticle","@id":"https:\/\/www.gaveanews.com\/index.php\/2025\/03\/12\/diretoria-do-vasco-toma-atitude-importante-sobre-o-futuro-de-leo-jardim\/#article","isPartOf":{"@id":"https:\/\/www.gaveanews.com\/index.php\/2025\/03\/12\/diretoria-do-vasco-toma-atitude-importante-sobre-o-futuro-de-leo-jardim\/"},"author":{"name":"Rafaela Ladeira","@id":"https:\/\/www.gaveanews.com\/#\/schema\/person\/0eb3e3fe1754f0205218538adbe8f5ed"},"headline":"Diretoria do Vasco toma atitude importante sobre o futuro de L\u00e9o Jardim","datePublished":"2025-03-12T16:00:00+00:00","mainEntityOfPage":{"@id":"https:\/\/www.gaveanews.com\/index.php\/2025\/03\/12\/diretoria-do-vasco-toma-atitude-importante-sobre-o-futuro-de-leo-jardim\/"},"wordCount":440,"commentCount":0,"image":{"@id":"https:\/\/www.gaveanews.com\/index.php\/2025\/03\/12\/diretoria-do-vasco-toma-atitude-importante-sobre-o-futuro-de-leo-jardim\/#primaryimage"},"thumbnailUrl":"https:\/\/www.gaveanews.com\/wp-content\/uploads\/Leo-Jardim-em-acao-pelo-Vasco.webp","articleSection":["Vasco"],"inLanguage":"pt-BR","potentialAction":[{"@type":"CommentAction","name":"Comment","target":["https:\/\/www.gaveanews.com\/index.php\/2025\/03\/12\/diretoria-do-vasco-toma-atitude-importante-sobre-o-futuro-de-leo-jardim\/#respond"]}],"copyrightYear":"2025","copyrightHolder":{"@id":"https:\/\/www.gaveanews.com\/#organization"}},{"@type":"WebPage","@id":"https:\/\/www.gaveanews.com\/index.php\/2025\/03\/12\/diretoria-do-vasco-toma-atitude-importante-sobre-o-futuro-de-leo-jardim\/","url":"https:\/\/www.gaveanews.com\/index.php\/2025\/03\/12\/diretoria-do-vasco-toma-atitude-importante-sobre-o-futuro-de-leo-jardim\/","name":"Diretoria do Vasco toma atitude importante sobre o futuro de L\u00e9o Jardim","isPartOf":{"@id":"https:\/\/www.gaveanews.com\/#website"},"primaryImageOfPage":{"@id":"https:\/\/www.gaveanews.com\/index.php\/2025\/03\/12\/diretoria-do-vasco-toma-atitude-importante-sobre-o-futuro-de-leo-jardim\/#primaryimage"},"image":{"@id":"https:\/\/www.gaveanews.com\/index.php\/2025\/03\/12\/diretoria-do-vasco-toma-atitude-importante-sobre-o-futuro-de-leo-jardim\/#primaryimage"},"thumbnailUrl":"https:\/\/www.gaveanews.com\/wp-content\/uploads\/Leo-Jardim-em-acao-pelo-Vasco.webp","datePublished":"2025-03-12T16:00:00+00:00","author":{"@id":"https:\/\/www.gaveanews.com\/#\/schema\/person\/0eb3e3fe1754f0205218538adbe8f5ed"},"breadcrumb":{"@id":"https:\/\/www.gaveanews.com\/index.php\/2025\/03\/12\/diretoria-do-vasco-toma-atitude-importante-sobre-o-futuro-de-leo-jardim\/#breadcrumb"},"inLanguage":"pt-BR","potentialAction":[{"@type":"ReadAction","target":["https:\/\/www.gaveanews.com\/index.php\/2025\/03\/12\/diretoria-do-vasco-toma-atitude-importante-sobre-o-futuro-de-leo-jardim\/"]}]},{"@type":"ImageObject","inLanguage":"pt-BR","@id":"https:\/\/www.gaveanews.com\/index.php\/2025\/03\/12\/diretoria-do-vasco-toma-atitude-importante-sobre-o-futuro-de-leo-jardim\/#primaryimage","url":"https:\/\/www.gaveanews.com\/wp-content\/uploads\/Leo-Jardim-em-acao-pelo-Vasco.webp","contentUrl":"https:\/\/www.gaveanews.com\/wp-content\/uploads\/Leo-Jardim-em-acao-pelo-Vasco.webp","width":1600,"height":1000,"caption":"L\u00e9o Jardim em a\u00e7\u00e3o pelo Vasco (Foto: Leandro Amorim\/Vasco)"},{"@type":"BreadcrumbList","@id":"https:\/\/www.gaveanews.com\/index.php\/2025\/03\/12\/diretoria-do-vasco-toma-atitude-importante-sobre-o-futuro-de-leo-jardim\/#breadcrumb","itemListElement":[{"@type":"ListItem","position":1,"name":"Home","item":"https:\/\/www.gaveanews.com\/"},{"@type":"ListItem","position":2,"name":"Diretoria do Vasco toma atitude importante sobre o futuro de L\u00e9o Jardim"}]},{"@type":"WebSite","@id":"https:\/\/www.gaveanews.com\/#website","url":"https:\/\/www.gaveanews.com\/","name":"G\u00e1vea News","description":"Veja todas as not\u00edcias sobre o Flamengo: Contrata\u00e7\u00f5es, categorias de base, resultados das partidas, tabela de classifica\u00e7\u00e3o, pr\u00f3ximos jogos!","potentialAction":[{"@type":"SearchAction","target":{"@type":"EntryPoint","urlTemplate":"https:\/\/www.gaveanews.com\/?s={search_term_string}"},"query-input":{"@type":"PropertyValueSpecification","valueRequired":true,"valueName":"search_term_string"}}],"inLanguage":"pt-BR"},{"@type":"Person","@id":"https:\/\/www.gaveanews.com\/#\/schema\/person\/0eb3e3fe1754f0205218538adbe8f5ed","name":"Rafaela Ladeira","image":{"@type":"ImageObject","inLanguage":"pt-BR","@id":"https:\/\/www.gaveanews.com\/#\/schema\/person\/image\/","url":"https:\/\/secure.gravatar.com\/avatar\/c31f513acffd85eacab5730cbdfdbbf59f21ba5aeada8cd890acea879fbb2455?s=96&d=mm&r=g","contentUrl":"https:\/\/secure.gravatar.com\/avatar\/c31f513acffd85eacab5730cbdfdbbf59f21ba5aeada8cd890acea879fbb2455?s=96&d=mm&r=g","caption":"Rafaela Ladeira"}}]}},"_links":{"self":[{"href":"https:\/\/www.gaveanews.com\/index.php\/wp-json\/wp\/v2\/posts\/238958","targetHints":{"allow":["GET"]}}],"collection":[{"href":"https:\/\/www.gaveanews.com\/index.php\/wp-json\/wp\/v2\/posts"}],"about":[{"href":"https:\/\/www.gaveanews.com\/index.php\/wp-json\/wp\/v2\/types\/post"}],"author":[{"embeddable":true,"href":"https:\/\/www.gaveanews.com\/index.php\/wp-json\/wp\/v2\/users\/25"}],"replies":[{"embeddable":true,"href":"https:\/\/www.gaveanews.com\/index.php\/wp-json\/wp\/v2\/comments?post=238958"}],"version-history":[{"count":1,"href":"https:\/\/www.gaveanews.com\/index.php\/wp-json\/wp\/v2\/posts\/238958\/revisions"}],"predecessor-version":[{"id":238959,"href":"https:\/\/www.gaveanews.com\/index.php\/wp-json\/wp\/v2\/posts\/238958\/revisions\/238959"}],"wp:featuredmedia":[{"embeddable":true,"href":"https:\/\/www.gaveanews.com\/index.php\/wp-json\/wp\/v2\/media\/169868"}],"wp:attachment":[{"href":"https:\/\/www.gaveanews.com\/index.php\/wp-json\/wp\/v2\/media?parent=238958"}],"wp:term":[{"taxonomy":"category","embeddable":true,"href":"https:\/\/www.gaveanews.com\/index.php\/wp-json\/wp\/v2\/categories?post=238958"},{"taxonomy":"post_tag","embeddable":true,"href":"https:\/\/www.gaveanews.com\/index.php\/wp-json\/wp\/v2\/tags?post=238958"}],"curies":[{"name":"wp","href":"https:\/\/api.w.org\/{rel}","templated":true}]}}