{"id":238962,"date":"2025-03-12T13:20:00","date_gmt":"2025-03-12T16:20:00","guid":{"rendered":"https:\/\/www.gaveanews.com\/?p=238962"},"modified":"2025-03-12T12:11:38","modified_gmt":"2025-03-12T15:11:38","slug":"fluminense-x-flamengo-a-declaracao-de-felipe-melo","status":"publish","type":"post","link":"https:\/\/www.gaveanews.com\/index.php\/2025\/03\/12\/fluminense-x-flamengo-a-declaracao-de-felipe-melo\/","title":{"rendered":"Fluminense x Flamengo: a declara\u00e7\u00e3o de Felipe Melo"},"content":{"rendered":"\n<p>A final do Campeonato Carioca 2025 promete mais uma vez agitar os cora\u00e7\u00f5es dos torcedores cariocas. A disputa entre Fluminense e Flamengo, dois dos maiores clubes do estado, come\u00e7a nesta quarta-feira (12) e vai colocar frente a frente as duas maiores for\u00e7as do futebol do Rio de Janeiro.&nbsp;<\/p>\n\n\n\n<p>O primeiro jogo da decis\u00e3o acontece no Maracan\u00e3, com mando do Fluminense, \u00e0s 21h30, e o confronto de volta ser\u00e1 no pr\u00f3ximo domingo (16), \u00e0s 16h, com o Flamengo jogando em casa.<\/p>\n\n\n\n<h2 class=\"wp-block-heading\" id=\"h-a-visao-de-felipe-melo-sobre-a-final\">A vis\u00e3o de Felipe Melo sobre a final<\/h2>\n\n\n\n<p>Felipe Melo, ex-jogador e atual comentarista do SporTV, compartilhou sua vis\u00e3o sobre a final entre os dois rivais. Para ele, o Flamengo chega como favorito, mas n\u00e3o pode subestimar o Fluminense.&nbsp;<\/p>\n\n\n\n<p>&#8220;O Flamengo foi melhor na maior parte do jogo, muito superior. Filipe Lu\u00eds fez mudan\u00e7as importantes que determinaram a virada. Teremos mais um Flamengo x Fluminense&#8221;, afirmou o comentarista.<\/p>\n\n\n\n<p>Vale destacar que, apesar da superioridade do Flamengo em alguns momentos, Felipe Melo destacou o hist\u00f3rico recente entre os times, apontando o Fluminense como uma &#8220;pedra no sapato&#8221; para o Rubro-Negro.&nbsp;<\/p>\n\n\n\n<p>&#8220;O Fluminense tem sido uma pedra no sapato, sobretudo do Filipe Lu\u00eds, que n\u00e3o conseguiu ganhar do Tricolor. Vai ser muito bom&#8221;, disse Felipe Melo, destacando a rivalidade e o equil\u00edbrio dessa decis\u00e3o.<\/p>\n\n\n\n<h2 class=\"wp-block-heading\" id=\"h-flamengo-forte-mas-fluminense-pode-surpreender\">Flamengo forte, mas Fluminense pode surpreender<\/h2>\n\n\n\n<p>Felipe Melo reconheceu o bom momento do Flamengo, afirmando que o time de Filipe Lu\u00eds est\u00e1 muito forte para essa final. Segundo ele, se o Rubro-Negro tiver oportunidades, dificilmente perder\u00e1 chances.&nbsp;<\/p>\n\n\n\n<p>&#8220;Se der muito campo para o Flamengo, um time r\u00e1pido, verticaliza as jogadas, que tem movimenta\u00e7\u00e3o e jogadores de qualidade, fica dif\u00edcil, \u00e9 complicado. Vai chegar em algum momento que os caras ir\u00e3o fazer o gol&#8221;, completou Felipe Melo.<\/p>\n\n\n\n<p>Sendo assim, o comentarista apontou que o Flamengo tem todas as condi\u00e7\u00f5es de ser decisivo, mas destacou a import\u00e2ncia de n\u00e3o subestimar o Fluminense. Com isso, a final do Carioca promete ser emocionante e cheia de expectativas para os torcedores de ambos os clubes.<\/p>\n\n\n\n<p>Dessa maneira, o cl\u00e1ssico carioca mais uma vez promete ser um espet\u00e1culo de rivalidade e talento. A an\u00e1lise de Felipe Melo deixa claro que, embora o Flamengo seja o favorito, o Fluminense tem for\u00e7a para surpreender.&nbsp;<\/p>\n\n\n\n<p>Por isso, os pr\u00f3ximos jogos ser\u00e3o fundamentais para definir quem levar\u00e1 o trof\u00e9u do Campeonato Carioca para casa.<\/p>\n","protected":false},"excerpt":{"rendered":"<p>A final do Campeonato Carioca 2025 promete mais uma vez agitar os cora\u00e7\u00f5es dos torcedores cariocas. A disputa entre Fluminense e Flamengo, dois dos maiores clubes do estado, come\u00e7a nesta quarta-feira (12) e vai colocar frente a frente as duas maiores for\u00e7as do futebol do Rio de Janeiro.&nbsp; O primeiro jogo da decis\u00e3o acontece no [&hellip;]<\/p>\n","protected":false},"author":25,"featured_media":69565,"comment_status":"open","ping_status":"closed","sticky":false,"template":"","format":"standard","meta":{"footnotes":""},"categories":[1,145],"tags":[],"class_list":["post-238962","post","type-post","status-publish","format-standard","has-post-thumbnail","hentry","category-flamengo","category-fluminense"],"yoast_head":"<!-- This site is optimized with the Yoast SEO Premium plugin v24.2 (Yoast SEO v26.9) - https:\/\/yoast.com\/product\/yoast-seo-premium-wordpress\/ -->\n<title>Fluminense x Flamengo: a declara\u00e7\u00e3o de Felipe Melo<\/title>\n<meta name=\"robots\" content=\"index, follow, max-snippet:-1, max-image-preview:large, max-video-preview:-1\" \/>\n<link rel=\"canonical\" href=\"https:\/\/www.gaveanews.com\/index.php\/2025\/03\/12\/fluminense-x-flamengo-a-declaracao-de-felipe-melo\/\" \/>\n<meta property=\"og:locale\" content=\"pt_BR\" \/>\n<meta property=\"og:type\" content=\"article\" \/>\n<meta property=\"og:title\" content=\"Fluminense x Flamengo: a declara\u00e7\u00e3o de Felipe Melo\" \/>\n<meta property=\"og:description\" content=\"A final do Campeonato Carioca 2025 promete mais uma vez agitar os cora\u00e7\u00f5es dos torcedores cariocas. A disputa entre Fluminense e Flamengo, dois dos maiores clubes do estado, come\u00e7a nesta quarta-feira (12) e vai colocar frente a frente as duas maiores for\u00e7as do futebol do Rio de Janeiro.&nbsp; O primeiro jogo da decis\u00e3o acontece no [&hellip;]\" \/>\n<meta property=\"og:url\" content=\"https:\/\/www.gaveanews.com\/index.php\/2025\/03\/12\/fluminense-x-flamengo-a-declaracao-de-felipe-melo\/\" \/>\n<meta property=\"og:site_name\" content=\"G\u00e1vea News\" \/>\n<meta property=\"article:publisher\" content=\"https:\/\/facebook.com\/gaveaNews\/\" \/>\n<meta property=\"article:published_time\" content=\"2025-03-12T16:20:00+00:00\" \/>\n<meta property=\"og:image\" content=\"https:\/\/www.gaveanews.com\/wp-content\/uploads\/Felipe-Melo-em-acao-pelo-Palmeiras.webp\" \/>\n\t<meta property=\"og:image:width\" content=\"829\" \/>\n\t<meta property=\"og:image:height\" content=\"397\" \/>\n\t<meta property=\"og:image:type\" content=\"image\/png\" \/>\n<meta name=\"author\" content=\"Rafaela Ladeira\" \/>\n<meta name=\"twitter:card\" content=\"summary_large_image\" \/>\n<meta name=\"twitter:label1\" content=\"Escrito por\" \/>\n\t<meta name=\"twitter:data1\" content=\"Rafaela Ladeira\" \/>\n\t<meta name=\"twitter:label2\" content=\"Est. tempo de leitura\" \/>\n\t<meta name=\"twitter:data2\" content=\"3 minutos\" \/>\n<script type=\"application\/ld+json\" class=\"yoast-schema-graph\">{\"@context\":\"https:\/\/schema.org\",\"@graph\":[{\"@type\":\"NewsArticle\",\"@id\":\"https:\/\/www.gaveanews.com\/index.php\/2025\/03\/12\/fluminense-x-flamengo-a-declaracao-de-felipe-melo\/#article\",\"isPartOf\":{\"@id\":\"https:\/\/www.gaveanews.com\/index.php\/2025\/03\/12\/fluminense-x-flamengo-a-declaracao-de-felipe-melo\/\"},\"author\":{\"name\":\"Rafaela Ladeira\",\"@id\":\"https:\/\/www.gaveanews.com\/#\/schema\/person\/0eb3e3fe1754f0205218538adbe8f5ed\"},\"headline\":\"Fluminense x Flamengo: a declara\u00e7\u00e3o de Felipe Melo\",\"datePublished\":\"2025-03-12T16:20:00+00:00\",\"mainEntityOfPage\":{\"@id\":\"https:\/\/www.gaveanews.com\/index.php\/2025\/03\/12\/fluminense-x-flamengo-a-declaracao-de-felipe-melo\/\"},\"wordCount\":426,\"commentCount\":0,\"image\":{\"@id\":\"https:\/\/www.gaveanews.com\/index.php\/2025\/03\/12\/fluminense-x-flamengo-a-declaracao-de-felipe-melo\/#primaryimage\"},\"thumbnailUrl\":\"https:\/\/www.gaveanews.com\/wp-content\/uploads\/Felipe-Melo-em-acao-pelo-Palmeiras.webp\",\"articleSection\":[\"Flamengo\",\"Fluminense\"],\"inLanguage\":\"pt-BR\",\"potentialAction\":[{\"@type\":\"CommentAction\",\"name\":\"Comment\",\"target\":[\"https:\/\/www.gaveanews.com\/index.php\/2025\/03\/12\/fluminense-x-flamengo-a-declaracao-de-felipe-melo\/#respond\"]}],\"copyrightYear\":\"2025\",\"copyrightHolder\":{\"@id\":\"https:\/\/www.gaveanews.com\/#organization\"}},{\"@type\":\"WebPage\",\"@id\":\"https:\/\/www.gaveanews.com\/index.php\/2025\/03\/12\/fluminense-x-flamengo-a-declaracao-de-felipe-melo\/\",\"url\":\"https:\/\/www.gaveanews.com\/index.php\/2025\/03\/12\/fluminense-x-flamengo-a-declaracao-de-felipe-melo\/\",\"name\":\"Fluminense x Flamengo: a declara\u00e7\u00e3o de Felipe Melo\",\"isPartOf\":{\"@id\":\"https:\/\/www.gaveanews.com\/#website\"},\"primaryImageOfPage\":{\"@id\":\"https:\/\/www.gaveanews.com\/index.php\/2025\/03\/12\/fluminense-x-flamengo-a-declaracao-de-felipe-melo\/#primaryimage\"},\"image\":{\"@id\":\"https:\/\/www.gaveanews.com\/index.php\/2025\/03\/12\/fluminense-x-flamengo-a-declaracao-de-felipe-melo\/#primaryimage\"},\"thumbnailUrl\":\"https:\/\/www.gaveanews.com\/wp-content\/uploads\/Felipe-Melo-em-acao-pelo-Palmeiras.webp\",\"datePublished\":\"2025-03-12T16:20:00+00:00\",\"author\":{\"@id\":\"https:\/\/www.gaveanews.com\/#\/schema\/person\/0eb3e3fe1754f0205218538adbe8f5ed\"},\"breadcrumb\":{\"@id\":\"https:\/\/www.gaveanews.com\/index.php\/2025\/03\/12\/fluminense-x-flamengo-a-declaracao-de-felipe-melo\/#breadcrumb\"},\"inLanguage\":\"pt-BR\",\"potentialAction\":[{\"@type\":\"ReadAction\",\"target\":[\"https:\/\/www.gaveanews.com\/index.php\/2025\/03\/12\/fluminense-x-flamengo-a-declaracao-de-felipe-melo\/\"]}]},{\"@type\":\"ImageObject\",\"inLanguage\":\"pt-BR\",\"@id\":\"https:\/\/www.gaveanews.com\/index.php\/2025\/03\/12\/fluminense-x-flamengo-a-declaracao-de-felipe-melo\/#primaryimage\",\"url\":\"https:\/\/www.gaveanews.com\/wp-content\/uploads\/Felipe-Melo-em-acao-pelo-Palmeiras.webp\",\"contentUrl\":\"https:\/\/www.gaveanews.com\/wp-content\/uploads\/Felipe-Melo-em-acao-pelo-Palmeiras.webp\",\"width\":829,\"height\":397,\"caption\":\"Felipe Melo em a\u00e7\u00e3o pelo Palmeiras (Foto: Marcelo Endelli\/Getty Images)\"},{\"@type\":\"BreadcrumbList\",\"@id\":\"https:\/\/www.gaveanews.com\/index.php\/2025\/03\/12\/fluminense-x-flamengo-a-declaracao-de-felipe-melo\/#breadcrumb\",\"itemListElement\":[{\"@type\":\"ListItem\",\"position\":1,\"name\":\"Home\",\"item\":\"https:\/\/www.gaveanews.com\/\"},{\"@type\":\"ListItem\",\"position\":2,\"name\":\"Fluminense x Flamengo: a declara\u00e7\u00e3o de Felipe Melo\"}]},{\"@type\":\"WebSite\",\"@id\":\"https:\/\/www.gaveanews.com\/#website\",\"url\":\"https:\/\/www.gaveanews.com\/\",\"name\":\"G\u00e1vea News\",\"description\":\"Veja todas as not\u00edcias sobre o Flamengo: Contrata\u00e7\u00f5es, categorias de base, resultados das partidas, tabela de classifica\u00e7\u00e3o, pr\u00f3ximos jogos!\",\"potentialAction\":[{\"@type\":\"SearchAction\",\"target\":{\"@type\":\"EntryPoint\",\"urlTemplate\":\"https:\/\/www.gaveanews.com\/?s={search_term_string}\"},\"query-input\":{\"@type\":\"PropertyValueSpecification\",\"valueRequired\":true,\"valueName\":\"search_term_string\"}}],\"inLanguage\":\"pt-BR\"},{\"@type\":\"Person\",\"@id\":\"https:\/\/www.gaveanews.com\/#\/schema\/person\/0eb3e3fe1754f0205218538adbe8f5ed\",\"name\":\"Rafaela Ladeira\",\"image\":{\"@type\":\"ImageObject\",\"inLanguage\":\"pt-BR\",\"@id\":\"https:\/\/www.gaveanews.com\/#\/schema\/person\/image\/\",\"url\":\"https:\/\/secure.gravatar.com\/avatar\/c31f513acffd85eacab5730cbdfdbbf59f21ba5aeada8cd890acea879fbb2455?s=96&d=mm&r=g\",\"contentUrl\":\"https:\/\/secure.gravatar.com\/avatar\/c31f513acffd85eacab5730cbdfdbbf59f21ba5aeada8cd890acea879fbb2455?s=96&d=mm&r=g\",\"caption\":\"Rafaela Ladeira\"}}]}<\/script>\n<!-- \/ Yoast SEO Premium plugin. -->","yoast_head_json":{"title":"Fluminense x Flamengo: a declara\u00e7\u00e3o de Felipe Melo","robots":{"index":"index","follow":"follow","max-snippet":"max-snippet:-1","max-image-preview":"max-image-preview:large","max-video-preview":"max-video-preview:-1"},"canonical":"https:\/\/www.gaveanews.com\/index.php\/2025\/03\/12\/fluminense-x-flamengo-a-declaracao-de-felipe-melo\/","og_locale":"pt_BR","og_type":"article","og_title":"Fluminense x Flamengo: a declara\u00e7\u00e3o de Felipe Melo","og_description":"A final do Campeonato Carioca 2025 promete mais uma vez agitar os cora\u00e7\u00f5es dos torcedores cariocas. A disputa entre Fluminense e Flamengo, dois dos maiores clubes do estado, come\u00e7a nesta quarta-feira (12) e vai colocar frente a frente as duas maiores for\u00e7as do futebol do Rio de Janeiro.&nbsp; O primeiro jogo da decis\u00e3o acontece no [&hellip;]","og_url":"https:\/\/www.gaveanews.com\/index.php\/2025\/03\/12\/fluminense-x-flamengo-a-declaracao-de-felipe-melo\/","og_site_name":"G\u00e1vea News","article_publisher":"https:\/\/facebook.com\/gaveaNews\/","article_published_time":"2025-03-12T16:20:00+00:00","og_image":[{"width":829,"height":397,"url":"https:\/\/www.gaveanews.com\/wp-content\/uploads\/Felipe-Melo-em-acao-pelo-Palmeiras.webp","type":"image\/png"}],"author":"Rafaela Ladeira","twitter_card":"summary_large_image","twitter_misc":{"Escrito por":"Rafaela Ladeira","Est. tempo de leitura":"3 minutos"},"schema":{"@context":"https:\/\/schema.org","@graph":[{"@type":"NewsArticle","@id":"https:\/\/www.gaveanews.com\/index.php\/2025\/03\/12\/fluminense-x-flamengo-a-declaracao-de-felipe-melo\/#article","isPartOf":{"@id":"https:\/\/www.gaveanews.com\/index.php\/2025\/03\/12\/fluminense-x-flamengo-a-declaracao-de-felipe-melo\/"},"author":{"name":"Rafaela Ladeira","@id":"https:\/\/www.gaveanews.com\/#\/schema\/person\/0eb3e3fe1754f0205218538adbe8f5ed"},"headline":"Fluminense x Flamengo: a declara\u00e7\u00e3o de Felipe Melo","datePublished":"2025-03-12T16:20:00+00:00","mainEntityOfPage":{"@id":"https:\/\/www.gaveanews.com\/index.php\/2025\/03\/12\/fluminense-x-flamengo-a-declaracao-de-felipe-melo\/"},"wordCount":426,"commentCount":0,"image":{"@id":"https:\/\/www.gaveanews.com\/index.php\/2025\/03\/12\/fluminense-x-flamengo-a-declaracao-de-felipe-melo\/#primaryimage"},"thumbnailUrl":"https:\/\/www.gaveanews.com\/wp-content\/uploads\/Felipe-Melo-em-acao-pelo-Palmeiras.webp","articleSection":["Flamengo","Fluminense"],"inLanguage":"pt-BR","potentialAction":[{"@type":"CommentAction","name":"Comment","target":["https:\/\/www.gaveanews.com\/index.php\/2025\/03\/12\/fluminense-x-flamengo-a-declaracao-de-felipe-melo\/#respond"]}],"copyrightYear":"2025","copyrightHolder":{"@id":"https:\/\/www.gaveanews.com\/#organization"}},{"@type":"WebPage","@id":"https:\/\/www.gaveanews.com\/index.php\/2025\/03\/12\/fluminense-x-flamengo-a-declaracao-de-felipe-melo\/","url":"https:\/\/www.gaveanews.com\/index.php\/2025\/03\/12\/fluminense-x-flamengo-a-declaracao-de-felipe-melo\/","name":"Fluminense x Flamengo: a declara\u00e7\u00e3o de Felipe Melo","isPartOf":{"@id":"https:\/\/www.gaveanews.com\/#website"},"primaryImageOfPage":{"@id":"https:\/\/www.gaveanews.com\/index.php\/2025\/03\/12\/fluminense-x-flamengo-a-declaracao-de-felipe-melo\/#primaryimage"},"image":{"@id":"https:\/\/www.gaveanews.com\/index.php\/2025\/03\/12\/fluminense-x-flamengo-a-declaracao-de-felipe-melo\/#primaryimage"},"thumbnailUrl":"https:\/\/www.gaveanews.com\/wp-content\/uploads\/Felipe-Melo-em-acao-pelo-Palmeiras.webp","datePublished":"2025-03-12T16:20:00+00:00","author":{"@id":"https:\/\/www.gaveanews.com\/#\/schema\/person\/0eb3e3fe1754f0205218538adbe8f5ed"},"breadcrumb":{"@id":"https:\/\/www.gaveanews.com\/index.php\/2025\/03\/12\/fluminense-x-flamengo-a-declaracao-de-felipe-melo\/#breadcrumb"},"inLanguage":"pt-BR","potentialAction":[{"@type":"ReadAction","target":["https:\/\/www.gaveanews.com\/index.php\/2025\/03\/12\/fluminense-x-flamengo-a-declaracao-de-felipe-melo\/"]}]},{"@type":"ImageObject","inLanguage":"pt-BR","@id":"https:\/\/www.gaveanews.com\/index.php\/2025\/03\/12\/fluminense-x-flamengo-a-declaracao-de-felipe-melo\/#primaryimage","url":"https:\/\/www.gaveanews.com\/wp-content\/uploads\/Felipe-Melo-em-acao-pelo-Palmeiras.webp","contentUrl":"https:\/\/www.gaveanews.com\/wp-content\/uploads\/Felipe-Melo-em-acao-pelo-Palmeiras.webp","width":829,"height":397,"caption":"Felipe Melo em a\u00e7\u00e3o pelo Palmeiras (Foto: Marcelo Endelli\/Getty Images)"},{"@type":"BreadcrumbList","@id":"https:\/\/www.gaveanews.com\/index.php\/2025\/03\/12\/fluminense-x-flamengo-a-declaracao-de-felipe-melo\/#breadcrumb","itemListElement":[{"@type":"ListItem","position":1,"name":"Home","item":"https:\/\/www.gaveanews.com\/"},{"@type":"ListItem","position":2,"name":"Fluminense x Flamengo: a declara\u00e7\u00e3o de Felipe Melo"}]},{"@type":"WebSite","@id":"https:\/\/www.gaveanews.com\/#website","url":"https:\/\/www.gaveanews.com\/","name":"G\u00e1vea News","description":"Veja todas as not\u00edcias sobre o Flamengo: Contrata\u00e7\u00f5es, categorias de base, resultados das partidas, tabela de classifica\u00e7\u00e3o, pr\u00f3ximos jogos!","potentialAction":[{"@type":"SearchAction","target":{"@type":"EntryPoint","urlTemplate":"https:\/\/www.gaveanews.com\/?s={search_term_string}"},"query-input":{"@type":"PropertyValueSpecification","valueRequired":true,"valueName":"search_term_string"}}],"inLanguage":"pt-BR"},{"@type":"Person","@id":"https:\/\/www.gaveanews.com\/#\/schema\/person\/0eb3e3fe1754f0205218538adbe8f5ed","name":"Rafaela Ladeira","image":{"@type":"ImageObject","inLanguage":"pt-BR","@id":"https:\/\/www.gaveanews.com\/#\/schema\/person\/image\/","url":"https:\/\/secure.gravatar.com\/avatar\/c31f513acffd85eacab5730cbdfdbbf59f21ba5aeada8cd890acea879fbb2455?s=96&d=mm&r=g","contentUrl":"https:\/\/secure.gravatar.com\/avatar\/c31f513acffd85eacab5730cbdfdbbf59f21ba5aeada8cd890acea879fbb2455?s=96&d=mm&r=g","caption":"Rafaela Ladeira"}}]}},"_links":{"self":[{"href":"https:\/\/www.gaveanews.com\/index.php\/wp-json\/wp\/v2\/posts\/238962","targetHints":{"allow":["GET"]}}],"collection":[{"href":"https:\/\/www.gaveanews.com\/index.php\/wp-json\/wp\/v2\/posts"}],"about":[{"href":"https:\/\/www.gaveanews.com\/index.php\/wp-json\/wp\/v2\/types\/post"}],"author":[{"embeddable":true,"href":"https:\/\/www.gaveanews.com\/index.php\/wp-json\/wp\/v2\/users\/25"}],"replies":[{"embeddable":true,"href":"https:\/\/www.gaveanews.com\/index.php\/wp-json\/wp\/v2\/comments?post=238962"}],"version-history":[{"count":1,"href":"https:\/\/www.gaveanews.com\/index.php\/wp-json\/wp\/v2\/posts\/238962\/revisions"}],"predecessor-version":[{"id":238964,"href":"https:\/\/www.gaveanews.com\/index.php\/wp-json\/wp\/v2\/posts\/238962\/revisions\/238964"}],"wp:featuredmedia":[{"embeddable":true,"href":"https:\/\/www.gaveanews.com\/index.php\/wp-json\/wp\/v2\/media\/69565"}],"wp:attachment":[{"href":"https:\/\/www.gaveanews.com\/index.php\/wp-json\/wp\/v2\/media?parent=238962"}],"wp:term":[{"taxonomy":"category","embeddable":true,"href":"https:\/\/www.gaveanews.com\/index.php\/wp-json\/wp\/v2\/categories?post=238962"},{"taxonomy":"post_tag","embeddable":true,"href":"https:\/\/www.gaveanews.com\/index.php\/wp-json\/wp\/v2\/tags?post=238962"}],"curies":[{"name":"wp","href":"https:\/\/api.w.org\/{rel}","templated":true}]}}