{"id":238966,"date":"2025-03-12T13:40:00","date_gmt":"2025-03-12T16:40:00","guid":{"rendered":"https:\/\/www.gaveanews.com\/?p=238966"},"modified":"2025-03-12T12:26:50","modified_gmt":"2025-03-12T15:26:50","slug":"roger-machado-prepara-mudancas-no-time-titular-do-internacional-para-enfrentar-o-gremio","status":"publish","type":"post","link":"https:\/\/www.gaveanews.com\/index.php\/2025\/03\/12\/roger-machado-prepara-mudancas-no-time-titular-do-internacional-para-enfrentar-o-gremio\/","title":{"rendered":"Roger Machado prepara mudan\u00e7as no time titular do Internacional para enfrentar o Gr\u00eamio"},"content":{"rendered":"\n<p>O Internacional segue sua prepara\u00e7\u00e3o para o GreNal decisivo do Campeonato Ga\u00facho, marcado para domingo (16), no Beira-Rio. O t\u00e9cnico Roger Machado ainda tem d\u00favidas na escala\u00e7\u00e3o e pode promover mudan\u00e7as importantes no setor ofensivo da equipe. A principal indefini\u00e7\u00e3o envolve Wesley, que pode ganhar uma vaga entre os titulares.<\/p>\n\n\n\n<p>Wesley, que voltou recentemente de les\u00e3o, entrou no segundo tempo do primeiro jogo da final e teve boa atua\u00e7\u00e3o. Com isso, ele disputa posi\u00e7\u00e3o com Carbonero e Vitinho, ambos titulares na vit\u00f3ria colorada por 2 a 0 na Arena do Gr\u00eamio. A defini\u00e7\u00e3o sobre o ataque deve ocorrer nos pr\u00f3ximos treinamentos antes da partida decisiva.<\/p>\n\n\n\n<figure class=\"wp-block-image size-full\"><img loading=\"lazy\" decoding=\"async\" width=\"984\" height=\"804\" src=\"http:\/\/www.gaveanews.com\/wp-content\/uploads\/Wesley-e-apresentado-pelo-Internacional.webp\" alt=\"\" class=\"wp-image-169846\" srcset=\"https:\/\/www.gaveanews.com\/wp-content\/uploads\/Wesley-e-apresentado-pelo-Internacional.webp 984w, https:\/\/www.gaveanews.com\/wp-content\/uploads\/Wesley-e-apresentado-pelo-Internacional-300x245.webp 300w, https:\/\/www.gaveanews.com\/wp-content\/uploads\/Wesley-e-apresentado-pelo-Internacional-768x628.webp 768w, https:\/\/www.gaveanews.com\/wp-content\/uploads\/Wesley-e-apresentado-pelo-Internacional-514x420.webp 514w, https:\/\/www.gaveanews.com\/wp-content\/uploads\/Wesley-e-apresentado-pelo-Internacional-640x523.webp 640w, https:\/\/www.gaveanews.com\/wp-content\/uploads\/Wesley-e-apresentado-pelo-Internacional-681x556.webp 681w, https:\/\/www.gaveanews.com\/wp-content\/uploads\/Wesley-e-apresentado-pelo-Internacional-100x82.webp 100w\" sizes=\"auto, (max-width: 984px) 100vw, 984px\" \/><figcaption class=\"wp-element-caption\">Wesley joga pelo Internacional (Foto: Divulga\u00e7\u00e3o\/Internacional)<\/figcaption><\/figure>\n\n\n\n<p>Outra d\u00favida est\u00e1 no comando de ataque. Recuperado de problemas f\u00edsicos, o colombiano Borr\u00e9 foi utilizado no segundo tempo do GreNal de ida e agora briga por uma vaga com Valencia. O desempenho nos treinos ser\u00e1 fundamental para determinar quem ser\u00e1 o titular no setor ofensivo.<\/p>\n\n\n\n<p>A prov\u00e1vel escala\u00e7\u00e3o do Inter para a final conta com: Anthoni (ou Rochet); Aguirre, Vit\u00e3o, Victor Gabriel e Bernabei; Fernando, Bruno Henrique, Alan Patrick, Carbonero (ou Wesley) e Vitinho (ou Wesley); Valencia (ou Borr\u00e9). A tend\u00eancia \u00e9 que Roger Machado defina a forma\u00e7\u00e3o apenas momentos antes do confronto.<\/p>\n\n\n\n<p>O Inter busca encerrar um longo jejum de t\u00edtulos. A \u00faltima conquista do clube foi justamente o Campeonato Ga\u00facho de 2016. A vit\u00f3ria no primeiro jogo deixou o Colorado em vantagem, podendo at\u00e9 empatar no Beira-Rio para levantar a ta\u00e7a.<\/p>\n\n\n\n<p>Com a expectativa de casa cheia, o Internacional conta com o apoio da torcida para confirmar o t\u00edtulo estadual e superar o rival na grande decis\u00e3o. A prepara\u00e7\u00e3o segue intensa, e as escolhas do t\u00e9cnico podem ser decisivas para definir o campe\u00e3o ga\u00facho na temporada de 2025.<\/p>\n\n\n\n<p>Al\u00e9m das d\u00favidas no time titular, Roger Machado tamb\u00e9m avalia poss\u00edveis altera\u00e7\u00f5es estrat\u00e9gicas para o confronto. A equipe pode adotar uma postura mais cautelosa, explorando os contra-ataques, ou manter a proposta ofensiva para tentar ampliar a vantagem obtida no primeiro jogo.<\/p>\n","protected":false},"excerpt":{"rendered":"<p>O Internacional segue sua prepara\u00e7\u00e3o para o GreNal decisivo do Campeonato Ga\u00facho, marcado para domingo (16), no Beira-Rio. O t\u00e9cnico Roger Machado ainda tem d\u00favidas na escala\u00e7\u00e3o e pode promover mudan\u00e7as importantes no setor ofensivo da equipe. A principal indefini\u00e7\u00e3o envolve Wesley, que pode ganhar uma vaga entre os titulares. Wesley, que voltou recentemente de [&hellip;]<\/p>\n","protected":false},"author":33,"featured_media":154272,"comment_status":"open","ping_status":"closed","sticky":false,"template":"","format":"standard","meta":{"footnotes":""},"categories":[148],"tags":[],"class_list":["post-238966","post","type-post","status-publish","format-standard","has-post-thumbnail","hentry","category-internacional"],"yoast_head":"<!-- This site is optimized with the Yoast SEO Premium plugin v24.2 (Yoast SEO v26.9) - https:\/\/yoast.com\/product\/yoast-seo-premium-wordpress\/ -->\n<title>Roger Machado prepara mudan\u00e7as no time titular do Internacional para enfrentar o Gr\u00eamio<\/title>\n<meta name=\"robots\" content=\"index, follow, max-snippet:-1, max-image-preview:large, max-video-preview:-1\" \/>\n<link rel=\"canonical\" href=\"https:\/\/www.gaveanews.com\/index.php\/2025\/03\/12\/roger-machado-prepara-mudancas-no-time-titular-do-internacional-para-enfrentar-o-gremio\/\" \/>\n<meta property=\"og:locale\" content=\"pt_BR\" \/>\n<meta property=\"og:type\" content=\"article\" \/>\n<meta property=\"og:title\" content=\"Roger Machado prepara mudan\u00e7as no time titular do Internacional para enfrentar o Gr\u00eamio\" \/>\n<meta property=\"og:description\" content=\"O Internacional segue sua prepara\u00e7\u00e3o para o GreNal decisivo do Campeonato Ga\u00facho, marcado para domingo (16), no Beira-Rio. O t\u00e9cnico Roger Machado ainda tem d\u00favidas na escala\u00e7\u00e3o e pode promover mudan\u00e7as importantes no setor ofensivo da equipe. A principal indefini\u00e7\u00e3o envolve Wesley, que pode ganhar uma vaga entre os titulares. Wesley, que voltou recentemente de [&hellip;]\" \/>\n<meta property=\"og:url\" content=\"https:\/\/www.gaveanews.com\/index.php\/2025\/03\/12\/roger-machado-prepara-mudancas-no-time-titular-do-internacional-para-enfrentar-o-gremio\/\" \/>\n<meta property=\"og:site_name\" content=\"G\u00e1vea News\" \/>\n<meta property=\"article:publisher\" content=\"https:\/\/facebook.com\/gaveaNews\/\" \/>\n<meta property=\"article:published_time\" content=\"2025-03-12T16:40:00+00:00\" \/>\n<meta property=\"og:image\" content=\"https:\/\/www.gaveanews.com\/wp-content\/uploads\/Roger-Machado-durante-coletiva-pelo-Internacional-em-2024.webp\" \/>\n\t<meta property=\"og:image:width\" content=\"1419\" \/>\n\t<meta property=\"og:image:height\" content=\"1065\" \/>\n\t<meta property=\"og:image:type\" content=\"image\/webp\" \/>\n<meta name=\"author\" content=\"Brenda Cezillo\" \/>\n<meta name=\"twitter:card\" content=\"summary_large_image\" \/>\n<meta name=\"twitter:label1\" content=\"Escrito por\" \/>\n\t<meta name=\"twitter:data1\" content=\"Brenda Cezillo\" \/>\n\t<meta name=\"twitter:label2\" content=\"Est. tempo de leitura\" \/>\n\t<meta name=\"twitter:data2\" content=\"3 minutos\" \/>\n<script type=\"application\/ld+json\" class=\"yoast-schema-graph\">{\"@context\":\"https:\/\/schema.org\",\"@graph\":[{\"@type\":\"NewsArticle\",\"@id\":\"https:\/\/www.gaveanews.com\/index.php\/2025\/03\/12\/roger-machado-prepara-mudancas-no-time-titular-do-internacional-para-enfrentar-o-gremio\/#article\",\"isPartOf\":{\"@id\":\"https:\/\/www.gaveanews.com\/index.php\/2025\/03\/12\/roger-machado-prepara-mudancas-no-time-titular-do-internacional-para-enfrentar-o-gremio\/\"},\"author\":{\"name\":\"Brenda Cezillo\",\"@id\":\"https:\/\/www.gaveanews.com\/#\/schema\/person\/c79759ca337c40791ae8d08e2923d403\"},\"headline\":\"Roger Machado prepara mudan\u00e7as no time titular do Internacional para enfrentar o Gr\u00eamio\",\"datePublished\":\"2025-03-12T16:40:00+00:00\",\"mainEntityOfPage\":{\"@id\":\"https:\/\/www.gaveanews.com\/index.php\/2025\/03\/12\/roger-machado-prepara-mudancas-no-time-titular-do-internacional-para-enfrentar-o-gremio\/\"},\"wordCount\":381,\"commentCount\":0,\"image\":{\"@id\":\"https:\/\/www.gaveanews.com\/index.php\/2025\/03\/12\/roger-machado-prepara-mudancas-no-time-titular-do-internacional-para-enfrentar-o-gremio\/#primaryimage\"},\"thumbnailUrl\":\"https:\/\/www.gaveanews.com\/wp-content\/uploads\/Roger-Machado-durante-coletiva-pelo-Internacional-em-2024.webp\",\"articleSection\":[\"Internacional\"],\"inLanguage\":\"pt-BR\",\"potentialAction\":[{\"@type\":\"CommentAction\",\"name\":\"Comment\",\"target\":[\"https:\/\/www.gaveanews.com\/index.php\/2025\/03\/12\/roger-machado-prepara-mudancas-no-time-titular-do-internacional-para-enfrentar-o-gremio\/#respond\"]}],\"copyrightYear\":\"2025\",\"copyrightHolder\":{\"@id\":\"https:\/\/www.gaveanews.com\/#organization\"}},{\"@type\":\"WebPage\",\"@id\":\"https:\/\/www.gaveanews.com\/index.php\/2025\/03\/12\/roger-machado-prepara-mudancas-no-time-titular-do-internacional-para-enfrentar-o-gremio\/\",\"url\":\"https:\/\/www.gaveanews.com\/index.php\/2025\/03\/12\/roger-machado-prepara-mudancas-no-time-titular-do-internacional-para-enfrentar-o-gremio\/\",\"name\":\"Roger Machado prepara mudan\u00e7as no time titular do Internacional para enfrentar o Gr\u00eamio\",\"isPartOf\":{\"@id\":\"https:\/\/www.gaveanews.com\/#website\"},\"primaryImageOfPage\":{\"@id\":\"https:\/\/www.gaveanews.com\/index.php\/2025\/03\/12\/roger-machado-prepara-mudancas-no-time-titular-do-internacional-para-enfrentar-o-gremio\/#primaryimage\"},\"image\":{\"@id\":\"https:\/\/www.gaveanews.com\/index.php\/2025\/03\/12\/roger-machado-prepara-mudancas-no-time-titular-do-internacional-para-enfrentar-o-gremio\/#primaryimage\"},\"thumbnailUrl\":\"https:\/\/www.gaveanews.com\/wp-content\/uploads\/Roger-Machado-durante-coletiva-pelo-Internacional-em-2024.webp\",\"datePublished\":\"2025-03-12T16:40:00+00:00\",\"author\":{\"@id\":\"https:\/\/www.gaveanews.com\/#\/schema\/person\/c79759ca337c40791ae8d08e2923d403\"},\"breadcrumb\":{\"@id\":\"https:\/\/www.gaveanews.com\/index.php\/2025\/03\/12\/roger-machado-prepara-mudancas-no-time-titular-do-internacional-para-enfrentar-o-gremio\/#breadcrumb\"},\"inLanguage\":\"pt-BR\",\"potentialAction\":[{\"@type\":\"ReadAction\",\"target\":[\"https:\/\/www.gaveanews.com\/index.php\/2025\/03\/12\/roger-machado-prepara-mudancas-no-time-titular-do-internacional-para-enfrentar-o-gremio\/\"]}]},{\"@type\":\"ImageObject\",\"inLanguage\":\"pt-BR\",\"@id\":\"https:\/\/www.gaveanews.com\/index.php\/2025\/03\/12\/roger-machado-prepara-mudancas-no-time-titular-do-internacional-para-enfrentar-o-gremio\/#primaryimage\",\"url\":\"https:\/\/www.gaveanews.com\/wp-content\/uploads\/Roger-Machado-durante-coletiva-pelo-Internacional-em-2024.webp\",\"contentUrl\":\"https:\/\/www.gaveanews.com\/wp-content\/uploads\/Roger-Machado-durante-coletiva-pelo-Internacional-em-2024.webp\",\"width\":1419,\"height\":1065,\"caption\":\"Roger Machado durante coletiva pelo Internacional em 2024 (Foto: Reprodu\u00e7\u00e3o\/Internacional)\"},{\"@type\":\"BreadcrumbList\",\"@id\":\"https:\/\/www.gaveanews.com\/index.php\/2025\/03\/12\/roger-machado-prepara-mudancas-no-time-titular-do-internacional-para-enfrentar-o-gremio\/#breadcrumb\",\"itemListElement\":[{\"@type\":\"ListItem\",\"position\":1,\"name\":\"Home\",\"item\":\"https:\/\/www.gaveanews.com\/\"},{\"@type\":\"ListItem\",\"position\":2,\"name\":\"Roger Machado prepara mudan\u00e7as no time titular do Internacional para enfrentar o Gr\u00eamio\"}]},{\"@type\":\"WebSite\",\"@id\":\"https:\/\/www.gaveanews.com\/#website\",\"url\":\"https:\/\/www.gaveanews.com\/\",\"name\":\"G\u00e1vea News\",\"description\":\"Veja todas as not\u00edcias sobre o Flamengo: Contrata\u00e7\u00f5es, categorias de base, resultados das partidas, tabela de classifica\u00e7\u00e3o, pr\u00f3ximos jogos!\",\"potentialAction\":[{\"@type\":\"SearchAction\",\"target\":{\"@type\":\"EntryPoint\",\"urlTemplate\":\"https:\/\/www.gaveanews.com\/?s={search_term_string}\"},\"query-input\":{\"@type\":\"PropertyValueSpecification\",\"valueRequired\":true,\"valueName\":\"search_term_string\"}}],\"inLanguage\":\"pt-BR\"},{\"@type\":\"Person\",\"@id\":\"https:\/\/www.gaveanews.com\/#\/schema\/person\/c79759ca337c40791ae8d08e2923d403\",\"name\":\"Brenda Cezillo\",\"image\":{\"@type\":\"ImageObject\",\"inLanguage\":\"pt-BR\",\"@id\":\"https:\/\/www.gaveanews.com\/#\/schema\/person\/image\/\",\"url\":\"https:\/\/secure.gravatar.com\/avatar\/1738d75cee7317f9c29ae61dd67620c5883d80a92e42a6fff88ae5d527af217a?s=96&d=mm&r=g\",\"contentUrl\":\"https:\/\/secure.gravatar.com\/avatar\/1738d75cee7317f9c29ae61dd67620c5883d80a92e42a6fff88ae5d527af217a?s=96&d=mm&r=g\",\"caption\":\"Brenda Cezillo\"}}]}<\/script>\n<!-- \/ Yoast SEO Premium plugin. -->","yoast_head_json":{"title":"Roger Machado prepara mudan\u00e7as no time titular do Internacional para enfrentar o Gr\u00eamio","robots":{"index":"index","follow":"follow","max-snippet":"max-snippet:-1","max-image-preview":"max-image-preview:large","max-video-preview":"max-video-preview:-1"},"canonical":"https:\/\/www.gaveanews.com\/index.php\/2025\/03\/12\/roger-machado-prepara-mudancas-no-time-titular-do-internacional-para-enfrentar-o-gremio\/","og_locale":"pt_BR","og_type":"article","og_title":"Roger Machado prepara mudan\u00e7as no time titular do Internacional para enfrentar o Gr\u00eamio","og_description":"O Internacional segue sua prepara\u00e7\u00e3o para o GreNal decisivo do Campeonato Ga\u00facho, marcado para domingo (16), no Beira-Rio. O t\u00e9cnico Roger Machado ainda tem d\u00favidas na escala\u00e7\u00e3o e pode promover mudan\u00e7as importantes no setor ofensivo da equipe. A principal indefini\u00e7\u00e3o envolve Wesley, que pode ganhar uma vaga entre os titulares. Wesley, que voltou recentemente de [&hellip;]","og_url":"https:\/\/www.gaveanews.com\/index.php\/2025\/03\/12\/roger-machado-prepara-mudancas-no-time-titular-do-internacional-para-enfrentar-o-gremio\/","og_site_name":"G\u00e1vea News","article_publisher":"https:\/\/facebook.com\/gaveaNews\/","article_published_time":"2025-03-12T16:40:00+00:00","og_image":[{"width":1419,"height":1065,"url":"https:\/\/www.gaveanews.com\/wp-content\/uploads\/Roger-Machado-durante-coletiva-pelo-Internacional-em-2024.webp","type":"image\/webp"}],"author":"Brenda Cezillo","twitter_card":"summary_large_image","twitter_misc":{"Escrito por":"Brenda Cezillo","Est. tempo de leitura":"3 minutos"},"schema":{"@context":"https:\/\/schema.org","@graph":[{"@type":"NewsArticle","@id":"https:\/\/www.gaveanews.com\/index.php\/2025\/03\/12\/roger-machado-prepara-mudancas-no-time-titular-do-internacional-para-enfrentar-o-gremio\/#article","isPartOf":{"@id":"https:\/\/www.gaveanews.com\/index.php\/2025\/03\/12\/roger-machado-prepara-mudancas-no-time-titular-do-internacional-para-enfrentar-o-gremio\/"},"author":{"name":"Brenda Cezillo","@id":"https:\/\/www.gaveanews.com\/#\/schema\/person\/c79759ca337c40791ae8d08e2923d403"},"headline":"Roger Machado prepara mudan\u00e7as no time titular do Internacional para enfrentar o Gr\u00eamio","datePublished":"2025-03-12T16:40:00+00:00","mainEntityOfPage":{"@id":"https:\/\/www.gaveanews.com\/index.php\/2025\/03\/12\/roger-machado-prepara-mudancas-no-time-titular-do-internacional-para-enfrentar-o-gremio\/"},"wordCount":381,"commentCount":0,"image":{"@id":"https:\/\/www.gaveanews.com\/index.php\/2025\/03\/12\/roger-machado-prepara-mudancas-no-time-titular-do-internacional-para-enfrentar-o-gremio\/#primaryimage"},"thumbnailUrl":"https:\/\/www.gaveanews.com\/wp-content\/uploads\/Roger-Machado-durante-coletiva-pelo-Internacional-em-2024.webp","articleSection":["Internacional"],"inLanguage":"pt-BR","potentialAction":[{"@type":"CommentAction","name":"Comment","target":["https:\/\/www.gaveanews.com\/index.php\/2025\/03\/12\/roger-machado-prepara-mudancas-no-time-titular-do-internacional-para-enfrentar-o-gremio\/#respond"]}],"copyrightYear":"2025","copyrightHolder":{"@id":"https:\/\/www.gaveanews.com\/#organization"}},{"@type":"WebPage","@id":"https:\/\/www.gaveanews.com\/index.php\/2025\/03\/12\/roger-machado-prepara-mudancas-no-time-titular-do-internacional-para-enfrentar-o-gremio\/","url":"https:\/\/www.gaveanews.com\/index.php\/2025\/03\/12\/roger-machado-prepara-mudancas-no-time-titular-do-internacional-para-enfrentar-o-gremio\/","name":"Roger Machado prepara mudan\u00e7as no time titular do Internacional para enfrentar o Gr\u00eamio","isPartOf":{"@id":"https:\/\/www.gaveanews.com\/#website"},"primaryImageOfPage":{"@id":"https:\/\/www.gaveanews.com\/index.php\/2025\/03\/12\/roger-machado-prepara-mudancas-no-time-titular-do-internacional-para-enfrentar-o-gremio\/#primaryimage"},"image":{"@id":"https:\/\/www.gaveanews.com\/index.php\/2025\/03\/12\/roger-machado-prepara-mudancas-no-time-titular-do-internacional-para-enfrentar-o-gremio\/#primaryimage"},"thumbnailUrl":"https:\/\/www.gaveanews.com\/wp-content\/uploads\/Roger-Machado-durante-coletiva-pelo-Internacional-em-2024.webp","datePublished":"2025-03-12T16:40:00+00:00","author":{"@id":"https:\/\/www.gaveanews.com\/#\/schema\/person\/c79759ca337c40791ae8d08e2923d403"},"breadcrumb":{"@id":"https:\/\/www.gaveanews.com\/index.php\/2025\/03\/12\/roger-machado-prepara-mudancas-no-time-titular-do-internacional-para-enfrentar-o-gremio\/#breadcrumb"},"inLanguage":"pt-BR","potentialAction":[{"@type":"ReadAction","target":["https:\/\/www.gaveanews.com\/index.php\/2025\/03\/12\/roger-machado-prepara-mudancas-no-time-titular-do-internacional-para-enfrentar-o-gremio\/"]}]},{"@type":"ImageObject","inLanguage":"pt-BR","@id":"https:\/\/www.gaveanews.com\/index.php\/2025\/03\/12\/roger-machado-prepara-mudancas-no-time-titular-do-internacional-para-enfrentar-o-gremio\/#primaryimage","url":"https:\/\/www.gaveanews.com\/wp-content\/uploads\/Roger-Machado-durante-coletiva-pelo-Internacional-em-2024.webp","contentUrl":"https:\/\/www.gaveanews.com\/wp-content\/uploads\/Roger-Machado-durante-coletiva-pelo-Internacional-em-2024.webp","width":1419,"height":1065,"caption":"Roger Machado durante coletiva pelo Internacional em 2024 (Foto: Reprodu\u00e7\u00e3o\/Internacional)"},{"@type":"BreadcrumbList","@id":"https:\/\/www.gaveanews.com\/index.php\/2025\/03\/12\/roger-machado-prepara-mudancas-no-time-titular-do-internacional-para-enfrentar-o-gremio\/#breadcrumb","itemListElement":[{"@type":"ListItem","position":1,"name":"Home","item":"https:\/\/www.gaveanews.com\/"},{"@type":"ListItem","position":2,"name":"Roger Machado prepara mudan\u00e7as no time titular do Internacional para enfrentar o Gr\u00eamio"}]},{"@type":"WebSite","@id":"https:\/\/www.gaveanews.com\/#website","url":"https:\/\/www.gaveanews.com\/","name":"G\u00e1vea News","description":"Veja todas as not\u00edcias sobre o Flamengo: Contrata\u00e7\u00f5es, categorias de base, resultados das partidas, tabela de classifica\u00e7\u00e3o, pr\u00f3ximos jogos!","potentialAction":[{"@type":"SearchAction","target":{"@type":"EntryPoint","urlTemplate":"https:\/\/www.gaveanews.com\/?s={search_term_string}"},"query-input":{"@type":"PropertyValueSpecification","valueRequired":true,"valueName":"search_term_string"}}],"inLanguage":"pt-BR"},{"@type":"Person","@id":"https:\/\/www.gaveanews.com\/#\/schema\/person\/c79759ca337c40791ae8d08e2923d403","name":"Brenda Cezillo","image":{"@type":"ImageObject","inLanguage":"pt-BR","@id":"https:\/\/www.gaveanews.com\/#\/schema\/person\/image\/","url":"https:\/\/secure.gravatar.com\/avatar\/1738d75cee7317f9c29ae61dd67620c5883d80a92e42a6fff88ae5d527af217a?s=96&d=mm&r=g","contentUrl":"https:\/\/secure.gravatar.com\/avatar\/1738d75cee7317f9c29ae61dd67620c5883d80a92e42a6fff88ae5d527af217a?s=96&d=mm&r=g","caption":"Brenda Cezillo"}}]}},"_links":{"self":[{"href":"https:\/\/www.gaveanews.com\/index.php\/wp-json\/wp\/v2\/posts\/238966","targetHints":{"allow":["GET"]}}],"collection":[{"href":"https:\/\/www.gaveanews.com\/index.php\/wp-json\/wp\/v2\/posts"}],"about":[{"href":"https:\/\/www.gaveanews.com\/index.php\/wp-json\/wp\/v2\/types\/post"}],"author":[{"embeddable":true,"href":"https:\/\/www.gaveanews.com\/index.php\/wp-json\/wp\/v2\/users\/33"}],"replies":[{"embeddable":true,"href":"https:\/\/www.gaveanews.com\/index.php\/wp-json\/wp\/v2\/comments?post=238966"}],"version-history":[{"count":1,"href":"https:\/\/www.gaveanews.com\/index.php\/wp-json\/wp\/v2\/posts\/238966\/revisions"}],"predecessor-version":[{"id":238976,"href":"https:\/\/www.gaveanews.com\/index.php\/wp-json\/wp\/v2\/posts\/238966\/revisions\/238976"}],"wp:featuredmedia":[{"embeddable":true,"href":"https:\/\/www.gaveanews.com\/index.php\/wp-json\/wp\/v2\/media\/154272"}],"wp:attachment":[{"href":"https:\/\/www.gaveanews.com\/index.php\/wp-json\/wp\/v2\/media?parent=238966"}],"wp:term":[{"taxonomy":"category","embeddable":true,"href":"https:\/\/www.gaveanews.com\/index.php\/wp-json\/wp\/v2\/categories?post=238966"},{"taxonomy":"post_tag","embeddable":true,"href":"https:\/\/www.gaveanews.com\/index.php\/wp-json\/wp\/v2\/tags?post=238966"}],"curies":[{"name":"wp","href":"https:\/\/api.w.org\/{rel}","templated":true}]}}