{"id":238978,"date":"2025-03-12T13:50:00","date_gmt":"2025-03-12T16:50:00","guid":{"rendered":"https:\/\/www.gaveanews.com\/?p=238978"},"modified":"2025-03-12T12:28:54","modified_gmt":"2025-03-12T15:28:54","slug":"agora-ronaldo-fenomeno-toma-decisao-sobre-candidatura-a-presidencia-da-cbf","status":"publish","type":"post","link":"https:\/\/www.gaveanews.com\/index.php\/2025\/03\/12\/agora-ronaldo-fenomeno-toma-decisao-sobre-candidatura-a-presidencia-da-cbf\/","title":{"rendered":"AGORA: Ronaldo Fen\u00f4meno toma decis\u00e3o sobre candidatura \u00e0 presid\u00eancia da CBF"},"content":{"rendered":"\n<p>O ex-jogador Ronaldo Fen\u00f4meno anunciou que n\u00e3o seguir\u00e1 adiante com sua candidatura \u00e0 presid\u00eancia da CBF. A decis\u00e3o chega ap\u00f3s uma s\u00e9rie de tentativas frustradas de angariar apoio suficiente das federa\u00e7\u00f5es estaduais e clubes, fundamentais para garantir sua presen\u00e7a nas pr\u00f3ximas elei\u00e7\u00f5es da entidade.&nbsp;<\/p>\n\n\n\n<h2 class=\"wp-block-heading\" id=\"h-falta-de-apoio-nas-federacoes\">Falta de apoio nas federa\u00e7\u00f5es<\/h2>\n\n\n\n<p>Para se candidatar \u00e0 presid\u00eancia da CBF, Ronaldo precisava do respaldo de ao menos quatro federa\u00e7\u00f5es estaduais e quatro clubes. Contudo, o Fen\u00f4meno n\u00e3o obteve o apoio necess\u00e1rio, uma vez que as federa\u00e7\u00f5es mostraram uma clara resist\u00eancia \u00e0 sua candidatura.&nbsp;<\/p>\n\n\n\n<p>Em contato com as federa\u00e7\u00f5es, Ronaldo encontrou respostas firmes que indicavam uma ades\u00e3o \u00e0 continuidade da administra\u00e7\u00e3o de Ednaldo Rodrigues, atual presidente da CBF.<\/p>\n\n\n\n<p>As federa\u00e7\u00f5es se mostraram comprometidas com a &#8220;continuidade da atual gest\u00e3o&#8221;, destacando os investimentos realizados na estrutura do futebol nacional, como na S\u00e9rie D, no futebol feminino e em projetos sociais. A falta de apoio pol\u00edtico foi um golpe duro para Ronaldo, que viu sua candidatura enfraquecer.<\/p>\n\n\n\n<blockquote class=\"twitter-tweet\"><p lang=\"pt\" dir=\"ltr\">\u26a0\ufe0f AGORA!<br><br>Ronaldo desistir\u00e1 de se candidatar \u00e0 presid\u00eancia da CBF.<br><br>Para se candidatar, o Fen\u00f4meno precisaria do apoio de ao menos 4 federa\u00e7\u00f5es estaduais e 4 clubes, mas n\u00e3o conseguiu.<br><br>Ronaldo entrou em contato com as federa\u00e7\u00f5es, mas nenhuma quis &quot;ir para a guerra&quot; contra\u2026 <a href=\"https:\/\/t.co\/r464LyuBd5\">pic.twitter.com\/r464LyuBd5<\/a><\/p>&mdash; Planeta do Futebol \ud83c\udf0e (@futebol_info) <a href=\"https:\/\/twitter.com\/futebol_info\/status\/1899829345373262172?ref_src=twsrc%5Etfw\">March 12, 2025<\/a><\/blockquote> <script async src=\"https:\/\/platform.twitter.com\/widgets.js\" charset=\"utf-8\"><\/script>\n\n\n\n<h2 class=\"wp-block-heading\" id=\"h-continuidade-de-ednaldo-rodrigues\">Continuidade de Ednaldo Rodrigues<\/h2>\n\n\n\n<p>As federa\u00e7\u00f5es elogiaram publicamente a gest\u00e3o de Ednaldo Rodrigues, elogiando sua experi\u00eancia e conhecimento sobre as complexidades do futebol brasileiro. Essa declara\u00e7\u00e3o de apoio foi um sinal claro de que, para as federa\u00e7\u00f5es, a estabilidade pol\u00edtica e administrativa com Ednaldo ainda era a melhor op\u00e7\u00e3o para o futuro da CBF.<\/p>\n\n\n\n<p>Com a desist\u00eancia de Ronaldo, Ednaldo Rodrigues est\u00e1 livre para buscar sua reelei\u00e7\u00e3o \u00e0 frente da CBF. Isso porque, sem o apoio significativo de federa\u00e7\u00f5es ou clubes, a candidatura do Fen\u00f4meno perdeu for\u00e7a, minando suas chances de sucesso.&nbsp;<\/p>\n\n\n\n<p>Sendo assim, a chance de Ednaldo consolidar sua reelei\u00e7\u00e3o ficou ainda mais evidente, dado o cen\u00e1rio de estabilidade pol\u00edtica que as federa\u00e7\u00f5es apontaram como prioridade, refor\u00e7ando a ideia de continuidade da atual gest\u00e3o.&nbsp;<\/p>\n\n\n\n<p>Com isso, a situa\u00e7\u00e3o ficou favor\u00e1vel para Rodrigues, que agora tem um caminho mais tranquilo rumo \u00e0 reelei\u00e7\u00e3o.<\/p>\n","protected":false},"excerpt":{"rendered":"<p>O ex-jogador Ronaldo Fen\u00f4meno anunciou que n\u00e3o seguir\u00e1 adiante com sua candidatura \u00e0 presid\u00eancia da CBF. A decis\u00e3o chega ap\u00f3s uma s\u00e9rie de tentativas frustradas de angariar apoio suficiente das federa\u00e7\u00f5es estaduais e clubes, fundamentais para garantir sua presen\u00e7a nas pr\u00f3ximas elei\u00e7\u00f5es da entidade.&nbsp; Falta de apoio nas federa\u00e7\u00f5es Para se candidatar \u00e0 presid\u00eancia da [&hellip;]<\/p>\n","protected":false},"author":25,"featured_media":157476,"comment_status":"open","ping_status":"closed","sticky":false,"template":"","format":"standard","meta":{"footnotes":""},"categories":[478],"tags":[],"class_list":["post-238978","post","type-post","status-publish","format-standard","has-post-thumbnail","hentry","category-brasil"],"yoast_head":"<!-- This site is optimized with the Yoast SEO Premium plugin v24.2 (Yoast SEO v26.9) - https:\/\/yoast.com\/product\/yoast-seo-premium-wordpress\/ -->\n<title>AGORA: Ronaldo Fen\u00f4meno toma decis\u00e3o sobre candidatura \u00e0 presid\u00eancia da CBF<\/title>\n<meta name=\"robots\" content=\"index, follow, max-snippet:-1, max-image-preview:large, max-video-preview:-1\" \/>\n<link rel=\"canonical\" href=\"https:\/\/www.gaveanews.com\/index.php\/2025\/03\/12\/agora-ronaldo-fenomeno-toma-decisao-sobre-candidatura-a-presidencia-da-cbf\/\" \/>\n<meta property=\"og:locale\" content=\"pt_BR\" \/>\n<meta property=\"og:type\" content=\"article\" \/>\n<meta property=\"og:title\" content=\"AGORA: Ronaldo Fen\u00f4meno toma decis\u00e3o sobre candidatura \u00e0 presid\u00eancia da CBF\" \/>\n<meta property=\"og:description\" content=\"O ex-jogador Ronaldo Fen\u00f4meno anunciou que n\u00e3o seguir\u00e1 adiante com sua candidatura \u00e0 presid\u00eancia da CBF. A decis\u00e3o chega ap\u00f3s uma s\u00e9rie de tentativas frustradas de angariar apoio suficiente das federa\u00e7\u00f5es estaduais e clubes, fundamentais para garantir sua presen\u00e7a nas pr\u00f3ximas elei\u00e7\u00f5es da entidade.&nbsp; Falta de apoio nas federa\u00e7\u00f5es Para se candidatar \u00e0 presid\u00eancia da [&hellip;]\" \/>\n<meta property=\"og:url\" content=\"https:\/\/www.gaveanews.com\/index.php\/2025\/03\/12\/agora-ronaldo-fenomeno-toma-decisao-sobre-candidatura-a-presidencia-da-cbf\/\" \/>\n<meta property=\"og:site_name\" content=\"G\u00e1vea News\" \/>\n<meta property=\"article:publisher\" content=\"https:\/\/facebook.com\/gaveaNews\/\" \/>\n<meta property=\"article:published_time\" content=\"2025-03-12T16:50:00+00:00\" \/>\n<meta property=\"og:image\" content=\"https:\/\/www.gaveanews.com\/wp-content\/uploads\/Ronaldo-Fenomeno-durante-premiacao-da-FIFA.webp\" \/>\n\t<meta property=\"og:image:width\" content=\"640\" \/>\n\t<meta property=\"og:image:height\" content=\"480\" \/>\n\t<meta property=\"og:image:type\" content=\"image\/jpeg\" \/>\n<meta name=\"author\" content=\"Rafaela Ladeira\" \/>\n<meta name=\"twitter:card\" content=\"summary_large_image\" \/>\n<meta name=\"twitter:label1\" content=\"Escrito por\" \/>\n\t<meta name=\"twitter:data1\" content=\"Rafaela Ladeira\" \/>\n\t<meta name=\"twitter:label2\" content=\"Est. tempo de leitura\" \/>\n\t<meta name=\"twitter:data2\" content=\"2 minutos\" \/>\n<script type=\"application\/ld+json\" class=\"yoast-schema-graph\">{\"@context\":\"https:\/\/schema.org\",\"@graph\":[{\"@type\":\"NewsArticle\",\"@id\":\"https:\/\/www.gaveanews.com\/index.php\/2025\/03\/12\/agora-ronaldo-fenomeno-toma-decisao-sobre-candidatura-a-presidencia-da-cbf\/#article\",\"isPartOf\":{\"@id\":\"https:\/\/www.gaveanews.com\/index.php\/2025\/03\/12\/agora-ronaldo-fenomeno-toma-decisao-sobre-candidatura-a-presidencia-da-cbf\/\"},\"author\":{\"name\":\"Rafaela Ladeira\",\"@id\":\"https:\/\/www.gaveanews.com\/#\/schema\/person\/0eb3e3fe1754f0205218538adbe8f5ed\"},\"headline\":\"AGORA: Ronaldo Fen\u00f4meno toma decis\u00e3o sobre candidatura \u00e0 presid\u00eancia da CBF\",\"datePublished\":\"2025-03-12T16:50:00+00:00\",\"mainEntityOfPage\":{\"@id\":\"https:\/\/www.gaveanews.com\/index.php\/2025\/03\/12\/agora-ronaldo-fenomeno-toma-decisao-sobre-candidatura-a-presidencia-da-cbf\/\"},\"wordCount\":421,\"commentCount\":0,\"image\":{\"@id\":\"https:\/\/www.gaveanews.com\/index.php\/2025\/03\/12\/agora-ronaldo-fenomeno-toma-decisao-sobre-candidatura-a-presidencia-da-cbf\/#primaryimage\"},\"thumbnailUrl\":\"https:\/\/www.gaveanews.com\/wp-content\/uploads\/Ronaldo-Fenomeno-durante-premiacao-da-FIFA.webp\",\"articleSection\":[\"Brasil\"],\"inLanguage\":\"pt-BR\",\"potentialAction\":[{\"@type\":\"CommentAction\",\"name\":\"Comment\",\"target\":[\"https:\/\/www.gaveanews.com\/index.php\/2025\/03\/12\/agora-ronaldo-fenomeno-toma-decisao-sobre-candidatura-a-presidencia-da-cbf\/#respond\"]}],\"copyrightYear\":\"2025\",\"copyrightHolder\":{\"@id\":\"https:\/\/www.gaveanews.com\/#organization\"}},{\"@type\":\"WebPage\",\"@id\":\"https:\/\/www.gaveanews.com\/index.php\/2025\/03\/12\/agora-ronaldo-fenomeno-toma-decisao-sobre-candidatura-a-presidencia-da-cbf\/\",\"url\":\"https:\/\/www.gaveanews.com\/index.php\/2025\/03\/12\/agora-ronaldo-fenomeno-toma-decisao-sobre-candidatura-a-presidencia-da-cbf\/\",\"name\":\"AGORA: Ronaldo Fen\u00f4meno toma decis\u00e3o sobre candidatura \u00e0 presid\u00eancia da CBF\",\"isPartOf\":{\"@id\":\"https:\/\/www.gaveanews.com\/#website\"},\"primaryImageOfPage\":{\"@id\":\"https:\/\/www.gaveanews.com\/index.php\/2025\/03\/12\/agora-ronaldo-fenomeno-toma-decisao-sobre-candidatura-a-presidencia-da-cbf\/#primaryimage\"},\"image\":{\"@id\":\"https:\/\/www.gaveanews.com\/index.php\/2025\/03\/12\/agora-ronaldo-fenomeno-toma-decisao-sobre-candidatura-a-presidencia-da-cbf\/#primaryimage\"},\"thumbnailUrl\":\"https:\/\/www.gaveanews.com\/wp-content\/uploads\/Ronaldo-Fenomeno-durante-premiacao-da-FIFA.webp\",\"datePublished\":\"2025-03-12T16:50:00+00:00\",\"author\":{\"@id\":\"https:\/\/www.gaveanews.com\/#\/schema\/person\/0eb3e3fe1754f0205218538adbe8f5ed\"},\"breadcrumb\":{\"@id\":\"https:\/\/www.gaveanews.com\/index.php\/2025\/03\/12\/agora-ronaldo-fenomeno-toma-decisao-sobre-candidatura-a-presidencia-da-cbf\/#breadcrumb\"},\"inLanguage\":\"pt-BR\",\"potentialAction\":[{\"@type\":\"ReadAction\",\"target\":[\"https:\/\/www.gaveanews.com\/index.php\/2025\/03\/12\/agora-ronaldo-fenomeno-toma-decisao-sobre-candidatura-a-presidencia-da-cbf\/\"]}]},{\"@type\":\"ImageObject\",\"inLanguage\":\"pt-BR\",\"@id\":\"https:\/\/www.gaveanews.com\/index.php\/2025\/03\/12\/agora-ronaldo-fenomeno-toma-decisao-sobre-candidatura-a-presidencia-da-cbf\/#primaryimage\",\"url\":\"https:\/\/www.gaveanews.com\/wp-content\/uploads\/Ronaldo-Fenomeno-durante-premiacao-da-FIFA.webp\",\"contentUrl\":\"https:\/\/www.gaveanews.com\/wp-content\/uploads\/Ronaldo-Fenomeno-durante-premiacao-da-FIFA.webp\",\"width\":640,\"height\":480,\"caption\":\"Ronaldo Fen\u00f4meno durante premia\u00e7\u00e3o da FIFA (Foto: Reprodu\u00e7\u00e3o)\"},{\"@type\":\"BreadcrumbList\",\"@id\":\"https:\/\/www.gaveanews.com\/index.php\/2025\/03\/12\/agora-ronaldo-fenomeno-toma-decisao-sobre-candidatura-a-presidencia-da-cbf\/#breadcrumb\",\"itemListElement\":[{\"@type\":\"ListItem\",\"position\":1,\"name\":\"Home\",\"item\":\"https:\/\/www.gaveanews.com\/\"},{\"@type\":\"ListItem\",\"position\":2,\"name\":\"AGORA: Ronaldo Fen\u00f4meno toma decis\u00e3o sobre candidatura \u00e0 presid\u00eancia da CBF\"}]},{\"@type\":\"WebSite\",\"@id\":\"https:\/\/www.gaveanews.com\/#website\",\"url\":\"https:\/\/www.gaveanews.com\/\",\"name\":\"G\u00e1vea News\",\"description\":\"Veja todas as not\u00edcias sobre o Flamengo: Contrata\u00e7\u00f5es, categorias de base, resultados das partidas, tabela de classifica\u00e7\u00e3o, pr\u00f3ximos jogos!\",\"potentialAction\":[{\"@type\":\"SearchAction\",\"target\":{\"@type\":\"EntryPoint\",\"urlTemplate\":\"https:\/\/www.gaveanews.com\/?s={search_term_string}\"},\"query-input\":{\"@type\":\"PropertyValueSpecification\",\"valueRequired\":true,\"valueName\":\"search_term_string\"}}],\"inLanguage\":\"pt-BR\"},{\"@type\":\"Person\",\"@id\":\"https:\/\/www.gaveanews.com\/#\/schema\/person\/0eb3e3fe1754f0205218538adbe8f5ed\",\"name\":\"Rafaela Ladeira\",\"image\":{\"@type\":\"ImageObject\",\"inLanguage\":\"pt-BR\",\"@id\":\"https:\/\/www.gaveanews.com\/#\/schema\/person\/image\/\",\"url\":\"https:\/\/secure.gravatar.com\/avatar\/c31f513acffd85eacab5730cbdfdbbf59f21ba5aeada8cd890acea879fbb2455?s=96&d=mm&r=g\",\"contentUrl\":\"https:\/\/secure.gravatar.com\/avatar\/c31f513acffd85eacab5730cbdfdbbf59f21ba5aeada8cd890acea879fbb2455?s=96&d=mm&r=g\",\"caption\":\"Rafaela Ladeira\"}}]}<\/script>\n<!-- \/ Yoast SEO Premium plugin. -->","yoast_head_json":{"title":"AGORA: Ronaldo Fen\u00f4meno toma decis\u00e3o sobre candidatura \u00e0 presid\u00eancia da CBF","robots":{"index":"index","follow":"follow","max-snippet":"max-snippet:-1","max-image-preview":"max-image-preview:large","max-video-preview":"max-video-preview:-1"},"canonical":"https:\/\/www.gaveanews.com\/index.php\/2025\/03\/12\/agora-ronaldo-fenomeno-toma-decisao-sobre-candidatura-a-presidencia-da-cbf\/","og_locale":"pt_BR","og_type":"article","og_title":"AGORA: Ronaldo Fen\u00f4meno toma decis\u00e3o sobre candidatura \u00e0 presid\u00eancia da CBF","og_description":"O ex-jogador Ronaldo Fen\u00f4meno anunciou que n\u00e3o seguir\u00e1 adiante com sua candidatura \u00e0 presid\u00eancia da CBF. A decis\u00e3o chega ap\u00f3s uma s\u00e9rie de tentativas frustradas de angariar apoio suficiente das federa\u00e7\u00f5es estaduais e clubes, fundamentais para garantir sua presen\u00e7a nas pr\u00f3ximas elei\u00e7\u00f5es da entidade.&nbsp; Falta de apoio nas federa\u00e7\u00f5es Para se candidatar \u00e0 presid\u00eancia da [&hellip;]","og_url":"https:\/\/www.gaveanews.com\/index.php\/2025\/03\/12\/agora-ronaldo-fenomeno-toma-decisao-sobre-candidatura-a-presidencia-da-cbf\/","og_site_name":"G\u00e1vea News","article_publisher":"https:\/\/facebook.com\/gaveaNews\/","article_published_time":"2025-03-12T16:50:00+00:00","og_image":[{"width":640,"height":480,"url":"https:\/\/www.gaveanews.com\/wp-content\/uploads\/Ronaldo-Fenomeno-durante-premiacao-da-FIFA.webp","type":"image\/jpeg"}],"author":"Rafaela Ladeira","twitter_card":"summary_large_image","twitter_misc":{"Escrito por":"Rafaela Ladeira","Est. tempo de leitura":"2 minutos"},"schema":{"@context":"https:\/\/schema.org","@graph":[{"@type":"NewsArticle","@id":"https:\/\/www.gaveanews.com\/index.php\/2025\/03\/12\/agora-ronaldo-fenomeno-toma-decisao-sobre-candidatura-a-presidencia-da-cbf\/#article","isPartOf":{"@id":"https:\/\/www.gaveanews.com\/index.php\/2025\/03\/12\/agora-ronaldo-fenomeno-toma-decisao-sobre-candidatura-a-presidencia-da-cbf\/"},"author":{"name":"Rafaela Ladeira","@id":"https:\/\/www.gaveanews.com\/#\/schema\/person\/0eb3e3fe1754f0205218538adbe8f5ed"},"headline":"AGORA: Ronaldo Fen\u00f4meno toma decis\u00e3o sobre candidatura \u00e0 presid\u00eancia da CBF","datePublished":"2025-03-12T16:50:00+00:00","mainEntityOfPage":{"@id":"https:\/\/www.gaveanews.com\/index.php\/2025\/03\/12\/agora-ronaldo-fenomeno-toma-decisao-sobre-candidatura-a-presidencia-da-cbf\/"},"wordCount":421,"commentCount":0,"image":{"@id":"https:\/\/www.gaveanews.com\/index.php\/2025\/03\/12\/agora-ronaldo-fenomeno-toma-decisao-sobre-candidatura-a-presidencia-da-cbf\/#primaryimage"},"thumbnailUrl":"https:\/\/www.gaveanews.com\/wp-content\/uploads\/Ronaldo-Fenomeno-durante-premiacao-da-FIFA.webp","articleSection":["Brasil"],"inLanguage":"pt-BR","potentialAction":[{"@type":"CommentAction","name":"Comment","target":["https:\/\/www.gaveanews.com\/index.php\/2025\/03\/12\/agora-ronaldo-fenomeno-toma-decisao-sobre-candidatura-a-presidencia-da-cbf\/#respond"]}],"copyrightYear":"2025","copyrightHolder":{"@id":"https:\/\/www.gaveanews.com\/#organization"}},{"@type":"WebPage","@id":"https:\/\/www.gaveanews.com\/index.php\/2025\/03\/12\/agora-ronaldo-fenomeno-toma-decisao-sobre-candidatura-a-presidencia-da-cbf\/","url":"https:\/\/www.gaveanews.com\/index.php\/2025\/03\/12\/agora-ronaldo-fenomeno-toma-decisao-sobre-candidatura-a-presidencia-da-cbf\/","name":"AGORA: Ronaldo Fen\u00f4meno toma decis\u00e3o sobre candidatura \u00e0 presid\u00eancia da CBF","isPartOf":{"@id":"https:\/\/www.gaveanews.com\/#website"},"primaryImageOfPage":{"@id":"https:\/\/www.gaveanews.com\/index.php\/2025\/03\/12\/agora-ronaldo-fenomeno-toma-decisao-sobre-candidatura-a-presidencia-da-cbf\/#primaryimage"},"image":{"@id":"https:\/\/www.gaveanews.com\/index.php\/2025\/03\/12\/agora-ronaldo-fenomeno-toma-decisao-sobre-candidatura-a-presidencia-da-cbf\/#primaryimage"},"thumbnailUrl":"https:\/\/www.gaveanews.com\/wp-content\/uploads\/Ronaldo-Fenomeno-durante-premiacao-da-FIFA.webp","datePublished":"2025-03-12T16:50:00+00:00","author":{"@id":"https:\/\/www.gaveanews.com\/#\/schema\/person\/0eb3e3fe1754f0205218538adbe8f5ed"},"breadcrumb":{"@id":"https:\/\/www.gaveanews.com\/index.php\/2025\/03\/12\/agora-ronaldo-fenomeno-toma-decisao-sobre-candidatura-a-presidencia-da-cbf\/#breadcrumb"},"inLanguage":"pt-BR","potentialAction":[{"@type":"ReadAction","target":["https:\/\/www.gaveanews.com\/index.php\/2025\/03\/12\/agora-ronaldo-fenomeno-toma-decisao-sobre-candidatura-a-presidencia-da-cbf\/"]}]},{"@type":"ImageObject","inLanguage":"pt-BR","@id":"https:\/\/www.gaveanews.com\/index.php\/2025\/03\/12\/agora-ronaldo-fenomeno-toma-decisao-sobre-candidatura-a-presidencia-da-cbf\/#primaryimage","url":"https:\/\/www.gaveanews.com\/wp-content\/uploads\/Ronaldo-Fenomeno-durante-premiacao-da-FIFA.webp","contentUrl":"https:\/\/www.gaveanews.com\/wp-content\/uploads\/Ronaldo-Fenomeno-durante-premiacao-da-FIFA.webp","width":640,"height":480,"caption":"Ronaldo Fen\u00f4meno durante premia\u00e7\u00e3o da FIFA (Foto: Reprodu\u00e7\u00e3o)"},{"@type":"BreadcrumbList","@id":"https:\/\/www.gaveanews.com\/index.php\/2025\/03\/12\/agora-ronaldo-fenomeno-toma-decisao-sobre-candidatura-a-presidencia-da-cbf\/#breadcrumb","itemListElement":[{"@type":"ListItem","position":1,"name":"Home","item":"https:\/\/www.gaveanews.com\/"},{"@type":"ListItem","position":2,"name":"AGORA: Ronaldo Fen\u00f4meno toma decis\u00e3o sobre candidatura \u00e0 presid\u00eancia da CBF"}]},{"@type":"WebSite","@id":"https:\/\/www.gaveanews.com\/#website","url":"https:\/\/www.gaveanews.com\/","name":"G\u00e1vea News","description":"Veja todas as not\u00edcias sobre o Flamengo: Contrata\u00e7\u00f5es, categorias de base, resultados das partidas, tabela de classifica\u00e7\u00e3o, pr\u00f3ximos jogos!","potentialAction":[{"@type":"SearchAction","target":{"@type":"EntryPoint","urlTemplate":"https:\/\/www.gaveanews.com\/?s={search_term_string}"},"query-input":{"@type":"PropertyValueSpecification","valueRequired":true,"valueName":"search_term_string"}}],"inLanguage":"pt-BR"},{"@type":"Person","@id":"https:\/\/www.gaveanews.com\/#\/schema\/person\/0eb3e3fe1754f0205218538adbe8f5ed","name":"Rafaela Ladeira","image":{"@type":"ImageObject","inLanguage":"pt-BR","@id":"https:\/\/www.gaveanews.com\/#\/schema\/person\/image\/","url":"https:\/\/secure.gravatar.com\/avatar\/c31f513acffd85eacab5730cbdfdbbf59f21ba5aeada8cd890acea879fbb2455?s=96&d=mm&r=g","contentUrl":"https:\/\/secure.gravatar.com\/avatar\/c31f513acffd85eacab5730cbdfdbbf59f21ba5aeada8cd890acea879fbb2455?s=96&d=mm&r=g","caption":"Rafaela Ladeira"}}]}},"_links":{"self":[{"href":"https:\/\/www.gaveanews.com\/index.php\/wp-json\/wp\/v2\/posts\/238978","targetHints":{"allow":["GET"]}}],"collection":[{"href":"https:\/\/www.gaveanews.com\/index.php\/wp-json\/wp\/v2\/posts"}],"about":[{"href":"https:\/\/www.gaveanews.com\/index.php\/wp-json\/wp\/v2\/types\/post"}],"author":[{"embeddable":true,"href":"https:\/\/www.gaveanews.com\/index.php\/wp-json\/wp\/v2\/users\/25"}],"replies":[{"embeddable":true,"href":"https:\/\/www.gaveanews.com\/index.php\/wp-json\/wp\/v2\/comments?post=238978"}],"version-history":[{"count":2,"href":"https:\/\/www.gaveanews.com\/index.php\/wp-json\/wp\/v2\/posts\/238978\/revisions"}],"predecessor-version":[{"id":238983,"href":"https:\/\/www.gaveanews.com\/index.php\/wp-json\/wp\/v2\/posts\/238978\/revisions\/238983"}],"wp:featuredmedia":[{"embeddable":true,"href":"https:\/\/www.gaveanews.com\/index.php\/wp-json\/wp\/v2\/media\/157476"}],"wp:attachment":[{"href":"https:\/\/www.gaveanews.com\/index.php\/wp-json\/wp\/v2\/media?parent=238978"}],"wp:term":[{"taxonomy":"category","embeddable":true,"href":"https:\/\/www.gaveanews.com\/index.php\/wp-json\/wp\/v2\/categories?post=238978"},{"taxonomy":"post_tag","embeddable":true,"href":"https:\/\/www.gaveanews.com\/index.php\/wp-json\/wp\/v2\/tags?post=238978"}],"curies":[{"name":"wp","href":"https:\/\/api.w.org\/{rel}","templated":true}]}}