{"id":239288,"date":"2025-03-12T22:20:00","date_gmt":"2025-03-13T01:20:00","guid":{"rendered":"https:\/\/www.gaveanews.com\/?p=239288"},"modified":"2025-03-12T20:22:24","modified_gmt":"2025-03-12T23:22:24","slug":"palmeiras-liga-sinal-de-alerta-para-final-do-campeonato-paulista-contra-o-corinthians","status":"publish","type":"post","link":"https:\/\/www.gaveanews.com\/index.php\/2025\/03\/12\/palmeiras-liga-sinal-de-alerta-para-final-do-campeonato-paulista-contra-o-corinthians\/","title":{"rendered":"Palmeiras liga sinal de alerta para final do Campeonato Paulista contra o Corinthians"},"content":{"rendered":"\n<p>O Palmeiras e o Corinthians se preparam para uma final hist\u00f3rica do Campeonato Paulista, marcada para os dias 16 e 27 de mar\u00e7o. Enquanto a equipe alviverde busca o quarto t\u00edtulo consecutivo, o time alvinegro tenta retomar o topo da competi\u00e7\u00e3o ap\u00f3s cinco anos de jejum. A rivalidade entre as equipes promete intensificar ainda mais os dois confrontos decisivos.<\/p>\n\n\n\n<p>Nos bastidores, o Palmeiras demonstrou preocupa\u00e7\u00e3o com a arbitragem da final. Ap\u00f3s a pol\u00eamica envolvendo um p\u00eanalti marcado contra o S\u00e3o Paulo na semifinal, o clube teme que o mesmo tipo de repercuss\u00e3o possa ocorrer no Derby decisivo. O S\u00e3o Paulo, por sua vez, alegou ter sido prejudicado e pretende formalizar uma reclama\u00e7\u00e3o oficial \u00e0 Federa\u00e7\u00e3o Paulista de Futebol (FPF). A entidade, at\u00e9 o momento, n\u00e3o se pronunciou oficialmente sobre o caso.<\/p>\n\n\n\n<p>A presidente do Palmeiras, Leila Pereira, tem atuado nos bastidores para garantir que os clubes sejam ouvidos na defini\u00e7\u00e3o da arbitragem. A mandat\u00e1ria alviverde tamb\u00e9m se envolveu em outra discuss\u00e3o relevante, rebatendo cr\u00edticas de jogadores sobre o uso do gramado sint\u00e9tico no Allianz Parque. Segundo Leila, n\u00e3o h\u00e1 comprova\u00e7\u00e3o cient\u00edfica de que esse tipo de gramado causa mais les\u00f5es do que os campos naturais.<\/p>\n\n\n\n<p>A final contar\u00e1 com uma novidade importante: a implementa\u00e7\u00e3o do impedimento semi-autom\u00e1tico, tecnologia in\u00e9dita no Brasil. O sistema ser\u00e1 utilizado nos dois jogos decisivos e contar\u00e1 com dez c\u00e2meras instaladas nos est\u00e1dios, permitindo um mapeamento em 3D do campo para agilizar e tornar mais precisa a marca\u00e7\u00e3o de impedimentos. A tecnologia j\u00e1 foi aplicada na Copa do Mundo de 2022 e na Champions League.<\/p>\n\n\n\n<p>Corinthians e Palmeiras foram consultados pela FPF antes da implementa\u00e7\u00e3o do sistema. A expectativa \u00e9 que a ferramenta ajude a reduzir pol\u00eamicas e traga mais transpar\u00eancia \u00e0s decis\u00f5es da arbitragem. No entanto, torcedores e dirigentes dos dois clubes seguem atentos a qualquer poss\u00edvel interfer\u00eancia que possa influenciar no resultado da decis\u00e3o.<\/p>\n\n\n\n<p>O Corinthians volta \u00e0 final do Paulista pela primeira vez desde 2020, quando foi superado nos p\u00eanaltis pelo pr\u00f3prio Palmeiras. A equipe alvinegra busca seu 31\u00ba t\u00edtulo estadual, enquanto o Verd\u00e3o, que venceu as tr\u00eas \u00faltimas edi\u00e7\u00f5es, soma 26 conquistas. Com rivalidade hist\u00f3rica e expectativas elevadas, a final promete ser um dos grandes momentos do futebol paulista em 2025.<\/p>\n","protected":false},"excerpt":{"rendered":"<p>O Palmeiras e o Corinthians se preparam para uma final hist\u00f3rica do Campeonato Paulista, marcada para os dias 16 e 27 de mar\u00e7o. Enquanto a equipe alviverde busca o quarto t\u00edtulo consecutivo, o time alvinegro tenta retomar o topo da competi\u00e7\u00e3o ap\u00f3s cinco anos de jejum. A rivalidade entre as equipes promete intensificar ainda mais [&hellip;]<\/p>\n","protected":false},"author":18,"featured_media":155182,"comment_status":"open","ping_status":"closed","sticky":false,"template":"","format":"standard","meta":{"footnotes":""},"categories":[141,150],"tags":[],"class_list":["post-239288","post","type-post","status-publish","format-standard","has-post-thumbnail","hentry","category-corinthians","category-palmeiras"],"yoast_head":"<!-- This site is optimized with the Yoast SEO Premium plugin v24.2 (Yoast SEO v26.9) - https:\/\/yoast.com\/product\/yoast-seo-premium-wordpress\/ -->\n<title>Palmeiras liga sinal de alerta para final do Campeonato Paulista contra o Corinthians<\/title>\n<meta name=\"robots\" content=\"index, follow, max-snippet:-1, max-image-preview:large, max-video-preview:-1\" \/>\n<link rel=\"canonical\" href=\"https:\/\/www.gaveanews.com\/index.php\/2025\/03\/12\/palmeiras-liga-sinal-de-alerta-para-final-do-campeonato-paulista-contra-o-corinthians\/\" \/>\n<meta property=\"og:locale\" content=\"pt_BR\" \/>\n<meta property=\"og:type\" content=\"article\" \/>\n<meta property=\"og:title\" content=\"Palmeiras liga sinal de alerta para final do Campeonato Paulista contra o Corinthians\" \/>\n<meta property=\"og:description\" content=\"O Palmeiras e o Corinthians se preparam para uma final hist\u00f3rica do Campeonato Paulista, marcada para os dias 16 e 27 de mar\u00e7o. Enquanto a equipe alviverde busca o quarto t\u00edtulo consecutivo, o time alvinegro tenta retomar o topo da competi\u00e7\u00e3o ap\u00f3s cinco anos de jejum. A rivalidade entre as equipes promete intensificar ainda mais [&hellip;]\" \/>\n<meta property=\"og:url\" content=\"https:\/\/www.gaveanews.com\/index.php\/2025\/03\/12\/palmeiras-liga-sinal-de-alerta-para-final-do-campeonato-paulista-contra-o-corinthians\/\" \/>\n<meta property=\"og:site_name\" content=\"G\u00e1vea News\" \/>\n<meta property=\"article:publisher\" content=\"https:\/\/facebook.com\/gaveaNews\/\" \/>\n<meta property=\"article:published_time\" content=\"2025-03-13T01:20:00+00:00\" \/>\n<meta property=\"og:image\" content=\"https:\/\/www.gaveanews.com\/wp-content\/uploads\/Allianz-Parque-estadio-do-Palmeiras.webp\" \/>\n\t<meta property=\"og:image:width\" content=\"1023\" \/>\n\t<meta property=\"og:image:height\" content=\"767\" \/>\n\t<meta property=\"og:image:type\" content=\"image\/webp\" \/>\n<meta name=\"author\" content=\"Paula Silva\" \/>\n<meta name=\"twitter:card\" content=\"summary_large_image\" \/>\n<meta name=\"twitter:label1\" content=\"Escrito por\" \/>\n\t<meta name=\"twitter:data1\" content=\"Paula Silva\" \/>\n\t<meta name=\"twitter:label2\" content=\"Est. tempo de leitura\" \/>\n\t<meta name=\"twitter:data2\" content=\"3 minutos\" \/>\n<script type=\"application\/ld+json\" class=\"yoast-schema-graph\">{\"@context\":\"https:\/\/schema.org\",\"@graph\":[{\"@type\":\"NewsArticle\",\"@id\":\"https:\/\/www.gaveanews.com\/index.php\/2025\/03\/12\/palmeiras-liga-sinal-de-alerta-para-final-do-campeonato-paulista-contra-o-corinthians\/#article\",\"isPartOf\":{\"@id\":\"https:\/\/www.gaveanews.com\/index.php\/2025\/03\/12\/palmeiras-liga-sinal-de-alerta-para-final-do-campeonato-paulista-contra-o-corinthians\/\"},\"author\":{\"name\":\"Paula Silva\",\"@id\":\"https:\/\/www.gaveanews.com\/#\/schema\/person\/daf63eec72e1164eb13dc35096c2b8da\"},\"headline\":\"Palmeiras liga sinal de alerta para final do Campeonato Paulista contra o Corinthians\",\"datePublished\":\"2025-03-13T01:20:00+00:00\",\"mainEntityOfPage\":{\"@id\":\"https:\/\/www.gaveanews.com\/index.php\/2025\/03\/12\/palmeiras-liga-sinal-de-alerta-para-final-do-campeonato-paulista-contra-o-corinthians\/\"},\"wordCount\":417,\"commentCount\":0,\"image\":{\"@id\":\"https:\/\/www.gaveanews.com\/index.php\/2025\/03\/12\/palmeiras-liga-sinal-de-alerta-para-final-do-campeonato-paulista-contra-o-corinthians\/#primaryimage\"},\"thumbnailUrl\":\"https:\/\/www.gaveanews.com\/wp-content\/uploads\/Allianz-Parque-estadio-do-Palmeiras.webp\",\"articleSection\":[\"Corinthians\",\"Palmeiras\"],\"inLanguage\":\"pt-BR\",\"potentialAction\":[{\"@type\":\"CommentAction\",\"name\":\"Comment\",\"target\":[\"https:\/\/www.gaveanews.com\/index.php\/2025\/03\/12\/palmeiras-liga-sinal-de-alerta-para-final-do-campeonato-paulista-contra-o-corinthians\/#respond\"]}],\"copyrightYear\":\"2025\",\"copyrightHolder\":{\"@id\":\"https:\/\/www.gaveanews.com\/#organization\"}},{\"@type\":\"WebPage\",\"@id\":\"https:\/\/www.gaveanews.com\/index.php\/2025\/03\/12\/palmeiras-liga-sinal-de-alerta-para-final-do-campeonato-paulista-contra-o-corinthians\/\",\"url\":\"https:\/\/www.gaveanews.com\/index.php\/2025\/03\/12\/palmeiras-liga-sinal-de-alerta-para-final-do-campeonato-paulista-contra-o-corinthians\/\",\"name\":\"Palmeiras liga sinal de alerta para final do Campeonato Paulista contra o Corinthians\",\"isPartOf\":{\"@id\":\"https:\/\/www.gaveanews.com\/#website\"},\"primaryImageOfPage\":{\"@id\":\"https:\/\/www.gaveanews.com\/index.php\/2025\/03\/12\/palmeiras-liga-sinal-de-alerta-para-final-do-campeonato-paulista-contra-o-corinthians\/#primaryimage\"},\"image\":{\"@id\":\"https:\/\/www.gaveanews.com\/index.php\/2025\/03\/12\/palmeiras-liga-sinal-de-alerta-para-final-do-campeonato-paulista-contra-o-corinthians\/#primaryimage\"},\"thumbnailUrl\":\"https:\/\/www.gaveanews.com\/wp-content\/uploads\/Allianz-Parque-estadio-do-Palmeiras.webp\",\"datePublished\":\"2025-03-13T01:20:00+00:00\",\"author\":{\"@id\":\"https:\/\/www.gaveanews.com\/#\/schema\/person\/daf63eec72e1164eb13dc35096c2b8da\"},\"breadcrumb\":{\"@id\":\"https:\/\/www.gaveanews.com\/index.php\/2025\/03\/12\/palmeiras-liga-sinal-de-alerta-para-final-do-campeonato-paulista-contra-o-corinthians\/#breadcrumb\"},\"inLanguage\":\"pt-BR\",\"potentialAction\":[{\"@type\":\"ReadAction\",\"target\":[\"https:\/\/www.gaveanews.com\/index.php\/2025\/03\/12\/palmeiras-liga-sinal-de-alerta-para-final-do-campeonato-paulista-contra-o-corinthians\/\"]}]},{\"@type\":\"ImageObject\",\"inLanguage\":\"pt-BR\",\"@id\":\"https:\/\/www.gaveanews.com\/index.php\/2025\/03\/12\/palmeiras-liga-sinal-de-alerta-para-final-do-campeonato-paulista-contra-o-corinthians\/#primaryimage\",\"url\":\"https:\/\/www.gaveanews.com\/wp-content\/uploads\/Allianz-Parque-estadio-do-Palmeiras.webp\",\"contentUrl\":\"https:\/\/www.gaveanews.com\/wp-content\/uploads\/Allianz-Parque-estadio-do-Palmeiras.webp\",\"width\":1023,\"height\":767,\"caption\":\"Allianz Parque, est\u00e1dio do Palmeiras (Foto: Reprodu\u00e7\u00e3o\/Palmeiras)\"},{\"@type\":\"BreadcrumbList\",\"@id\":\"https:\/\/www.gaveanews.com\/index.php\/2025\/03\/12\/palmeiras-liga-sinal-de-alerta-para-final-do-campeonato-paulista-contra-o-corinthians\/#breadcrumb\",\"itemListElement\":[{\"@type\":\"ListItem\",\"position\":1,\"name\":\"Home\",\"item\":\"https:\/\/www.gaveanews.com\/\"},{\"@type\":\"ListItem\",\"position\":2,\"name\":\"Palmeiras liga sinal de alerta para final do Campeonato Paulista contra o Corinthians\"}]},{\"@type\":\"WebSite\",\"@id\":\"https:\/\/www.gaveanews.com\/#website\",\"url\":\"https:\/\/www.gaveanews.com\/\",\"name\":\"G\u00e1vea News\",\"description\":\"Veja todas as not\u00edcias sobre o Flamengo: Contrata\u00e7\u00f5es, categorias de base, resultados das partidas, tabela de classifica\u00e7\u00e3o, pr\u00f3ximos jogos!\",\"potentialAction\":[{\"@type\":\"SearchAction\",\"target\":{\"@type\":\"EntryPoint\",\"urlTemplate\":\"https:\/\/www.gaveanews.com\/?s={search_term_string}\"},\"query-input\":{\"@type\":\"PropertyValueSpecification\",\"valueRequired\":true,\"valueName\":\"search_term_string\"}}],\"inLanguage\":\"pt-BR\"},{\"@type\":\"Person\",\"@id\":\"https:\/\/www.gaveanews.com\/#\/schema\/person\/daf63eec72e1164eb13dc35096c2b8da\",\"name\":\"Paula Silva\",\"image\":{\"@type\":\"ImageObject\",\"inLanguage\":\"pt-BR\",\"@id\":\"https:\/\/www.gaveanews.com\/#\/schema\/person\/image\/\",\"url\":\"https:\/\/secure.gravatar.com\/avatar\/eda381c845527cc5d64c13b901833cda29d97500ba040d3e6461f76f51d163bb?s=96&d=mm&r=g\",\"contentUrl\":\"https:\/\/secure.gravatar.com\/avatar\/eda381c845527cc5d64c13b901833cda29d97500ba040d3e6461f76f51d163bb?s=96&d=mm&r=g\",\"caption\":\"Paula Silva\"}}]}<\/script>\n<!-- \/ Yoast SEO Premium plugin. -->","yoast_head_json":{"title":"Palmeiras liga sinal de alerta para final do Campeonato Paulista contra o Corinthians","robots":{"index":"index","follow":"follow","max-snippet":"max-snippet:-1","max-image-preview":"max-image-preview:large","max-video-preview":"max-video-preview:-1"},"canonical":"https:\/\/www.gaveanews.com\/index.php\/2025\/03\/12\/palmeiras-liga-sinal-de-alerta-para-final-do-campeonato-paulista-contra-o-corinthians\/","og_locale":"pt_BR","og_type":"article","og_title":"Palmeiras liga sinal de alerta para final do Campeonato Paulista contra o Corinthians","og_description":"O Palmeiras e o Corinthians se preparam para uma final hist\u00f3rica do Campeonato Paulista, marcada para os dias 16 e 27 de mar\u00e7o. Enquanto a equipe alviverde busca o quarto t\u00edtulo consecutivo, o time alvinegro tenta retomar o topo da competi\u00e7\u00e3o ap\u00f3s cinco anos de jejum. A rivalidade entre as equipes promete intensificar ainda mais [&hellip;]","og_url":"https:\/\/www.gaveanews.com\/index.php\/2025\/03\/12\/palmeiras-liga-sinal-de-alerta-para-final-do-campeonato-paulista-contra-o-corinthians\/","og_site_name":"G\u00e1vea News","article_publisher":"https:\/\/facebook.com\/gaveaNews\/","article_published_time":"2025-03-13T01:20:00+00:00","og_image":[{"width":1023,"height":767,"url":"https:\/\/www.gaveanews.com\/wp-content\/uploads\/Allianz-Parque-estadio-do-Palmeiras.webp","type":"image\/webp"}],"author":"Paula Silva","twitter_card":"summary_large_image","twitter_misc":{"Escrito por":"Paula Silva","Est. tempo de leitura":"3 minutos"},"schema":{"@context":"https:\/\/schema.org","@graph":[{"@type":"NewsArticle","@id":"https:\/\/www.gaveanews.com\/index.php\/2025\/03\/12\/palmeiras-liga-sinal-de-alerta-para-final-do-campeonato-paulista-contra-o-corinthians\/#article","isPartOf":{"@id":"https:\/\/www.gaveanews.com\/index.php\/2025\/03\/12\/palmeiras-liga-sinal-de-alerta-para-final-do-campeonato-paulista-contra-o-corinthians\/"},"author":{"name":"Paula Silva","@id":"https:\/\/www.gaveanews.com\/#\/schema\/person\/daf63eec72e1164eb13dc35096c2b8da"},"headline":"Palmeiras liga sinal de alerta para final do Campeonato Paulista contra o Corinthians","datePublished":"2025-03-13T01:20:00+00:00","mainEntityOfPage":{"@id":"https:\/\/www.gaveanews.com\/index.php\/2025\/03\/12\/palmeiras-liga-sinal-de-alerta-para-final-do-campeonato-paulista-contra-o-corinthians\/"},"wordCount":417,"commentCount":0,"image":{"@id":"https:\/\/www.gaveanews.com\/index.php\/2025\/03\/12\/palmeiras-liga-sinal-de-alerta-para-final-do-campeonato-paulista-contra-o-corinthians\/#primaryimage"},"thumbnailUrl":"https:\/\/www.gaveanews.com\/wp-content\/uploads\/Allianz-Parque-estadio-do-Palmeiras.webp","articleSection":["Corinthians","Palmeiras"],"inLanguage":"pt-BR","potentialAction":[{"@type":"CommentAction","name":"Comment","target":["https:\/\/www.gaveanews.com\/index.php\/2025\/03\/12\/palmeiras-liga-sinal-de-alerta-para-final-do-campeonato-paulista-contra-o-corinthians\/#respond"]}],"copyrightYear":"2025","copyrightHolder":{"@id":"https:\/\/www.gaveanews.com\/#organization"}},{"@type":"WebPage","@id":"https:\/\/www.gaveanews.com\/index.php\/2025\/03\/12\/palmeiras-liga-sinal-de-alerta-para-final-do-campeonato-paulista-contra-o-corinthians\/","url":"https:\/\/www.gaveanews.com\/index.php\/2025\/03\/12\/palmeiras-liga-sinal-de-alerta-para-final-do-campeonato-paulista-contra-o-corinthians\/","name":"Palmeiras liga sinal de alerta para final do Campeonato Paulista contra o Corinthians","isPartOf":{"@id":"https:\/\/www.gaveanews.com\/#website"},"primaryImageOfPage":{"@id":"https:\/\/www.gaveanews.com\/index.php\/2025\/03\/12\/palmeiras-liga-sinal-de-alerta-para-final-do-campeonato-paulista-contra-o-corinthians\/#primaryimage"},"image":{"@id":"https:\/\/www.gaveanews.com\/index.php\/2025\/03\/12\/palmeiras-liga-sinal-de-alerta-para-final-do-campeonato-paulista-contra-o-corinthians\/#primaryimage"},"thumbnailUrl":"https:\/\/www.gaveanews.com\/wp-content\/uploads\/Allianz-Parque-estadio-do-Palmeiras.webp","datePublished":"2025-03-13T01:20:00+00:00","author":{"@id":"https:\/\/www.gaveanews.com\/#\/schema\/person\/daf63eec72e1164eb13dc35096c2b8da"},"breadcrumb":{"@id":"https:\/\/www.gaveanews.com\/index.php\/2025\/03\/12\/palmeiras-liga-sinal-de-alerta-para-final-do-campeonato-paulista-contra-o-corinthians\/#breadcrumb"},"inLanguage":"pt-BR","potentialAction":[{"@type":"ReadAction","target":["https:\/\/www.gaveanews.com\/index.php\/2025\/03\/12\/palmeiras-liga-sinal-de-alerta-para-final-do-campeonato-paulista-contra-o-corinthians\/"]}]},{"@type":"ImageObject","inLanguage":"pt-BR","@id":"https:\/\/www.gaveanews.com\/index.php\/2025\/03\/12\/palmeiras-liga-sinal-de-alerta-para-final-do-campeonato-paulista-contra-o-corinthians\/#primaryimage","url":"https:\/\/www.gaveanews.com\/wp-content\/uploads\/Allianz-Parque-estadio-do-Palmeiras.webp","contentUrl":"https:\/\/www.gaveanews.com\/wp-content\/uploads\/Allianz-Parque-estadio-do-Palmeiras.webp","width":1023,"height":767,"caption":"Allianz Parque, est\u00e1dio do Palmeiras (Foto: Reprodu\u00e7\u00e3o\/Palmeiras)"},{"@type":"BreadcrumbList","@id":"https:\/\/www.gaveanews.com\/index.php\/2025\/03\/12\/palmeiras-liga-sinal-de-alerta-para-final-do-campeonato-paulista-contra-o-corinthians\/#breadcrumb","itemListElement":[{"@type":"ListItem","position":1,"name":"Home","item":"https:\/\/www.gaveanews.com\/"},{"@type":"ListItem","position":2,"name":"Palmeiras liga sinal de alerta para final do Campeonato Paulista contra o Corinthians"}]},{"@type":"WebSite","@id":"https:\/\/www.gaveanews.com\/#website","url":"https:\/\/www.gaveanews.com\/","name":"G\u00e1vea News","description":"Veja todas as not\u00edcias sobre o Flamengo: Contrata\u00e7\u00f5es, categorias de base, resultados das partidas, tabela de classifica\u00e7\u00e3o, pr\u00f3ximos jogos!","potentialAction":[{"@type":"SearchAction","target":{"@type":"EntryPoint","urlTemplate":"https:\/\/www.gaveanews.com\/?s={search_term_string}"},"query-input":{"@type":"PropertyValueSpecification","valueRequired":true,"valueName":"search_term_string"}}],"inLanguage":"pt-BR"},{"@type":"Person","@id":"https:\/\/www.gaveanews.com\/#\/schema\/person\/daf63eec72e1164eb13dc35096c2b8da","name":"Paula Silva","image":{"@type":"ImageObject","inLanguage":"pt-BR","@id":"https:\/\/www.gaveanews.com\/#\/schema\/person\/image\/","url":"https:\/\/secure.gravatar.com\/avatar\/eda381c845527cc5d64c13b901833cda29d97500ba040d3e6461f76f51d163bb?s=96&d=mm&r=g","contentUrl":"https:\/\/secure.gravatar.com\/avatar\/eda381c845527cc5d64c13b901833cda29d97500ba040d3e6461f76f51d163bb?s=96&d=mm&r=g","caption":"Paula Silva"}}]}},"_links":{"self":[{"href":"https:\/\/www.gaveanews.com\/index.php\/wp-json\/wp\/v2\/posts\/239288","targetHints":{"allow":["GET"]}}],"collection":[{"href":"https:\/\/www.gaveanews.com\/index.php\/wp-json\/wp\/v2\/posts"}],"about":[{"href":"https:\/\/www.gaveanews.com\/index.php\/wp-json\/wp\/v2\/types\/post"}],"author":[{"embeddable":true,"href":"https:\/\/www.gaveanews.com\/index.php\/wp-json\/wp\/v2\/users\/18"}],"replies":[{"embeddable":true,"href":"https:\/\/www.gaveanews.com\/index.php\/wp-json\/wp\/v2\/comments?post=239288"}],"version-history":[{"count":1,"href":"https:\/\/www.gaveanews.com\/index.php\/wp-json\/wp\/v2\/posts\/239288\/revisions"}],"predecessor-version":[{"id":239290,"href":"https:\/\/www.gaveanews.com\/index.php\/wp-json\/wp\/v2\/posts\/239288\/revisions\/239290"}],"wp:featuredmedia":[{"embeddable":true,"href":"https:\/\/www.gaveanews.com\/index.php\/wp-json\/wp\/v2\/media\/155182"}],"wp:attachment":[{"href":"https:\/\/www.gaveanews.com\/index.php\/wp-json\/wp\/v2\/media?parent=239288"}],"wp:term":[{"taxonomy":"category","embeddable":true,"href":"https:\/\/www.gaveanews.com\/index.php\/wp-json\/wp\/v2\/categories?post=239288"},{"taxonomy":"post_tag","embeddable":true,"href":"https:\/\/www.gaveanews.com\/index.php\/wp-json\/wp\/v2\/tags?post=239288"}],"curies":[{"name":"wp","href":"https:\/\/api.w.org\/{rel}","templated":true}]}}