{"id":239337,"date":"2025-03-12T22:50:00","date_gmt":"2025-03-13T01:50:00","guid":{"rendered":"https:\/\/www.gaveanews.com\/?p=239337"},"modified":"2025-03-12T22:03:18","modified_gmt":"2025-03-13T01:03:18","slug":"vasco-emite-nota-oficial-sobre-recuperacao-judicial-2","status":"publish","type":"post","link":"https:\/\/www.gaveanews.com\/index.php\/2025\/03\/12\/vasco-emite-nota-oficial-sobre-recuperacao-judicial-2\/","title":{"rendered":"Vasco emite nota oficial sobre recupera\u00e7\u00e3o judicial"},"content":{"rendered":"\n<p>O Vasco da Gama e sua Sociedade An\u00f4nima do Futebol (SAF) entraram em recupera\u00e7\u00e3o judicial, um fato in\u00e9dito no futebol brasileiro. A decis\u00e3o, deferida pela Vara Regional do Rio de Janeiro, envolve tanto o clube quanto sua SAF, a 777 Carioca. Essa medida foi tomada devido a uma disputa jur\u00eddica entre os acionistas da SAF, com o clube e a 777 Partners divergindo sobre o controle da gest\u00e3o.<\/p>\n\n\n\n<p>O presidente do Vasco, Pedrinho, assumiu o comando da SAF ap\u00f3s uma decis\u00e3o judicial e, para viabilizar a recupera\u00e7\u00e3o judicial, colocou seu patrim\u00f4nio pessoal como garantia. Esse movimento busca assegurar a administra\u00e7\u00e3o do clube e sua SAF, permitindo uma reorganiza\u00e7\u00e3o financeira para lidar com as d\u00edvidas acumuladas.<\/p>\n\n\n\n<p>Apesar do cen\u00e1rio de recupera\u00e7\u00e3o judicial, o Vasco assegura que o processo n\u00e3o impede a venda da SAF. Pelo contr\u00e1rio, o clube argumenta que a medida pode criar um ambiente mais atrativo para investidores, proporcionando maior previsibilidade financeira. At\u00e9 o momento, nenhuma proposta formal foi apresentada, mas a diretoria segue aberta a negocia\u00e7\u00f5es.<\/p>\n\n\n\n<p>O plano de pagamento aos credores dever\u00e1 ser apresentado no prazo de 60 dias e precisa ser homologado pela Justi\u00e7a. Al\u00e9m disso, a decis\u00e3o judicial suspende a cobran\u00e7a das d\u00edvidas por 180 dias, concedendo tempo para que o clube possa reestruturar suas finan\u00e7as e definir estrat\u00e9gias para a quita\u00e7\u00e3o dos d\u00e9bitos.<\/p>\n\n\n\n<p>A gest\u00e3o esportiva do Vasco tamb\u00e9m foi abordada no contexto da recupera\u00e7\u00e3o judicial. O clube garante que os sal\u00e1rios de jogadores e funcion\u00e1rios est\u00e3o protegidos e que as atividades do departamento de futebol seguem normalmente. As contrata\u00e7\u00f5es continuam sendo poss\u00edveis, desde que respeitem o planejamento financeiro em vigor.<\/p>\n\n\n\n<p>A expectativa \u00e9 que, ao fim do processo, o Vasco tenha maior estabilidade e um ambiente financeiro mais s\u00f3lido para suas opera\u00e7\u00f5es futuras. A reestrutura\u00e7\u00e3o \u00e9 vista como um passo essencial para garantir a recupera\u00e7\u00e3o da institui\u00e7\u00e3o e, possivelmente, atrair novos investidores interessados na aquisi\u00e7\u00e3o da SAF.<\/p>\n","protected":false},"excerpt":{"rendered":"<p>O Vasco da Gama e sua Sociedade An\u00f4nima do Futebol (SAF) entraram em recupera\u00e7\u00e3o judicial, um fato in\u00e9dito no futebol brasileiro. A decis\u00e3o, deferida pela Vara Regional do Rio de Janeiro, envolve tanto o clube quanto sua SAF, a 777 Carioca. Essa medida foi tomada devido a uma disputa jur\u00eddica entre os acionistas da SAF, [&hellip;]<\/p>\n","protected":false},"author":18,"featured_media":152090,"comment_status":"open","ping_status":"closed","sticky":false,"template":"","format":"standard","meta":{"footnotes":""},"categories":[152],"tags":[],"class_list":["post-239337","post","type-post","status-publish","format-standard","has-post-thumbnail","hentry","category-vasco"],"yoast_head":"<!-- This site is optimized with the Yoast SEO Premium plugin v24.2 (Yoast SEO v26.9) - https:\/\/yoast.com\/product\/yoast-seo-premium-wordpress\/ -->\n<title>Vasco emite nota oficial sobre recupera\u00e7\u00e3o judicial<\/title>\n<meta name=\"robots\" content=\"index, follow, max-snippet:-1, max-image-preview:large, max-video-preview:-1\" \/>\n<link rel=\"canonical\" href=\"https:\/\/www.gaveanews.com\/index.php\/2025\/03\/12\/vasco-emite-nota-oficial-sobre-recuperacao-judicial-2\/\" \/>\n<meta property=\"og:locale\" content=\"pt_BR\" \/>\n<meta property=\"og:type\" content=\"article\" \/>\n<meta property=\"og:title\" content=\"Vasco emite nota oficial sobre recupera\u00e7\u00e3o judicial\" \/>\n<meta property=\"og:description\" content=\"O Vasco da Gama e sua Sociedade An\u00f4nima do Futebol (SAF) entraram em recupera\u00e7\u00e3o judicial, um fato in\u00e9dito no futebol brasileiro. A decis\u00e3o, deferida pela Vara Regional do Rio de Janeiro, envolve tanto o clube quanto sua SAF, a 777 Carioca. Essa medida foi tomada devido a uma disputa jur\u00eddica entre os acionistas da SAF, [&hellip;]\" \/>\n<meta property=\"og:url\" content=\"https:\/\/www.gaveanews.com\/index.php\/2025\/03\/12\/vasco-emite-nota-oficial-sobre-recuperacao-judicial-2\/\" \/>\n<meta property=\"og:site_name\" content=\"G\u00e1vea News\" \/>\n<meta property=\"article:publisher\" content=\"https:\/\/facebook.com\/gaveaNews\/\" \/>\n<meta property=\"article:published_time\" content=\"2025-03-13T01:50:00+00:00\" \/>\n<meta property=\"og:image\" content=\"https:\/\/www.gaveanews.com\/wp-content\/uploads\/Bandeira-do-Vasco-da-Gama.webp\" \/>\n\t<meta property=\"og:image:width\" content=\"1159\" \/>\n\t<meta property=\"og:image:height\" content=\"772\" \/>\n\t<meta property=\"og:image:type\" content=\"image\/webp\" \/>\n<meta name=\"author\" content=\"Paula Silva\" \/>\n<meta name=\"twitter:card\" content=\"summary_large_image\" \/>\n<meta name=\"twitter:label1\" content=\"Escrito por\" \/>\n\t<meta name=\"twitter:data1\" content=\"Paula Silva\" \/>\n\t<meta name=\"twitter:label2\" content=\"Est. tempo de leitura\" \/>\n\t<meta name=\"twitter:data2\" content=\"2 minutos\" \/>\n<script type=\"application\/ld+json\" class=\"yoast-schema-graph\">{\"@context\":\"https:\/\/schema.org\",\"@graph\":[{\"@type\":\"NewsArticle\",\"@id\":\"https:\/\/www.gaveanews.com\/index.php\/2025\/03\/12\/vasco-emite-nota-oficial-sobre-recuperacao-judicial-2\/#article\",\"isPartOf\":{\"@id\":\"https:\/\/www.gaveanews.com\/index.php\/2025\/03\/12\/vasco-emite-nota-oficial-sobre-recuperacao-judicial-2\/\"},\"author\":{\"name\":\"Paula Silva\",\"@id\":\"https:\/\/www.gaveanews.com\/#\/schema\/person\/daf63eec72e1164eb13dc35096c2b8da\"},\"headline\":\"Vasco emite nota oficial sobre recupera\u00e7\u00e3o judicial\",\"datePublished\":\"2025-03-13T01:50:00+00:00\",\"mainEntityOfPage\":{\"@id\":\"https:\/\/www.gaveanews.com\/index.php\/2025\/03\/12\/vasco-emite-nota-oficial-sobre-recuperacao-judicial-2\/\"},\"wordCount\":357,\"commentCount\":0,\"image\":{\"@id\":\"https:\/\/www.gaveanews.com\/index.php\/2025\/03\/12\/vasco-emite-nota-oficial-sobre-recuperacao-judicial-2\/#primaryimage\"},\"thumbnailUrl\":\"https:\/\/www.gaveanews.com\/wp-content\/uploads\/Bandeira-do-Vasco-da-Gama.webp\",\"articleSection\":[\"Vasco\"],\"inLanguage\":\"pt-BR\",\"potentialAction\":[{\"@type\":\"CommentAction\",\"name\":\"Comment\",\"target\":[\"https:\/\/www.gaveanews.com\/index.php\/2025\/03\/12\/vasco-emite-nota-oficial-sobre-recuperacao-judicial-2\/#respond\"]}],\"copyrightYear\":\"2025\",\"copyrightHolder\":{\"@id\":\"https:\/\/www.gaveanews.com\/#organization\"}},{\"@type\":\"WebPage\",\"@id\":\"https:\/\/www.gaveanews.com\/index.php\/2025\/03\/12\/vasco-emite-nota-oficial-sobre-recuperacao-judicial-2\/\",\"url\":\"https:\/\/www.gaveanews.com\/index.php\/2025\/03\/12\/vasco-emite-nota-oficial-sobre-recuperacao-judicial-2\/\",\"name\":\"Vasco emite nota oficial sobre recupera\u00e7\u00e3o judicial\",\"isPartOf\":{\"@id\":\"https:\/\/www.gaveanews.com\/#website\"},\"primaryImageOfPage\":{\"@id\":\"https:\/\/www.gaveanews.com\/index.php\/2025\/03\/12\/vasco-emite-nota-oficial-sobre-recuperacao-judicial-2\/#primaryimage\"},\"image\":{\"@id\":\"https:\/\/www.gaveanews.com\/index.php\/2025\/03\/12\/vasco-emite-nota-oficial-sobre-recuperacao-judicial-2\/#primaryimage\"},\"thumbnailUrl\":\"https:\/\/www.gaveanews.com\/wp-content\/uploads\/Bandeira-do-Vasco-da-Gama.webp\",\"datePublished\":\"2025-03-13T01:50:00+00:00\",\"author\":{\"@id\":\"https:\/\/www.gaveanews.com\/#\/schema\/person\/daf63eec72e1164eb13dc35096c2b8da\"},\"breadcrumb\":{\"@id\":\"https:\/\/www.gaveanews.com\/index.php\/2025\/03\/12\/vasco-emite-nota-oficial-sobre-recuperacao-judicial-2\/#breadcrumb\"},\"inLanguage\":\"pt-BR\",\"potentialAction\":[{\"@type\":\"ReadAction\",\"target\":[\"https:\/\/www.gaveanews.com\/index.php\/2025\/03\/12\/vasco-emite-nota-oficial-sobre-recuperacao-judicial-2\/\"]}]},{\"@type\":\"ImageObject\",\"inLanguage\":\"pt-BR\",\"@id\":\"https:\/\/www.gaveanews.com\/index.php\/2025\/03\/12\/vasco-emite-nota-oficial-sobre-recuperacao-judicial-2\/#primaryimage\",\"url\":\"https:\/\/www.gaveanews.com\/wp-content\/uploads\/Bandeira-do-Vasco-da-Gama.webp\",\"contentUrl\":\"https:\/\/www.gaveanews.com\/wp-content\/uploads\/Bandeira-do-Vasco-da-Gama.webp\",\"width\":1159,\"height\":772,\"caption\":\"Bandeira do Vasco da Gama (Foto: Reprodu\u00e7\u00e3o\/Vasco)\"},{\"@type\":\"BreadcrumbList\",\"@id\":\"https:\/\/www.gaveanews.com\/index.php\/2025\/03\/12\/vasco-emite-nota-oficial-sobre-recuperacao-judicial-2\/#breadcrumb\",\"itemListElement\":[{\"@type\":\"ListItem\",\"position\":1,\"name\":\"Home\",\"item\":\"https:\/\/www.gaveanews.com\/\"},{\"@type\":\"ListItem\",\"position\":2,\"name\":\"Vasco emite nota oficial sobre recupera\u00e7\u00e3o judicial\"}]},{\"@type\":\"WebSite\",\"@id\":\"https:\/\/www.gaveanews.com\/#website\",\"url\":\"https:\/\/www.gaveanews.com\/\",\"name\":\"G\u00e1vea News\",\"description\":\"Veja todas as not\u00edcias sobre o Flamengo: Contrata\u00e7\u00f5es, categorias de base, resultados das partidas, tabela de classifica\u00e7\u00e3o, pr\u00f3ximos jogos!\",\"potentialAction\":[{\"@type\":\"SearchAction\",\"target\":{\"@type\":\"EntryPoint\",\"urlTemplate\":\"https:\/\/www.gaveanews.com\/?s={search_term_string}\"},\"query-input\":{\"@type\":\"PropertyValueSpecification\",\"valueRequired\":true,\"valueName\":\"search_term_string\"}}],\"inLanguage\":\"pt-BR\"},{\"@type\":\"Person\",\"@id\":\"https:\/\/www.gaveanews.com\/#\/schema\/person\/daf63eec72e1164eb13dc35096c2b8da\",\"name\":\"Paula Silva\",\"image\":{\"@type\":\"ImageObject\",\"inLanguage\":\"pt-BR\",\"@id\":\"https:\/\/www.gaveanews.com\/#\/schema\/person\/image\/\",\"url\":\"https:\/\/secure.gravatar.com\/avatar\/eda381c845527cc5d64c13b901833cda29d97500ba040d3e6461f76f51d163bb?s=96&d=mm&r=g\",\"contentUrl\":\"https:\/\/secure.gravatar.com\/avatar\/eda381c845527cc5d64c13b901833cda29d97500ba040d3e6461f76f51d163bb?s=96&d=mm&r=g\",\"caption\":\"Paula Silva\"}}]}<\/script>\n<!-- \/ Yoast SEO Premium plugin. -->","yoast_head_json":{"title":"Vasco emite nota oficial sobre recupera\u00e7\u00e3o judicial","robots":{"index":"index","follow":"follow","max-snippet":"max-snippet:-1","max-image-preview":"max-image-preview:large","max-video-preview":"max-video-preview:-1"},"canonical":"https:\/\/www.gaveanews.com\/index.php\/2025\/03\/12\/vasco-emite-nota-oficial-sobre-recuperacao-judicial-2\/","og_locale":"pt_BR","og_type":"article","og_title":"Vasco emite nota oficial sobre recupera\u00e7\u00e3o judicial","og_description":"O Vasco da Gama e sua Sociedade An\u00f4nima do Futebol (SAF) entraram em recupera\u00e7\u00e3o judicial, um fato in\u00e9dito no futebol brasileiro. A decis\u00e3o, deferida pela Vara Regional do Rio de Janeiro, envolve tanto o clube quanto sua SAF, a 777 Carioca. Essa medida foi tomada devido a uma disputa jur\u00eddica entre os acionistas da SAF, [&hellip;]","og_url":"https:\/\/www.gaveanews.com\/index.php\/2025\/03\/12\/vasco-emite-nota-oficial-sobre-recuperacao-judicial-2\/","og_site_name":"G\u00e1vea News","article_publisher":"https:\/\/facebook.com\/gaveaNews\/","article_published_time":"2025-03-13T01:50:00+00:00","og_image":[{"width":1159,"height":772,"url":"https:\/\/www.gaveanews.com\/wp-content\/uploads\/Bandeira-do-Vasco-da-Gama.webp","type":"image\/webp"}],"author":"Paula Silva","twitter_card":"summary_large_image","twitter_misc":{"Escrito por":"Paula Silva","Est. tempo de leitura":"2 minutos"},"schema":{"@context":"https:\/\/schema.org","@graph":[{"@type":"NewsArticle","@id":"https:\/\/www.gaveanews.com\/index.php\/2025\/03\/12\/vasco-emite-nota-oficial-sobre-recuperacao-judicial-2\/#article","isPartOf":{"@id":"https:\/\/www.gaveanews.com\/index.php\/2025\/03\/12\/vasco-emite-nota-oficial-sobre-recuperacao-judicial-2\/"},"author":{"name":"Paula Silva","@id":"https:\/\/www.gaveanews.com\/#\/schema\/person\/daf63eec72e1164eb13dc35096c2b8da"},"headline":"Vasco emite nota oficial sobre recupera\u00e7\u00e3o judicial","datePublished":"2025-03-13T01:50:00+00:00","mainEntityOfPage":{"@id":"https:\/\/www.gaveanews.com\/index.php\/2025\/03\/12\/vasco-emite-nota-oficial-sobre-recuperacao-judicial-2\/"},"wordCount":357,"commentCount":0,"image":{"@id":"https:\/\/www.gaveanews.com\/index.php\/2025\/03\/12\/vasco-emite-nota-oficial-sobre-recuperacao-judicial-2\/#primaryimage"},"thumbnailUrl":"https:\/\/www.gaveanews.com\/wp-content\/uploads\/Bandeira-do-Vasco-da-Gama.webp","articleSection":["Vasco"],"inLanguage":"pt-BR","potentialAction":[{"@type":"CommentAction","name":"Comment","target":["https:\/\/www.gaveanews.com\/index.php\/2025\/03\/12\/vasco-emite-nota-oficial-sobre-recuperacao-judicial-2\/#respond"]}],"copyrightYear":"2025","copyrightHolder":{"@id":"https:\/\/www.gaveanews.com\/#organization"}},{"@type":"WebPage","@id":"https:\/\/www.gaveanews.com\/index.php\/2025\/03\/12\/vasco-emite-nota-oficial-sobre-recuperacao-judicial-2\/","url":"https:\/\/www.gaveanews.com\/index.php\/2025\/03\/12\/vasco-emite-nota-oficial-sobre-recuperacao-judicial-2\/","name":"Vasco emite nota oficial sobre recupera\u00e7\u00e3o judicial","isPartOf":{"@id":"https:\/\/www.gaveanews.com\/#website"},"primaryImageOfPage":{"@id":"https:\/\/www.gaveanews.com\/index.php\/2025\/03\/12\/vasco-emite-nota-oficial-sobre-recuperacao-judicial-2\/#primaryimage"},"image":{"@id":"https:\/\/www.gaveanews.com\/index.php\/2025\/03\/12\/vasco-emite-nota-oficial-sobre-recuperacao-judicial-2\/#primaryimage"},"thumbnailUrl":"https:\/\/www.gaveanews.com\/wp-content\/uploads\/Bandeira-do-Vasco-da-Gama.webp","datePublished":"2025-03-13T01:50:00+00:00","author":{"@id":"https:\/\/www.gaveanews.com\/#\/schema\/person\/daf63eec72e1164eb13dc35096c2b8da"},"breadcrumb":{"@id":"https:\/\/www.gaveanews.com\/index.php\/2025\/03\/12\/vasco-emite-nota-oficial-sobre-recuperacao-judicial-2\/#breadcrumb"},"inLanguage":"pt-BR","potentialAction":[{"@type":"ReadAction","target":["https:\/\/www.gaveanews.com\/index.php\/2025\/03\/12\/vasco-emite-nota-oficial-sobre-recuperacao-judicial-2\/"]}]},{"@type":"ImageObject","inLanguage":"pt-BR","@id":"https:\/\/www.gaveanews.com\/index.php\/2025\/03\/12\/vasco-emite-nota-oficial-sobre-recuperacao-judicial-2\/#primaryimage","url":"https:\/\/www.gaveanews.com\/wp-content\/uploads\/Bandeira-do-Vasco-da-Gama.webp","contentUrl":"https:\/\/www.gaveanews.com\/wp-content\/uploads\/Bandeira-do-Vasco-da-Gama.webp","width":1159,"height":772,"caption":"Bandeira do Vasco da Gama (Foto: Reprodu\u00e7\u00e3o\/Vasco)"},{"@type":"BreadcrumbList","@id":"https:\/\/www.gaveanews.com\/index.php\/2025\/03\/12\/vasco-emite-nota-oficial-sobre-recuperacao-judicial-2\/#breadcrumb","itemListElement":[{"@type":"ListItem","position":1,"name":"Home","item":"https:\/\/www.gaveanews.com\/"},{"@type":"ListItem","position":2,"name":"Vasco emite nota oficial sobre recupera\u00e7\u00e3o judicial"}]},{"@type":"WebSite","@id":"https:\/\/www.gaveanews.com\/#website","url":"https:\/\/www.gaveanews.com\/","name":"G\u00e1vea News","description":"Veja todas as not\u00edcias sobre o Flamengo: Contrata\u00e7\u00f5es, categorias de base, resultados das partidas, tabela de classifica\u00e7\u00e3o, pr\u00f3ximos jogos!","potentialAction":[{"@type":"SearchAction","target":{"@type":"EntryPoint","urlTemplate":"https:\/\/www.gaveanews.com\/?s={search_term_string}"},"query-input":{"@type":"PropertyValueSpecification","valueRequired":true,"valueName":"search_term_string"}}],"inLanguage":"pt-BR"},{"@type":"Person","@id":"https:\/\/www.gaveanews.com\/#\/schema\/person\/daf63eec72e1164eb13dc35096c2b8da","name":"Paula Silva","image":{"@type":"ImageObject","inLanguage":"pt-BR","@id":"https:\/\/www.gaveanews.com\/#\/schema\/person\/image\/","url":"https:\/\/secure.gravatar.com\/avatar\/eda381c845527cc5d64c13b901833cda29d97500ba040d3e6461f76f51d163bb?s=96&d=mm&r=g","contentUrl":"https:\/\/secure.gravatar.com\/avatar\/eda381c845527cc5d64c13b901833cda29d97500ba040d3e6461f76f51d163bb?s=96&d=mm&r=g","caption":"Paula Silva"}}]}},"_links":{"self":[{"href":"https:\/\/www.gaveanews.com\/index.php\/wp-json\/wp\/v2\/posts\/239337","targetHints":{"allow":["GET"]}}],"collection":[{"href":"https:\/\/www.gaveanews.com\/index.php\/wp-json\/wp\/v2\/posts"}],"about":[{"href":"https:\/\/www.gaveanews.com\/index.php\/wp-json\/wp\/v2\/types\/post"}],"author":[{"embeddable":true,"href":"https:\/\/www.gaveanews.com\/index.php\/wp-json\/wp\/v2\/users\/18"}],"replies":[{"embeddable":true,"href":"https:\/\/www.gaveanews.com\/index.php\/wp-json\/wp\/v2\/comments?post=239337"}],"version-history":[{"count":1,"href":"https:\/\/www.gaveanews.com\/index.php\/wp-json\/wp\/v2\/posts\/239337\/revisions"}],"predecessor-version":[{"id":239339,"href":"https:\/\/www.gaveanews.com\/index.php\/wp-json\/wp\/v2\/posts\/239337\/revisions\/239339"}],"wp:featuredmedia":[{"embeddable":true,"href":"https:\/\/www.gaveanews.com\/index.php\/wp-json\/wp\/v2\/media\/152090"}],"wp:attachment":[{"href":"https:\/\/www.gaveanews.com\/index.php\/wp-json\/wp\/v2\/media?parent=239337"}],"wp:term":[{"taxonomy":"category","embeddable":true,"href":"https:\/\/www.gaveanews.com\/index.php\/wp-json\/wp\/v2\/categories?post=239337"},{"taxonomy":"post_tag","embeddable":true,"href":"https:\/\/www.gaveanews.com\/index.php\/wp-json\/wp\/v2\/tags?post=239337"}],"curies":[{"name":"wp","href":"https:\/\/api.w.org\/{rel}","templated":true}]}}