{"id":239345,"date":"2025-03-12T22:58:32","date_gmt":"2025-03-13T01:58:32","guid":{"rendered":"https:\/\/www.gaveanews.com\/?p=239345"},"modified":"2025-03-12T22:58:34","modified_gmt":"2025-03-13T01:58:34","slug":"a-declaracao-de-gabriel-grando-apos-a-classificacao-do-gremio","status":"publish","type":"post","link":"https:\/\/www.gaveanews.com\/index.php\/2025\/03\/12\/a-declaracao-de-gabriel-grando-apos-a-classificacao-do-gremio\/","title":{"rendered":"A declara\u00e7\u00e3o de Gabriel Grando ap\u00f3s a classifica\u00e7\u00e3o do Gr\u00eamio"},"content":{"rendered":"\n<p>O Gr\u00eamio sofreu, mas garantiu a classifica\u00e7\u00e3o para a terceira fase da Copa do Brasil. Na noite desta quarta-feira, o Tricolor venceu o Athletic nos p\u00eanaltis, ap\u00f3s um empate por 3 a 3 no Est\u00e1dio Joaquim Portugal, em S\u00e3o Jo\u00e3o del Rei. Mesmo com um jogador a menos durante parte do segundo tempo, a equipe ga\u00facha contou com uma falha incr\u00edvel do goleiro advers\u00e1rio e brilhou nas penalidades, com Gabriel Grando pegando um p\u00eanalti e saindo como her\u00f3i.<\/p>\n\n\n\n<p>O jogo foi marcado por emo\u00e7\u00e3o do in\u00edcio ao fim. O Gr\u00eamio saiu atr\u00e1s no placar logo no in\u00edcio, mas conseguiu buscar a virada. No entanto, sofreu o empate e ainda teve Luan expulso no segundo tempo, complicando a situa\u00e7\u00e3o. O Athletic voltou a ficar na frente, mas o Tricolor reagiu novamente e levou a decis\u00e3o para os p\u00eanaltis.<\/p>\n\n\n\n<p>Ap\u00f3s o fim da partida, o goleiro Gabriel Grando comentou sobre a expuls\u00e3o de Luan e a atua\u00e7\u00e3o da arbitragem. &#8216;\u00c9 um grupo que trabalha bastante, todo mundo se dedica no dia a dia de treinamento. Tivemos uma infelicidade ali, eu ainda n\u00e3o vi o lance, mas o juiz falou que ele (Luan) n\u00e3o deveria ter dado carrinho naquela situa\u00e7\u00e3o com amarelo. Mas a gente v\u00ea tamb\u00e9m que levantaram o p\u00e9 na cara do Jo\u00e3o e o juiz n\u00e3o deu nada&#8217;, afirmou.<\/p>\n\n\n\n<p>Mesmo com as dificuldades, Grando elogiou a postura da equipe. &#8216;A gente se comportou bem, mesmo com um a menos. Tivemos a infelicidade de tomar um gol no in\u00edcio do primeiro e do segundo tempo, al\u00e9m do gol contra do Jo\u00e3o, mas s\u00e3o coisas que acontecem no jogo. A equipe se manteve firme nos p\u00eanaltis e buscamos a classifica\u00e7\u00e3o&#8217;, completou.<\/p>\n\n\n\n<p>Com a vit\u00f3ria, o Gr\u00eamio segue na briga pelo hexacampeonato da Copa do Brasil. O Tricolor agora aguarda o sorteio da CBF para conhecer seu advers\u00e1rio na pr\u00f3xima fase da competi\u00e7\u00e3o nacional.<\/p>\n\n\n\n<p>J\u00e1 o Athletic, que fez uma grande campanha, d\u00e1 adeus \u00e0 Copa do Brasil, mas sai de cabe\u00e7a erguida ap\u00f3s dificultar a vida do time ga\u00facho e protagonizar um dos jogos mais emocionantes da segunda fase do torneio.<\/p>\n\n\n\n<p>O jogo foi marcado por muitas reviravoltas e com bastante emo\u00e7\u00e3o na segunda etapa. Por mais que o Gr\u00eamio tenha se complicado e quase tenha perdido a classifica\u00e7\u00e3o, a equipe chega confiante para a final contra o Internacional no pr\u00f3ximo final de semana. <\/p>\n","protected":false},"excerpt":{"rendered":"<p>O Gr\u00eamio sofreu, mas garantiu a classifica\u00e7\u00e3o para a terceira fase da Copa do Brasil. Na noite desta quarta-feira, o Tricolor venceu o Athletic nos p\u00eanaltis, ap\u00f3s um empate por 3 a 3 no Est\u00e1dio Joaquim Portugal, em S\u00e3o Jo\u00e3o del Rei. Mesmo com um jogador a menos durante parte do segundo tempo, a equipe [&hellip;]<\/p>\n","protected":false},"author":23,"featured_media":166449,"comment_status":"open","ping_status":"closed","sticky":false,"template":"","format":"standard","meta":{"footnotes":""},"categories":[147],"tags":[],"class_list":["post-239345","post","type-post","status-publish","format-standard","has-post-thumbnail","hentry","category-gremio"],"yoast_head":"<!-- This site is optimized with the Yoast SEO Premium plugin v24.2 (Yoast SEO v26.9) - https:\/\/yoast.com\/product\/yoast-seo-premium-wordpress\/ -->\n<title>A declara\u00e7\u00e3o de Gabriel Grando ap\u00f3s a classifica\u00e7\u00e3o do Gr\u00eamio<\/title>\n<meta name=\"robots\" content=\"index, follow, max-snippet:-1, max-image-preview:large, max-video-preview:-1\" \/>\n<link rel=\"canonical\" href=\"https:\/\/www.gaveanews.com\/index.php\/2025\/03\/12\/a-declaracao-de-gabriel-grando-apos-a-classificacao-do-gremio\/\" \/>\n<meta property=\"og:locale\" content=\"pt_BR\" \/>\n<meta property=\"og:type\" content=\"article\" \/>\n<meta property=\"og:title\" content=\"A declara\u00e7\u00e3o de Gabriel Grando ap\u00f3s a classifica\u00e7\u00e3o do Gr\u00eamio\" \/>\n<meta property=\"og:description\" content=\"O Gr\u00eamio sofreu, mas garantiu a classifica\u00e7\u00e3o para a terceira fase da Copa do Brasil. Na noite desta quarta-feira, o Tricolor venceu o Athletic nos p\u00eanaltis, ap\u00f3s um empate por 3 a 3 no Est\u00e1dio Joaquim Portugal, em S\u00e3o Jo\u00e3o del Rei. Mesmo com um jogador a menos durante parte do segundo tempo, a equipe [&hellip;]\" \/>\n<meta property=\"og:url\" content=\"https:\/\/www.gaveanews.com\/index.php\/2025\/03\/12\/a-declaracao-de-gabriel-grando-apos-a-classificacao-do-gremio\/\" \/>\n<meta property=\"og:site_name\" content=\"G\u00e1vea News\" \/>\n<meta property=\"article:publisher\" content=\"https:\/\/facebook.com\/gaveaNews\/\" \/>\n<meta property=\"article:published_time\" content=\"2025-03-13T01:58:32+00:00\" \/>\n<meta property=\"article:modified_time\" content=\"2025-03-13T01:58:34+00:00\" \/>\n<meta property=\"og:image\" content=\"http:\/\/www.gaveanews.com\/wp-content\/uploads\/Gabriel-Grando-apresentado-pelo-Cruzeiro.webp\" \/>\n\t<meta property=\"og:image:width\" content=\"774\" \/>\n\t<meta property=\"og:image:height\" content=\"516\" \/>\n\t<meta property=\"og:image:type\" content=\"image\/jpeg\" \/>\n<meta name=\"author\" content=\"Leandro Azevedo\" \/>\n<meta name=\"twitter:card\" content=\"summary_large_image\" \/>\n<meta name=\"twitter:label1\" content=\"Escrito por\" \/>\n\t<meta name=\"twitter:data1\" content=\"Leandro Azevedo\" \/>\n\t<meta name=\"twitter:label2\" content=\"Est. tempo de leitura\" \/>\n\t<meta name=\"twitter:data2\" content=\"3 minutos\" \/>\n<script type=\"application\/ld+json\" class=\"yoast-schema-graph\">{\"@context\":\"https:\/\/schema.org\",\"@graph\":[{\"@type\":\"NewsArticle\",\"@id\":\"https:\/\/www.gaveanews.com\/index.php\/2025\/03\/12\/a-declaracao-de-gabriel-grando-apos-a-classificacao-do-gremio\/#article\",\"isPartOf\":{\"@id\":\"https:\/\/www.gaveanews.com\/index.php\/2025\/03\/12\/a-declaracao-de-gabriel-grando-apos-a-classificacao-do-gremio\/\"},\"author\":{\"name\":\"Leandro Azevedo\",\"@id\":\"https:\/\/www.gaveanews.com\/#\/schema\/person\/2877169f354c4596cf5aab74ea7c56a8\"},\"headline\":\"A declara\u00e7\u00e3o de Gabriel Grando ap\u00f3s a classifica\u00e7\u00e3o do Gr\u00eamio\",\"datePublished\":\"2025-03-13T01:58:32+00:00\",\"dateModified\":\"2025-03-13T01:58:34+00:00\",\"mainEntityOfPage\":{\"@id\":\"https:\/\/www.gaveanews.com\/index.php\/2025\/03\/12\/a-declaracao-de-gabriel-grando-apos-a-classificacao-do-gremio\/\"},\"wordCount\":449,\"commentCount\":0,\"image\":{\"@id\":\"https:\/\/www.gaveanews.com\/index.php\/2025\/03\/12\/a-declaracao-de-gabriel-grando-apos-a-classificacao-do-gremio\/#primaryimage\"},\"thumbnailUrl\":\"https:\/\/www.gaveanews.com\/wp-content\/uploads\/Gabriel-Grando-apresentado-pelo-Cruzeiro.webp\",\"articleSection\":[\"Gr\u00eamio\"],\"inLanguage\":\"pt-BR\",\"potentialAction\":[{\"@type\":\"CommentAction\",\"name\":\"Comment\",\"target\":[\"https:\/\/www.gaveanews.com\/index.php\/2025\/03\/12\/a-declaracao-de-gabriel-grando-apos-a-classificacao-do-gremio\/#respond\"]}],\"copyrightYear\":\"2025\",\"copyrightHolder\":{\"@id\":\"https:\/\/www.gaveanews.com\/#organization\"}},{\"@type\":\"WebPage\",\"@id\":\"https:\/\/www.gaveanews.com\/index.php\/2025\/03\/12\/a-declaracao-de-gabriel-grando-apos-a-classificacao-do-gremio\/\",\"url\":\"https:\/\/www.gaveanews.com\/index.php\/2025\/03\/12\/a-declaracao-de-gabriel-grando-apos-a-classificacao-do-gremio\/\",\"name\":\"A declara\u00e7\u00e3o de Gabriel Grando ap\u00f3s a classifica\u00e7\u00e3o do Gr\u00eamio\",\"isPartOf\":{\"@id\":\"https:\/\/www.gaveanews.com\/#website\"},\"primaryImageOfPage\":{\"@id\":\"https:\/\/www.gaveanews.com\/index.php\/2025\/03\/12\/a-declaracao-de-gabriel-grando-apos-a-classificacao-do-gremio\/#primaryimage\"},\"image\":{\"@id\":\"https:\/\/www.gaveanews.com\/index.php\/2025\/03\/12\/a-declaracao-de-gabriel-grando-apos-a-classificacao-do-gremio\/#primaryimage\"},\"thumbnailUrl\":\"https:\/\/www.gaveanews.com\/wp-content\/uploads\/Gabriel-Grando-apresentado-pelo-Cruzeiro.webp\",\"datePublished\":\"2025-03-13T01:58:32+00:00\",\"dateModified\":\"2025-03-13T01:58:34+00:00\",\"author\":{\"@id\":\"https:\/\/www.gaveanews.com\/#\/schema\/person\/2877169f354c4596cf5aab74ea7c56a8\"},\"breadcrumb\":{\"@id\":\"https:\/\/www.gaveanews.com\/index.php\/2025\/03\/12\/a-declaracao-de-gabriel-grando-apos-a-classificacao-do-gremio\/#breadcrumb\"},\"inLanguage\":\"pt-BR\",\"potentialAction\":[{\"@type\":\"ReadAction\",\"target\":[\"https:\/\/www.gaveanews.com\/index.php\/2025\/03\/12\/a-declaracao-de-gabriel-grando-apos-a-classificacao-do-gremio\/\"]}]},{\"@type\":\"ImageObject\",\"inLanguage\":\"pt-BR\",\"@id\":\"https:\/\/www.gaveanews.com\/index.php\/2025\/03\/12\/a-declaracao-de-gabriel-grando-apos-a-classificacao-do-gremio\/#primaryimage\",\"url\":\"https:\/\/www.gaveanews.com\/wp-content\/uploads\/Gabriel-Grando-apresentado-pelo-Cruzeiro.webp\",\"contentUrl\":\"https:\/\/www.gaveanews.com\/wp-content\/uploads\/Gabriel-Grando-apresentado-pelo-Cruzeiro.webp\",\"width\":774,\"height\":516,\"caption\":\"Gabriel Grando apresentado pelo Cruzeiro (Foto: Gustavo Aleixo\/Cruzeiro)\"},{\"@type\":\"BreadcrumbList\",\"@id\":\"https:\/\/www.gaveanews.com\/index.php\/2025\/03\/12\/a-declaracao-de-gabriel-grando-apos-a-classificacao-do-gremio\/#breadcrumb\",\"itemListElement\":[{\"@type\":\"ListItem\",\"position\":1,\"name\":\"Home\",\"item\":\"https:\/\/www.gaveanews.com\/\"},{\"@type\":\"ListItem\",\"position\":2,\"name\":\"A declara\u00e7\u00e3o de Gabriel Grando ap\u00f3s a classifica\u00e7\u00e3o do Gr\u00eamio\"}]},{\"@type\":\"WebSite\",\"@id\":\"https:\/\/www.gaveanews.com\/#website\",\"url\":\"https:\/\/www.gaveanews.com\/\",\"name\":\"G\u00e1vea News\",\"description\":\"Veja todas as not\u00edcias sobre o Flamengo: Contrata\u00e7\u00f5es, categorias de base, resultados das partidas, tabela de classifica\u00e7\u00e3o, pr\u00f3ximos jogos!\",\"potentialAction\":[{\"@type\":\"SearchAction\",\"target\":{\"@type\":\"EntryPoint\",\"urlTemplate\":\"https:\/\/www.gaveanews.com\/?s={search_term_string}\"},\"query-input\":{\"@type\":\"PropertyValueSpecification\",\"valueRequired\":true,\"valueName\":\"search_term_string\"}}],\"inLanguage\":\"pt-BR\"},{\"@type\":\"Person\",\"@id\":\"https:\/\/www.gaveanews.com\/#\/schema\/person\/2877169f354c4596cf5aab74ea7c56a8\",\"name\":\"Leandro Azevedo\",\"image\":{\"@type\":\"ImageObject\",\"inLanguage\":\"pt-BR\",\"@id\":\"https:\/\/www.gaveanews.com\/#\/schema\/person\/image\/\",\"url\":\"https:\/\/secure.gravatar.com\/avatar\/e2f72eb6d986a41d592a85e4e36a6c6170e9ea8a1f433dfc29d0011a8968f89c?s=96&d=mm&r=g\",\"contentUrl\":\"https:\/\/secure.gravatar.com\/avatar\/e2f72eb6d986a41d592a85e4e36a6c6170e9ea8a1f433dfc29d0011a8968f89c?s=96&d=mm&r=g\",\"caption\":\"Leandro Azevedo\"}}]}<\/script>\n<!-- \/ Yoast SEO Premium plugin. -->","yoast_head_json":{"title":"A declara\u00e7\u00e3o de Gabriel Grando ap\u00f3s a classifica\u00e7\u00e3o do Gr\u00eamio","robots":{"index":"index","follow":"follow","max-snippet":"max-snippet:-1","max-image-preview":"max-image-preview:large","max-video-preview":"max-video-preview:-1"},"canonical":"https:\/\/www.gaveanews.com\/index.php\/2025\/03\/12\/a-declaracao-de-gabriel-grando-apos-a-classificacao-do-gremio\/","og_locale":"pt_BR","og_type":"article","og_title":"A declara\u00e7\u00e3o de Gabriel Grando ap\u00f3s a classifica\u00e7\u00e3o do Gr\u00eamio","og_description":"O Gr\u00eamio sofreu, mas garantiu a classifica\u00e7\u00e3o para a terceira fase da Copa do Brasil. Na noite desta quarta-feira, o Tricolor venceu o Athletic nos p\u00eanaltis, ap\u00f3s um empate por 3 a 3 no Est\u00e1dio Joaquim Portugal, em S\u00e3o Jo\u00e3o del Rei. Mesmo com um jogador a menos durante parte do segundo tempo, a equipe [&hellip;]","og_url":"https:\/\/www.gaveanews.com\/index.php\/2025\/03\/12\/a-declaracao-de-gabriel-grando-apos-a-classificacao-do-gremio\/","og_site_name":"G\u00e1vea News","article_publisher":"https:\/\/facebook.com\/gaveaNews\/","article_published_time":"2025-03-13T01:58:32+00:00","article_modified_time":"2025-03-13T01:58:34+00:00","og_image":[{"width":774,"height":516,"url":"http:\/\/www.gaveanews.com\/wp-content\/uploads\/Gabriel-Grando-apresentado-pelo-Cruzeiro.webp","type":"image\/jpeg"}],"author":"Leandro Azevedo","twitter_card":"summary_large_image","twitter_misc":{"Escrito por":"Leandro Azevedo","Est. tempo de leitura":"3 minutos"},"schema":{"@context":"https:\/\/schema.org","@graph":[{"@type":"NewsArticle","@id":"https:\/\/www.gaveanews.com\/index.php\/2025\/03\/12\/a-declaracao-de-gabriel-grando-apos-a-classificacao-do-gremio\/#article","isPartOf":{"@id":"https:\/\/www.gaveanews.com\/index.php\/2025\/03\/12\/a-declaracao-de-gabriel-grando-apos-a-classificacao-do-gremio\/"},"author":{"name":"Leandro Azevedo","@id":"https:\/\/www.gaveanews.com\/#\/schema\/person\/2877169f354c4596cf5aab74ea7c56a8"},"headline":"A declara\u00e7\u00e3o de Gabriel Grando ap\u00f3s a classifica\u00e7\u00e3o do Gr\u00eamio","datePublished":"2025-03-13T01:58:32+00:00","dateModified":"2025-03-13T01:58:34+00:00","mainEntityOfPage":{"@id":"https:\/\/www.gaveanews.com\/index.php\/2025\/03\/12\/a-declaracao-de-gabriel-grando-apos-a-classificacao-do-gremio\/"},"wordCount":449,"commentCount":0,"image":{"@id":"https:\/\/www.gaveanews.com\/index.php\/2025\/03\/12\/a-declaracao-de-gabriel-grando-apos-a-classificacao-do-gremio\/#primaryimage"},"thumbnailUrl":"https:\/\/www.gaveanews.com\/wp-content\/uploads\/Gabriel-Grando-apresentado-pelo-Cruzeiro.webp","articleSection":["Gr\u00eamio"],"inLanguage":"pt-BR","potentialAction":[{"@type":"CommentAction","name":"Comment","target":["https:\/\/www.gaveanews.com\/index.php\/2025\/03\/12\/a-declaracao-de-gabriel-grando-apos-a-classificacao-do-gremio\/#respond"]}],"copyrightYear":"2025","copyrightHolder":{"@id":"https:\/\/www.gaveanews.com\/#organization"}},{"@type":"WebPage","@id":"https:\/\/www.gaveanews.com\/index.php\/2025\/03\/12\/a-declaracao-de-gabriel-grando-apos-a-classificacao-do-gremio\/","url":"https:\/\/www.gaveanews.com\/index.php\/2025\/03\/12\/a-declaracao-de-gabriel-grando-apos-a-classificacao-do-gremio\/","name":"A declara\u00e7\u00e3o de Gabriel Grando ap\u00f3s a classifica\u00e7\u00e3o do Gr\u00eamio","isPartOf":{"@id":"https:\/\/www.gaveanews.com\/#website"},"primaryImageOfPage":{"@id":"https:\/\/www.gaveanews.com\/index.php\/2025\/03\/12\/a-declaracao-de-gabriel-grando-apos-a-classificacao-do-gremio\/#primaryimage"},"image":{"@id":"https:\/\/www.gaveanews.com\/index.php\/2025\/03\/12\/a-declaracao-de-gabriel-grando-apos-a-classificacao-do-gremio\/#primaryimage"},"thumbnailUrl":"https:\/\/www.gaveanews.com\/wp-content\/uploads\/Gabriel-Grando-apresentado-pelo-Cruzeiro.webp","datePublished":"2025-03-13T01:58:32+00:00","dateModified":"2025-03-13T01:58:34+00:00","author":{"@id":"https:\/\/www.gaveanews.com\/#\/schema\/person\/2877169f354c4596cf5aab74ea7c56a8"},"breadcrumb":{"@id":"https:\/\/www.gaveanews.com\/index.php\/2025\/03\/12\/a-declaracao-de-gabriel-grando-apos-a-classificacao-do-gremio\/#breadcrumb"},"inLanguage":"pt-BR","potentialAction":[{"@type":"ReadAction","target":["https:\/\/www.gaveanews.com\/index.php\/2025\/03\/12\/a-declaracao-de-gabriel-grando-apos-a-classificacao-do-gremio\/"]}]},{"@type":"ImageObject","inLanguage":"pt-BR","@id":"https:\/\/www.gaveanews.com\/index.php\/2025\/03\/12\/a-declaracao-de-gabriel-grando-apos-a-classificacao-do-gremio\/#primaryimage","url":"https:\/\/www.gaveanews.com\/wp-content\/uploads\/Gabriel-Grando-apresentado-pelo-Cruzeiro.webp","contentUrl":"https:\/\/www.gaveanews.com\/wp-content\/uploads\/Gabriel-Grando-apresentado-pelo-Cruzeiro.webp","width":774,"height":516,"caption":"Gabriel Grando apresentado pelo Cruzeiro (Foto: Gustavo Aleixo\/Cruzeiro)"},{"@type":"BreadcrumbList","@id":"https:\/\/www.gaveanews.com\/index.php\/2025\/03\/12\/a-declaracao-de-gabriel-grando-apos-a-classificacao-do-gremio\/#breadcrumb","itemListElement":[{"@type":"ListItem","position":1,"name":"Home","item":"https:\/\/www.gaveanews.com\/"},{"@type":"ListItem","position":2,"name":"A declara\u00e7\u00e3o de Gabriel Grando ap\u00f3s a classifica\u00e7\u00e3o do Gr\u00eamio"}]},{"@type":"WebSite","@id":"https:\/\/www.gaveanews.com\/#website","url":"https:\/\/www.gaveanews.com\/","name":"G\u00e1vea News","description":"Veja todas as not\u00edcias sobre o Flamengo: Contrata\u00e7\u00f5es, categorias de base, resultados das partidas, tabela de classifica\u00e7\u00e3o, pr\u00f3ximos jogos!","potentialAction":[{"@type":"SearchAction","target":{"@type":"EntryPoint","urlTemplate":"https:\/\/www.gaveanews.com\/?s={search_term_string}"},"query-input":{"@type":"PropertyValueSpecification","valueRequired":true,"valueName":"search_term_string"}}],"inLanguage":"pt-BR"},{"@type":"Person","@id":"https:\/\/www.gaveanews.com\/#\/schema\/person\/2877169f354c4596cf5aab74ea7c56a8","name":"Leandro Azevedo","image":{"@type":"ImageObject","inLanguage":"pt-BR","@id":"https:\/\/www.gaveanews.com\/#\/schema\/person\/image\/","url":"https:\/\/secure.gravatar.com\/avatar\/e2f72eb6d986a41d592a85e4e36a6c6170e9ea8a1f433dfc29d0011a8968f89c?s=96&d=mm&r=g","contentUrl":"https:\/\/secure.gravatar.com\/avatar\/e2f72eb6d986a41d592a85e4e36a6c6170e9ea8a1f433dfc29d0011a8968f89c?s=96&d=mm&r=g","caption":"Leandro Azevedo"}}]}},"_links":{"self":[{"href":"https:\/\/www.gaveanews.com\/index.php\/wp-json\/wp\/v2\/posts\/239345","targetHints":{"allow":["GET"]}}],"collection":[{"href":"https:\/\/www.gaveanews.com\/index.php\/wp-json\/wp\/v2\/posts"}],"about":[{"href":"https:\/\/www.gaveanews.com\/index.php\/wp-json\/wp\/v2\/types\/post"}],"author":[{"embeddable":true,"href":"https:\/\/www.gaveanews.com\/index.php\/wp-json\/wp\/v2\/users\/23"}],"replies":[{"embeddable":true,"href":"https:\/\/www.gaveanews.com\/index.php\/wp-json\/wp\/v2\/comments?post=239345"}],"version-history":[{"count":1,"href":"https:\/\/www.gaveanews.com\/index.php\/wp-json\/wp\/v2\/posts\/239345\/revisions"}],"predecessor-version":[{"id":239346,"href":"https:\/\/www.gaveanews.com\/index.php\/wp-json\/wp\/v2\/posts\/239345\/revisions\/239346"}],"wp:featuredmedia":[{"embeddable":true,"href":"https:\/\/www.gaveanews.com\/index.php\/wp-json\/wp\/v2\/media\/166449"}],"wp:attachment":[{"href":"https:\/\/www.gaveanews.com\/index.php\/wp-json\/wp\/v2\/media?parent=239345"}],"wp:term":[{"taxonomy":"category","embeddable":true,"href":"https:\/\/www.gaveanews.com\/index.php\/wp-json\/wp\/v2\/categories?post=239345"},{"taxonomy":"post_tag","embeddable":true,"href":"https:\/\/www.gaveanews.com\/index.php\/wp-json\/wp\/v2\/tags?post=239345"}],"curies":[{"name":"wp","href":"https:\/\/api.w.org\/{rel}","templated":true}]}}