{"id":239370,"date":"2025-03-13T00:15:08","date_gmt":"2025-03-13T03:15:08","guid":{"rendered":"https:\/\/www.gaveanews.com\/?p=239370"},"modified":"2025-03-13T00:15:11","modified_gmt":"2025-03-13T03:15:11","slug":"flamengo-a-declaracao-de-filipe-luis-sobre-gonzalo-plata-e-ayrton-lucas","status":"publish","type":"post","link":"https:\/\/www.gaveanews.com\/index.php\/2025\/03\/13\/flamengo-a-declaracao-de-filipe-luis-sobre-gonzalo-plata-e-ayrton-lucas\/","title":{"rendered":"Flamengo: a declara\u00e7\u00e3o de Filipe Lu\u00eds sobre Gonzalo Plata e Ayrton Lucas"},"content":{"rendered":"\n<p>O Flamengo venceu o Fluminense por 2 a 1, nesta quarta-feira (12), pelo primeiro jogo da grande final do Campeonato Carioca. O placar garante ao Rubro-Negro uma vantagem para o duelo da volta, que ser\u00e1 realizado no domingo (16).<\/p>\n\n\n\n<p>Ao final do confronto, como de praxe, Filipe Lu\u00eds concedeu entrevista coletiva e analisou o embate. Ele tamb\u00e9m foi questionado sobre Gonzalo Plara, que preocupou ao demonstrar ter sentido um inc\u00f4modo. O treinador, no entanto, tranquilizou a todos sobre a situa\u00e7\u00e3o do atacante.<\/p>\n\n\n\n<p>&#8220;O Plata teve c\u00e2imbras, apenas. O que eu pe\u00e7o \u00e9 um esfor\u00e7o muito grande para pressionar, correr, voltar para marcar, dar op\u00e7\u00e3o, atacar o espa\u00e7o. S\u00e3o muitas coisas que exigem muito fisicamente. Desde que eu entrei aqui convivi com esses problemas f\u00edsicos. Nunca foi desculpa. O elenco \u00e9 altamente qualificado e a reposi\u00e7\u00e3o \u00e9 \u00e0 altura para vencer os jogos. O time est\u00e1 bem fisicamente, os problemas acontecem, mas at\u00e9 o Brasileir\u00e3o s\u00e3o duas semanas e temos tempo para chegar em perfeitas condi\u00e7\u00f5es&#8221;, pontuou.<\/p>\n\n\n\n<p>Ainda no assunto sobre quest\u00f5es f\u00edsicas, Filipe tamb\u00e9m falou sobre Ayrton Lucas, que estava entre os relacionados, mas n\u00e3o foi utilizado.<\/p>\n\n\n\n<p>&#8220;Ele est\u00e1 com um inc\u00f4modo no joelho que limita a forma dele desempenhar. Est\u00e1 fazendo um esfor\u00e7o grande para a equipe e enquanto eu puder preserva-lo, melhor. Mas se precisar eu vou utilizar&#8221;, disse.<\/p>\n\n\n\n<p>Com a vit\u00f3ria, o Flamengo construiu uma singela vantagem para o jogo da volta, que como citado anteriormente, ser\u00e1 disputado no pr\u00f3ximo domingo, dia 16 de mar\u00e7o. Nesta quarta (12), o mando de campo foi do Fluminense, e portanto, o embate decisivo ter\u00e1 mando rubro-negro.<\/p>\n\n\n\n<p>Apesar dos mandos para as partidas, o quesito n\u00e3o \u00e9 crit\u00e9rio desempate. Ou seja, caso o Fluminense ven\u00e7a o pr\u00f3ximo jogo por um gol de diferen\u00e7a, a decis\u00e3o ser\u00e1 disputada nos p\u00eanaltis, sem vantagem para nenhuma equipe. A bola vai rolar \u00e0s 16h (de Bras\u00edlia).<\/p>\n","protected":false},"excerpt":{"rendered":"<p>O Flamengo venceu o Fluminense por 2 a 1, nesta quarta-feira (12), pelo primeiro jogo da grande final do Campeonato Carioca. O placar garante ao Rubro-Negro uma vantagem para o duelo da volta, que ser\u00e1 realizado no domingo (16). Ao final do confronto, como de praxe, Filipe Lu\u00eds concedeu entrevista coletiva e analisou o embate. [&hellip;]<\/p>\n","protected":false},"author":18,"featured_media":171103,"comment_status":"open","ping_status":"closed","sticky":false,"template":"","format":"standard","meta":{"footnotes":""},"categories":[1],"tags":[],"class_list":["post-239370","post","type-post","status-publish","format-standard","has-post-thumbnail","hentry","category-flamengo"],"yoast_head":"<!-- This site is optimized with the Yoast SEO Premium plugin v24.2 (Yoast SEO v26.9) - https:\/\/yoast.com\/product\/yoast-seo-premium-wordpress\/ -->\n<title>Flamengo: a declara\u00e7\u00e3o de Filipe Lu\u00eds sobre Gonzalo Plata e Ayrton Lucas<\/title>\n<meta name=\"robots\" content=\"index, follow, max-snippet:-1, max-image-preview:large, max-video-preview:-1\" \/>\n<link rel=\"canonical\" href=\"https:\/\/www.gaveanews.com\/index.php\/2025\/03\/13\/flamengo-a-declaracao-de-filipe-luis-sobre-gonzalo-plata-e-ayrton-lucas\/\" \/>\n<meta property=\"og:locale\" content=\"pt_BR\" \/>\n<meta property=\"og:type\" content=\"article\" \/>\n<meta property=\"og:title\" content=\"Flamengo: a declara\u00e7\u00e3o de Filipe Lu\u00eds sobre Gonzalo Plata e Ayrton Lucas\" \/>\n<meta property=\"og:description\" content=\"O Flamengo venceu o Fluminense por 2 a 1, nesta quarta-feira (12), pelo primeiro jogo da grande final do Campeonato Carioca. O placar garante ao Rubro-Negro uma vantagem para o duelo da volta, que ser\u00e1 realizado no domingo (16). Ao final do confronto, como de praxe, Filipe Lu\u00eds concedeu entrevista coletiva e analisou o embate. [&hellip;]\" \/>\n<meta property=\"og:url\" content=\"https:\/\/www.gaveanews.com\/index.php\/2025\/03\/13\/flamengo-a-declaracao-de-filipe-luis-sobre-gonzalo-plata-e-ayrton-lucas\/\" \/>\n<meta property=\"og:site_name\" content=\"G\u00e1vea News\" \/>\n<meta property=\"article:publisher\" content=\"https:\/\/facebook.com\/gaveaNews\/\" \/>\n<meta property=\"article:published_time\" content=\"2025-03-13T03:15:08+00:00\" \/>\n<meta property=\"article:modified_time\" content=\"2025-03-13T03:15:11+00:00\" \/>\n<meta property=\"og:image\" content=\"http:\/\/www.gaveanews.com\/wp-content\/uploads\/Filipe-Luis-durante-jogo-entre-Flamengo-e-Corinthians-pela-semifinal-da-Copa-do-Brasil-no-Maracana.webp\" \/>\n\t<meta property=\"og:image:width\" content=\"742\" \/>\n\t<meta property=\"og:image:height\" content=\"493\" \/>\n\t<meta property=\"og:image:type\" content=\"image\/jpeg\" \/>\n<meta name=\"author\" content=\"Paula Silva\" \/>\n<meta name=\"twitter:card\" content=\"summary_large_image\" \/>\n<meta name=\"twitter:label1\" content=\"Escrito por\" \/>\n\t<meta name=\"twitter:data1\" content=\"Paula Silva\" \/>\n\t<meta name=\"twitter:label2\" content=\"Est. tempo de leitura\" \/>\n\t<meta name=\"twitter:data2\" content=\"2 minutos\" \/>\n<script type=\"application\/ld+json\" class=\"yoast-schema-graph\">{\"@context\":\"https:\/\/schema.org\",\"@graph\":[{\"@type\":\"NewsArticle\",\"@id\":\"https:\/\/www.gaveanews.com\/index.php\/2025\/03\/13\/flamengo-a-declaracao-de-filipe-luis-sobre-gonzalo-plata-e-ayrton-lucas\/#article\",\"isPartOf\":{\"@id\":\"https:\/\/www.gaveanews.com\/index.php\/2025\/03\/13\/flamengo-a-declaracao-de-filipe-luis-sobre-gonzalo-plata-e-ayrton-lucas\/\"},\"author\":{\"name\":\"Paula Silva\",\"@id\":\"https:\/\/www.gaveanews.com\/#\/schema\/person\/daf63eec72e1164eb13dc35096c2b8da\"},\"headline\":\"Flamengo: a declara\u00e7\u00e3o de Filipe Lu\u00eds sobre Gonzalo Plata e Ayrton Lucas\",\"datePublished\":\"2025-03-13T03:15:08+00:00\",\"dateModified\":\"2025-03-13T03:15:11+00:00\",\"mainEntityOfPage\":{\"@id\":\"https:\/\/www.gaveanews.com\/index.php\/2025\/03\/13\/flamengo-a-declaracao-de-filipe-luis-sobre-gonzalo-plata-e-ayrton-lucas\/\"},\"wordCount\":346,\"commentCount\":0,\"image\":{\"@id\":\"https:\/\/www.gaveanews.com\/index.php\/2025\/03\/13\/flamengo-a-declaracao-de-filipe-luis-sobre-gonzalo-plata-e-ayrton-lucas\/#primaryimage\"},\"thumbnailUrl\":\"https:\/\/www.gaveanews.com\/wp-content\/uploads\/Filipe-Luis-durante-jogo-entre-Flamengo-e-Corinthians-pela-semifinal-da-Copa-do-Brasil-no-Maracana.webp\",\"articleSection\":[\"Flamengo\"],\"inLanguage\":\"pt-BR\",\"potentialAction\":[{\"@type\":\"CommentAction\",\"name\":\"Comment\",\"target\":[\"https:\/\/www.gaveanews.com\/index.php\/2025\/03\/13\/flamengo-a-declaracao-de-filipe-luis-sobre-gonzalo-plata-e-ayrton-lucas\/#respond\"]}],\"copyrightYear\":\"2025\",\"copyrightHolder\":{\"@id\":\"https:\/\/www.gaveanews.com\/#organization\"}},{\"@type\":\"WebPage\",\"@id\":\"https:\/\/www.gaveanews.com\/index.php\/2025\/03\/13\/flamengo-a-declaracao-de-filipe-luis-sobre-gonzalo-plata-e-ayrton-lucas\/\",\"url\":\"https:\/\/www.gaveanews.com\/index.php\/2025\/03\/13\/flamengo-a-declaracao-de-filipe-luis-sobre-gonzalo-plata-e-ayrton-lucas\/\",\"name\":\"Flamengo: a declara\u00e7\u00e3o de Filipe Lu\u00eds sobre Gonzalo Plata e Ayrton Lucas\",\"isPartOf\":{\"@id\":\"https:\/\/www.gaveanews.com\/#website\"},\"primaryImageOfPage\":{\"@id\":\"https:\/\/www.gaveanews.com\/index.php\/2025\/03\/13\/flamengo-a-declaracao-de-filipe-luis-sobre-gonzalo-plata-e-ayrton-lucas\/#primaryimage\"},\"image\":{\"@id\":\"https:\/\/www.gaveanews.com\/index.php\/2025\/03\/13\/flamengo-a-declaracao-de-filipe-luis-sobre-gonzalo-plata-e-ayrton-lucas\/#primaryimage\"},\"thumbnailUrl\":\"https:\/\/www.gaveanews.com\/wp-content\/uploads\/Filipe-Luis-durante-jogo-entre-Flamengo-e-Corinthians-pela-semifinal-da-Copa-do-Brasil-no-Maracana.webp\",\"datePublished\":\"2025-03-13T03:15:08+00:00\",\"dateModified\":\"2025-03-13T03:15:11+00:00\",\"author\":{\"@id\":\"https:\/\/www.gaveanews.com\/#\/schema\/person\/daf63eec72e1164eb13dc35096c2b8da\"},\"breadcrumb\":{\"@id\":\"https:\/\/www.gaveanews.com\/index.php\/2025\/03\/13\/flamengo-a-declaracao-de-filipe-luis-sobre-gonzalo-plata-e-ayrton-lucas\/#breadcrumb\"},\"inLanguage\":\"pt-BR\",\"potentialAction\":[{\"@type\":\"ReadAction\",\"target\":[\"https:\/\/www.gaveanews.com\/index.php\/2025\/03\/13\/flamengo-a-declaracao-de-filipe-luis-sobre-gonzalo-plata-e-ayrton-lucas\/\"]}]},{\"@type\":\"ImageObject\",\"inLanguage\":\"pt-BR\",\"@id\":\"https:\/\/www.gaveanews.com\/index.php\/2025\/03\/13\/flamengo-a-declaracao-de-filipe-luis-sobre-gonzalo-plata-e-ayrton-lucas\/#primaryimage\",\"url\":\"https:\/\/www.gaveanews.com\/wp-content\/uploads\/Filipe-Luis-durante-jogo-entre-Flamengo-e-Corinthians-pela-semifinal-da-Copa-do-Brasil-no-Maracana.webp\",\"contentUrl\":\"https:\/\/www.gaveanews.com\/wp-content\/uploads\/Filipe-Luis-durante-jogo-entre-Flamengo-e-Corinthians-pela-semifinal-da-Copa-do-Brasil-no-Maracana.webp\",\"width\":742,\"height\":493,\"caption\":\"Filipe Lu\u00eds durante jogo entre Flamengo e Corinthians, pela semifinal da Copa do Brasil, no Maracan\u00e3 (Foto: Gilvan de Souza\/Flamengo)\"},{\"@type\":\"BreadcrumbList\",\"@id\":\"https:\/\/www.gaveanews.com\/index.php\/2025\/03\/13\/flamengo-a-declaracao-de-filipe-luis-sobre-gonzalo-plata-e-ayrton-lucas\/#breadcrumb\",\"itemListElement\":[{\"@type\":\"ListItem\",\"position\":1,\"name\":\"Home\",\"item\":\"https:\/\/www.gaveanews.com\/\"},{\"@type\":\"ListItem\",\"position\":2,\"name\":\"Flamengo: a declara\u00e7\u00e3o de Filipe Lu\u00eds sobre Gonzalo Plata e Ayrton Lucas\"}]},{\"@type\":\"WebSite\",\"@id\":\"https:\/\/www.gaveanews.com\/#website\",\"url\":\"https:\/\/www.gaveanews.com\/\",\"name\":\"G\u00e1vea News\",\"description\":\"Veja todas as not\u00edcias sobre o Flamengo: Contrata\u00e7\u00f5es, categorias de base, resultados das partidas, tabela de classifica\u00e7\u00e3o, pr\u00f3ximos jogos!\",\"potentialAction\":[{\"@type\":\"SearchAction\",\"target\":{\"@type\":\"EntryPoint\",\"urlTemplate\":\"https:\/\/www.gaveanews.com\/?s={search_term_string}\"},\"query-input\":{\"@type\":\"PropertyValueSpecification\",\"valueRequired\":true,\"valueName\":\"search_term_string\"}}],\"inLanguage\":\"pt-BR\"},{\"@type\":\"Person\",\"@id\":\"https:\/\/www.gaveanews.com\/#\/schema\/person\/daf63eec72e1164eb13dc35096c2b8da\",\"name\":\"Paula Silva\",\"image\":{\"@type\":\"ImageObject\",\"inLanguage\":\"pt-BR\",\"@id\":\"https:\/\/www.gaveanews.com\/#\/schema\/person\/image\/\",\"url\":\"https:\/\/secure.gravatar.com\/avatar\/eda381c845527cc5d64c13b901833cda29d97500ba040d3e6461f76f51d163bb?s=96&d=mm&r=g\",\"contentUrl\":\"https:\/\/secure.gravatar.com\/avatar\/eda381c845527cc5d64c13b901833cda29d97500ba040d3e6461f76f51d163bb?s=96&d=mm&r=g\",\"caption\":\"Paula Silva\"}}]}<\/script>\n<!-- \/ Yoast SEO Premium plugin. -->","yoast_head_json":{"title":"Flamengo: a declara\u00e7\u00e3o de Filipe Lu\u00eds sobre Gonzalo Plata e Ayrton Lucas","robots":{"index":"index","follow":"follow","max-snippet":"max-snippet:-1","max-image-preview":"max-image-preview:large","max-video-preview":"max-video-preview:-1"},"canonical":"https:\/\/www.gaveanews.com\/index.php\/2025\/03\/13\/flamengo-a-declaracao-de-filipe-luis-sobre-gonzalo-plata-e-ayrton-lucas\/","og_locale":"pt_BR","og_type":"article","og_title":"Flamengo: a declara\u00e7\u00e3o de Filipe Lu\u00eds sobre Gonzalo Plata e Ayrton Lucas","og_description":"O Flamengo venceu o Fluminense por 2 a 1, nesta quarta-feira (12), pelo primeiro jogo da grande final do Campeonato Carioca. O placar garante ao Rubro-Negro uma vantagem para o duelo da volta, que ser\u00e1 realizado no domingo (16). Ao final do confronto, como de praxe, Filipe Lu\u00eds concedeu entrevista coletiva e analisou o embate. [&hellip;]","og_url":"https:\/\/www.gaveanews.com\/index.php\/2025\/03\/13\/flamengo-a-declaracao-de-filipe-luis-sobre-gonzalo-plata-e-ayrton-lucas\/","og_site_name":"G\u00e1vea News","article_publisher":"https:\/\/facebook.com\/gaveaNews\/","article_published_time":"2025-03-13T03:15:08+00:00","article_modified_time":"2025-03-13T03:15:11+00:00","og_image":[{"width":742,"height":493,"url":"http:\/\/www.gaveanews.com\/wp-content\/uploads\/Filipe-Luis-durante-jogo-entre-Flamengo-e-Corinthians-pela-semifinal-da-Copa-do-Brasil-no-Maracana.webp","type":"image\/jpeg"}],"author":"Paula Silva","twitter_card":"summary_large_image","twitter_misc":{"Escrito por":"Paula Silva","Est. tempo de leitura":"2 minutos"},"schema":{"@context":"https:\/\/schema.org","@graph":[{"@type":"NewsArticle","@id":"https:\/\/www.gaveanews.com\/index.php\/2025\/03\/13\/flamengo-a-declaracao-de-filipe-luis-sobre-gonzalo-plata-e-ayrton-lucas\/#article","isPartOf":{"@id":"https:\/\/www.gaveanews.com\/index.php\/2025\/03\/13\/flamengo-a-declaracao-de-filipe-luis-sobre-gonzalo-plata-e-ayrton-lucas\/"},"author":{"name":"Paula Silva","@id":"https:\/\/www.gaveanews.com\/#\/schema\/person\/daf63eec72e1164eb13dc35096c2b8da"},"headline":"Flamengo: a declara\u00e7\u00e3o de Filipe Lu\u00eds sobre Gonzalo Plata e Ayrton Lucas","datePublished":"2025-03-13T03:15:08+00:00","dateModified":"2025-03-13T03:15:11+00:00","mainEntityOfPage":{"@id":"https:\/\/www.gaveanews.com\/index.php\/2025\/03\/13\/flamengo-a-declaracao-de-filipe-luis-sobre-gonzalo-plata-e-ayrton-lucas\/"},"wordCount":346,"commentCount":0,"image":{"@id":"https:\/\/www.gaveanews.com\/index.php\/2025\/03\/13\/flamengo-a-declaracao-de-filipe-luis-sobre-gonzalo-plata-e-ayrton-lucas\/#primaryimage"},"thumbnailUrl":"https:\/\/www.gaveanews.com\/wp-content\/uploads\/Filipe-Luis-durante-jogo-entre-Flamengo-e-Corinthians-pela-semifinal-da-Copa-do-Brasil-no-Maracana.webp","articleSection":["Flamengo"],"inLanguage":"pt-BR","potentialAction":[{"@type":"CommentAction","name":"Comment","target":["https:\/\/www.gaveanews.com\/index.php\/2025\/03\/13\/flamengo-a-declaracao-de-filipe-luis-sobre-gonzalo-plata-e-ayrton-lucas\/#respond"]}],"copyrightYear":"2025","copyrightHolder":{"@id":"https:\/\/www.gaveanews.com\/#organization"}},{"@type":"WebPage","@id":"https:\/\/www.gaveanews.com\/index.php\/2025\/03\/13\/flamengo-a-declaracao-de-filipe-luis-sobre-gonzalo-plata-e-ayrton-lucas\/","url":"https:\/\/www.gaveanews.com\/index.php\/2025\/03\/13\/flamengo-a-declaracao-de-filipe-luis-sobre-gonzalo-plata-e-ayrton-lucas\/","name":"Flamengo: a declara\u00e7\u00e3o de Filipe Lu\u00eds sobre Gonzalo Plata e Ayrton Lucas","isPartOf":{"@id":"https:\/\/www.gaveanews.com\/#website"},"primaryImageOfPage":{"@id":"https:\/\/www.gaveanews.com\/index.php\/2025\/03\/13\/flamengo-a-declaracao-de-filipe-luis-sobre-gonzalo-plata-e-ayrton-lucas\/#primaryimage"},"image":{"@id":"https:\/\/www.gaveanews.com\/index.php\/2025\/03\/13\/flamengo-a-declaracao-de-filipe-luis-sobre-gonzalo-plata-e-ayrton-lucas\/#primaryimage"},"thumbnailUrl":"https:\/\/www.gaveanews.com\/wp-content\/uploads\/Filipe-Luis-durante-jogo-entre-Flamengo-e-Corinthians-pela-semifinal-da-Copa-do-Brasil-no-Maracana.webp","datePublished":"2025-03-13T03:15:08+00:00","dateModified":"2025-03-13T03:15:11+00:00","author":{"@id":"https:\/\/www.gaveanews.com\/#\/schema\/person\/daf63eec72e1164eb13dc35096c2b8da"},"breadcrumb":{"@id":"https:\/\/www.gaveanews.com\/index.php\/2025\/03\/13\/flamengo-a-declaracao-de-filipe-luis-sobre-gonzalo-plata-e-ayrton-lucas\/#breadcrumb"},"inLanguage":"pt-BR","potentialAction":[{"@type":"ReadAction","target":["https:\/\/www.gaveanews.com\/index.php\/2025\/03\/13\/flamengo-a-declaracao-de-filipe-luis-sobre-gonzalo-plata-e-ayrton-lucas\/"]}]},{"@type":"ImageObject","inLanguage":"pt-BR","@id":"https:\/\/www.gaveanews.com\/index.php\/2025\/03\/13\/flamengo-a-declaracao-de-filipe-luis-sobre-gonzalo-plata-e-ayrton-lucas\/#primaryimage","url":"https:\/\/www.gaveanews.com\/wp-content\/uploads\/Filipe-Luis-durante-jogo-entre-Flamengo-e-Corinthians-pela-semifinal-da-Copa-do-Brasil-no-Maracana.webp","contentUrl":"https:\/\/www.gaveanews.com\/wp-content\/uploads\/Filipe-Luis-durante-jogo-entre-Flamengo-e-Corinthians-pela-semifinal-da-Copa-do-Brasil-no-Maracana.webp","width":742,"height":493,"caption":"Filipe Lu\u00eds durante jogo entre Flamengo e Corinthians, pela semifinal da Copa do Brasil, no Maracan\u00e3 (Foto: Gilvan de Souza\/Flamengo)"},{"@type":"BreadcrumbList","@id":"https:\/\/www.gaveanews.com\/index.php\/2025\/03\/13\/flamengo-a-declaracao-de-filipe-luis-sobre-gonzalo-plata-e-ayrton-lucas\/#breadcrumb","itemListElement":[{"@type":"ListItem","position":1,"name":"Home","item":"https:\/\/www.gaveanews.com\/"},{"@type":"ListItem","position":2,"name":"Flamengo: a declara\u00e7\u00e3o de Filipe Lu\u00eds sobre Gonzalo Plata e Ayrton Lucas"}]},{"@type":"WebSite","@id":"https:\/\/www.gaveanews.com\/#website","url":"https:\/\/www.gaveanews.com\/","name":"G\u00e1vea News","description":"Veja todas as not\u00edcias sobre o Flamengo: Contrata\u00e7\u00f5es, categorias de base, resultados das partidas, tabela de classifica\u00e7\u00e3o, pr\u00f3ximos jogos!","potentialAction":[{"@type":"SearchAction","target":{"@type":"EntryPoint","urlTemplate":"https:\/\/www.gaveanews.com\/?s={search_term_string}"},"query-input":{"@type":"PropertyValueSpecification","valueRequired":true,"valueName":"search_term_string"}}],"inLanguage":"pt-BR"},{"@type":"Person","@id":"https:\/\/www.gaveanews.com\/#\/schema\/person\/daf63eec72e1164eb13dc35096c2b8da","name":"Paula Silva","image":{"@type":"ImageObject","inLanguage":"pt-BR","@id":"https:\/\/www.gaveanews.com\/#\/schema\/person\/image\/","url":"https:\/\/secure.gravatar.com\/avatar\/eda381c845527cc5d64c13b901833cda29d97500ba040d3e6461f76f51d163bb?s=96&d=mm&r=g","contentUrl":"https:\/\/secure.gravatar.com\/avatar\/eda381c845527cc5d64c13b901833cda29d97500ba040d3e6461f76f51d163bb?s=96&d=mm&r=g","caption":"Paula Silva"}}]}},"_links":{"self":[{"href":"https:\/\/www.gaveanews.com\/index.php\/wp-json\/wp\/v2\/posts\/239370","targetHints":{"allow":["GET"]}}],"collection":[{"href":"https:\/\/www.gaveanews.com\/index.php\/wp-json\/wp\/v2\/posts"}],"about":[{"href":"https:\/\/www.gaveanews.com\/index.php\/wp-json\/wp\/v2\/types\/post"}],"author":[{"embeddable":true,"href":"https:\/\/www.gaveanews.com\/index.php\/wp-json\/wp\/v2\/users\/18"}],"replies":[{"embeddable":true,"href":"https:\/\/www.gaveanews.com\/index.php\/wp-json\/wp\/v2\/comments?post=239370"}],"version-history":[{"count":1,"href":"https:\/\/www.gaveanews.com\/index.php\/wp-json\/wp\/v2\/posts\/239370\/revisions"}],"predecessor-version":[{"id":239371,"href":"https:\/\/www.gaveanews.com\/index.php\/wp-json\/wp\/v2\/posts\/239370\/revisions\/239371"}],"wp:featuredmedia":[{"embeddable":true,"href":"https:\/\/www.gaveanews.com\/index.php\/wp-json\/wp\/v2\/media\/171103"}],"wp:attachment":[{"href":"https:\/\/www.gaveanews.com\/index.php\/wp-json\/wp\/v2\/media?parent=239370"}],"wp:term":[{"taxonomy":"category","embeddable":true,"href":"https:\/\/www.gaveanews.com\/index.php\/wp-json\/wp\/v2\/categories?post=239370"},{"taxonomy":"post_tag","embeddable":true,"href":"https:\/\/www.gaveanews.com\/index.php\/wp-json\/wp\/v2\/tags?post=239370"}],"curies":[{"name":"wp","href":"https:\/\/api.w.org\/{rel}","templated":true}]}}