{"id":239372,"date":"2025-03-13T00:20:06","date_gmt":"2025-03-13T03:20:06","guid":{"rendered":"https:\/\/www.gaveanews.com\/?p=239372"},"modified":"2025-03-13T00:20:10","modified_gmt":"2025-03-13T03:20:10","slug":"fluminense-x-flamengo-a-declaracao-de-filipe-luis-2","status":"publish","type":"post","link":"https:\/\/www.gaveanews.com\/index.php\/2025\/03\/13\/fluminense-x-flamengo-a-declaracao-de-filipe-luis-2\/","title":{"rendered":"Fluminense x Flamengo: a declara\u00e7\u00e3o de Filipe Lu\u00eds"},"content":{"rendered":"\n<p>Nesta quarta-feira (12), Flamengo e Fluminense se enfrentaram no primeiro jogo da grande final do Campeonato Carioca. O Rubro-Negro venceu o embate por 2 a 1 e garantiu uma sutil vantagem para o duelo da volta, que ser\u00e1 realizado no domingo (16).<\/p>\n\n\n\n<p>Ao final do cl\u00e1ssico, o t\u00e9cnico Filipe Lu\u00eds concedeu entrevista coletiva, analisou o embate e pontuou coisas importantes sobre a partida, j\u00e1 pensando no jogo da volta.<\/p>\n\n\n\n<p>&#8220;Primeiro tempo come\u00e7amos muito bem, fizemos o gol e baixamos o ritmo. Aceleramos quando n\u00e3o tinha, perdemos bolas e entramos num jogo de transi\u00e7\u00e3o e cansasse. O advers\u00e1rio joga e ali tem grandes jogadores e um goleira\u00e7o. A sa\u00edda de bola do Fluminense \u00e9 muito boa. O Thiago Silva eleva o n\u00edvel. O Ot\u00e1vio melhorou o meio do Flu. \u00c9 dif\u00edcil tirar a bola deles. Eles sabem jogar. Mas sofremos pouco e no segundo tempo voltamos com outra postura, dominamos as a\u00e7\u00f5es, tivemos chances de fazer outros gols e o advers\u00e1rio fez gol no final. Est\u00e1 aberto assim como estaria se fosse 2&#215;0. O respeito da minha parte \u00e9 m\u00e1ximo&#8221;, iniciou.<\/p>\n\n\n\n<p>Filipe tamb\u00e9m relembrou a semifinal contra o Vasco e pontuou as diferen\u00e7as entre os advers\u00e1rios. Em resumo, o t\u00e9cnico rubro-negro falou muito em &#8216;respeito ao advers\u00e1rio&#8217; pensando na decis\u00e3o.<\/p>\n\n\n\n<p>&#8220;Dominamos a semifinal contra o Vasco, mas n\u00e3o foram goleadas. Espera sempre que o Flamengo goleie, mas n\u00e3o \u00e9 f\u00e1cil o que os jogadores est\u00e3o fazendo. Mantendo o n\u00edvel de ambi\u00e7\u00e3o e esse grupo tem muita fome. O Fluminense \u00e9 muito qualificado, se refor\u00e7ou bem, tem um treinador que estava na sele\u00e7\u00e3o, tem um goleiro que eu acho que \u00e9 o melhor do Brasil ou um dos melhores. Tentamos jogar, continuar construindo, mas o Fluminense tem qualidade e criou a chance para fazer o gol. Foi uma grande vit\u00f3ria e nos d\u00e1 uma leve vantagem para o jogo de volta. Sabendo como \u00e9 cl\u00e1ssico, sabendo o que vivi em 2023 e eu n\u00e3o subestimo o Fluminense. Temos que respeitar para ser campe\u00e3o&#8221;.<\/p>\n\n\n\n<p>Com a vit\u00f3ria, o Flamengo tem vantagem para o jogo da volta, que como citado anteriormente, ser\u00e1 disputado no pr\u00f3ximo domingo, dia 16 de mar\u00e7o. Nesta quarta (12), o mando de campo foi do Fluminense, e portanto, o embate decisivo ter\u00e1 mando rubro-negro.<\/p>\n\n\n\n<p>Apesar dos mandos para as partidas, o quesito n\u00e3o \u00e9 crit\u00e9rio desempate. Ou seja, caso o Fluminense ven\u00e7a o pr\u00f3ximo jogo por um gol de diferen\u00e7a, a decis\u00e3o ser\u00e1 disputada nos p\u00eanaltis, sem vantagem para nenhuma equipe. A bola vai rolar \u00e0s 16h (de Bras\u00edlia).<\/p>\n","protected":false},"excerpt":{"rendered":"<p>Nesta quarta-feira (12), Flamengo e Fluminense se enfrentaram no primeiro jogo da grande final do Campeonato Carioca. O Rubro-Negro venceu o embate por 2 a 1 e garantiu uma sutil vantagem para o duelo da volta, que ser\u00e1 realizado no domingo (16). Ao final do cl\u00e1ssico, o t\u00e9cnico Filipe Lu\u00eds concedeu entrevista coletiva, analisou o [&hellip;]<\/p>\n","protected":false},"author":18,"featured_media":171213,"comment_status":"open","ping_status":"closed","sticky":false,"template":"","format":"standard","meta":{"footnotes":""},"categories":[1,145],"tags":[],"class_list":["post-239372","post","type-post","status-publish","format-standard","has-post-thumbnail","hentry","category-flamengo","category-fluminense"],"yoast_head":"<!-- This site is optimized with the Yoast SEO Premium plugin v24.2 (Yoast SEO v26.9) - https:\/\/yoast.com\/product\/yoast-seo-premium-wordpress\/ -->\n<title>Fluminense x Flamengo: a declara\u00e7\u00e3o de Filipe Lu\u00eds<\/title>\n<meta name=\"robots\" content=\"index, follow, max-snippet:-1, max-image-preview:large, max-video-preview:-1\" \/>\n<link rel=\"canonical\" href=\"https:\/\/www.gaveanews.com\/index.php\/2025\/03\/13\/fluminense-x-flamengo-a-declaracao-de-filipe-luis-2\/\" \/>\n<meta property=\"og:locale\" content=\"pt_BR\" \/>\n<meta property=\"og:type\" content=\"article\" \/>\n<meta property=\"og:title\" content=\"Fluminense x Flamengo: a declara\u00e7\u00e3o de Filipe Lu\u00eds\" \/>\n<meta property=\"og:description\" content=\"Nesta quarta-feira (12), Flamengo e Fluminense se enfrentaram no primeiro jogo da grande final do Campeonato Carioca. O Rubro-Negro venceu o embate por 2 a 1 e garantiu uma sutil vantagem para o duelo da volta, que ser\u00e1 realizado no domingo (16). Ao final do cl\u00e1ssico, o t\u00e9cnico Filipe Lu\u00eds concedeu entrevista coletiva, analisou o [&hellip;]\" \/>\n<meta property=\"og:url\" content=\"https:\/\/www.gaveanews.com\/index.php\/2025\/03\/13\/fluminense-x-flamengo-a-declaracao-de-filipe-luis-2\/\" \/>\n<meta property=\"og:site_name\" content=\"G\u00e1vea News\" \/>\n<meta property=\"article:publisher\" content=\"https:\/\/facebook.com\/gaveaNews\/\" \/>\n<meta property=\"article:published_time\" content=\"2025-03-13T03:20:06+00:00\" \/>\n<meta property=\"article:modified_time\" content=\"2025-03-13T03:20:10+00:00\" \/>\n<meta property=\"og:image\" content=\"http:\/\/www.gaveanews.com\/wp-content\/uploads\/Filipe-Luis-como-tecnico-do-Flamengo-em-2024.webp\" \/>\n\t<meta property=\"og:image:width\" content=\"1065\" \/>\n\t<meta property=\"og:image:height\" content=\"710\" \/>\n\t<meta property=\"og:image:type\" content=\"image\/webp\" \/>\n<meta name=\"author\" content=\"Paula Silva\" \/>\n<meta name=\"twitter:card\" content=\"summary_large_image\" \/>\n<meta name=\"twitter:label1\" content=\"Escrito por\" \/>\n\t<meta name=\"twitter:data1\" content=\"Paula Silva\" \/>\n\t<meta name=\"twitter:label2\" content=\"Est. tempo de leitura\" \/>\n\t<meta name=\"twitter:data2\" content=\"3 minutos\" \/>\n<script type=\"application\/ld+json\" class=\"yoast-schema-graph\">{\"@context\":\"https:\/\/schema.org\",\"@graph\":[{\"@type\":\"NewsArticle\",\"@id\":\"https:\/\/www.gaveanews.com\/index.php\/2025\/03\/13\/fluminense-x-flamengo-a-declaracao-de-filipe-luis-2\/#article\",\"isPartOf\":{\"@id\":\"https:\/\/www.gaveanews.com\/index.php\/2025\/03\/13\/fluminense-x-flamengo-a-declaracao-de-filipe-luis-2\/\"},\"author\":{\"name\":\"Paula Silva\",\"@id\":\"https:\/\/www.gaveanews.com\/#\/schema\/person\/daf63eec72e1164eb13dc35096c2b8da\"},\"headline\":\"Fluminense x Flamengo: a declara\u00e7\u00e3o de Filipe Lu\u00eds\",\"datePublished\":\"2025-03-13T03:20:06+00:00\",\"dateModified\":\"2025-03-13T03:20:10+00:00\",\"mainEntityOfPage\":{\"@id\":\"https:\/\/www.gaveanews.com\/index.php\/2025\/03\/13\/fluminense-x-flamengo-a-declaracao-de-filipe-luis-2\/\"},\"wordCount\":458,\"commentCount\":0,\"image\":{\"@id\":\"https:\/\/www.gaveanews.com\/index.php\/2025\/03\/13\/fluminense-x-flamengo-a-declaracao-de-filipe-luis-2\/#primaryimage\"},\"thumbnailUrl\":\"https:\/\/www.gaveanews.com\/wp-content\/uploads\/Filipe-Luis-como-tecnico-do-Flamengo-em-2024.webp\",\"articleSection\":[\"Flamengo\",\"Fluminense\"],\"inLanguage\":\"pt-BR\",\"potentialAction\":[{\"@type\":\"CommentAction\",\"name\":\"Comment\",\"target\":[\"https:\/\/www.gaveanews.com\/index.php\/2025\/03\/13\/fluminense-x-flamengo-a-declaracao-de-filipe-luis-2\/#respond\"]}],\"copyrightYear\":\"2025\",\"copyrightHolder\":{\"@id\":\"https:\/\/www.gaveanews.com\/#organization\"}},{\"@type\":\"WebPage\",\"@id\":\"https:\/\/www.gaveanews.com\/index.php\/2025\/03\/13\/fluminense-x-flamengo-a-declaracao-de-filipe-luis-2\/\",\"url\":\"https:\/\/www.gaveanews.com\/index.php\/2025\/03\/13\/fluminense-x-flamengo-a-declaracao-de-filipe-luis-2\/\",\"name\":\"Fluminense x Flamengo: a declara\u00e7\u00e3o de Filipe Lu\u00eds\",\"isPartOf\":{\"@id\":\"https:\/\/www.gaveanews.com\/#website\"},\"primaryImageOfPage\":{\"@id\":\"https:\/\/www.gaveanews.com\/index.php\/2025\/03\/13\/fluminense-x-flamengo-a-declaracao-de-filipe-luis-2\/#primaryimage\"},\"image\":{\"@id\":\"https:\/\/www.gaveanews.com\/index.php\/2025\/03\/13\/fluminense-x-flamengo-a-declaracao-de-filipe-luis-2\/#primaryimage\"},\"thumbnailUrl\":\"https:\/\/www.gaveanews.com\/wp-content\/uploads\/Filipe-Luis-como-tecnico-do-Flamengo-em-2024.webp\",\"datePublished\":\"2025-03-13T03:20:06+00:00\",\"dateModified\":\"2025-03-13T03:20:10+00:00\",\"author\":{\"@id\":\"https:\/\/www.gaveanews.com\/#\/schema\/person\/daf63eec72e1164eb13dc35096c2b8da\"},\"breadcrumb\":{\"@id\":\"https:\/\/www.gaveanews.com\/index.php\/2025\/03\/13\/fluminense-x-flamengo-a-declaracao-de-filipe-luis-2\/#breadcrumb\"},\"inLanguage\":\"pt-BR\",\"potentialAction\":[{\"@type\":\"ReadAction\",\"target\":[\"https:\/\/www.gaveanews.com\/index.php\/2025\/03\/13\/fluminense-x-flamengo-a-declaracao-de-filipe-luis-2\/\"]}]},{\"@type\":\"ImageObject\",\"inLanguage\":\"pt-BR\",\"@id\":\"https:\/\/www.gaveanews.com\/index.php\/2025\/03\/13\/fluminense-x-flamengo-a-declaracao-de-filipe-luis-2\/#primaryimage\",\"url\":\"https:\/\/www.gaveanews.com\/wp-content\/uploads\/Filipe-Luis-como-tecnico-do-Flamengo-em-2024.webp\",\"contentUrl\":\"https:\/\/www.gaveanews.com\/wp-content\/uploads\/Filipe-Luis-como-tecnico-do-Flamengo-em-2024.webp\",\"width\":1065,\"height\":710,\"caption\":\"Filipe Lu\u00eds como t\u00e9cnico do Flamengo em (Foto: Gilvan de Souza e Marcelo Cortes \/ CRF)\"},{\"@type\":\"BreadcrumbList\",\"@id\":\"https:\/\/www.gaveanews.com\/index.php\/2025\/03\/13\/fluminense-x-flamengo-a-declaracao-de-filipe-luis-2\/#breadcrumb\",\"itemListElement\":[{\"@type\":\"ListItem\",\"position\":1,\"name\":\"Home\",\"item\":\"https:\/\/www.gaveanews.com\/\"},{\"@type\":\"ListItem\",\"position\":2,\"name\":\"Fluminense x Flamengo: a declara\u00e7\u00e3o de Filipe Lu\u00eds\"}]},{\"@type\":\"WebSite\",\"@id\":\"https:\/\/www.gaveanews.com\/#website\",\"url\":\"https:\/\/www.gaveanews.com\/\",\"name\":\"G\u00e1vea News\",\"description\":\"Veja todas as not\u00edcias sobre o Flamengo: Contrata\u00e7\u00f5es, categorias de base, resultados das partidas, tabela de classifica\u00e7\u00e3o, pr\u00f3ximos jogos!\",\"potentialAction\":[{\"@type\":\"SearchAction\",\"target\":{\"@type\":\"EntryPoint\",\"urlTemplate\":\"https:\/\/www.gaveanews.com\/?s={search_term_string}\"},\"query-input\":{\"@type\":\"PropertyValueSpecification\",\"valueRequired\":true,\"valueName\":\"search_term_string\"}}],\"inLanguage\":\"pt-BR\"},{\"@type\":\"Person\",\"@id\":\"https:\/\/www.gaveanews.com\/#\/schema\/person\/daf63eec72e1164eb13dc35096c2b8da\",\"name\":\"Paula Silva\",\"image\":{\"@type\":\"ImageObject\",\"inLanguage\":\"pt-BR\",\"@id\":\"https:\/\/www.gaveanews.com\/#\/schema\/person\/image\/\",\"url\":\"https:\/\/secure.gravatar.com\/avatar\/eda381c845527cc5d64c13b901833cda29d97500ba040d3e6461f76f51d163bb?s=96&d=mm&r=g\",\"contentUrl\":\"https:\/\/secure.gravatar.com\/avatar\/eda381c845527cc5d64c13b901833cda29d97500ba040d3e6461f76f51d163bb?s=96&d=mm&r=g\",\"caption\":\"Paula Silva\"}}]}<\/script>\n<!-- \/ Yoast SEO Premium plugin. -->","yoast_head_json":{"title":"Fluminense x Flamengo: a declara\u00e7\u00e3o de Filipe Lu\u00eds","robots":{"index":"index","follow":"follow","max-snippet":"max-snippet:-1","max-image-preview":"max-image-preview:large","max-video-preview":"max-video-preview:-1"},"canonical":"https:\/\/www.gaveanews.com\/index.php\/2025\/03\/13\/fluminense-x-flamengo-a-declaracao-de-filipe-luis-2\/","og_locale":"pt_BR","og_type":"article","og_title":"Fluminense x Flamengo: a declara\u00e7\u00e3o de Filipe Lu\u00eds","og_description":"Nesta quarta-feira (12), Flamengo e Fluminense se enfrentaram no primeiro jogo da grande final do Campeonato Carioca. O Rubro-Negro venceu o embate por 2 a 1 e garantiu uma sutil vantagem para o duelo da volta, que ser\u00e1 realizado no domingo (16). Ao final do cl\u00e1ssico, o t\u00e9cnico Filipe Lu\u00eds concedeu entrevista coletiva, analisou o [&hellip;]","og_url":"https:\/\/www.gaveanews.com\/index.php\/2025\/03\/13\/fluminense-x-flamengo-a-declaracao-de-filipe-luis-2\/","og_site_name":"G\u00e1vea News","article_publisher":"https:\/\/facebook.com\/gaveaNews\/","article_published_time":"2025-03-13T03:20:06+00:00","article_modified_time":"2025-03-13T03:20:10+00:00","og_image":[{"width":1065,"height":710,"url":"http:\/\/www.gaveanews.com\/wp-content\/uploads\/Filipe-Luis-como-tecnico-do-Flamengo-em-2024.webp","type":"image\/webp"}],"author":"Paula Silva","twitter_card":"summary_large_image","twitter_misc":{"Escrito por":"Paula Silva","Est. tempo de leitura":"3 minutos"},"schema":{"@context":"https:\/\/schema.org","@graph":[{"@type":"NewsArticle","@id":"https:\/\/www.gaveanews.com\/index.php\/2025\/03\/13\/fluminense-x-flamengo-a-declaracao-de-filipe-luis-2\/#article","isPartOf":{"@id":"https:\/\/www.gaveanews.com\/index.php\/2025\/03\/13\/fluminense-x-flamengo-a-declaracao-de-filipe-luis-2\/"},"author":{"name":"Paula Silva","@id":"https:\/\/www.gaveanews.com\/#\/schema\/person\/daf63eec72e1164eb13dc35096c2b8da"},"headline":"Fluminense x Flamengo: a declara\u00e7\u00e3o de Filipe Lu\u00eds","datePublished":"2025-03-13T03:20:06+00:00","dateModified":"2025-03-13T03:20:10+00:00","mainEntityOfPage":{"@id":"https:\/\/www.gaveanews.com\/index.php\/2025\/03\/13\/fluminense-x-flamengo-a-declaracao-de-filipe-luis-2\/"},"wordCount":458,"commentCount":0,"image":{"@id":"https:\/\/www.gaveanews.com\/index.php\/2025\/03\/13\/fluminense-x-flamengo-a-declaracao-de-filipe-luis-2\/#primaryimage"},"thumbnailUrl":"https:\/\/www.gaveanews.com\/wp-content\/uploads\/Filipe-Luis-como-tecnico-do-Flamengo-em-2024.webp","articleSection":["Flamengo","Fluminense"],"inLanguage":"pt-BR","potentialAction":[{"@type":"CommentAction","name":"Comment","target":["https:\/\/www.gaveanews.com\/index.php\/2025\/03\/13\/fluminense-x-flamengo-a-declaracao-de-filipe-luis-2\/#respond"]}],"copyrightYear":"2025","copyrightHolder":{"@id":"https:\/\/www.gaveanews.com\/#organization"}},{"@type":"WebPage","@id":"https:\/\/www.gaveanews.com\/index.php\/2025\/03\/13\/fluminense-x-flamengo-a-declaracao-de-filipe-luis-2\/","url":"https:\/\/www.gaveanews.com\/index.php\/2025\/03\/13\/fluminense-x-flamengo-a-declaracao-de-filipe-luis-2\/","name":"Fluminense x Flamengo: a declara\u00e7\u00e3o de Filipe Lu\u00eds","isPartOf":{"@id":"https:\/\/www.gaveanews.com\/#website"},"primaryImageOfPage":{"@id":"https:\/\/www.gaveanews.com\/index.php\/2025\/03\/13\/fluminense-x-flamengo-a-declaracao-de-filipe-luis-2\/#primaryimage"},"image":{"@id":"https:\/\/www.gaveanews.com\/index.php\/2025\/03\/13\/fluminense-x-flamengo-a-declaracao-de-filipe-luis-2\/#primaryimage"},"thumbnailUrl":"https:\/\/www.gaveanews.com\/wp-content\/uploads\/Filipe-Luis-como-tecnico-do-Flamengo-em-2024.webp","datePublished":"2025-03-13T03:20:06+00:00","dateModified":"2025-03-13T03:20:10+00:00","author":{"@id":"https:\/\/www.gaveanews.com\/#\/schema\/person\/daf63eec72e1164eb13dc35096c2b8da"},"breadcrumb":{"@id":"https:\/\/www.gaveanews.com\/index.php\/2025\/03\/13\/fluminense-x-flamengo-a-declaracao-de-filipe-luis-2\/#breadcrumb"},"inLanguage":"pt-BR","potentialAction":[{"@type":"ReadAction","target":["https:\/\/www.gaveanews.com\/index.php\/2025\/03\/13\/fluminense-x-flamengo-a-declaracao-de-filipe-luis-2\/"]}]},{"@type":"ImageObject","inLanguage":"pt-BR","@id":"https:\/\/www.gaveanews.com\/index.php\/2025\/03\/13\/fluminense-x-flamengo-a-declaracao-de-filipe-luis-2\/#primaryimage","url":"https:\/\/www.gaveanews.com\/wp-content\/uploads\/Filipe-Luis-como-tecnico-do-Flamengo-em-2024.webp","contentUrl":"https:\/\/www.gaveanews.com\/wp-content\/uploads\/Filipe-Luis-como-tecnico-do-Flamengo-em-2024.webp","width":1065,"height":710,"caption":"Filipe Lu\u00eds como t\u00e9cnico do Flamengo em (Foto: Gilvan de Souza e Marcelo Cortes \/ CRF)"},{"@type":"BreadcrumbList","@id":"https:\/\/www.gaveanews.com\/index.php\/2025\/03\/13\/fluminense-x-flamengo-a-declaracao-de-filipe-luis-2\/#breadcrumb","itemListElement":[{"@type":"ListItem","position":1,"name":"Home","item":"https:\/\/www.gaveanews.com\/"},{"@type":"ListItem","position":2,"name":"Fluminense x Flamengo: a declara\u00e7\u00e3o de Filipe Lu\u00eds"}]},{"@type":"WebSite","@id":"https:\/\/www.gaveanews.com\/#website","url":"https:\/\/www.gaveanews.com\/","name":"G\u00e1vea News","description":"Veja todas as not\u00edcias sobre o Flamengo: Contrata\u00e7\u00f5es, categorias de base, resultados das partidas, tabela de classifica\u00e7\u00e3o, pr\u00f3ximos jogos!","potentialAction":[{"@type":"SearchAction","target":{"@type":"EntryPoint","urlTemplate":"https:\/\/www.gaveanews.com\/?s={search_term_string}"},"query-input":{"@type":"PropertyValueSpecification","valueRequired":true,"valueName":"search_term_string"}}],"inLanguage":"pt-BR"},{"@type":"Person","@id":"https:\/\/www.gaveanews.com\/#\/schema\/person\/daf63eec72e1164eb13dc35096c2b8da","name":"Paula Silva","image":{"@type":"ImageObject","inLanguage":"pt-BR","@id":"https:\/\/www.gaveanews.com\/#\/schema\/person\/image\/","url":"https:\/\/secure.gravatar.com\/avatar\/eda381c845527cc5d64c13b901833cda29d97500ba040d3e6461f76f51d163bb?s=96&d=mm&r=g","contentUrl":"https:\/\/secure.gravatar.com\/avatar\/eda381c845527cc5d64c13b901833cda29d97500ba040d3e6461f76f51d163bb?s=96&d=mm&r=g","caption":"Paula Silva"}}]}},"_links":{"self":[{"href":"https:\/\/www.gaveanews.com\/index.php\/wp-json\/wp\/v2\/posts\/239372","targetHints":{"allow":["GET"]}}],"collection":[{"href":"https:\/\/www.gaveanews.com\/index.php\/wp-json\/wp\/v2\/posts"}],"about":[{"href":"https:\/\/www.gaveanews.com\/index.php\/wp-json\/wp\/v2\/types\/post"}],"author":[{"embeddable":true,"href":"https:\/\/www.gaveanews.com\/index.php\/wp-json\/wp\/v2\/users\/18"}],"replies":[{"embeddable":true,"href":"https:\/\/www.gaveanews.com\/index.php\/wp-json\/wp\/v2\/comments?post=239372"}],"version-history":[{"count":1,"href":"https:\/\/www.gaveanews.com\/index.php\/wp-json\/wp\/v2\/posts\/239372\/revisions"}],"predecessor-version":[{"id":239373,"href":"https:\/\/www.gaveanews.com\/index.php\/wp-json\/wp\/v2\/posts\/239372\/revisions\/239373"}],"wp:featuredmedia":[{"embeddable":true,"href":"https:\/\/www.gaveanews.com\/index.php\/wp-json\/wp\/v2\/media\/171213"}],"wp:attachment":[{"href":"https:\/\/www.gaveanews.com\/index.php\/wp-json\/wp\/v2\/media?parent=239372"}],"wp:term":[{"taxonomy":"category","embeddable":true,"href":"https:\/\/www.gaveanews.com\/index.php\/wp-json\/wp\/v2\/categories?post=239372"},{"taxonomy":"post_tag","embeddable":true,"href":"https:\/\/www.gaveanews.com\/index.php\/wp-json\/wp\/v2\/tags?post=239372"}],"curies":[{"name":"wp","href":"https:\/\/api.w.org\/{rel}","templated":true}]}}