{"id":23942,"date":"2019-08-02T09:57:23","date_gmt":"2019-08-02T12:57:23","guid":{"rendered":"http:\/\/www.gaveanews.com\/?p=23942"},"modified":"2019-08-02T09:57:24","modified_gmt":"2019-08-02T12:57:24","slug":"filipe-luis-e-mais-um-flamengo-fara-duas-trocas-na-lista-da-copa-libertadores-da-america","status":"publish","type":"post","link":"https:\/\/www.gaveanews.com\/index.php\/2019\/08\/02\/filipe-luis-e-mais-um-flamengo-fara-duas-trocas-na-lista-da-copa-libertadores-da-america\/","title":{"rendered":"Filipe Lu\u00eds e mais um: Flamengo far\u00e1 duas trocas na lista da Copa Libertadores  da Am\u00e9rica"},"content":{"rendered":"\n<p>Com a classifica\u00e7\u00e3o para as quartas de final da Copa Libertadores, o Flamengo poder\u00e1 fazer mais duas trocas na lista de 30 jogadores inscritos. Uma certeza \u00e9 a entrada do lateral esquerdo Filipe Lu\u00eds, contratado ap\u00f3s o prazo limite para a fase anterior, na qual o time da G\u00e1vea superou, nos p\u00eanaltis, o Emelec (EQU).<\/p>\n\n\n\n<p>Filipe Lu\u00eds entrar\u00e1 na vaga de Miguel Trauco: o peruano despediu-se dos companheiros ap\u00f3s o jogo desta quarta-feira, no Maracan\u00e3, e acertar\u00e1 com o Saint-\u00c9tienne, da Fran\u00e7a. O lateral esquerdo estava no Flamengo desde 2017.<\/p>\n\n\n\n<p>O zagueiro L\u00e9o Duarte, negociado com o Milan, da It\u00e1lia, tamb\u00e9m deixar\u00e1 a lista de inscritos. A tend\u00eancia \u00e9 de que Jorge Jesus coloque outro defensor no grupo. <\/p>\n\n\n\n<p>Rodrigo Caio, Rhodolfo, Pablo Mar\u00ed e Thuler j\u00e1 est\u00e3o inscritos. Os jovens Rafael Santos e Matheus Dantas, crias do Ninho do Urubu, s\u00e3o op\u00e7\u00f5es para o t\u00e9cnico.  <\/p>\n\n\n\n<p>O regulamento da Copa Libertadores permite aos clubes realizar at\u00e9 duas mudan\u00e7as na lista de 30 jogadores. As altera\u00e7\u00f5es precisam ser feitas at\u00e9 72 horas antes do in\u00edcio das quartas de final, que come\u00e7ar\u00e1 em 20 de agosto. O mesmo procedimento \u00e9 permitido aos times classificados para as semifinais.<\/p>\n\n\n\n<p>De volta \u00e0s quartas de final da Copa Libertadores &#8211; desde 2010 o clube n\u00e3o alcan\u00e7ava esta fase -, o Flamengo enfrentar\u00e1 o Internacional. O primeiro jogo ser\u00e1 no Maracan\u00e3, com a volta acontecendo no Beira-Rio, em Porto Alegre.<\/p>\n\n\n\n\n\n<p>Retirado de: Coluna do Fla<\/p>\n","protected":false},"excerpt":{"rendered":"<p>Com a classifica\u00e7\u00e3o para as quartas de final da Copa Libertadores, o Flamengo poder\u00e1 fazer mais duas trocas na lista de 30 jogadores inscritos. Uma certeza \u00e9 a entrada do lateral esquerdo Filipe Lu\u00eds, contratado ap\u00f3s o prazo limite para a fase anterior, na qual o time da G\u00e1vea superou, nos p\u00eanaltis, o Emelec (EQU). [&hellip;]<\/p>\n","protected":false},"author":1,"featured_media":23943,"comment_status":"open","ping_status":"open","sticky":false,"template":"","format":"standard","meta":{"footnotes":""},"categories":[1],"tags":[],"class_list":["post-23942","post","type-post","status-publish","format-standard","has-post-thumbnail","hentry","category-flamengo"],"yoast_head":"<!-- This site is optimized with the Yoast SEO Premium plugin v24.2 (Yoast SEO v26.9) - https:\/\/yoast.com\/product\/yoast-seo-premium-wordpress\/ -->\n<title>Filipe Lu\u00eds e mais um: Flamengo far\u00e1 duas trocas na lista da Copa Libertadores da Am\u00e9rica<\/title>\n<meta name=\"robots\" content=\"index, follow, max-snippet:-1, max-image-preview:large, max-video-preview:-1\" \/>\n<link rel=\"canonical\" href=\"https:\/\/www.gaveanews.com\/index.php\/2019\/08\/02\/filipe-luis-e-mais-um-flamengo-fara-duas-trocas-na-lista-da-copa-libertadores-da-america\/\" \/>\n<meta property=\"og:locale\" content=\"pt_BR\" \/>\n<meta property=\"og:type\" content=\"article\" \/>\n<meta property=\"og:title\" content=\"Filipe Lu\u00eds e mais um: Flamengo far\u00e1 duas trocas na lista da Copa Libertadores da Am\u00e9rica\" \/>\n<meta property=\"og:description\" content=\"Com a classifica\u00e7\u00e3o para as quartas de final da Copa Libertadores, o Flamengo poder\u00e1 fazer mais duas trocas na lista de 30 jogadores inscritos. Uma certeza \u00e9 a entrada do lateral esquerdo Filipe Lu\u00eds, contratado ap\u00f3s o prazo limite para a fase anterior, na qual o time da G\u00e1vea superou, nos p\u00eanaltis, o Emelec (EQU). [&hellip;]\" \/>\n<meta property=\"og:url\" content=\"https:\/\/www.gaveanews.com\/index.php\/2019\/08\/02\/filipe-luis-e-mais-um-flamengo-fara-duas-trocas-na-lista-da-copa-libertadores-da-america\/\" \/>\n<meta property=\"og:site_name\" content=\"G\u00e1vea News\" \/>\n<meta property=\"article:publisher\" content=\"https:\/\/facebook.com\/gaveaNews\/\" \/>\n<meta property=\"article:published_time\" content=\"2019-08-02T12:57:23+00:00\" \/>\n<meta property=\"article:modified_time\" content=\"2019-08-02T12:57:24+00:00\" \/>\n<meta property=\"og:image\" content=\"https:\/\/www.gaveanews.com\/wp-content\/uploads\/2019\/08\/Filipe-Luis-e-Rodolfo-Landim-durante-conversa-na-academia-do-Ninho-do-Urubu.webp\" \/>\n\t<meta property=\"og:image:width\" content=\"856\" \/>\n\t<meta property=\"og:image:height\" content=\"570\" \/>\n\t<meta property=\"og:image:type\" content=\"image\/jpeg\" \/>\n<meta name=\"author\" content=\"Equipe G\u00e1vea News\" \/>\n<meta name=\"twitter:card\" content=\"summary_large_image\" \/>\n<meta name=\"twitter:label1\" content=\"Escrito por\" \/>\n\t<meta name=\"twitter:data1\" content=\"Equipe G\u00e1vea News\" \/>\n\t<meta name=\"twitter:label2\" content=\"Est. tempo de leitura\" \/>\n\t<meta name=\"twitter:data2\" content=\"1 minuto\" \/>\n<script type=\"application\/ld+json\" class=\"yoast-schema-graph\">{\"@context\":\"https:\/\/schema.org\",\"@graph\":[{\"@type\":\"NewsArticle\",\"@id\":\"https:\/\/www.gaveanews.com\/index.php\/2019\/08\/02\/filipe-luis-e-mais-um-flamengo-fara-duas-trocas-na-lista-da-copa-libertadores-da-america\/#article\",\"isPartOf\":{\"@id\":\"https:\/\/www.gaveanews.com\/index.php\/2019\/08\/02\/filipe-luis-e-mais-um-flamengo-fara-duas-trocas-na-lista-da-copa-libertadores-da-america\/\"},\"author\":{\"name\":\"Equipe G\u00e1vea News\",\"@id\":\"https:\/\/www.gaveanews.com\/#\/schema\/person\/2ec14f73fb96be2caf28f91afb14749d\"},\"headline\":\"Filipe Lu\u00eds e mais um: Flamengo far\u00e1 duas trocas na lista da Copa Libertadores da Am\u00e9rica\",\"datePublished\":\"2019-08-02T12:57:23+00:00\",\"dateModified\":\"2019-08-02T12:57:24+00:00\",\"mainEntityOfPage\":{\"@id\":\"https:\/\/www.gaveanews.com\/index.php\/2019\/08\/02\/filipe-luis-e-mais-um-flamengo-fara-duas-trocas-na-lista-da-copa-libertadores-da-america\/\"},\"wordCount\":270,\"commentCount\":0,\"image\":{\"@id\":\"https:\/\/www.gaveanews.com\/index.php\/2019\/08\/02\/filipe-luis-e-mais-um-flamengo-fara-duas-trocas-na-lista-da-copa-libertadores-da-america\/#primaryimage\"},\"thumbnailUrl\":\"https:\/\/www.gaveanews.com\/wp-content\/uploads\/2019\/08\/Filipe-Luis-e-Rodolfo-Landim-durante-conversa-na-academia-do-Ninho-do-Urubu.webp\",\"articleSection\":[\"Flamengo\"],\"inLanguage\":\"pt-BR\",\"potentialAction\":[{\"@type\":\"CommentAction\",\"name\":\"Comment\",\"target\":[\"https:\/\/www.gaveanews.com\/index.php\/2019\/08\/02\/filipe-luis-e-mais-um-flamengo-fara-duas-trocas-na-lista-da-copa-libertadores-da-america\/#respond\"]}],\"copyrightYear\":\"2019\",\"copyrightHolder\":{\"@id\":\"https:\/\/www.gaveanews.com\/#organization\"}},{\"@type\":\"WebPage\",\"@id\":\"https:\/\/www.gaveanews.com\/index.php\/2019\/08\/02\/filipe-luis-e-mais-um-flamengo-fara-duas-trocas-na-lista-da-copa-libertadores-da-america\/\",\"url\":\"https:\/\/www.gaveanews.com\/index.php\/2019\/08\/02\/filipe-luis-e-mais-um-flamengo-fara-duas-trocas-na-lista-da-copa-libertadores-da-america\/\",\"name\":\"Filipe Lu\u00eds e mais um: Flamengo far\u00e1 duas trocas na lista da Copa Libertadores da Am\u00e9rica\",\"isPartOf\":{\"@id\":\"https:\/\/www.gaveanews.com\/#website\"},\"primaryImageOfPage\":{\"@id\":\"https:\/\/www.gaveanews.com\/index.php\/2019\/08\/02\/filipe-luis-e-mais-um-flamengo-fara-duas-trocas-na-lista-da-copa-libertadores-da-america\/#primaryimage\"},\"image\":{\"@id\":\"https:\/\/www.gaveanews.com\/index.php\/2019\/08\/02\/filipe-luis-e-mais-um-flamengo-fara-duas-trocas-na-lista-da-copa-libertadores-da-america\/#primaryimage\"},\"thumbnailUrl\":\"https:\/\/www.gaveanews.com\/wp-content\/uploads\/2019\/08\/Filipe-Luis-e-Rodolfo-Landim-durante-conversa-na-academia-do-Ninho-do-Urubu.webp\",\"datePublished\":\"2019-08-02T12:57:23+00:00\",\"dateModified\":\"2019-08-02T12:57:24+00:00\",\"author\":{\"@id\":\"https:\/\/www.gaveanews.com\/#\/schema\/person\/2ec14f73fb96be2caf28f91afb14749d\"},\"breadcrumb\":{\"@id\":\"https:\/\/www.gaveanews.com\/index.php\/2019\/08\/02\/filipe-luis-e-mais-um-flamengo-fara-duas-trocas-na-lista-da-copa-libertadores-da-america\/#breadcrumb\"},\"inLanguage\":\"pt-BR\",\"potentialAction\":[{\"@type\":\"ReadAction\",\"target\":[\"https:\/\/www.gaveanews.com\/index.php\/2019\/08\/02\/filipe-luis-e-mais-um-flamengo-fara-duas-trocas-na-lista-da-copa-libertadores-da-america\/\"]}]},{\"@type\":\"ImageObject\",\"inLanguage\":\"pt-BR\",\"@id\":\"https:\/\/www.gaveanews.com\/index.php\/2019\/08\/02\/filipe-luis-e-mais-um-flamengo-fara-duas-trocas-na-lista-da-copa-libertadores-da-america\/#primaryimage\",\"url\":\"https:\/\/www.gaveanews.com\/wp-content\/uploads\/2019\/08\/Filipe-Luis-e-Rodolfo-Landim-durante-conversa-na-academia-do-Ninho-do-Urubu.webp\",\"contentUrl\":\"https:\/\/www.gaveanews.com\/wp-content\/uploads\/2019\/08\/Filipe-Luis-e-Rodolfo-Landim-durante-conversa-na-academia-do-Ninho-do-Urubu.webp\",\"width\":856,\"height\":570,\"caption\":\"Filipe Luis e Rodolfo Landim durante conversa na academia do Ninho do Urubu (Foto: Alexandre Vidal\/Flamengo)\"},{\"@type\":\"BreadcrumbList\",\"@id\":\"https:\/\/www.gaveanews.com\/index.php\/2019\/08\/02\/filipe-luis-e-mais-um-flamengo-fara-duas-trocas-na-lista-da-copa-libertadores-da-america\/#breadcrumb\",\"itemListElement\":[{\"@type\":\"ListItem\",\"position\":1,\"name\":\"Home\",\"item\":\"https:\/\/www.gaveanews.com\/\"},{\"@type\":\"ListItem\",\"position\":2,\"name\":\"Filipe Lu\u00eds e mais um: Flamengo far\u00e1 duas trocas na lista da Copa Libertadores da Am\u00e9rica\"}]},{\"@type\":\"WebSite\",\"@id\":\"https:\/\/www.gaveanews.com\/#website\",\"url\":\"https:\/\/www.gaveanews.com\/\",\"name\":\"G\u00e1vea News\",\"description\":\"Veja todas as not\u00edcias sobre o Flamengo: Contrata\u00e7\u00f5es, categorias de base, resultados das partidas, tabela de classifica\u00e7\u00e3o, pr\u00f3ximos jogos!\",\"potentialAction\":[{\"@type\":\"SearchAction\",\"target\":{\"@type\":\"EntryPoint\",\"urlTemplate\":\"https:\/\/www.gaveanews.com\/?s={search_term_string}\"},\"query-input\":{\"@type\":\"PropertyValueSpecification\",\"valueRequired\":true,\"valueName\":\"search_term_string\"}}],\"inLanguage\":\"pt-BR\"},{\"@type\":\"Person\",\"@id\":\"https:\/\/www.gaveanews.com\/#\/schema\/person\/2ec14f73fb96be2caf28f91afb14749d\",\"name\":\"Equipe G\u00e1vea News\",\"image\":{\"@type\":\"ImageObject\",\"inLanguage\":\"pt-BR\",\"@id\":\"https:\/\/www.gaveanews.com\/#\/schema\/person\/image\/\",\"url\":\"https:\/\/secure.gravatar.com\/avatar\/1e1956f1facbffd3f8fa53a326721950116b3b9dc9bd44939c01180fd4a745a9?s=96&d=mm&r=g\",\"contentUrl\":\"https:\/\/secure.gravatar.com\/avatar\/1e1956f1facbffd3f8fa53a326721950116b3b9dc9bd44939c01180fd4a745a9?s=96&d=mm&r=g\",\"caption\":\"Equipe G\u00e1vea News\"}}]}<\/script>\n<!-- \/ Yoast SEO Premium plugin. -->","yoast_head_json":{"title":"Filipe Lu\u00eds e mais um: Flamengo far\u00e1 duas trocas na lista da Copa Libertadores da Am\u00e9rica","robots":{"index":"index","follow":"follow","max-snippet":"max-snippet:-1","max-image-preview":"max-image-preview:large","max-video-preview":"max-video-preview:-1"},"canonical":"https:\/\/www.gaveanews.com\/index.php\/2019\/08\/02\/filipe-luis-e-mais-um-flamengo-fara-duas-trocas-na-lista-da-copa-libertadores-da-america\/","og_locale":"pt_BR","og_type":"article","og_title":"Filipe Lu\u00eds e mais um: Flamengo far\u00e1 duas trocas na lista da Copa Libertadores da Am\u00e9rica","og_description":"Com a classifica\u00e7\u00e3o para as quartas de final da Copa Libertadores, o Flamengo poder\u00e1 fazer mais duas trocas na lista de 30 jogadores inscritos. Uma certeza \u00e9 a entrada do lateral esquerdo Filipe Lu\u00eds, contratado ap\u00f3s o prazo limite para a fase anterior, na qual o time da G\u00e1vea superou, nos p\u00eanaltis, o Emelec (EQU). [&hellip;]","og_url":"https:\/\/www.gaveanews.com\/index.php\/2019\/08\/02\/filipe-luis-e-mais-um-flamengo-fara-duas-trocas-na-lista-da-copa-libertadores-da-america\/","og_site_name":"G\u00e1vea News","article_publisher":"https:\/\/facebook.com\/gaveaNews\/","article_published_time":"2019-08-02T12:57:23+00:00","article_modified_time":"2019-08-02T12:57:24+00:00","og_image":[{"width":856,"height":570,"url":"https:\/\/www.gaveanews.com\/wp-content\/uploads\/2019\/08\/Filipe-Luis-e-Rodolfo-Landim-durante-conversa-na-academia-do-Ninho-do-Urubu.webp","type":"image\/jpeg"}],"author":"Equipe G\u00e1vea News","twitter_card":"summary_large_image","twitter_misc":{"Escrito por":"Equipe G\u00e1vea News","Est. tempo de leitura":"1 minuto"},"schema":{"@context":"https:\/\/schema.org","@graph":[{"@type":"NewsArticle","@id":"https:\/\/www.gaveanews.com\/index.php\/2019\/08\/02\/filipe-luis-e-mais-um-flamengo-fara-duas-trocas-na-lista-da-copa-libertadores-da-america\/#article","isPartOf":{"@id":"https:\/\/www.gaveanews.com\/index.php\/2019\/08\/02\/filipe-luis-e-mais-um-flamengo-fara-duas-trocas-na-lista-da-copa-libertadores-da-america\/"},"author":{"name":"Equipe G\u00e1vea News","@id":"https:\/\/www.gaveanews.com\/#\/schema\/person\/2ec14f73fb96be2caf28f91afb14749d"},"headline":"Filipe Lu\u00eds e mais um: Flamengo far\u00e1 duas trocas na lista da Copa Libertadores da Am\u00e9rica","datePublished":"2019-08-02T12:57:23+00:00","dateModified":"2019-08-02T12:57:24+00:00","mainEntityOfPage":{"@id":"https:\/\/www.gaveanews.com\/index.php\/2019\/08\/02\/filipe-luis-e-mais-um-flamengo-fara-duas-trocas-na-lista-da-copa-libertadores-da-america\/"},"wordCount":270,"commentCount":0,"image":{"@id":"https:\/\/www.gaveanews.com\/index.php\/2019\/08\/02\/filipe-luis-e-mais-um-flamengo-fara-duas-trocas-na-lista-da-copa-libertadores-da-america\/#primaryimage"},"thumbnailUrl":"https:\/\/www.gaveanews.com\/wp-content\/uploads\/2019\/08\/Filipe-Luis-e-Rodolfo-Landim-durante-conversa-na-academia-do-Ninho-do-Urubu.webp","articleSection":["Flamengo"],"inLanguage":"pt-BR","potentialAction":[{"@type":"CommentAction","name":"Comment","target":["https:\/\/www.gaveanews.com\/index.php\/2019\/08\/02\/filipe-luis-e-mais-um-flamengo-fara-duas-trocas-na-lista-da-copa-libertadores-da-america\/#respond"]}],"copyrightYear":"2019","copyrightHolder":{"@id":"https:\/\/www.gaveanews.com\/#organization"}},{"@type":"WebPage","@id":"https:\/\/www.gaveanews.com\/index.php\/2019\/08\/02\/filipe-luis-e-mais-um-flamengo-fara-duas-trocas-na-lista-da-copa-libertadores-da-america\/","url":"https:\/\/www.gaveanews.com\/index.php\/2019\/08\/02\/filipe-luis-e-mais-um-flamengo-fara-duas-trocas-na-lista-da-copa-libertadores-da-america\/","name":"Filipe Lu\u00eds e mais um: Flamengo far\u00e1 duas trocas na lista da Copa Libertadores da Am\u00e9rica","isPartOf":{"@id":"https:\/\/www.gaveanews.com\/#website"},"primaryImageOfPage":{"@id":"https:\/\/www.gaveanews.com\/index.php\/2019\/08\/02\/filipe-luis-e-mais-um-flamengo-fara-duas-trocas-na-lista-da-copa-libertadores-da-america\/#primaryimage"},"image":{"@id":"https:\/\/www.gaveanews.com\/index.php\/2019\/08\/02\/filipe-luis-e-mais-um-flamengo-fara-duas-trocas-na-lista-da-copa-libertadores-da-america\/#primaryimage"},"thumbnailUrl":"https:\/\/www.gaveanews.com\/wp-content\/uploads\/2019\/08\/Filipe-Luis-e-Rodolfo-Landim-durante-conversa-na-academia-do-Ninho-do-Urubu.webp","datePublished":"2019-08-02T12:57:23+00:00","dateModified":"2019-08-02T12:57:24+00:00","author":{"@id":"https:\/\/www.gaveanews.com\/#\/schema\/person\/2ec14f73fb96be2caf28f91afb14749d"},"breadcrumb":{"@id":"https:\/\/www.gaveanews.com\/index.php\/2019\/08\/02\/filipe-luis-e-mais-um-flamengo-fara-duas-trocas-na-lista-da-copa-libertadores-da-america\/#breadcrumb"},"inLanguage":"pt-BR","potentialAction":[{"@type":"ReadAction","target":["https:\/\/www.gaveanews.com\/index.php\/2019\/08\/02\/filipe-luis-e-mais-um-flamengo-fara-duas-trocas-na-lista-da-copa-libertadores-da-america\/"]}]},{"@type":"ImageObject","inLanguage":"pt-BR","@id":"https:\/\/www.gaveanews.com\/index.php\/2019\/08\/02\/filipe-luis-e-mais-um-flamengo-fara-duas-trocas-na-lista-da-copa-libertadores-da-america\/#primaryimage","url":"https:\/\/www.gaveanews.com\/wp-content\/uploads\/2019\/08\/Filipe-Luis-e-Rodolfo-Landim-durante-conversa-na-academia-do-Ninho-do-Urubu.webp","contentUrl":"https:\/\/www.gaveanews.com\/wp-content\/uploads\/2019\/08\/Filipe-Luis-e-Rodolfo-Landim-durante-conversa-na-academia-do-Ninho-do-Urubu.webp","width":856,"height":570,"caption":"Filipe Luis e Rodolfo Landim durante conversa na academia do Ninho do Urubu (Foto: Alexandre Vidal\/Flamengo)"},{"@type":"BreadcrumbList","@id":"https:\/\/www.gaveanews.com\/index.php\/2019\/08\/02\/filipe-luis-e-mais-um-flamengo-fara-duas-trocas-na-lista-da-copa-libertadores-da-america\/#breadcrumb","itemListElement":[{"@type":"ListItem","position":1,"name":"Home","item":"https:\/\/www.gaveanews.com\/"},{"@type":"ListItem","position":2,"name":"Filipe Lu\u00eds e mais um: Flamengo far\u00e1 duas trocas na lista da Copa Libertadores da Am\u00e9rica"}]},{"@type":"WebSite","@id":"https:\/\/www.gaveanews.com\/#website","url":"https:\/\/www.gaveanews.com\/","name":"G\u00e1vea News","description":"Veja todas as not\u00edcias sobre o Flamengo: Contrata\u00e7\u00f5es, categorias de base, resultados das partidas, tabela de classifica\u00e7\u00e3o, pr\u00f3ximos jogos!","potentialAction":[{"@type":"SearchAction","target":{"@type":"EntryPoint","urlTemplate":"https:\/\/www.gaveanews.com\/?s={search_term_string}"},"query-input":{"@type":"PropertyValueSpecification","valueRequired":true,"valueName":"search_term_string"}}],"inLanguage":"pt-BR"},{"@type":"Person","@id":"https:\/\/www.gaveanews.com\/#\/schema\/person\/2ec14f73fb96be2caf28f91afb14749d","name":"Equipe G\u00e1vea News","image":{"@type":"ImageObject","inLanguage":"pt-BR","@id":"https:\/\/www.gaveanews.com\/#\/schema\/person\/image\/","url":"https:\/\/secure.gravatar.com\/avatar\/1e1956f1facbffd3f8fa53a326721950116b3b9dc9bd44939c01180fd4a745a9?s=96&d=mm&r=g","contentUrl":"https:\/\/secure.gravatar.com\/avatar\/1e1956f1facbffd3f8fa53a326721950116b3b9dc9bd44939c01180fd4a745a9?s=96&d=mm&r=g","caption":"Equipe G\u00e1vea News"}}]}},"_links":{"self":[{"href":"https:\/\/www.gaveanews.com\/index.php\/wp-json\/wp\/v2\/posts\/23942","targetHints":{"allow":["GET"]}}],"collection":[{"href":"https:\/\/www.gaveanews.com\/index.php\/wp-json\/wp\/v2\/posts"}],"about":[{"href":"https:\/\/www.gaveanews.com\/index.php\/wp-json\/wp\/v2\/types\/post"}],"author":[{"embeddable":true,"href":"https:\/\/www.gaveanews.com\/index.php\/wp-json\/wp\/v2\/users\/1"}],"replies":[{"embeddable":true,"href":"https:\/\/www.gaveanews.com\/index.php\/wp-json\/wp\/v2\/comments?post=23942"}],"version-history":[{"count":0,"href":"https:\/\/www.gaveanews.com\/index.php\/wp-json\/wp\/v2\/posts\/23942\/revisions"}],"wp:featuredmedia":[{"embeddable":true,"href":"https:\/\/www.gaveanews.com\/index.php\/wp-json\/wp\/v2\/media\/23943"}],"wp:attachment":[{"href":"https:\/\/www.gaveanews.com\/index.php\/wp-json\/wp\/v2\/media?parent=23942"}],"wp:term":[{"taxonomy":"category","embeddable":true,"href":"https:\/\/www.gaveanews.com\/index.php\/wp-json\/wp\/v2\/categories?post=23942"},{"taxonomy":"post_tag","embeddable":true,"href":"https:\/\/www.gaveanews.com\/index.php\/wp-json\/wp\/v2\/tags?post=23942"}],"curies":[{"name":"wp","href":"https:\/\/api.w.org\/{rel}","templated":true}]}}