{"id":239443,"date":"2025-03-13T10:55:00","date_gmt":"2025-03-13T13:55:00","guid":{"rendered":"https:\/\/www.gaveanews.com\/?p=239443"},"modified":"2025-03-13T10:27:22","modified_gmt":"2025-03-13T13:27:22","slug":"flamengo-x-fluminense-a-declaracao-de-nicolas-de-la-cruz","status":"publish","type":"post","link":"https:\/\/www.gaveanews.com\/index.php\/2025\/03\/13\/flamengo-x-fluminense-a-declaracao-de-nicolas-de-la-cruz\/","title":{"rendered":"Flamengo x Fluminense: a declara\u00e7\u00e3o de Nicol\u00e1s de la Cruz"},"content":{"rendered":"\n<p>O Flamengo saiu na frente na final do Campeonato Carioca ao vencer o Fluminense por 2 a 1, no Maracan\u00e3. No entanto, apesar da vantagem, Nicol\u00e1s de la Cruz destacou que a equipe poderia ter sa\u00eddo de campo sem sofrer o gol na reta final da partida.&nbsp;<\/p>\n\n\n\n<p>O uruguaio reconheceu a evolu\u00e7\u00e3o do time no segundo tempo e ressaltou a dificuldade de jogar uma decis\u00e3o.<\/p>\n\n\n\n<h2 class=\"wp-block-heading\" id=\"h-de-la-cruz-lamenta-gol-sofrido\">De la Cruz lamenta gol sofrido<\/h2>\n\n\n\n<p>Ap\u00f3s o apito final, De la Cruz analisou a performance do Flamengo e destacou a import\u00e2ncia da postura mais agressiva na etapa complementar. Al\u00e9m disso, o meio-campista lamentou o gol de Keno nos minutos finais, que manteve o Fluminense vivo na disputa pelo t\u00edtulo.<\/p>\n\n\n\n<p>\u201cConseguimos atacar nos momentos certos, sab\u00edamos que ia ser uma partida bem dura. \u00c9 uma final, \u00e0s vezes nas finais \u00e9 dif\u00edcil jogar bem, jogar lindo. Mas acredito que no segundo tempo sa\u00edmos com outra cara, demostramos outra coisa. Foi injusto tomar um gol no final, mas fizemos boas coisas no segundo tempo\u201d, afirmou o uruguaio.<\/p>\n\n\n\n<h2 class=\"wp-block-heading\" id=\"h-flamengo-abre-vantagem-mas-decisao-segue-em-aberto\">Flamengo abre vantagem, mas decis\u00e3o segue em aberto<\/h2>\n\n\n\n<p>O Flamengo abriu o placar logo aos cinco minutos, com um gola\u00e7o de Wesley. J\u00e1 no segundo tempo, Juninho ampliou, levando a torcida rubro-negra ao del\u00edrio. O clima no Maracan\u00e3 era de festa at\u00e9 os minutos finais, quando Keno descontou para o Fluminense aos 42\u2019, mantendo as esperan\u00e7as tricolores.<\/p>\n\n\n\n<p>Sendo assim, apesar da vit\u00f3ria, o Rubro-Negro n\u00e3o tem margem para erros no jogo da volta. Isso porque, caso o Fluminense ven\u00e7a por um gol de diferen\u00e7a, a decis\u00e3o ser\u00e1 nos p\u00eanaltis.<\/p>\n\n\n\n<p>Dessa maneira, o Flamengo volta a campo no domingo (16), \u00e0s 16h (hor\u00e1rio de Bras\u00edlia), novamente no Maracan\u00e3. Com isso, a equipe de Filipe Lu\u00eds precisa de um simples empate para conquistar o bicampeonato estadual.&nbsp;<\/p>\n\n\n\n<p>Vale destacar que o Rubro-Negro n\u00e3o quer dar brechas ao rival e busca uma atua\u00e7\u00e3o segura para confirmar o t\u00edtulo.<\/p>\n","protected":false},"excerpt":{"rendered":"<p>O Flamengo saiu na frente na final do Campeonato Carioca ao vencer o Fluminense por 2 a 1, no Maracan\u00e3. No entanto, apesar da vantagem, Nicol\u00e1s de la Cruz destacou que a equipe poderia ter sa\u00eddo de campo sem sofrer o gol na reta final da partida.&nbsp; O uruguaio reconheceu a evolu\u00e7\u00e3o do time no [&hellip;]<\/p>\n","protected":false},"author":25,"featured_media":144622,"comment_status":"open","ping_status":"closed","sticky":false,"template":"","format":"standard","meta":{"footnotes":""},"categories":[1,145],"tags":[],"class_list":["post-239443","post","type-post","status-publish","format-standard","has-post-thumbnail","hentry","category-flamengo","category-fluminense"],"yoast_head":"<!-- This site is optimized with the Yoast SEO Premium plugin v24.2 (Yoast SEO v26.9) - https:\/\/yoast.com\/product\/yoast-seo-premium-wordpress\/ -->\n<title>Flamengo x Fluminense: a declara\u00e7\u00e3o de Nicol\u00e1s de la Cruz<\/title>\n<meta name=\"robots\" content=\"index, follow, max-snippet:-1, max-image-preview:large, max-video-preview:-1\" \/>\n<link rel=\"canonical\" href=\"https:\/\/www.gaveanews.com\/index.php\/2025\/03\/13\/flamengo-x-fluminense-a-declaracao-de-nicolas-de-la-cruz\/\" \/>\n<meta property=\"og:locale\" content=\"pt_BR\" \/>\n<meta property=\"og:type\" content=\"article\" \/>\n<meta property=\"og:title\" content=\"Flamengo x Fluminense: a declara\u00e7\u00e3o de Nicol\u00e1s de la Cruz\" \/>\n<meta property=\"og:description\" content=\"O Flamengo saiu na frente na final do Campeonato Carioca ao vencer o Fluminense por 2 a 1, no Maracan\u00e3. No entanto, apesar da vantagem, Nicol\u00e1s de la Cruz destacou que a equipe poderia ter sa\u00eddo de campo sem sofrer o gol na reta final da partida.&nbsp; O uruguaio reconheceu a evolu\u00e7\u00e3o do time no [&hellip;]\" \/>\n<meta property=\"og:url\" content=\"https:\/\/www.gaveanews.com\/index.php\/2025\/03\/13\/flamengo-x-fluminense-a-declaracao-de-nicolas-de-la-cruz\/\" \/>\n<meta property=\"og:site_name\" content=\"G\u00e1vea News\" \/>\n<meta property=\"article:publisher\" content=\"https:\/\/facebook.com\/gaveaNews\/\" \/>\n<meta property=\"article:published_time\" content=\"2025-03-13T13:55:00+00:00\" \/>\n<meta name=\"author\" content=\"Rafaela Ladeira\" \/>\n<meta name=\"twitter:card\" content=\"summary_large_image\" \/>\n<meta name=\"twitter:label1\" content=\"Escrito por\" \/>\n\t<meta name=\"twitter:data1\" content=\"Rafaela Ladeira\" \/>\n\t<meta name=\"twitter:label2\" content=\"Est. tempo de leitura\" \/>\n\t<meta name=\"twitter:data2\" content=\"2 minutos\" \/>\n<script type=\"application\/ld+json\" class=\"yoast-schema-graph\">{\"@context\":\"https:\/\/schema.org\",\"@graph\":[{\"@type\":\"NewsArticle\",\"@id\":\"https:\/\/www.gaveanews.com\/index.php\/2025\/03\/13\/flamengo-x-fluminense-a-declaracao-de-nicolas-de-la-cruz\/#article\",\"isPartOf\":{\"@id\":\"https:\/\/www.gaveanews.com\/index.php\/2025\/03\/13\/flamengo-x-fluminense-a-declaracao-de-nicolas-de-la-cruz\/\"},\"author\":{\"name\":\"Rafaela Ladeira\",\"@id\":\"https:\/\/www.gaveanews.com\/#\/schema\/person\/0eb3e3fe1754f0205218538adbe8f5ed\"},\"headline\":\"Flamengo x Fluminense: a declara\u00e7\u00e3o de Nicol\u00e1s de la Cruz\",\"datePublished\":\"2025-03-13T13:55:00+00:00\",\"mainEntityOfPage\":{\"@id\":\"https:\/\/www.gaveanews.com\/index.php\/2025\/03\/13\/flamengo-x-fluminense-a-declaracao-de-nicolas-de-la-cruz\/\"},\"wordCount\":350,\"commentCount\":0,\"image\":{\"@id\":\"https:\/\/www.gaveanews.com\/index.php\/2025\/03\/13\/flamengo-x-fluminense-a-declaracao-de-nicolas-de-la-cruz\/#primaryimage\"},\"thumbnailUrl\":\"https:\/\/www.gaveanews.com\/wp-content\/uploads\/de-la-cruz-flamengo.avif\",\"articleSection\":[\"Flamengo\",\"Fluminense\"],\"inLanguage\":\"pt-BR\",\"potentialAction\":[{\"@type\":\"CommentAction\",\"name\":\"Comment\",\"target\":[\"https:\/\/www.gaveanews.com\/index.php\/2025\/03\/13\/flamengo-x-fluminense-a-declaracao-de-nicolas-de-la-cruz\/#respond\"]}],\"copyrightYear\":\"2025\",\"copyrightHolder\":{\"@id\":\"https:\/\/www.gaveanews.com\/#organization\"}},{\"@type\":\"WebPage\",\"@id\":\"https:\/\/www.gaveanews.com\/index.php\/2025\/03\/13\/flamengo-x-fluminense-a-declaracao-de-nicolas-de-la-cruz\/\",\"url\":\"https:\/\/www.gaveanews.com\/index.php\/2025\/03\/13\/flamengo-x-fluminense-a-declaracao-de-nicolas-de-la-cruz\/\",\"name\":\"Flamengo x Fluminense: a declara\u00e7\u00e3o de Nicol\u00e1s de la Cruz\",\"isPartOf\":{\"@id\":\"https:\/\/www.gaveanews.com\/#website\"},\"primaryImageOfPage\":{\"@id\":\"https:\/\/www.gaveanews.com\/index.php\/2025\/03\/13\/flamengo-x-fluminense-a-declaracao-de-nicolas-de-la-cruz\/#primaryimage\"},\"image\":{\"@id\":\"https:\/\/www.gaveanews.com\/index.php\/2025\/03\/13\/flamengo-x-fluminense-a-declaracao-de-nicolas-de-la-cruz\/#primaryimage\"},\"thumbnailUrl\":\"https:\/\/www.gaveanews.com\/wp-content\/uploads\/de-la-cruz-flamengo.avif\",\"datePublished\":\"2025-03-13T13:55:00+00:00\",\"author\":{\"@id\":\"https:\/\/www.gaveanews.com\/#\/schema\/person\/0eb3e3fe1754f0205218538adbe8f5ed\"},\"breadcrumb\":{\"@id\":\"https:\/\/www.gaveanews.com\/index.php\/2025\/03\/13\/flamengo-x-fluminense-a-declaracao-de-nicolas-de-la-cruz\/#breadcrumb\"},\"inLanguage\":\"pt-BR\",\"potentialAction\":[{\"@type\":\"ReadAction\",\"target\":[\"https:\/\/www.gaveanews.com\/index.php\/2025\/03\/13\/flamengo-x-fluminense-a-declaracao-de-nicolas-de-la-cruz\/\"]}]},{\"@type\":\"ImageObject\",\"inLanguage\":\"pt-BR\",\"@id\":\"https:\/\/www.gaveanews.com\/index.php\/2025\/03\/13\/flamengo-x-fluminense-a-declaracao-de-nicolas-de-la-cruz\/#primaryimage\",\"url\":\"https:\/\/www.gaveanews.com\/wp-content\/uploads\/de-la-cruz-flamengo.avif\",\"contentUrl\":\"https:\/\/www.gaveanews.com\/wp-content\/uploads\/de-la-cruz-flamengo.avif\",\"width\":888,\"height\":592,\"caption\":\"De la Cruz em a\u00e7\u00e3o pelo Flamengo (Foto: Gilvan de Souza\/Flamengo)\"},{\"@type\":\"BreadcrumbList\",\"@id\":\"https:\/\/www.gaveanews.com\/index.php\/2025\/03\/13\/flamengo-x-fluminense-a-declaracao-de-nicolas-de-la-cruz\/#breadcrumb\",\"itemListElement\":[{\"@type\":\"ListItem\",\"position\":1,\"name\":\"Home\",\"item\":\"https:\/\/www.gaveanews.com\/\"},{\"@type\":\"ListItem\",\"position\":2,\"name\":\"Flamengo x Fluminense: a declara\u00e7\u00e3o de Nicol\u00e1s de la Cruz\"}]},{\"@type\":\"WebSite\",\"@id\":\"https:\/\/www.gaveanews.com\/#website\",\"url\":\"https:\/\/www.gaveanews.com\/\",\"name\":\"G\u00e1vea News\",\"description\":\"Veja todas as not\u00edcias sobre o Flamengo: Contrata\u00e7\u00f5es, categorias de base, resultados das partidas, tabela de classifica\u00e7\u00e3o, pr\u00f3ximos jogos!\",\"potentialAction\":[{\"@type\":\"SearchAction\",\"target\":{\"@type\":\"EntryPoint\",\"urlTemplate\":\"https:\/\/www.gaveanews.com\/?s={search_term_string}\"},\"query-input\":{\"@type\":\"PropertyValueSpecification\",\"valueRequired\":true,\"valueName\":\"search_term_string\"}}],\"inLanguage\":\"pt-BR\"},{\"@type\":\"Person\",\"@id\":\"https:\/\/www.gaveanews.com\/#\/schema\/person\/0eb3e3fe1754f0205218538adbe8f5ed\",\"name\":\"Rafaela Ladeira\",\"image\":{\"@type\":\"ImageObject\",\"inLanguage\":\"pt-BR\",\"@id\":\"https:\/\/www.gaveanews.com\/#\/schema\/person\/image\/\",\"url\":\"https:\/\/secure.gravatar.com\/avatar\/c31f513acffd85eacab5730cbdfdbbf59f21ba5aeada8cd890acea879fbb2455?s=96&d=mm&r=g\",\"contentUrl\":\"https:\/\/secure.gravatar.com\/avatar\/c31f513acffd85eacab5730cbdfdbbf59f21ba5aeada8cd890acea879fbb2455?s=96&d=mm&r=g\",\"caption\":\"Rafaela Ladeira\"}}]}<\/script>\n<!-- \/ Yoast SEO Premium plugin. -->","yoast_head_json":{"title":"Flamengo x Fluminense: a declara\u00e7\u00e3o de Nicol\u00e1s de la Cruz","robots":{"index":"index","follow":"follow","max-snippet":"max-snippet:-1","max-image-preview":"max-image-preview:large","max-video-preview":"max-video-preview:-1"},"canonical":"https:\/\/www.gaveanews.com\/index.php\/2025\/03\/13\/flamengo-x-fluminense-a-declaracao-de-nicolas-de-la-cruz\/","og_locale":"pt_BR","og_type":"article","og_title":"Flamengo x Fluminense: a declara\u00e7\u00e3o de Nicol\u00e1s de la Cruz","og_description":"O Flamengo saiu na frente na final do Campeonato Carioca ao vencer o Fluminense por 2 a 1, no Maracan\u00e3. No entanto, apesar da vantagem, Nicol\u00e1s de la Cruz destacou que a equipe poderia ter sa\u00eddo de campo sem sofrer o gol na reta final da partida.&nbsp; O uruguaio reconheceu a evolu\u00e7\u00e3o do time no [&hellip;]","og_url":"https:\/\/www.gaveanews.com\/index.php\/2025\/03\/13\/flamengo-x-fluminense-a-declaracao-de-nicolas-de-la-cruz\/","og_site_name":"G\u00e1vea News","article_publisher":"https:\/\/facebook.com\/gaveaNews\/","article_published_time":"2025-03-13T13:55:00+00:00","author":"Rafaela Ladeira","twitter_card":"summary_large_image","twitter_misc":{"Escrito por":"Rafaela Ladeira","Est. tempo de leitura":"2 minutos"},"schema":{"@context":"https:\/\/schema.org","@graph":[{"@type":"NewsArticle","@id":"https:\/\/www.gaveanews.com\/index.php\/2025\/03\/13\/flamengo-x-fluminense-a-declaracao-de-nicolas-de-la-cruz\/#article","isPartOf":{"@id":"https:\/\/www.gaveanews.com\/index.php\/2025\/03\/13\/flamengo-x-fluminense-a-declaracao-de-nicolas-de-la-cruz\/"},"author":{"name":"Rafaela Ladeira","@id":"https:\/\/www.gaveanews.com\/#\/schema\/person\/0eb3e3fe1754f0205218538adbe8f5ed"},"headline":"Flamengo x Fluminense: a declara\u00e7\u00e3o de Nicol\u00e1s de la Cruz","datePublished":"2025-03-13T13:55:00+00:00","mainEntityOfPage":{"@id":"https:\/\/www.gaveanews.com\/index.php\/2025\/03\/13\/flamengo-x-fluminense-a-declaracao-de-nicolas-de-la-cruz\/"},"wordCount":350,"commentCount":0,"image":{"@id":"https:\/\/www.gaveanews.com\/index.php\/2025\/03\/13\/flamengo-x-fluminense-a-declaracao-de-nicolas-de-la-cruz\/#primaryimage"},"thumbnailUrl":"https:\/\/www.gaveanews.com\/wp-content\/uploads\/de-la-cruz-flamengo.avif","articleSection":["Flamengo","Fluminense"],"inLanguage":"pt-BR","potentialAction":[{"@type":"CommentAction","name":"Comment","target":["https:\/\/www.gaveanews.com\/index.php\/2025\/03\/13\/flamengo-x-fluminense-a-declaracao-de-nicolas-de-la-cruz\/#respond"]}],"copyrightYear":"2025","copyrightHolder":{"@id":"https:\/\/www.gaveanews.com\/#organization"}},{"@type":"WebPage","@id":"https:\/\/www.gaveanews.com\/index.php\/2025\/03\/13\/flamengo-x-fluminense-a-declaracao-de-nicolas-de-la-cruz\/","url":"https:\/\/www.gaveanews.com\/index.php\/2025\/03\/13\/flamengo-x-fluminense-a-declaracao-de-nicolas-de-la-cruz\/","name":"Flamengo x Fluminense: a declara\u00e7\u00e3o de Nicol\u00e1s de la Cruz","isPartOf":{"@id":"https:\/\/www.gaveanews.com\/#website"},"primaryImageOfPage":{"@id":"https:\/\/www.gaveanews.com\/index.php\/2025\/03\/13\/flamengo-x-fluminense-a-declaracao-de-nicolas-de-la-cruz\/#primaryimage"},"image":{"@id":"https:\/\/www.gaveanews.com\/index.php\/2025\/03\/13\/flamengo-x-fluminense-a-declaracao-de-nicolas-de-la-cruz\/#primaryimage"},"thumbnailUrl":"https:\/\/www.gaveanews.com\/wp-content\/uploads\/de-la-cruz-flamengo.avif","datePublished":"2025-03-13T13:55:00+00:00","author":{"@id":"https:\/\/www.gaveanews.com\/#\/schema\/person\/0eb3e3fe1754f0205218538adbe8f5ed"},"breadcrumb":{"@id":"https:\/\/www.gaveanews.com\/index.php\/2025\/03\/13\/flamengo-x-fluminense-a-declaracao-de-nicolas-de-la-cruz\/#breadcrumb"},"inLanguage":"pt-BR","potentialAction":[{"@type":"ReadAction","target":["https:\/\/www.gaveanews.com\/index.php\/2025\/03\/13\/flamengo-x-fluminense-a-declaracao-de-nicolas-de-la-cruz\/"]}]},{"@type":"ImageObject","inLanguage":"pt-BR","@id":"https:\/\/www.gaveanews.com\/index.php\/2025\/03\/13\/flamengo-x-fluminense-a-declaracao-de-nicolas-de-la-cruz\/#primaryimage","url":"https:\/\/www.gaveanews.com\/wp-content\/uploads\/de-la-cruz-flamengo.avif","contentUrl":"https:\/\/www.gaveanews.com\/wp-content\/uploads\/de-la-cruz-flamengo.avif","width":888,"height":592,"caption":"De la Cruz em a\u00e7\u00e3o pelo Flamengo (Foto: Gilvan de Souza\/Flamengo)"},{"@type":"BreadcrumbList","@id":"https:\/\/www.gaveanews.com\/index.php\/2025\/03\/13\/flamengo-x-fluminense-a-declaracao-de-nicolas-de-la-cruz\/#breadcrumb","itemListElement":[{"@type":"ListItem","position":1,"name":"Home","item":"https:\/\/www.gaveanews.com\/"},{"@type":"ListItem","position":2,"name":"Flamengo x Fluminense: a declara\u00e7\u00e3o de Nicol\u00e1s de la Cruz"}]},{"@type":"WebSite","@id":"https:\/\/www.gaveanews.com\/#website","url":"https:\/\/www.gaveanews.com\/","name":"G\u00e1vea News","description":"Veja todas as not\u00edcias sobre o Flamengo: Contrata\u00e7\u00f5es, categorias de base, resultados das partidas, tabela de classifica\u00e7\u00e3o, pr\u00f3ximos jogos!","potentialAction":[{"@type":"SearchAction","target":{"@type":"EntryPoint","urlTemplate":"https:\/\/www.gaveanews.com\/?s={search_term_string}"},"query-input":{"@type":"PropertyValueSpecification","valueRequired":true,"valueName":"search_term_string"}}],"inLanguage":"pt-BR"},{"@type":"Person","@id":"https:\/\/www.gaveanews.com\/#\/schema\/person\/0eb3e3fe1754f0205218538adbe8f5ed","name":"Rafaela Ladeira","image":{"@type":"ImageObject","inLanguage":"pt-BR","@id":"https:\/\/www.gaveanews.com\/#\/schema\/person\/image\/","url":"https:\/\/secure.gravatar.com\/avatar\/c31f513acffd85eacab5730cbdfdbbf59f21ba5aeada8cd890acea879fbb2455?s=96&d=mm&r=g","contentUrl":"https:\/\/secure.gravatar.com\/avatar\/c31f513acffd85eacab5730cbdfdbbf59f21ba5aeada8cd890acea879fbb2455?s=96&d=mm&r=g","caption":"Rafaela Ladeira"}}]}},"_links":{"self":[{"href":"https:\/\/www.gaveanews.com\/index.php\/wp-json\/wp\/v2\/posts\/239443","targetHints":{"allow":["GET"]}}],"collection":[{"href":"https:\/\/www.gaveanews.com\/index.php\/wp-json\/wp\/v2\/posts"}],"about":[{"href":"https:\/\/www.gaveanews.com\/index.php\/wp-json\/wp\/v2\/types\/post"}],"author":[{"embeddable":true,"href":"https:\/\/www.gaveanews.com\/index.php\/wp-json\/wp\/v2\/users\/25"}],"replies":[{"embeddable":true,"href":"https:\/\/www.gaveanews.com\/index.php\/wp-json\/wp\/v2\/comments?post=239443"}],"version-history":[{"count":1,"href":"https:\/\/www.gaveanews.com\/index.php\/wp-json\/wp\/v2\/posts\/239443\/revisions"}],"predecessor-version":[{"id":239444,"href":"https:\/\/www.gaveanews.com\/index.php\/wp-json\/wp\/v2\/posts\/239443\/revisions\/239444"}],"wp:featuredmedia":[{"embeddable":true,"href":"https:\/\/www.gaveanews.com\/index.php\/wp-json\/wp\/v2\/media\/144622"}],"wp:attachment":[{"href":"https:\/\/www.gaveanews.com\/index.php\/wp-json\/wp\/v2\/media?parent=239443"}],"wp:term":[{"taxonomy":"category","embeddable":true,"href":"https:\/\/www.gaveanews.com\/index.php\/wp-json\/wp\/v2\/categories?post=239443"},{"taxonomy":"post_tag","embeddable":true,"href":"https:\/\/www.gaveanews.com\/index.php\/wp-json\/wp\/v2\/tags?post=239443"}],"curies":[{"name":"wp","href":"https:\/\/api.w.org\/{rel}","templated":true}]}}