{"id":23945,"date":"2019-08-02T13:00:47","date_gmt":"2019-08-02T16:00:47","guid":{"rendered":"http:\/\/www.gaveanews.com\/?p=23945"},"modified":"2019-08-02T10:57:45","modified_gmt":"2019-08-02T13:57:45","slug":"goleiro-do-flamengo-diego-alves-manda-recado-a-torcida-apos-classificacao-heroica-na-copa-libertadores-da-america","status":"publish","type":"post","link":"https:\/\/www.gaveanews.com\/index.php\/2019\/08\/02\/goleiro-do-flamengo-diego-alves-manda-recado-a-torcida-apos-classificacao-heroica-na-copa-libertadores-da-america\/","title":{"rendered":"Goleiro do Flamengo, Diego Alves manda recado \u00e0 torcida ap\u00f3s classifica\u00e7\u00e3o heroica na Copa Libertadores da Am\u00e9rica"},"content":{"rendered":"\n<p>O Flamengo encarou o Emelec na noite da \u00faltima quarta-feira (31 de agosto), entrando em campo com a miss\u00e3o de reverter a derrota por 2 a 0 que sofreu no jogo de ida das oitavas de final da Libertadores. <\/p>\n\n\n\n<p>Com dois tentos de Gabriel Barbosa, o Fla empatou o marcador e, nos p\u00eanaltis, garantiu a classifica\u00e7\u00e3o (<strong><a href=\"http:\/\/www.gaveanews.com\/index.php\/2019\/07\/31\/flamengo-abre-2-a-0-perde-o-folego-no-fim-mas-supera-o-emelec-nos-penaltis-e-vai-as-quartas-da-liberta\/\">clique aqui para assistir os gols<\/a><\/strong>). O goleiro Diego Alves, que n\u00e3o vivia bom momento, mas pegou uma das penalidades e se redimiu. Ap\u00f3s carimbar o passaporte \u00e0s quartas, o camisa 1 fez a festa nas redes sociais.<\/p>\n\n\n\n<p>Desde o apito final, ele apareceu no Twitter em v\u00e1rias publica\u00e7\u00f5es. <\/p>\n\n\n\n<p>Na primeira apari\u00e7\u00e3o, ele comemorou o marco de 100 jogos pelo Fla. Na segunda, ele demonstrou al\u00edvio, com a legenda: \u201cDias de gl\u00f3ria\u201d. Em seguida, ele postou foto do p\u00eanalti defendido.  <\/p>\n\n\n\n<p>Por fim, lan\u00e7ou uma foto na qual a torcida aparece destacada, fazendo um agradecimento: \u201cVcs foram sensacionais! Jogaram juntos, de verdade! Obrigado, Na\u00e7\u00e3o! #VamosFlamengo\u201d, escreveu ele.<\/p>\n\n\n\n<p><strong>CONFIRA AS PUBLICA\u00c7\u00d5ES:<\/strong><\/p>\n\n\n\n<figure class=\"wp-block-embed-twitter wp-block-embed is-type-rich is-provider-twitter\"><div class=\"wp-block-embed__wrapper\">\n<blockquote class=\"twitter-tweet\" data-width=\"550\" data-dnt=\"true\"><p lang=\"art\" dir=\"ltr\">\ud83d\udcaf<\/p>&mdash; Diego Alves (@diegoalvesgol) <a href=\"https:\/\/twitter.com\/diegoalvesgol\/status\/1156776906043400192?ref_src=twsrc%5Etfw\">August 1, 2019<\/a><\/blockquote><script async src=\"https:\/\/platform.twitter.com\/widgets.js\" charset=\"utf-8\"><\/script>\n<\/div><\/figure>\n\n\n\n<figure class=\"wp-block-embed-twitter wp-block-embed is-type-rich is-provider-twitter\"><div class=\"wp-block-embed__wrapper\">\n<blockquote class=\"twitter-tweet\" data-width=\"550\" data-dnt=\"true\"><p lang=\"pt\" dir=\"ltr\">DIAS DE GL\u00d3RIA!!! <a href=\"https:\/\/t.co\/zQwWr9b29T\">pic.twitter.com\/zQwWr9b29T<\/a><\/p>&mdash; Diego Alves (@diegoalvesgol) <a href=\"https:\/\/twitter.com\/diegoalvesgol\/status\/1156788948351488000?ref_src=twsrc%5Etfw\">August 1, 2019<\/a><\/blockquote><script async src=\"https:\/\/platform.twitter.com\/widgets.js\" charset=\"utf-8\"><\/script>\n<\/div><\/figure>\n\n\n\n<figure class=\"wp-block-embed-twitter wp-block-embed is-type-rich is-provider-twitter\"><div class=\"wp-block-embed__wrapper\">\n<blockquote class=\"twitter-tweet\" data-width=\"550\" data-dnt=\"true\"><p lang=\"es\" dir=\"ltr\">Vamo vir\u00e1 Mengo <a href=\"https:\/\/t.co\/W5ReTtX2yn\">pic.twitter.com\/W5ReTtX2yn<\/a><\/p>&mdash; Diego Alves (@diegoalvesgol) <a href=\"https:\/\/twitter.com\/diegoalvesgol\/status\/1156815277348311041?ref_src=twsrc%5Etfw\">August 1, 2019<\/a><\/blockquote><script async src=\"https:\/\/platform.twitter.com\/widgets.js\" charset=\"utf-8\"><\/script>\n<\/div><\/figure>\n\n\n\n<figure class=\"wp-block-embed-twitter wp-block-embed is-type-rich is-provider-twitter\"><div class=\"wp-block-embed__wrapper\">\n<blockquote class=\"twitter-tweet\" data-width=\"550\" data-dnt=\"true\"><p lang=\"pt\" dir=\"ltr\">Vcs foram sensacionais! Jogaram juntos, de verdade! Obrigado, Na\u00e7\u00e3o! <a href=\"https:\/\/twitter.com\/hashtag\/VamosFlamengo?src=hash&amp;ref_src=twsrc%5Etfw\">#VamosFlamengo<\/a> <a href=\"https:\/\/t.co\/NJ9agJ3Jvw\">pic.twitter.com\/NJ9agJ3Jvw<\/a><\/p>&mdash; Diego Alves (@diegoalvesgol) <a href=\"https:\/\/twitter.com\/diegoalvesgol\/status\/1156954640409387010?ref_src=twsrc%5Etfw\">August 1, 2019<\/a><\/blockquote><script async src=\"https:\/\/platform.twitter.com\/widgets.js\" charset=\"utf-8\"><\/script>\n<\/div><\/figure>\n\n\n\n\n\n<p>Retirado de: Coluna do Fla<\/p>\n","protected":false},"excerpt":{"rendered":"<p>O Flamengo encarou o Emelec na noite da \u00faltima quarta-feira (31 de agosto), entrando em campo com a miss\u00e3o de reverter a derrota por 2 a 0 que sofreu no jogo de ida das oitavas de final da Libertadores. Com dois tentos de Gabriel Barbosa, o Fla empatou o marcador e, nos p\u00eanaltis, garantiu a [&hellip;]<\/p>\n","protected":false},"author":1,"featured_media":14814,"comment_status":"open","ping_status":"open","sticky":false,"template":"","format":"standard","meta":{"footnotes":""},"categories":[1],"tags":[],"class_list":["post-23945","post","type-post","status-publish","format-standard","has-post-thumbnail","hentry","category-flamengo"],"yoast_head":"<!-- This site is optimized with the Yoast SEO Premium plugin v24.2 (Yoast SEO v26.9) - https:\/\/yoast.com\/product\/yoast-seo-premium-wordpress\/ -->\n<title>Goleiro do Flamengo, Diego Alves manda recado \u00e0 torcida ap\u00f3s classifica\u00e7\u00e3o heroica na Copa Libertadores da Am\u00e9rica<\/title>\n<meta name=\"robots\" content=\"index, follow, max-snippet:-1, max-image-preview:large, max-video-preview:-1\" \/>\n<link rel=\"canonical\" href=\"https:\/\/www.gaveanews.com\/index.php\/2019\/08\/02\/goleiro-do-flamengo-diego-alves-manda-recado-a-torcida-apos-classificacao-heroica-na-copa-libertadores-da-america\/\" \/>\n<meta property=\"og:locale\" content=\"pt_BR\" \/>\n<meta property=\"og:type\" content=\"article\" \/>\n<meta property=\"og:title\" content=\"Goleiro do Flamengo, Diego Alves manda recado \u00e0 torcida ap\u00f3s classifica\u00e7\u00e3o heroica na Copa Libertadores da Am\u00e9rica\" \/>\n<meta property=\"og:description\" content=\"O Flamengo encarou o Emelec na noite da \u00faltima quarta-feira (31 de agosto), entrando em campo com a miss\u00e3o de reverter a derrota por 2 a 0 que sofreu no jogo de ida das oitavas de final da Libertadores. Com dois tentos de Gabriel Barbosa, o Fla empatou o marcador e, nos p\u00eanaltis, garantiu a [&hellip;]\" \/>\n<meta property=\"og:url\" content=\"https:\/\/www.gaveanews.com\/index.php\/2019\/08\/02\/goleiro-do-flamengo-diego-alves-manda-recado-a-torcida-apos-classificacao-heroica-na-copa-libertadores-da-america\/\" \/>\n<meta property=\"og:site_name\" content=\"G\u00e1vea News\" \/>\n<meta property=\"article:publisher\" content=\"https:\/\/facebook.com\/gaveaNews\/\" \/>\n<meta property=\"article:published_time\" content=\"2019-08-02T16:00:47+00:00\" \/>\n<meta property=\"og:image\" content=\"https:\/\/www.gaveanews.com\/wp-content\/uploads\/2019\/03\/Diego-Alves-durante-treinamento-no-Ninho-do-Urubu.webp\" \/>\n\t<meta property=\"og:image:width\" content=\"846\" \/>\n\t<meta property=\"og:image:height\" content=\"476\" \/>\n\t<meta property=\"og:image:type\" content=\"image\/jpeg\" \/>\n<meta name=\"author\" content=\"Equipe G\u00e1vea News\" \/>\n<meta name=\"twitter:card\" content=\"summary_large_image\" \/>\n<meta name=\"twitter:label1\" content=\"Escrito por\" \/>\n\t<meta name=\"twitter:data1\" content=\"Equipe G\u00e1vea News\" \/>\n\t<meta name=\"twitter:label2\" content=\"Est. tempo de leitura\" \/>\n\t<meta name=\"twitter:data2\" content=\"1 minuto\" \/>\n<script type=\"application\/ld+json\" class=\"yoast-schema-graph\">{\"@context\":\"https:\/\/schema.org\",\"@graph\":[{\"@type\":\"NewsArticle\",\"@id\":\"https:\/\/www.gaveanews.com\/index.php\/2019\/08\/02\/goleiro-do-flamengo-diego-alves-manda-recado-a-torcida-apos-classificacao-heroica-na-copa-libertadores-da-america\/#article\",\"isPartOf\":{\"@id\":\"https:\/\/www.gaveanews.com\/index.php\/2019\/08\/02\/goleiro-do-flamengo-diego-alves-manda-recado-a-torcida-apos-classificacao-heroica-na-copa-libertadores-da-america\/\"},\"author\":{\"name\":\"Equipe G\u00e1vea News\",\"@id\":\"https:\/\/www.gaveanews.com\/#\/schema\/person\/2ec14f73fb96be2caf28f91afb14749d\"},\"headline\":\"Goleiro do Flamengo, Diego Alves manda recado \u00e0 torcida ap\u00f3s classifica\u00e7\u00e3o heroica na Copa Libertadores da Am\u00e9rica\",\"datePublished\":\"2019-08-02T16:00:47+00:00\",\"mainEntityOfPage\":{\"@id\":\"https:\/\/www.gaveanews.com\/index.php\/2019\/08\/02\/goleiro-do-flamengo-diego-alves-manda-recado-a-torcida-apos-classificacao-heroica-na-copa-libertadores-da-america\/\"},\"wordCount\":298,\"commentCount\":0,\"image\":{\"@id\":\"https:\/\/www.gaveanews.com\/index.php\/2019\/08\/02\/goleiro-do-flamengo-diego-alves-manda-recado-a-torcida-apos-classificacao-heroica-na-copa-libertadores-da-america\/#primaryimage\"},\"thumbnailUrl\":\"https:\/\/www.gaveanews.com\/wp-content\/uploads\/2019\/03\/Diego-Alves-durante-treinamento-no-Ninho-do-Urubu.webp\",\"articleSection\":[\"Flamengo\"],\"inLanguage\":\"pt-BR\",\"potentialAction\":[{\"@type\":\"CommentAction\",\"name\":\"Comment\",\"target\":[\"https:\/\/www.gaveanews.com\/index.php\/2019\/08\/02\/goleiro-do-flamengo-diego-alves-manda-recado-a-torcida-apos-classificacao-heroica-na-copa-libertadores-da-america\/#respond\"]}],\"copyrightYear\":\"2019\",\"copyrightHolder\":{\"@id\":\"https:\/\/www.gaveanews.com\/#organization\"}},{\"@type\":\"WebPage\",\"@id\":\"https:\/\/www.gaveanews.com\/index.php\/2019\/08\/02\/goleiro-do-flamengo-diego-alves-manda-recado-a-torcida-apos-classificacao-heroica-na-copa-libertadores-da-america\/\",\"url\":\"https:\/\/www.gaveanews.com\/index.php\/2019\/08\/02\/goleiro-do-flamengo-diego-alves-manda-recado-a-torcida-apos-classificacao-heroica-na-copa-libertadores-da-america\/\",\"name\":\"Goleiro do Flamengo, Diego Alves manda recado \u00e0 torcida ap\u00f3s classifica\u00e7\u00e3o heroica na Copa Libertadores da Am\u00e9rica\",\"isPartOf\":{\"@id\":\"https:\/\/www.gaveanews.com\/#website\"},\"primaryImageOfPage\":{\"@id\":\"https:\/\/www.gaveanews.com\/index.php\/2019\/08\/02\/goleiro-do-flamengo-diego-alves-manda-recado-a-torcida-apos-classificacao-heroica-na-copa-libertadores-da-america\/#primaryimage\"},\"image\":{\"@id\":\"https:\/\/www.gaveanews.com\/index.php\/2019\/08\/02\/goleiro-do-flamengo-diego-alves-manda-recado-a-torcida-apos-classificacao-heroica-na-copa-libertadores-da-america\/#primaryimage\"},\"thumbnailUrl\":\"https:\/\/www.gaveanews.com\/wp-content\/uploads\/2019\/03\/Diego-Alves-durante-treinamento-no-Ninho-do-Urubu.webp\",\"datePublished\":\"2019-08-02T16:00:47+00:00\",\"author\":{\"@id\":\"https:\/\/www.gaveanews.com\/#\/schema\/person\/2ec14f73fb96be2caf28f91afb14749d\"},\"breadcrumb\":{\"@id\":\"https:\/\/www.gaveanews.com\/index.php\/2019\/08\/02\/goleiro-do-flamengo-diego-alves-manda-recado-a-torcida-apos-classificacao-heroica-na-copa-libertadores-da-america\/#breadcrumb\"},\"inLanguage\":\"pt-BR\",\"potentialAction\":[{\"@type\":\"ReadAction\",\"target\":[\"https:\/\/www.gaveanews.com\/index.php\/2019\/08\/02\/goleiro-do-flamengo-diego-alves-manda-recado-a-torcida-apos-classificacao-heroica-na-copa-libertadores-da-america\/\"]}]},{\"@type\":\"ImageObject\",\"inLanguage\":\"pt-BR\",\"@id\":\"https:\/\/www.gaveanews.com\/index.php\/2019\/08\/02\/goleiro-do-flamengo-diego-alves-manda-recado-a-torcida-apos-classificacao-heroica-na-copa-libertadores-da-america\/#primaryimage\",\"url\":\"https:\/\/www.gaveanews.com\/wp-content\/uploads\/2019\/03\/Diego-Alves-durante-treinamento-no-Ninho-do-Urubu.webp\",\"contentUrl\":\"https:\/\/www.gaveanews.com\/wp-content\/uploads\/2019\/03\/Diego-Alves-durante-treinamento-no-Ninho-do-Urubu.webp\",\"width\":846,\"height\":476,\"caption\":\"Diego Alves durante treinamento no Ninho do Urubu (Foto: Gilvan de Souza\/Flamengo)\"},{\"@type\":\"BreadcrumbList\",\"@id\":\"https:\/\/www.gaveanews.com\/index.php\/2019\/08\/02\/goleiro-do-flamengo-diego-alves-manda-recado-a-torcida-apos-classificacao-heroica-na-copa-libertadores-da-america\/#breadcrumb\",\"itemListElement\":[{\"@type\":\"ListItem\",\"position\":1,\"name\":\"Home\",\"item\":\"https:\/\/www.gaveanews.com\/\"},{\"@type\":\"ListItem\",\"position\":2,\"name\":\"Goleiro do Flamengo, Diego Alves manda recado \u00e0 torcida ap\u00f3s classifica\u00e7\u00e3o heroica na Copa Libertadores da Am\u00e9rica\"}]},{\"@type\":\"WebSite\",\"@id\":\"https:\/\/www.gaveanews.com\/#website\",\"url\":\"https:\/\/www.gaveanews.com\/\",\"name\":\"G\u00e1vea News\",\"description\":\"Veja todas as not\u00edcias sobre o Flamengo: Contrata\u00e7\u00f5es, categorias de base, resultados das partidas, tabela de classifica\u00e7\u00e3o, pr\u00f3ximos jogos!\",\"potentialAction\":[{\"@type\":\"SearchAction\",\"target\":{\"@type\":\"EntryPoint\",\"urlTemplate\":\"https:\/\/www.gaveanews.com\/?s={search_term_string}\"},\"query-input\":{\"@type\":\"PropertyValueSpecification\",\"valueRequired\":true,\"valueName\":\"search_term_string\"}}],\"inLanguage\":\"pt-BR\"},{\"@type\":\"Person\",\"@id\":\"https:\/\/www.gaveanews.com\/#\/schema\/person\/2ec14f73fb96be2caf28f91afb14749d\",\"name\":\"Equipe G\u00e1vea News\",\"image\":{\"@type\":\"ImageObject\",\"inLanguage\":\"pt-BR\",\"@id\":\"https:\/\/www.gaveanews.com\/#\/schema\/person\/image\/\",\"url\":\"https:\/\/secure.gravatar.com\/avatar\/1e1956f1facbffd3f8fa53a326721950116b3b9dc9bd44939c01180fd4a745a9?s=96&d=mm&r=g\",\"contentUrl\":\"https:\/\/secure.gravatar.com\/avatar\/1e1956f1facbffd3f8fa53a326721950116b3b9dc9bd44939c01180fd4a745a9?s=96&d=mm&r=g\",\"caption\":\"Equipe G\u00e1vea News\"}}]}<\/script>\n<!-- \/ Yoast SEO Premium plugin. -->","yoast_head_json":{"title":"Goleiro do Flamengo, Diego Alves manda recado \u00e0 torcida ap\u00f3s classifica\u00e7\u00e3o heroica na Copa Libertadores da Am\u00e9rica","robots":{"index":"index","follow":"follow","max-snippet":"max-snippet:-1","max-image-preview":"max-image-preview:large","max-video-preview":"max-video-preview:-1"},"canonical":"https:\/\/www.gaveanews.com\/index.php\/2019\/08\/02\/goleiro-do-flamengo-diego-alves-manda-recado-a-torcida-apos-classificacao-heroica-na-copa-libertadores-da-america\/","og_locale":"pt_BR","og_type":"article","og_title":"Goleiro do Flamengo, Diego Alves manda recado \u00e0 torcida ap\u00f3s classifica\u00e7\u00e3o heroica na Copa Libertadores da Am\u00e9rica","og_description":"O Flamengo encarou o Emelec na noite da \u00faltima quarta-feira (31 de agosto), entrando em campo com a miss\u00e3o de reverter a derrota por 2 a 0 que sofreu no jogo de ida das oitavas de final da Libertadores. Com dois tentos de Gabriel Barbosa, o Fla empatou o marcador e, nos p\u00eanaltis, garantiu a [&hellip;]","og_url":"https:\/\/www.gaveanews.com\/index.php\/2019\/08\/02\/goleiro-do-flamengo-diego-alves-manda-recado-a-torcida-apos-classificacao-heroica-na-copa-libertadores-da-america\/","og_site_name":"G\u00e1vea News","article_publisher":"https:\/\/facebook.com\/gaveaNews\/","article_published_time":"2019-08-02T16:00:47+00:00","og_image":[{"width":846,"height":476,"url":"https:\/\/www.gaveanews.com\/wp-content\/uploads\/2019\/03\/Diego-Alves-durante-treinamento-no-Ninho-do-Urubu.webp","type":"image\/jpeg"}],"author":"Equipe G\u00e1vea News","twitter_card":"summary_large_image","twitter_misc":{"Escrito por":"Equipe G\u00e1vea News","Est. tempo de leitura":"1 minuto"},"schema":{"@context":"https:\/\/schema.org","@graph":[{"@type":"NewsArticle","@id":"https:\/\/www.gaveanews.com\/index.php\/2019\/08\/02\/goleiro-do-flamengo-diego-alves-manda-recado-a-torcida-apos-classificacao-heroica-na-copa-libertadores-da-america\/#article","isPartOf":{"@id":"https:\/\/www.gaveanews.com\/index.php\/2019\/08\/02\/goleiro-do-flamengo-diego-alves-manda-recado-a-torcida-apos-classificacao-heroica-na-copa-libertadores-da-america\/"},"author":{"name":"Equipe G\u00e1vea News","@id":"https:\/\/www.gaveanews.com\/#\/schema\/person\/2ec14f73fb96be2caf28f91afb14749d"},"headline":"Goleiro do Flamengo, Diego Alves manda recado \u00e0 torcida ap\u00f3s classifica\u00e7\u00e3o heroica na Copa Libertadores da Am\u00e9rica","datePublished":"2019-08-02T16:00:47+00:00","mainEntityOfPage":{"@id":"https:\/\/www.gaveanews.com\/index.php\/2019\/08\/02\/goleiro-do-flamengo-diego-alves-manda-recado-a-torcida-apos-classificacao-heroica-na-copa-libertadores-da-america\/"},"wordCount":298,"commentCount":0,"image":{"@id":"https:\/\/www.gaveanews.com\/index.php\/2019\/08\/02\/goleiro-do-flamengo-diego-alves-manda-recado-a-torcida-apos-classificacao-heroica-na-copa-libertadores-da-america\/#primaryimage"},"thumbnailUrl":"https:\/\/www.gaveanews.com\/wp-content\/uploads\/2019\/03\/Diego-Alves-durante-treinamento-no-Ninho-do-Urubu.webp","articleSection":["Flamengo"],"inLanguage":"pt-BR","potentialAction":[{"@type":"CommentAction","name":"Comment","target":["https:\/\/www.gaveanews.com\/index.php\/2019\/08\/02\/goleiro-do-flamengo-diego-alves-manda-recado-a-torcida-apos-classificacao-heroica-na-copa-libertadores-da-america\/#respond"]}],"copyrightYear":"2019","copyrightHolder":{"@id":"https:\/\/www.gaveanews.com\/#organization"}},{"@type":"WebPage","@id":"https:\/\/www.gaveanews.com\/index.php\/2019\/08\/02\/goleiro-do-flamengo-diego-alves-manda-recado-a-torcida-apos-classificacao-heroica-na-copa-libertadores-da-america\/","url":"https:\/\/www.gaveanews.com\/index.php\/2019\/08\/02\/goleiro-do-flamengo-diego-alves-manda-recado-a-torcida-apos-classificacao-heroica-na-copa-libertadores-da-america\/","name":"Goleiro do Flamengo, Diego Alves manda recado \u00e0 torcida ap\u00f3s classifica\u00e7\u00e3o heroica na Copa Libertadores da Am\u00e9rica","isPartOf":{"@id":"https:\/\/www.gaveanews.com\/#website"},"primaryImageOfPage":{"@id":"https:\/\/www.gaveanews.com\/index.php\/2019\/08\/02\/goleiro-do-flamengo-diego-alves-manda-recado-a-torcida-apos-classificacao-heroica-na-copa-libertadores-da-america\/#primaryimage"},"image":{"@id":"https:\/\/www.gaveanews.com\/index.php\/2019\/08\/02\/goleiro-do-flamengo-diego-alves-manda-recado-a-torcida-apos-classificacao-heroica-na-copa-libertadores-da-america\/#primaryimage"},"thumbnailUrl":"https:\/\/www.gaveanews.com\/wp-content\/uploads\/2019\/03\/Diego-Alves-durante-treinamento-no-Ninho-do-Urubu.webp","datePublished":"2019-08-02T16:00:47+00:00","author":{"@id":"https:\/\/www.gaveanews.com\/#\/schema\/person\/2ec14f73fb96be2caf28f91afb14749d"},"breadcrumb":{"@id":"https:\/\/www.gaveanews.com\/index.php\/2019\/08\/02\/goleiro-do-flamengo-diego-alves-manda-recado-a-torcida-apos-classificacao-heroica-na-copa-libertadores-da-america\/#breadcrumb"},"inLanguage":"pt-BR","potentialAction":[{"@type":"ReadAction","target":["https:\/\/www.gaveanews.com\/index.php\/2019\/08\/02\/goleiro-do-flamengo-diego-alves-manda-recado-a-torcida-apos-classificacao-heroica-na-copa-libertadores-da-america\/"]}]},{"@type":"ImageObject","inLanguage":"pt-BR","@id":"https:\/\/www.gaveanews.com\/index.php\/2019\/08\/02\/goleiro-do-flamengo-diego-alves-manda-recado-a-torcida-apos-classificacao-heroica-na-copa-libertadores-da-america\/#primaryimage","url":"https:\/\/www.gaveanews.com\/wp-content\/uploads\/2019\/03\/Diego-Alves-durante-treinamento-no-Ninho-do-Urubu.webp","contentUrl":"https:\/\/www.gaveanews.com\/wp-content\/uploads\/2019\/03\/Diego-Alves-durante-treinamento-no-Ninho-do-Urubu.webp","width":846,"height":476,"caption":"Diego Alves durante treinamento no Ninho do Urubu (Foto: Gilvan de Souza\/Flamengo)"},{"@type":"BreadcrumbList","@id":"https:\/\/www.gaveanews.com\/index.php\/2019\/08\/02\/goleiro-do-flamengo-diego-alves-manda-recado-a-torcida-apos-classificacao-heroica-na-copa-libertadores-da-america\/#breadcrumb","itemListElement":[{"@type":"ListItem","position":1,"name":"Home","item":"https:\/\/www.gaveanews.com\/"},{"@type":"ListItem","position":2,"name":"Goleiro do Flamengo, Diego Alves manda recado \u00e0 torcida ap\u00f3s classifica\u00e7\u00e3o heroica na Copa Libertadores da Am\u00e9rica"}]},{"@type":"WebSite","@id":"https:\/\/www.gaveanews.com\/#website","url":"https:\/\/www.gaveanews.com\/","name":"G\u00e1vea News","description":"Veja todas as not\u00edcias sobre o Flamengo: Contrata\u00e7\u00f5es, categorias de base, resultados das partidas, tabela de classifica\u00e7\u00e3o, pr\u00f3ximos jogos!","potentialAction":[{"@type":"SearchAction","target":{"@type":"EntryPoint","urlTemplate":"https:\/\/www.gaveanews.com\/?s={search_term_string}"},"query-input":{"@type":"PropertyValueSpecification","valueRequired":true,"valueName":"search_term_string"}}],"inLanguage":"pt-BR"},{"@type":"Person","@id":"https:\/\/www.gaveanews.com\/#\/schema\/person\/2ec14f73fb96be2caf28f91afb14749d","name":"Equipe G\u00e1vea News","image":{"@type":"ImageObject","inLanguage":"pt-BR","@id":"https:\/\/www.gaveanews.com\/#\/schema\/person\/image\/","url":"https:\/\/secure.gravatar.com\/avatar\/1e1956f1facbffd3f8fa53a326721950116b3b9dc9bd44939c01180fd4a745a9?s=96&d=mm&r=g","contentUrl":"https:\/\/secure.gravatar.com\/avatar\/1e1956f1facbffd3f8fa53a326721950116b3b9dc9bd44939c01180fd4a745a9?s=96&d=mm&r=g","caption":"Equipe G\u00e1vea News"}}]}},"_links":{"self":[{"href":"https:\/\/www.gaveanews.com\/index.php\/wp-json\/wp\/v2\/posts\/23945","targetHints":{"allow":["GET"]}}],"collection":[{"href":"https:\/\/www.gaveanews.com\/index.php\/wp-json\/wp\/v2\/posts"}],"about":[{"href":"https:\/\/www.gaveanews.com\/index.php\/wp-json\/wp\/v2\/types\/post"}],"author":[{"embeddable":true,"href":"https:\/\/www.gaveanews.com\/index.php\/wp-json\/wp\/v2\/users\/1"}],"replies":[{"embeddable":true,"href":"https:\/\/www.gaveanews.com\/index.php\/wp-json\/wp\/v2\/comments?post=23945"}],"version-history":[{"count":0,"href":"https:\/\/www.gaveanews.com\/index.php\/wp-json\/wp\/v2\/posts\/23945\/revisions"}],"wp:featuredmedia":[{"embeddable":true,"href":"https:\/\/www.gaveanews.com\/index.php\/wp-json\/wp\/v2\/media\/14814"}],"wp:attachment":[{"href":"https:\/\/www.gaveanews.com\/index.php\/wp-json\/wp\/v2\/media?parent=23945"}],"wp:term":[{"taxonomy":"category","embeddable":true,"href":"https:\/\/www.gaveanews.com\/index.php\/wp-json\/wp\/v2\/categories?post=23945"},{"taxonomy":"post_tag","embeddable":true,"href":"https:\/\/www.gaveanews.com\/index.php\/wp-json\/wp\/v2\/tags?post=23945"}],"curies":[{"name":"wp","href":"https:\/\/api.w.org\/{rel}","templated":true}]}}