{"id":239463,"date":"2025-03-13T11:35:00","date_gmt":"2025-03-13T14:35:00","guid":{"rendered":"https:\/\/www.gaveanews.com\/?p=239463"},"modified":"2025-03-13T11:14:58","modified_gmt":"2025-03-13T14:14:58","slug":"mano-menezes-do-fluminense-rebate-luiz-araujo-do-flamengo","status":"publish","type":"post","link":"https:\/\/www.gaveanews.com\/index.php\/2025\/03\/13\/mano-menezes-do-fluminense-rebate-luiz-araujo-do-flamengo\/","title":{"rendered":"Mano Menezes, do Fluminense, rebate Luiz Ara\u00fajo, do Flamengo"},"content":{"rendered":"\n<p>O clima esquentou no Maracan\u00e3 durante a primeira partida da final do Campeonato Carioca, quando houve uma discuss\u00e3o entre o t\u00e9cnico Mano Menezes e o atacante Luiz Ara\u00fajo.&nbsp;<\/p>\n\n\n\n<p>Durante a partida, o jogador do Flamengo exibiu uma tatuagem do trof\u00e9u da Copa do Brasil, conquistada no ano anterior, como forma de provocar o treinador advers\u00e1rio. O epis\u00f3dio gerou bastante repercuss\u00e3o e Mano Menezes respondeu em entrevista coletiva, deixando claro seu posicionamento sobre a situa\u00e7\u00e3o.<\/p>\n\n\n\n<h2 class=\"wp-block-heading\" id=\"h-a-reacao-de-mano-menezes-a-provocacao-de-luiz-araujo\">A rea\u00e7\u00e3o de Mano Menezes \u00e0 provoca\u00e7\u00e3o de Luiz Ara\u00fajo<\/h2>\n\n\n\n<p>O treinador do Fluminense comentou, de forma incisiva, o que havia acontecido durante o jogo. \u201cEu tenho tr\u00eas, n\u00e3o mostrei, esqueci&#8230; Eu n\u00e3o fui atr\u00e1s dele, entrei em campo, cumprimentei quem me dou bem no Flamengo, dei parab\u00e9ns pela vit\u00f3ria. Com raras exce\u00e7\u00f5es, procuro reconhecer o que os outros fazem bem\u201d, disse Mano.<\/p>\n\n\n\n<p>Isso porque, durante o jogo, o clima esquentou ap\u00f3s um lance na lateral do campo, e a discuss\u00e3o entre os dois jogadores aumentou ainda mais com a tatuagem de Luiz Ara\u00fajo sendo exibida em dire\u00e7\u00e3o ao t\u00e9cnico tricolor.&nbsp;<\/p>\n\n\n\n<p>Sendo assim, Mano Menezes aproveitou a entrevista para relembrar que n\u00e3o costuma se envolver em provoca\u00e7\u00f5es, mas destacou que o comportamento de Luiz Ara\u00fajo foi desnecess\u00e1rio.<\/p>\n\n\n\n<h2 class=\"wp-block-heading\" id=\"h-briga-generalizada-e-os-desdobramentos-do-incidente\">Briga generalizada e os desdobramentos do incidente<\/h2>\n\n\n\n<p>Dessa maneira, a situa\u00e7\u00e3o acabou se agravando ap\u00f3s o apito final, quando o zagueiro Juan Freytes foi expulso ap\u00f3s uma troca de empurr\u00f5es com Luiz Ara\u00fajo. Ao tentar resolver a situa\u00e7\u00e3o, Mano foi flagrado tentando conversar com o atacante, mas foi Gerson quem separou os dois.&nbsp;<\/p>\n\n\n\n<p>O \u00e1rbitro do jogo, Yuri Elino, consultou o VAR ap\u00f3s os jogadores deixarem o campo e decidiu expulsar Freytes, mas Mano criticou o \u00e1rbitro pela falta de sensibilidade.<\/p>\n\n\n\n<p>\u201cEu disse ao \u00e1rbitro no momento do lance. O jogo estava transcorrendo normal e uma provoca\u00e7\u00e3o incendiou uma coisa que era desnecess\u00e1ria. Perdemos um jogador, perdemos dois ou tr\u00eas no banco de reservas e a pessoa que iniciou tudo, o \u00e1rbitro abra\u00e7ou, acalmou e tirou ele de l\u00e1\u201d, afirmou o treinador, que completou: \u201cN\u00e3o \u00e9 poss\u00edvel que todos estejam errados e a pessoa que fez o que fez est\u00e1 certa\u201d.<\/p>\n\n\n\n<h2 class=\"wp-block-heading\" id=\"h-proximos-passos-na-decisao-do-campeonato-carioca\">Pr\u00f3ximos passos na decis\u00e3o do Campeonato Carioca<\/h2>\n\n\n\n<p>Com isso, a vit\u00f3ria do Flamengo por 2 a 1 deixou o time rubro-negro em vantagem para o jogo de volta, que ser\u00e1 no domingo. O Fluminense precisar\u00e1 vencer por dois gols de diferen\u00e7a para conquistar o t\u00edtulo, e uma vit\u00f3ria por um gol levar\u00e1 a decis\u00e3o para os p\u00eanaltis.&nbsp;<\/p>\n\n\n\n<p>Vale destacar que o Flamengo joga por um empate para se sagrar campe\u00e3o, o que coloca ainda mais press\u00e3o no Fluminense para reverter o placar. Portanto, o jogo promete ser ainda mais tenso ap\u00f3s o epis\u00f3dio que marcou o primeiro confronto entre as equipes.<\/p>\n","protected":false},"excerpt":{"rendered":"<p>O clima esquentou no Maracan\u00e3 durante a primeira partida da final do Campeonato Carioca, quando houve uma discuss\u00e3o entre o t\u00e9cnico Mano Menezes e o atacante Luiz Ara\u00fajo.&nbsp; Durante a partida, o jogador do Flamengo exibiu uma tatuagem do trof\u00e9u da Copa do Brasil, conquistada no ano anterior, como forma de provocar o treinador advers\u00e1rio. [&hellip;]<\/p>\n","protected":false},"author":25,"featured_media":154433,"comment_status":"open","ping_status":"closed","sticky":false,"template":"","format":"standard","meta":{"footnotes":""},"categories":[1,145],"tags":[],"class_list":["post-239463","post","type-post","status-publish","format-standard","has-post-thumbnail","hentry","category-flamengo","category-fluminense"],"yoast_head":"<!-- This site is optimized with the Yoast SEO Premium plugin v24.2 (Yoast SEO v26.9) - https:\/\/yoast.com\/product\/yoast-seo-premium-wordpress\/ -->\n<title>Mano Menezes, do Fluminense, rebate Luiz Ara\u00fajo, do Flamengo<\/title>\n<meta name=\"robots\" content=\"index, follow, max-snippet:-1, max-image-preview:large, max-video-preview:-1\" \/>\n<link rel=\"canonical\" href=\"https:\/\/www.gaveanews.com\/index.php\/2025\/03\/13\/mano-menezes-do-fluminense-rebate-luiz-araujo-do-flamengo\/\" \/>\n<meta property=\"og:locale\" content=\"pt_BR\" \/>\n<meta property=\"og:type\" content=\"article\" \/>\n<meta property=\"og:title\" content=\"Mano Menezes, do Fluminense, rebate Luiz Ara\u00fajo, do Flamengo\" \/>\n<meta property=\"og:description\" content=\"O clima esquentou no Maracan\u00e3 durante a primeira partida da final do Campeonato Carioca, quando houve uma discuss\u00e3o entre o t\u00e9cnico Mano Menezes e o atacante Luiz Ara\u00fajo.&nbsp; Durante a partida, o jogador do Flamengo exibiu uma tatuagem do trof\u00e9u da Copa do Brasil, conquistada no ano anterior, como forma de provocar o treinador advers\u00e1rio. [&hellip;]\" \/>\n<meta property=\"og:url\" content=\"https:\/\/www.gaveanews.com\/index.php\/2025\/03\/13\/mano-menezes-do-fluminense-rebate-luiz-araujo-do-flamengo\/\" \/>\n<meta property=\"og:site_name\" content=\"G\u00e1vea News\" \/>\n<meta property=\"article:publisher\" content=\"https:\/\/facebook.com\/gaveaNews\/\" \/>\n<meta property=\"article:published_time\" content=\"2025-03-13T14:35:00+00:00\" \/>\n<meta property=\"og:image\" content=\"https:\/\/www.gaveanews.com\/wp-content\/uploads\/Mano-Menezes-durante-Fluminense-x-Palmeiras-em-2024.webp\" \/>\n\t<meta property=\"og:image:width\" content=\"799\" \/>\n\t<meta property=\"og:image:height\" content=\"533\" \/>\n\t<meta property=\"og:image:type\" content=\"image\/jpeg\" \/>\n<meta name=\"author\" content=\"Rafaela Ladeira\" \/>\n<meta name=\"twitter:card\" content=\"summary_large_image\" \/>\n<meta name=\"twitter:label1\" content=\"Escrito por\" \/>\n\t<meta name=\"twitter:data1\" content=\"Rafaela Ladeira\" \/>\n\t<meta name=\"twitter:label2\" content=\"Est. tempo de leitura\" \/>\n\t<meta name=\"twitter:data2\" content=\"3 minutos\" \/>\n<script type=\"application\/ld+json\" class=\"yoast-schema-graph\">{\"@context\":\"https:\/\/schema.org\",\"@graph\":[{\"@type\":\"NewsArticle\",\"@id\":\"https:\/\/www.gaveanews.com\/index.php\/2025\/03\/13\/mano-menezes-do-fluminense-rebate-luiz-araujo-do-flamengo\/#article\",\"isPartOf\":{\"@id\":\"https:\/\/www.gaveanews.com\/index.php\/2025\/03\/13\/mano-menezes-do-fluminense-rebate-luiz-araujo-do-flamengo\/\"},\"author\":{\"name\":\"Rafaela Ladeira\",\"@id\":\"https:\/\/www.gaveanews.com\/#\/schema\/person\/0eb3e3fe1754f0205218538adbe8f5ed\"},\"headline\":\"Mano Menezes, do Fluminense, rebate Luiz Ara\u00fajo, do Flamengo\",\"datePublished\":\"2025-03-13T14:35:00+00:00\",\"mainEntityOfPage\":{\"@id\":\"https:\/\/www.gaveanews.com\/index.php\/2025\/03\/13\/mano-menezes-do-fluminense-rebate-luiz-araujo-do-flamengo\/\"},\"wordCount\":515,\"commentCount\":0,\"image\":{\"@id\":\"https:\/\/www.gaveanews.com\/index.php\/2025\/03\/13\/mano-menezes-do-fluminense-rebate-luiz-araujo-do-flamengo\/#primaryimage\"},\"thumbnailUrl\":\"https:\/\/www.gaveanews.com\/wp-content\/uploads\/Mano-Menezes-durante-Fluminense-x-Palmeiras-em-2024.webp\",\"articleSection\":[\"Flamengo\",\"Fluminense\"],\"inLanguage\":\"pt-BR\",\"potentialAction\":[{\"@type\":\"CommentAction\",\"name\":\"Comment\",\"target\":[\"https:\/\/www.gaveanews.com\/index.php\/2025\/03\/13\/mano-menezes-do-fluminense-rebate-luiz-araujo-do-flamengo\/#respond\"]}],\"copyrightYear\":\"2025\",\"copyrightHolder\":{\"@id\":\"https:\/\/www.gaveanews.com\/#organization\"}},{\"@type\":\"WebPage\",\"@id\":\"https:\/\/www.gaveanews.com\/index.php\/2025\/03\/13\/mano-menezes-do-fluminense-rebate-luiz-araujo-do-flamengo\/\",\"url\":\"https:\/\/www.gaveanews.com\/index.php\/2025\/03\/13\/mano-menezes-do-fluminense-rebate-luiz-araujo-do-flamengo\/\",\"name\":\"Mano Menezes, do Fluminense, rebate Luiz Ara\u00fajo, do Flamengo\",\"isPartOf\":{\"@id\":\"https:\/\/www.gaveanews.com\/#website\"},\"primaryImageOfPage\":{\"@id\":\"https:\/\/www.gaveanews.com\/index.php\/2025\/03\/13\/mano-menezes-do-fluminense-rebate-luiz-araujo-do-flamengo\/#primaryimage\"},\"image\":{\"@id\":\"https:\/\/www.gaveanews.com\/index.php\/2025\/03\/13\/mano-menezes-do-fluminense-rebate-luiz-araujo-do-flamengo\/#primaryimage\"},\"thumbnailUrl\":\"https:\/\/www.gaveanews.com\/wp-content\/uploads\/Mano-Menezes-durante-Fluminense-x-Palmeiras-em-2024.webp\",\"datePublished\":\"2025-03-13T14:35:00+00:00\",\"author\":{\"@id\":\"https:\/\/www.gaveanews.com\/#\/schema\/person\/0eb3e3fe1754f0205218538adbe8f5ed\"},\"breadcrumb\":{\"@id\":\"https:\/\/www.gaveanews.com\/index.php\/2025\/03\/13\/mano-menezes-do-fluminense-rebate-luiz-araujo-do-flamengo\/#breadcrumb\"},\"inLanguage\":\"pt-BR\",\"potentialAction\":[{\"@type\":\"ReadAction\",\"target\":[\"https:\/\/www.gaveanews.com\/index.php\/2025\/03\/13\/mano-menezes-do-fluminense-rebate-luiz-araujo-do-flamengo\/\"]}]},{\"@type\":\"ImageObject\",\"inLanguage\":\"pt-BR\",\"@id\":\"https:\/\/www.gaveanews.com\/index.php\/2025\/03\/13\/mano-menezes-do-fluminense-rebate-luiz-araujo-do-flamengo\/#primaryimage\",\"url\":\"https:\/\/www.gaveanews.com\/wp-content\/uploads\/Mano-Menezes-durante-Fluminense-x-Palmeiras-em-2024.webp\",\"contentUrl\":\"https:\/\/www.gaveanews.com\/wp-content\/uploads\/Mano-Menezes-durante-Fluminense-x-Palmeiras-em-2024.webp\",\"width\":799,\"height\":533,\"caption\":\"Mano Menezes durante Fluminense x Palmeiras em 2024 (Foto: Lucas Mer\u00e7on \/ Fluminense F.C)\"},{\"@type\":\"BreadcrumbList\",\"@id\":\"https:\/\/www.gaveanews.com\/index.php\/2025\/03\/13\/mano-menezes-do-fluminense-rebate-luiz-araujo-do-flamengo\/#breadcrumb\",\"itemListElement\":[{\"@type\":\"ListItem\",\"position\":1,\"name\":\"Home\",\"item\":\"https:\/\/www.gaveanews.com\/\"},{\"@type\":\"ListItem\",\"position\":2,\"name\":\"Mano Menezes, do Fluminense, rebate Luiz Ara\u00fajo, do Flamengo\"}]},{\"@type\":\"WebSite\",\"@id\":\"https:\/\/www.gaveanews.com\/#website\",\"url\":\"https:\/\/www.gaveanews.com\/\",\"name\":\"G\u00e1vea News\",\"description\":\"Veja todas as not\u00edcias sobre o Flamengo: Contrata\u00e7\u00f5es, categorias de base, resultados das partidas, tabela de classifica\u00e7\u00e3o, pr\u00f3ximos jogos!\",\"potentialAction\":[{\"@type\":\"SearchAction\",\"target\":{\"@type\":\"EntryPoint\",\"urlTemplate\":\"https:\/\/www.gaveanews.com\/?s={search_term_string}\"},\"query-input\":{\"@type\":\"PropertyValueSpecification\",\"valueRequired\":true,\"valueName\":\"search_term_string\"}}],\"inLanguage\":\"pt-BR\"},{\"@type\":\"Person\",\"@id\":\"https:\/\/www.gaveanews.com\/#\/schema\/person\/0eb3e3fe1754f0205218538adbe8f5ed\",\"name\":\"Rafaela Ladeira\",\"image\":{\"@type\":\"ImageObject\",\"inLanguage\":\"pt-BR\",\"@id\":\"https:\/\/www.gaveanews.com\/#\/schema\/person\/image\/\",\"url\":\"https:\/\/secure.gravatar.com\/avatar\/c31f513acffd85eacab5730cbdfdbbf59f21ba5aeada8cd890acea879fbb2455?s=96&d=mm&r=g\",\"contentUrl\":\"https:\/\/secure.gravatar.com\/avatar\/c31f513acffd85eacab5730cbdfdbbf59f21ba5aeada8cd890acea879fbb2455?s=96&d=mm&r=g\",\"caption\":\"Rafaela Ladeira\"}}]}<\/script>\n<!-- \/ Yoast SEO Premium plugin. -->","yoast_head_json":{"title":"Mano Menezes, do Fluminense, rebate Luiz Ara\u00fajo, do Flamengo","robots":{"index":"index","follow":"follow","max-snippet":"max-snippet:-1","max-image-preview":"max-image-preview:large","max-video-preview":"max-video-preview:-1"},"canonical":"https:\/\/www.gaveanews.com\/index.php\/2025\/03\/13\/mano-menezes-do-fluminense-rebate-luiz-araujo-do-flamengo\/","og_locale":"pt_BR","og_type":"article","og_title":"Mano Menezes, do Fluminense, rebate Luiz Ara\u00fajo, do Flamengo","og_description":"O clima esquentou no Maracan\u00e3 durante a primeira partida da final do Campeonato Carioca, quando houve uma discuss\u00e3o entre o t\u00e9cnico Mano Menezes e o atacante Luiz Ara\u00fajo.&nbsp; Durante a partida, o jogador do Flamengo exibiu uma tatuagem do trof\u00e9u da Copa do Brasil, conquistada no ano anterior, como forma de provocar o treinador advers\u00e1rio. [&hellip;]","og_url":"https:\/\/www.gaveanews.com\/index.php\/2025\/03\/13\/mano-menezes-do-fluminense-rebate-luiz-araujo-do-flamengo\/","og_site_name":"G\u00e1vea News","article_publisher":"https:\/\/facebook.com\/gaveaNews\/","article_published_time":"2025-03-13T14:35:00+00:00","og_image":[{"width":799,"height":533,"url":"https:\/\/www.gaveanews.com\/wp-content\/uploads\/Mano-Menezes-durante-Fluminense-x-Palmeiras-em-2024.webp","type":"image\/jpeg"}],"author":"Rafaela Ladeira","twitter_card":"summary_large_image","twitter_misc":{"Escrito por":"Rafaela Ladeira","Est. tempo de leitura":"3 minutos"},"schema":{"@context":"https:\/\/schema.org","@graph":[{"@type":"NewsArticle","@id":"https:\/\/www.gaveanews.com\/index.php\/2025\/03\/13\/mano-menezes-do-fluminense-rebate-luiz-araujo-do-flamengo\/#article","isPartOf":{"@id":"https:\/\/www.gaveanews.com\/index.php\/2025\/03\/13\/mano-menezes-do-fluminense-rebate-luiz-araujo-do-flamengo\/"},"author":{"name":"Rafaela Ladeira","@id":"https:\/\/www.gaveanews.com\/#\/schema\/person\/0eb3e3fe1754f0205218538adbe8f5ed"},"headline":"Mano Menezes, do Fluminense, rebate Luiz Ara\u00fajo, do Flamengo","datePublished":"2025-03-13T14:35:00+00:00","mainEntityOfPage":{"@id":"https:\/\/www.gaveanews.com\/index.php\/2025\/03\/13\/mano-menezes-do-fluminense-rebate-luiz-araujo-do-flamengo\/"},"wordCount":515,"commentCount":0,"image":{"@id":"https:\/\/www.gaveanews.com\/index.php\/2025\/03\/13\/mano-menezes-do-fluminense-rebate-luiz-araujo-do-flamengo\/#primaryimage"},"thumbnailUrl":"https:\/\/www.gaveanews.com\/wp-content\/uploads\/Mano-Menezes-durante-Fluminense-x-Palmeiras-em-2024.webp","articleSection":["Flamengo","Fluminense"],"inLanguage":"pt-BR","potentialAction":[{"@type":"CommentAction","name":"Comment","target":["https:\/\/www.gaveanews.com\/index.php\/2025\/03\/13\/mano-menezes-do-fluminense-rebate-luiz-araujo-do-flamengo\/#respond"]}],"copyrightYear":"2025","copyrightHolder":{"@id":"https:\/\/www.gaveanews.com\/#organization"}},{"@type":"WebPage","@id":"https:\/\/www.gaveanews.com\/index.php\/2025\/03\/13\/mano-menezes-do-fluminense-rebate-luiz-araujo-do-flamengo\/","url":"https:\/\/www.gaveanews.com\/index.php\/2025\/03\/13\/mano-menezes-do-fluminense-rebate-luiz-araujo-do-flamengo\/","name":"Mano Menezes, do Fluminense, rebate Luiz Ara\u00fajo, do Flamengo","isPartOf":{"@id":"https:\/\/www.gaveanews.com\/#website"},"primaryImageOfPage":{"@id":"https:\/\/www.gaveanews.com\/index.php\/2025\/03\/13\/mano-menezes-do-fluminense-rebate-luiz-araujo-do-flamengo\/#primaryimage"},"image":{"@id":"https:\/\/www.gaveanews.com\/index.php\/2025\/03\/13\/mano-menezes-do-fluminense-rebate-luiz-araujo-do-flamengo\/#primaryimage"},"thumbnailUrl":"https:\/\/www.gaveanews.com\/wp-content\/uploads\/Mano-Menezes-durante-Fluminense-x-Palmeiras-em-2024.webp","datePublished":"2025-03-13T14:35:00+00:00","author":{"@id":"https:\/\/www.gaveanews.com\/#\/schema\/person\/0eb3e3fe1754f0205218538adbe8f5ed"},"breadcrumb":{"@id":"https:\/\/www.gaveanews.com\/index.php\/2025\/03\/13\/mano-menezes-do-fluminense-rebate-luiz-araujo-do-flamengo\/#breadcrumb"},"inLanguage":"pt-BR","potentialAction":[{"@type":"ReadAction","target":["https:\/\/www.gaveanews.com\/index.php\/2025\/03\/13\/mano-menezes-do-fluminense-rebate-luiz-araujo-do-flamengo\/"]}]},{"@type":"ImageObject","inLanguage":"pt-BR","@id":"https:\/\/www.gaveanews.com\/index.php\/2025\/03\/13\/mano-menezes-do-fluminense-rebate-luiz-araujo-do-flamengo\/#primaryimage","url":"https:\/\/www.gaveanews.com\/wp-content\/uploads\/Mano-Menezes-durante-Fluminense-x-Palmeiras-em-2024.webp","contentUrl":"https:\/\/www.gaveanews.com\/wp-content\/uploads\/Mano-Menezes-durante-Fluminense-x-Palmeiras-em-2024.webp","width":799,"height":533,"caption":"Mano Menezes durante Fluminense x Palmeiras em 2024 (Foto: Lucas Mer\u00e7on \/ Fluminense F.C)"},{"@type":"BreadcrumbList","@id":"https:\/\/www.gaveanews.com\/index.php\/2025\/03\/13\/mano-menezes-do-fluminense-rebate-luiz-araujo-do-flamengo\/#breadcrumb","itemListElement":[{"@type":"ListItem","position":1,"name":"Home","item":"https:\/\/www.gaveanews.com\/"},{"@type":"ListItem","position":2,"name":"Mano Menezes, do Fluminense, rebate Luiz Ara\u00fajo, do Flamengo"}]},{"@type":"WebSite","@id":"https:\/\/www.gaveanews.com\/#website","url":"https:\/\/www.gaveanews.com\/","name":"G\u00e1vea News","description":"Veja todas as not\u00edcias sobre o Flamengo: Contrata\u00e7\u00f5es, categorias de base, resultados das partidas, tabela de classifica\u00e7\u00e3o, pr\u00f3ximos jogos!","potentialAction":[{"@type":"SearchAction","target":{"@type":"EntryPoint","urlTemplate":"https:\/\/www.gaveanews.com\/?s={search_term_string}"},"query-input":{"@type":"PropertyValueSpecification","valueRequired":true,"valueName":"search_term_string"}}],"inLanguage":"pt-BR"},{"@type":"Person","@id":"https:\/\/www.gaveanews.com\/#\/schema\/person\/0eb3e3fe1754f0205218538adbe8f5ed","name":"Rafaela Ladeira","image":{"@type":"ImageObject","inLanguage":"pt-BR","@id":"https:\/\/www.gaveanews.com\/#\/schema\/person\/image\/","url":"https:\/\/secure.gravatar.com\/avatar\/c31f513acffd85eacab5730cbdfdbbf59f21ba5aeada8cd890acea879fbb2455?s=96&d=mm&r=g","contentUrl":"https:\/\/secure.gravatar.com\/avatar\/c31f513acffd85eacab5730cbdfdbbf59f21ba5aeada8cd890acea879fbb2455?s=96&d=mm&r=g","caption":"Rafaela Ladeira"}}]}},"_links":{"self":[{"href":"https:\/\/www.gaveanews.com\/index.php\/wp-json\/wp\/v2\/posts\/239463","targetHints":{"allow":["GET"]}}],"collection":[{"href":"https:\/\/www.gaveanews.com\/index.php\/wp-json\/wp\/v2\/posts"}],"about":[{"href":"https:\/\/www.gaveanews.com\/index.php\/wp-json\/wp\/v2\/types\/post"}],"author":[{"embeddable":true,"href":"https:\/\/www.gaveanews.com\/index.php\/wp-json\/wp\/v2\/users\/25"}],"replies":[{"embeddable":true,"href":"https:\/\/www.gaveanews.com\/index.php\/wp-json\/wp\/v2\/comments?post=239463"}],"version-history":[{"count":1,"href":"https:\/\/www.gaveanews.com\/index.php\/wp-json\/wp\/v2\/posts\/239463\/revisions"}],"predecessor-version":[{"id":239464,"href":"https:\/\/www.gaveanews.com\/index.php\/wp-json\/wp\/v2\/posts\/239463\/revisions\/239464"}],"wp:featuredmedia":[{"embeddable":true,"href":"https:\/\/www.gaveanews.com\/index.php\/wp-json\/wp\/v2\/media\/154433"}],"wp:attachment":[{"href":"https:\/\/www.gaveanews.com\/index.php\/wp-json\/wp\/v2\/media?parent=239463"}],"wp:term":[{"taxonomy":"category","embeddable":true,"href":"https:\/\/www.gaveanews.com\/index.php\/wp-json\/wp\/v2\/categories?post=239463"},{"taxonomy":"post_tag","embeddable":true,"href":"https:\/\/www.gaveanews.com\/index.php\/wp-json\/wp\/v2\/tags?post=239463"}],"curies":[{"name":"wp","href":"https:\/\/api.w.org\/{rel}","templated":true}]}}