{"id":239466,"date":"2025-03-13T11:45:00","date_gmt":"2025-03-13T14:45:00","guid":{"rendered":"https:\/\/www.gaveanews.com\/?p=239466"},"modified":"2025-03-13T11:20:46","modified_gmt":"2025-03-13T14:20:46","slug":"torcida-do-flamengo-faz-campanha-pela-titularidade-de-atacante","status":"publish","type":"post","link":"https:\/\/www.gaveanews.com\/index.php\/2025\/03\/13\/torcida-do-flamengo-faz-campanha-pela-titularidade-de-atacante\/","title":{"rendered":"Torcida do Flamengo faz campanha pela titularidade de atacante"},"content":{"rendered":"\n<p>O Flamengo conquistou uma importante vit\u00f3ria sobre o Fluminense por 2 a 1, na quarta-feira (12), no jogo de ida da final do Campeonato Carioca, e um dos protagonistas foi Juninho.&nbsp;<\/p>\n\n\n\n<p>Ap\u00f3s um per\u00edodo de recupera\u00e7\u00e3o de uma les\u00e3o que o afastou por quatro partidas, o atacante voltou com e deixou sua marca, animando a torcida rubro-negra e gerando uma onda de apoio para que ele seja titular no jogo de volta.<\/p>\n\n\n\n<h2 class=\"wp-block-heading\" id=\"h-juninho-ressurge-e-da-esperanca-a-torcida-rubro-negra\">Juninho ressurge e d\u00e1 esperan\u00e7a \u00e0 torcida rubro-negra<\/h2>\n\n\n\n<p>O gol de Juninho foi um dos momentos de destaque da partida. Aos 31 minutos do segundo tempo, o Flamengo pressionou a defesa tricolor, e ap\u00f3s um chute de Arrascaeta, a bola sobrou para Juninho, que aproveitou a oportunidade.&nbsp;<\/p>\n\n\n\n<p>Com a ajuda de um desvio da defesa, o atacante acertou a finaliza\u00e7\u00e3o e fez o segundo gol do Flamengo no cl\u00e1ssico. A comemora\u00e7\u00e3o foi efusiva, e a torcida rubro-negra foi \u00e0 loucura com o retorno do atacante.<\/p>\n\n\n\n<p>Um torcedor declarou que, com mais tempo de jogo, Juninho se tornar\u00e1 uma pe\u00e7a-chave: \u201cDepois que pegar confian\u00e7a e passar a jogar com mais calma, Juninho vai dar certo no Flamengo. Tenho convic\u00e7\u00e3o disso\u201d.&nbsp;<\/p>\n\n\n\n<blockquote class=\"twitter-tweet\"><p lang=\"pt\" dir=\"ltr\">Importante foi o gol do Juninho pra ganhar confian\u00e7a!<br><br>Vamos!<\/p>&mdash; Ilton (@iltoncrf) <a href=\"https:\/\/twitter.com\/iltoncrf\/status\/1900014111997427920?ref_src=twsrc%5Etfw\">March 13, 2025<\/a><\/blockquote> <script async src=\"https:\/\/platform.twitter.com\/widgets.js\" charset=\"utf-8\"><\/script>\n\n\n\n<blockquote class=\"twitter-tweet\"><p lang=\"pt\" dir=\"ltr\">Depois que pegar confian\u00e7a e passar a jogar com mais calma, Juninho vai dar certo no Flamengo. tenho convic\u00e7\u00e3o disso.<\/p>&mdash; Natanael \u26bd\ufe0f (@gerafutebol) <a href=\"https:\/\/twitter.com\/gerafutebol\/status\/1900006956900774156?ref_src=twsrc%5Etfw\">March 13, 2025<\/a><\/blockquote> <script async src=\"https:\/\/platform.twitter.com\/widgets.js\" charset=\"utf-8\"><\/script>\n\n\n\n<p>A confian\u00e7a no jogador cresce \u00e0 medida que ele acumula minutos e ganha mais confian\u00e7a da torcida.<\/p>\n\n\n\n<h2 class=\"wp-block-heading\" id=\"h-torcedores-pedem-titularidade-de-juninho-para-o-jogo-de-volta\">Torcedores pedem titularidade de Juninho para o jogo de volta<\/h2>\n\n\n\n<p>O gol de Juninho e sua postura em campo n\u00e3o passaram despercebidos. Dessa maneira, muitos torcedores come\u00e7aram a pedir que o atacante fosse escalado como titular no pr\u00f3ximo confronto.&nbsp;<\/p>\n\n\n\n<p>Um rubro-negro, por exemplo, destacou: \u201cLuiz Ara\u00fajo hoje \u00e9 indispens\u00e1vel. Para mim, o Juninho rendeu mais que o Plata, que estava improvisado. Entraria com ele no domingo e deixaria o Plata pra incendiar o jogo pela ponta no segundo tempo, caso seja preciso\u201d.&nbsp;<\/p>\n\n\n\n<p>Com isso, fica claro o desejo da torcida de ver Juninho com mais oportunidades e em um papel mais central no time.<\/p>\n\n\n\n<h2 class=\"wp-block-heading\" id=\"h-juninho-superando-a-lesao-e-provando-seu-valor\">Juninho superando a les\u00e3o e provando seu valor<\/h2>\n\n\n\n<p>Vale destacar que o retorno de Juninho ao time titular foi um momento aguardado por todos, j\u00e1 que o atacante ficou de fora devido a um edema muscular na coxa direita, contra\u00eddo durante o cl\u00e1ssico contra o Botafogo na Ta\u00e7a Guanabara.&nbsp;<\/p>\n\n\n\n<p>Agora, com seu gol importante, o jogador mostrou sua condi\u00e7\u00e3o f\u00edsica recuperada e sua disposi\u00e7\u00e3o para contribuir com a equipe. Isso porque, com a confian\u00e7a renovada, Juninho promete ser uma pe\u00e7a importante para o Flamengo nas pr\u00f3ximas partidas.<\/p>\n\n\n\n<h2 class=\"wp-block-heading\" id=\"h-o-flamengo-se-prepara-para-o-grande-desafio\">O Flamengo se prepara para o grande desafio<\/h2>\n\n\n\n<p>O time rubro-negro, com Juninho de volta ao elenco, j\u00e1 se prepara para o jogo de volta da final do Campeonato Carioca, no domingo (16), \u00e0s 16h, no Maracan\u00e3.&nbsp;<\/p>\n\n\n\n<p>Com a vantagem adquirida no primeiro confronto, a expectativa \u00e9 de que o Flamengo conquiste o t\u00edtulo estadual. E, se depender da torcida, Juninho pode ser uma das principais armas de Filipe Lu\u00eds para garantir mais uma vit\u00f3ria.<\/p>\n","protected":false},"excerpt":{"rendered":"<p>O Flamengo conquistou uma importante vit\u00f3ria sobre o Fluminense por 2 a 1, na quarta-feira (12), no jogo de ida da final do Campeonato Carioca, e um dos protagonistas foi Juninho.&nbsp; Ap\u00f3s um per\u00edodo de recupera\u00e7\u00e3o de uma les\u00e3o que o afastou por quatro partidas, o atacante voltou com e deixou sua marca, animando a [&hellip;]<\/p>\n","protected":false},"author":25,"featured_media":124684,"comment_status":"open","ping_status":"closed","sticky":false,"template":"","format":"standard","meta":{"footnotes":""},"categories":[1],"tags":[],"class_list":["post-239466","post","type-post","status-publish","format-standard","has-post-thumbnail","hentry","category-flamengo"],"yoast_head":"<!-- This site is optimized with the Yoast SEO Premium plugin v24.2 (Yoast SEO v26.9) - https:\/\/yoast.com\/product\/yoast-seo-premium-wordpress\/ -->\n<title>Torcida do Flamengo faz campanha pela titularidade de atacante<\/title>\n<meta name=\"robots\" content=\"index, follow, max-snippet:-1, max-image-preview:large, max-video-preview:-1\" \/>\n<link rel=\"canonical\" href=\"https:\/\/www.gaveanews.com\/index.php\/2025\/03\/13\/torcida-do-flamengo-faz-campanha-pela-titularidade-de-atacante\/\" \/>\n<meta property=\"og:locale\" content=\"pt_BR\" \/>\n<meta property=\"og:type\" content=\"article\" \/>\n<meta property=\"og:title\" content=\"Torcida do Flamengo faz campanha pela titularidade de atacante\" \/>\n<meta property=\"og:description\" content=\"O Flamengo conquistou uma importante vit\u00f3ria sobre o Fluminense por 2 a 1, na quarta-feira (12), no jogo de ida da final do Campeonato Carioca, e um dos protagonistas foi Juninho.&nbsp; Ap\u00f3s um per\u00edodo de recupera\u00e7\u00e3o de uma les\u00e3o que o afastou por quatro partidas, o atacante voltou com e deixou sua marca, animando a [&hellip;]\" \/>\n<meta property=\"og:url\" content=\"https:\/\/www.gaveanews.com\/index.php\/2025\/03\/13\/torcida-do-flamengo-faz-campanha-pela-titularidade-de-atacante\/\" \/>\n<meta property=\"og:site_name\" content=\"G\u00e1vea News\" \/>\n<meta property=\"article:publisher\" content=\"https:\/\/facebook.com\/gaveaNews\/\" \/>\n<meta property=\"article:published_time\" content=\"2025-03-13T14:45:00+00:00\" \/>\n<meta property=\"og:image\" content=\"https:\/\/www.gaveanews.com\/wp-content\/uploads\/escudoDoFlamengo.webp\" \/>\n\t<meta property=\"og:image:width\" content=\"1095\" \/>\n\t<meta property=\"og:image:height\" content=\"730\" \/>\n\t<meta property=\"og:image:type\" content=\"image\/webp\" \/>\n<meta name=\"author\" content=\"Rafaela Ladeira\" \/>\n<meta name=\"twitter:card\" content=\"summary_large_image\" \/>\n<meta name=\"twitter:label1\" content=\"Escrito por\" \/>\n\t<meta name=\"twitter:data1\" content=\"Rafaela Ladeira\" \/>\n\t<meta name=\"twitter:label2\" content=\"Est. tempo de leitura\" \/>\n\t<meta name=\"twitter:data2\" content=\"3 minutos\" \/>\n<script type=\"application\/ld+json\" class=\"yoast-schema-graph\">{\"@context\":\"https:\/\/schema.org\",\"@graph\":[{\"@type\":\"NewsArticle\",\"@id\":\"https:\/\/www.gaveanews.com\/index.php\/2025\/03\/13\/torcida-do-flamengo-faz-campanha-pela-titularidade-de-atacante\/#article\",\"isPartOf\":{\"@id\":\"https:\/\/www.gaveanews.com\/index.php\/2025\/03\/13\/torcida-do-flamengo-faz-campanha-pela-titularidade-de-atacante\/\"},\"author\":{\"name\":\"Rafaela Ladeira\",\"@id\":\"https:\/\/www.gaveanews.com\/#\/schema\/person\/0eb3e3fe1754f0205218538adbe8f5ed\"},\"headline\":\"Torcida do Flamengo faz campanha pela titularidade de atacante\",\"datePublished\":\"2025-03-13T14:45:00+00:00\",\"mainEntityOfPage\":{\"@id\":\"https:\/\/www.gaveanews.com\/index.php\/2025\/03\/13\/torcida-do-flamengo-faz-campanha-pela-titularidade-de-atacante\/\"},\"wordCount\":554,\"commentCount\":0,\"image\":{\"@id\":\"https:\/\/www.gaveanews.com\/index.php\/2025\/03\/13\/torcida-do-flamengo-faz-campanha-pela-titularidade-de-atacante\/#primaryimage\"},\"thumbnailUrl\":\"https:\/\/www.gaveanews.com\/wp-content\/uploads\/escudoDoFlamengo.webp\",\"articleSection\":[\"Flamengo\"],\"inLanguage\":\"pt-BR\",\"potentialAction\":[{\"@type\":\"CommentAction\",\"name\":\"Comment\",\"target\":[\"https:\/\/www.gaveanews.com\/index.php\/2025\/03\/13\/torcida-do-flamengo-faz-campanha-pela-titularidade-de-atacante\/#respond\"]}],\"copyrightYear\":\"2025\",\"copyrightHolder\":{\"@id\":\"https:\/\/www.gaveanews.com\/#organization\"}},{\"@type\":\"WebPage\",\"@id\":\"https:\/\/www.gaveanews.com\/index.php\/2025\/03\/13\/torcida-do-flamengo-faz-campanha-pela-titularidade-de-atacante\/\",\"url\":\"https:\/\/www.gaveanews.com\/index.php\/2025\/03\/13\/torcida-do-flamengo-faz-campanha-pela-titularidade-de-atacante\/\",\"name\":\"Torcida do Flamengo faz campanha pela titularidade de atacante\",\"isPartOf\":{\"@id\":\"https:\/\/www.gaveanews.com\/#website\"},\"primaryImageOfPage\":{\"@id\":\"https:\/\/www.gaveanews.com\/index.php\/2025\/03\/13\/torcida-do-flamengo-faz-campanha-pela-titularidade-de-atacante\/#primaryimage\"},\"image\":{\"@id\":\"https:\/\/www.gaveanews.com\/index.php\/2025\/03\/13\/torcida-do-flamengo-faz-campanha-pela-titularidade-de-atacante\/#primaryimage\"},\"thumbnailUrl\":\"https:\/\/www.gaveanews.com\/wp-content\/uploads\/escudoDoFlamengo.webp\",\"datePublished\":\"2025-03-13T14:45:00+00:00\",\"author\":{\"@id\":\"https:\/\/www.gaveanews.com\/#\/schema\/person\/0eb3e3fe1754f0205218538adbe8f5ed\"},\"breadcrumb\":{\"@id\":\"https:\/\/www.gaveanews.com\/index.php\/2025\/03\/13\/torcida-do-flamengo-faz-campanha-pela-titularidade-de-atacante\/#breadcrumb\"},\"inLanguage\":\"pt-BR\",\"potentialAction\":[{\"@type\":\"ReadAction\",\"target\":[\"https:\/\/www.gaveanews.com\/index.php\/2025\/03\/13\/torcida-do-flamengo-faz-campanha-pela-titularidade-de-atacante\/\"]}]},{\"@type\":\"ImageObject\",\"inLanguage\":\"pt-BR\",\"@id\":\"https:\/\/www.gaveanews.com\/index.php\/2025\/03\/13\/torcida-do-flamengo-faz-campanha-pela-titularidade-de-atacante\/#primaryimage\",\"url\":\"https:\/\/www.gaveanews.com\/wp-content\/uploads\/escudoDoFlamengo.webp\",\"contentUrl\":\"https:\/\/www.gaveanews.com\/wp-content\/uploads\/escudoDoFlamengo.webp\",\"width\":1095,\"height\":730,\"caption\":\"Centro de treinamento do Flamengo (Foto: Reprodu\u00e7\u00e3o)\"},{\"@type\":\"BreadcrumbList\",\"@id\":\"https:\/\/www.gaveanews.com\/index.php\/2025\/03\/13\/torcida-do-flamengo-faz-campanha-pela-titularidade-de-atacante\/#breadcrumb\",\"itemListElement\":[{\"@type\":\"ListItem\",\"position\":1,\"name\":\"Home\",\"item\":\"https:\/\/www.gaveanews.com\/\"},{\"@type\":\"ListItem\",\"position\":2,\"name\":\"Torcida do Flamengo faz campanha pela titularidade de atacante\"}]},{\"@type\":\"WebSite\",\"@id\":\"https:\/\/www.gaveanews.com\/#website\",\"url\":\"https:\/\/www.gaveanews.com\/\",\"name\":\"G\u00e1vea News\",\"description\":\"Veja todas as not\u00edcias sobre o Flamengo: Contrata\u00e7\u00f5es, categorias de base, resultados das partidas, tabela de classifica\u00e7\u00e3o, pr\u00f3ximos jogos!\",\"potentialAction\":[{\"@type\":\"SearchAction\",\"target\":{\"@type\":\"EntryPoint\",\"urlTemplate\":\"https:\/\/www.gaveanews.com\/?s={search_term_string}\"},\"query-input\":{\"@type\":\"PropertyValueSpecification\",\"valueRequired\":true,\"valueName\":\"search_term_string\"}}],\"inLanguage\":\"pt-BR\"},{\"@type\":\"Person\",\"@id\":\"https:\/\/www.gaveanews.com\/#\/schema\/person\/0eb3e3fe1754f0205218538adbe8f5ed\",\"name\":\"Rafaela Ladeira\",\"image\":{\"@type\":\"ImageObject\",\"inLanguage\":\"pt-BR\",\"@id\":\"https:\/\/www.gaveanews.com\/#\/schema\/person\/image\/\",\"url\":\"https:\/\/secure.gravatar.com\/avatar\/c31f513acffd85eacab5730cbdfdbbf59f21ba5aeada8cd890acea879fbb2455?s=96&d=mm&r=g\",\"contentUrl\":\"https:\/\/secure.gravatar.com\/avatar\/c31f513acffd85eacab5730cbdfdbbf59f21ba5aeada8cd890acea879fbb2455?s=96&d=mm&r=g\",\"caption\":\"Rafaela Ladeira\"}}]}<\/script>\n<!-- \/ Yoast SEO Premium plugin. -->","yoast_head_json":{"title":"Torcida do Flamengo faz campanha pela titularidade de atacante","robots":{"index":"index","follow":"follow","max-snippet":"max-snippet:-1","max-image-preview":"max-image-preview:large","max-video-preview":"max-video-preview:-1"},"canonical":"https:\/\/www.gaveanews.com\/index.php\/2025\/03\/13\/torcida-do-flamengo-faz-campanha-pela-titularidade-de-atacante\/","og_locale":"pt_BR","og_type":"article","og_title":"Torcida do Flamengo faz campanha pela titularidade de atacante","og_description":"O Flamengo conquistou uma importante vit\u00f3ria sobre o Fluminense por 2 a 1, na quarta-feira (12), no jogo de ida da final do Campeonato Carioca, e um dos protagonistas foi Juninho.&nbsp; Ap\u00f3s um per\u00edodo de recupera\u00e7\u00e3o de uma les\u00e3o que o afastou por quatro partidas, o atacante voltou com e deixou sua marca, animando a [&hellip;]","og_url":"https:\/\/www.gaveanews.com\/index.php\/2025\/03\/13\/torcida-do-flamengo-faz-campanha-pela-titularidade-de-atacante\/","og_site_name":"G\u00e1vea News","article_publisher":"https:\/\/facebook.com\/gaveaNews\/","article_published_time":"2025-03-13T14:45:00+00:00","og_image":[{"width":1095,"height":730,"url":"https:\/\/www.gaveanews.com\/wp-content\/uploads\/escudoDoFlamengo.webp","type":"image\/webp"}],"author":"Rafaela Ladeira","twitter_card":"summary_large_image","twitter_misc":{"Escrito por":"Rafaela Ladeira","Est. tempo de leitura":"3 minutos"},"schema":{"@context":"https:\/\/schema.org","@graph":[{"@type":"NewsArticle","@id":"https:\/\/www.gaveanews.com\/index.php\/2025\/03\/13\/torcida-do-flamengo-faz-campanha-pela-titularidade-de-atacante\/#article","isPartOf":{"@id":"https:\/\/www.gaveanews.com\/index.php\/2025\/03\/13\/torcida-do-flamengo-faz-campanha-pela-titularidade-de-atacante\/"},"author":{"name":"Rafaela Ladeira","@id":"https:\/\/www.gaveanews.com\/#\/schema\/person\/0eb3e3fe1754f0205218538adbe8f5ed"},"headline":"Torcida do Flamengo faz campanha pela titularidade de atacante","datePublished":"2025-03-13T14:45:00+00:00","mainEntityOfPage":{"@id":"https:\/\/www.gaveanews.com\/index.php\/2025\/03\/13\/torcida-do-flamengo-faz-campanha-pela-titularidade-de-atacante\/"},"wordCount":554,"commentCount":0,"image":{"@id":"https:\/\/www.gaveanews.com\/index.php\/2025\/03\/13\/torcida-do-flamengo-faz-campanha-pela-titularidade-de-atacante\/#primaryimage"},"thumbnailUrl":"https:\/\/www.gaveanews.com\/wp-content\/uploads\/escudoDoFlamengo.webp","articleSection":["Flamengo"],"inLanguage":"pt-BR","potentialAction":[{"@type":"CommentAction","name":"Comment","target":["https:\/\/www.gaveanews.com\/index.php\/2025\/03\/13\/torcida-do-flamengo-faz-campanha-pela-titularidade-de-atacante\/#respond"]}],"copyrightYear":"2025","copyrightHolder":{"@id":"https:\/\/www.gaveanews.com\/#organization"}},{"@type":"WebPage","@id":"https:\/\/www.gaveanews.com\/index.php\/2025\/03\/13\/torcida-do-flamengo-faz-campanha-pela-titularidade-de-atacante\/","url":"https:\/\/www.gaveanews.com\/index.php\/2025\/03\/13\/torcida-do-flamengo-faz-campanha-pela-titularidade-de-atacante\/","name":"Torcida do Flamengo faz campanha pela titularidade de atacante","isPartOf":{"@id":"https:\/\/www.gaveanews.com\/#website"},"primaryImageOfPage":{"@id":"https:\/\/www.gaveanews.com\/index.php\/2025\/03\/13\/torcida-do-flamengo-faz-campanha-pela-titularidade-de-atacante\/#primaryimage"},"image":{"@id":"https:\/\/www.gaveanews.com\/index.php\/2025\/03\/13\/torcida-do-flamengo-faz-campanha-pela-titularidade-de-atacante\/#primaryimage"},"thumbnailUrl":"https:\/\/www.gaveanews.com\/wp-content\/uploads\/escudoDoFlamengo.webp","datePublished":"2025-03-13T14:45:00+00:00","author":{"@id":"https:\/\/www.gaveanews.com\/#\/schema\/person\/0eb3e3fe1754f0205218538adbe8f5ed"},"breadcrumb":{"@id":"https:\/\/www.gaveanews.com\/index.php\/2025\/03\/13\/torcida-do-flamengo-faz-campanha-pela-titularidade-de-atacante\/#breadcrumb"},"inLanguage":"pt-BR","potentialAction":[{"@type":"ReadAction","target":["https:\/\/www.gaveanews.com\/index.php\/2025\/03\/13\/torcida-do-flamengo-faz-campanha-pela-titularidade-de-atacante\/"]}]},{"@type":"ImageObject","inLanguage":"pt-BR","@id":"https:\/\/www.gaveanews.com\/index.php\/2025\/03\/13\/torcida-do-flamengo-faz-campanha-pela-titularidade-de-atacante\/#primaryimage","url":"https:\/\/www.gaveanews.com\/wp-content\/uploads\/escudoDoFlamengo.webp","contentUrl":"https:\/\/www.gaveanews.com\/wp-content\/uploads\/escudoDoFlamengo.webp","width":1095,"height":730,"caption":"Centro de treinamento do Flamengo (Foto: Reprodu\u00e7\u00e3o)"},{"@type":"BreadcrumbList","@id":"https:\/\/www.gaveanews.com\/index.php\/2025\/03\/13\/torcida-do-flamengo-faz-campanha-pela-titularidade-de-atacante\/#breadcrumb","itemListElement":[{"@type":"ListItem","position":1,"name":"Home","item":"https:\/\/www.gaveanews.com\/"},{"@type":"ListItem","position":2,"name":"Torcida do Flamengo faz campanha pela titularidade de atacante"}]},{"@type":"WebSite","@id":"https:\/\/www.gaveanews.com\/#website","url":"https:\/\/www.gaveanews.com\/","name":"G\u00e1vea News","description":"Veja todas as not\u00edcias sobre o Flamengo: Contrata\u00e7\u00f5es, categorias de base, resultados das partidas, tabela de classifica\u00e7\u00e3o, pr\u00f3ximos jogos!","potentialAction":[{"@type":"SearchAction","target":{"@type":"EntryPoint","urlTemplate":"https:\/\/www.gaveanews.com\/?s={search_term_string}"},"query-input":{"@type":"PropertyValueSpecification","valueRequired":true,"valueName":"search_term_string"}}],"inLanguage":"pt-BR"},{"@type":"Person","@id":"https:\/\/www.gaveanews.com\/#\/schema\/person\/0eb3e3fe1754f0205218538adbe8f5ed","name":"Rafaela Ladeira","image":{"@type":"ImageObject","inLanguage":"pt-BR","@id":"https:\/\/www.gaveanews.com\/#\/schema\/person\/image\/","url":"https:\/\/secure.gravatar.com\/avatar\/c31f513acffd85eacab5730cbdfdbbf59f21ba5aeada8cd890acea879fbb2455?s=96&d=mm&r=g","contentUrl":"https:\/\/secure.gravatar.com\/avatar\/c31f513acffd85eacab5730cbdfdbbf59f21ba5aeada8cd890acea879fbb2455?s=96&d=mm&r=g","caption":"Rafaela Ladeira"}}]}},"_links":{"self":[{"href":"https:\/\/www.gaveanews.com\/index.php\/wp-json\/wp\/v2\/posts\/239466","targetHints":{"allow":["GET"]}}],"collection":[{"href":"https:\/\/www.gaveanews.com\/index.php\/wp-json\/wp\/v2\/posts"}],"about":[{"href":"https:\/\/www.gaveanews.com\/index.php\/wp-json\/wp\/v2\/types\/post"}],"author":[{"embeddable":true,"href":"https:\/\/www.gaveanews.com\/index.php\/wp-json\/wp\/v2\/users\/25"}],"replies":[{"embeddable":true,"href":"https:\/\/www.gaveanews.com\/index.php\/wp-json\/wp\/v2\/comments?post=239466"}],"version-history":[{"count":1,"href":"https:\/\/www.gaveanews.com\/index.php\/wp-json\/wp\/v2\/posts\/239466\/revisions"}],"predecessor-version":[{"id":239467,"href":"https:\/\/www.gaveanews.com\/index.php\/wp-json\/wp\/v2\/posts\/239466\/revisions\/239467"}],"wp:featuredmedia":[{"embeddable":true,"href":"https:\/\/www.gaveanews.com\/index.php\/wp-json\/wp\/v2\/media\/124684"}],"wp:attachment":[{"href":"https:\/\/www.gaveanews.com\/index.php\/wp-json\/wp\/v2\/media?parent=239466"}],"wp:term":[{"taxonomy":"category","embeddable":true,"href":"https:\/\/www.gaveanews.com\/index.php\/wp-json\/wp\/v2\/categories?post=239466"},{"taxonomy":"post_tag","embeddable":true,"href":"https:\/\/www.gaveanews.com\/index.php\/wp-json\/wp\/v2\/tags?post=239466"}],"curies":[{"name":"wp","href":"https:\/\/api.w.org\/{rel}","templated":true}]}}