{"id":239487,"date":"2025-03-13T13:00:00","date_gmt":"2025-03-13T16:00:00","guid":{"rendered":"https:\/\/www.gaveanews.com\/?p=239487"},"modified":"2025-03-13T11:55:27","modified_gmt":"2025-03-13T14:55:27","slug":"a-declaracao-de-ana-thais-direcionada-ao-corinthians","status":"publish","type":"post","link":"https:\/\/www.gaveanews.com\/index.php\/2025\/03\/13\/a-declaracao-de-ana-thais-direcionada-ao-corinthians\/","title":{"rendered":"A declara\u00e7\u00e3o de Ana Tha\u00eds direcionada ao Corinthians"},"content":{"rendered":"\n<p>A comentarista Ana Tha\u00eds Matos voltou a fazer duras cr\u00edticas ao Corinthians ap\u00f3s a elimina\u00e7\u00e3o precoce da equipe na fase preliminar da Copa Libertadores. O time alvinegro venceu o Barcelona de Guayaquil por 2 a 0, mas o resultado n\u00e3o foi suficiente para reverter a derrota por 3 a 0 sofrida no jogo de ida. Durante sua an\u00e1lise, a jornalista destacou um discurso que, segundo ela, reflete um conformismo com insucessos recentes.<\/p>\n\n\n\n<p>Ana Tha\u00eds ressaltou que j\u00e1 esperava declara\u00e7\u00f5es do t\u00e9cnico argentino Ram\u00f3n D\u00edaz minimizando a elimina\u00e7\u00e3o, citando feitos passados para justificar o momento atual. &#8220;P\u00f3s-jogo: &#8216;Era melhor cair na Libertadores mesmo, n\u00e3o tinha time pra tal competi\u00e7\u00e3o. A realidade do Corinthians \u00e9 essa hoje. Agora \u00e9 focar no Paulista, que \u00e9 o real objetivo no ano. Vamos lembrar que tiramos o time do rebaixamento ano passado&#8217;. Todos aplaudem&#8221;, ironizou a comentarista.<\/p>\n\n\n\n<figure class=\"wp-block-image size-full\"><img loading=\"lazy\" decoding=\"async\" width=\"984\" height=\"656\" src=\"http:\/\/www.gaveanews.com\/wp-content\/uploads\/01-edited.webp\" alt=\"\" class=\"wp-image-123882\" srcset=\"https:\/\/www.gaveanews.com\/wp-content\/uploads\/01-edited.webp 984w, https:\/\/www.gaveanews.com\/wp-content\/uploads\/01-edited-300x200.webp 300w, https:\/\/www.gaveanews.com\/wp-content\/uploads\/01-edited-768x512.webp 768w, https:\/\/www.gaveanews.com\/wp-content\/uploads\/01-edited-630x420.webp 630w, https:\/\/www.gaveanews.com\/wp-content\/uploads\/01-edited-640x427.webp 640w, https:\/\/www.gaveanews.com\/wp-content\/uploads\/01-edited-681x454.webp 681w, https:\/\/www.gaveanews.com\/wp-content\/uploads\/01-edited-100x67.webp 100w\" sizes=\"auto, (max-width: 984px) 100vw, 984px\" \/><figcaption class=\"wp-element-caption\">Escudo do Corinthians (Foto: Reprodu\u00e7\u00e3o\/Instagram)<\/figcaption><\/figure>\n\n\n\n<p>Para ela, a postura de exaltar o empenho na partida de volta, ap\u00f3s uma derrota contundente no jogo de ida, \u00e9 um sinal de mediocridade. &#8220;Exaltar o empenho do time depois de tomar uma sapatada de 3 a 0 no primeiro jogo \u00e9 de uma mediocridade sem precedentes. Jogou com um a mais e para 50 mil torcedores. S\u00f3 faltava n\u00e3o se empenhar&#8221;, afirmou.<\/p>\n\n\n\n<p>A an\u00e1lise da jornalista tamb\u00e9m indicou uma insatisfa\u00e7\u00e3o com a dire\u00e7\u00e3o do clube, que, na sua vis\u00e3o, tem aceitado resultados negativos sem uma cobran\u00e7a mais firme por evolu\u00e7\u00e3o. Essa postura, segundo ela, tem impactado diretamente na maneira como a equipe se comporta nas competi\u00e7\u00f5es.<\/p>\n\n\n\n<p>Ap\u00f3s a elimina\u00e7\u00e3o, o Corinthians agora concentra suas aten\u00e7\u00f5es no Campeonato Paulista. O time enfrentar\u00e1 o Palmeiras na grande final, com o primeiro jogo marcado para domingo (16), no Allianz Parque. A \u00faltima conquista estadual do Tim\u00e3o ocorreu em 2019, enquanto o rival alviverde busca o tetracampeonato consecutivo.<\/p>\n\n\n\n<p>O resultado na Libertadores aumenta a press\u00e3o sobre Ram\u00f3n D\u00edaz, que, desde a sua chegada, tem buscado reorganizar a equipe ap\u00f3s um ano de dificuldades. No entanto, as cobran\u00e7as por um desempenho mais convincente seguem crescendo entre torcedores e analistas do futebol brasileiro.<\/p>\n","protected":false},"excerpt":{"rendered":"<p>A comentarista Ana Tha\u00eds Matos voltou a fazer duras cr\u00edticas ao Corinthians ap\u00f3s a elimina\u00e7\u00e3o precoce da equipe na fase preliminar da Copa Libertadores. O time alvinegro venceu o Barcelona de Guayaquil por 2 a 0, mas o resultado n\u00e3o foi suficiente para reverter a derrota por 3 a 0 sofrida no jogo de ida. [&hellip;]<\/p>\n","protected":false},"author":33,"featured_media":55460,"comment_status":"open","ping_status":"closed","sticky":false,"template":"","format":"standard","meta":{"footnotes":""},"categories":[141],"tags":[],"class_list":["post-239487","post","type-post","status-publish","format-standard","has-post-thumbnail","hentry","category-corinthians"],"yoast_head":"<!-- This site is optimized with the Yoast SEO Premium plugin v24.2 (Yoast SEO v26.9) - https:\/\/yoast.com\/product\/yoast-seo-premium-wordpress\/ -->\n<title>A declara\u00e7\u00e3o de Ana Tha\u00eds direcionada ao Corinthians<\/title>\n<meta name=\"robots\" content=\"index, follow, max-snippet:-1, max-image-preview:large, max-video-preview:-1\" \/>\n<link rel=\"canonical\" href=\"https:\/\/www.gaveanews.com\/index.php\/2025\/03\/13\/a-declaracao-de-ana-thais-direcionada-ao-corinthians\/\" \/>\n<meta property=\"og:locale\" content=\"pt_BR\" \/>\n<meta property=\"og:type\" content=\"article\" \/>\n<meta property=\"og:title\" content=\"A declara\u00e7\u00e3o de Ana Tha\u00eds direcionada ao Corinthians\" \/>\n<meta property=\"og:description\" content=\"A comentarista Ana Tha\u00eds Matos voltou a fazer duras cr\u00edticas ao Corinthians ap\u00f3s a elimina\u00e7\u00e3o precoce da equipe na fase preliminar da Copa Libertadores. O time alvinegro venceu o Barcelona de Guayaquil por 2 a 0, mas o resultado n\u00e3o foi suficiente para reverter a derrota por 3 a 0 sofrida no jogo de ida. [&hellip;]\" \/>\n<meta property=\"og:url\" content=\"https:\/\/www.gaveanews.com\/index.php\/2025\/03\/13\/a-declaracao-de-ana-thais-direcionada-ao-corinthians\/\" \/>\n<meta property=\"og:site_name\" content=\"G\u00e1vea News\" \/>\n<meta property=\"article:publisher\" content=\"https:\/\/facebook.com\/gaveaNews\/\" \/>\n<meta property=\"article:published_time\" content=\"2025-03-13T16:00:00+00:00\" \/>\n<meta property=\"og:image\" content=\"https:\/\/www.gaveanews.com\/wp-content\/uploads\/Ana-Thais-Matos-jornalista-do-Sportv.webp\" \/>\n\t<meta property=\"og:image:width\" content=\"1366\" \/>\n\t<meta property=\"og:image:height\" content=\"769\" \/>\n\t<meta property=\"og:image:type\" content=\"image\/jpeg\" \/>\n<meta name=\"author\" content=\"Brenda Cezillo\" \/>\n<meta name=\"twitter:card\" content=\"summary_large_image\" \/>\n<meta name=\"twitter:label1\" content=\"Escrito por\" \/>\n\t<meta name=\"twitter:data1\" content=\"Brenda Cezillo\" \/>\n\t<meta name=\"twitter:label2\" content=\"Est. tempo de leitura\" \/>\n\t<meta name=\"twitter:data2\" content=\"3 minutos\" \/>\n<script type=\"application\/ld+json\" class=\"yoast-schema-graph\">{\"@context\":\"https:\/\/schema.org\",\"@graph\":[{\"@type\":\"NewsArticle\",\"@id\":\"https:\/\/www.gaveanews.com\/index.php\/2025\/03\/13\/a-declaracao-de-ana-thais-direcionada-ao-corinthians\/#article\",\"isPartOf\":{\"@id\":\"https:\/\/www.gaveanews.com\/index.php\/2025\/03\/13\/a-declaracao-de-ana-thais-direcionada-ao-corinthians\/\"},\"author\":{\"name\":\"Brenda Cezillo\",\"@id\":\"https:\/\/www.gaveanews.com\/#\/schema\/person\/c79759ca337c40791ae8d08e2923d403\"},\"headline\":\"A declara\u00e7\u00e3o de Ana Tha\u00eds direcionada ao Corinthians\",\"datePublished\":\"2025-03-13T16:00:00+00:00\",\"mainEntityOfPage\":{\"@id\":\"https:\/\/www.gaveanews.com\/index.php\/2025\/03\/13\/a-declaracao-de-ana-thais-direcionada-ao-corinthians\/\"},\"wordCount\":378,\"commentCount\":0,\"image\":{\"@id\":\"https:\/\/www.gaveanews.com\/index.php\/2025\/03\/13\/a-declaracao-de-ana-thais-direcionada-ao-corinthians\/#primaryimage\"},\"thumbnailUrl\":\"https:\/\/www.gaveanews.com\/wp-content\/uploads\/Ana-Thais-Matos-jornalista-do-Sportv.webp\",\"articleSection\":[\"Corinthians\"],\"inLanguage\":\"pt-BR\",\"potentialAction\":[{\"@type\":\"CommentAction\",\"name\":\"Comment\",\"target\":[\"https:\/\/www.gaveanews.com\/index.php\/2025\/03\/13\/a-declaracao-de-ana-thais-direcionada-ao-corinthians\/#respond\"]}],\"copyrightYear\":\"2025\",\"copyrightHolder\":{\"@id\":\"https:\/\/www.gaveanews.com\/#organization\"}},{\"@type\":\"WebPage\",\"@id\":\"https:\/\/www.gaveanews.com\/index.php\/2025\/03\/13\/a-declaracao-de-ana-thais-direcionada-ao-corinthians\/\",\"url\":\"https:\/\/www.gaveanews.com\/index.php\/2025\/03\/13\/a-declaracao-de-ana-thais-direcionada-ao-corinthians\/\",\"name\":\"A declara\u00e7\u00e3o de Ana Tha\u00eds direcionada ao Corinthians\",\"isPartOf\":{\"@id\":\"https:\/\/www.gaveanews.com\/#website\"},\"primaryImageOfPage\":{\"@id\":\"https:\/\/www.gaveanews.com\/index.php\/2025\/03\/13\/a-declaracao-de-ana-thais-direcionada-ao-corinthians\/#primaryimage\"},\"image\":{\"@id\":\"https:\/\/www.gaveanews.com\/index.php\/2025\/03\/13\/a-declaracao-de-ana-thais-direcionada-ao-corinthians\/#primaryimage\"},\"thumbnailUrl\":\"https:\/\/www.gaveanews.com\/wp-content\/uploads\/Ana-Thais-Matos-jornalista-do-Sportv.webp\",\"datePublished\":\"2025-03-13T16:00:00+00:00\",\"author\":{\"@id\":\"https:\/\/www.gaveanews.com\/#\/schema\/person\/c79759ca337c40791ae8d08e2923d403\"},\"breadcrumb\":{\"@id\":\"https:\/\/www.gaveanews.com\/index.php\/2025\/03\/13\/a-declaracao-de-ana-thais-direcionada-ao-corinthians\/#breadcrumb\"},\"inLanguage\":\"pt-BR\",\"potentialAction\":[{\"@type\":\"ReadAction\",\"target\":[\"https:\/\/www.gaveanews.com\/index.php\/2025\/03\/13\/a-declaracao-de-ana-thais-direcionada-ao-corinthians\/\"]}]},{\"@type\":\"ImageObject\",\"inLanguage\":\"pt-BR\",\"@id\":\"https:\/\/www.gaveanews.com\/index.php\/2025\/03\/13\/a-declaracao-de-ana-thais-direcionada-ao-corinthians\/#primaryimage\",\"url\":\"https:\/\/www.gaveanews.com\/wp-content\/uploads\/Ana-Thais-Matos-jornalista-do-Sportv.webp\",\"contentUrl\":\"https:\/\/www.gaveanews.com\/wp-content\/uploads\/Ana-Thais-Matos-jornalista-do-Sportv.webp\",\"width\":1366,\"height\":769,\"caption\":\"Ana Thais Mattos, jornalista do Sportv (Foto: Reprodu\u00e7\u00e3o)\"},{\"@type\":\"BreadcrumbList\",\"@id\":\"https:\/\/www.gaveanews.com\/index.php\/2025\/03\/13\/a-declaracao-de-ana-thais-direcionada-ao-corinthians\/#breadcrumb\",\"itemListElement\":[{\"@type\":\"ListItem\",\"position\":1,\"name\":\"Home\",\"item\":\"https:\/\/www.gaveanews.com\/\"},{\"@type\":\"ListItem\",\"position\":2,\"name\":\"A declara\u00e7\u00e3o de Ana Tha\u00eds direcionada ao Corinthians\"}]},{\"@type\":\"WebSite\",\"@id\":\"https:\/\/www.gaveanews.com\/#website\",\"url\":\"https:\/\/www.gaveanews.com\/\",\"name\":\"G\u00e1vea News\",\"description\":\"Veja todas as not\u00edcias sobre o Flamengo: Contrata\u00e7\u00f5es, categorias de base, resultados das partidas, tabela de classifica\u00e7\u00e3o, pr\u00f3ximos jogos!\",\"potentialAction\":[{\"@type\":\"SearchAction\",\"target\":{\"@type\":\"EntryPoint\",\"urlTemplate\":\"https:\/\/www.gaveanews.com\/?s={search_term_string}\"},\"query-input\":{\"@type\":\"PropertyValueSpecification\",\"valueRequired\":true,\"valueName\":\"search_term_string\"}}],\"inLanguage\":\"pt-BR\"},{\"@type\":\"Person\",\"@id\":\"https:\/\/www.gaveanews.com\/#\/schema\/person\/c79759ca337c40791ae8d08e2923d403\",\"name\":\"Brenda Cezillo\",\"image\":{\"@type\":\"ImageObject\",\"inLanguage\":\"pt-BR\",\"@id\":\"https:\/\/www.gaveanews.com\/#\/schema\/person\/image\/\",\"url\":\"https:\/\/secure.gravatar.com\/avatar\/1738d75cee7317f9c29ae61dd67620c5883d80a92e42a6fff88ae5d527af217a?s=96&d=mm&r=g\",\"contentUrl\":\"https:\/\/secure.gravatar.com\/avatar\/1738d75cee7317f9c29ae61dd67620c5883d80a92e42a6fff88ae5d527af217a?s=96&d=mm&r=g\",\"caption\":\"Brenda Cezillo\"}}]}<\/script>\n<!-- \/ Yoast SEO Premium plugin. -->","yoast_head_json":{"title":"A declara\u00e7\u00e3o de Ana Tha\u00eds direcionada ao Corinthians","robots":{"index":"index","follow":"follow","max-snippet":"max-snippet:-1","max-image-preview":"max-image-preview:large","max-video-preview":"max-video-preview:-1"},"canonical":"https:\/\/www.gaveanews.com\/index.php\/2025\/03\/13\/a-declaracao-de-ana-thais-direcionada-ao-corinthians\/","og_locale":"pt_BR","og_type":"article","og_title":"A declara\u00e7\u00e3o de Ana Tha\u00eds direcionada ao Corinthians","og_description":"A comentarista Ana Tha\u00eds Matos voltou a fazer duras cr\u00edticas ao Corinthians ap\u00f3s a elimina\u00e7\u00e3o precoce da equipe na fase preliminar da Copa Libertadores. O time alvinegro venceu o Barcelona de Guayaquil por 2 a 0, mas o resultado n\u00e3o foi suficiente para reverter a derrota por 3 a 0 sofrida no jogo de ida. [&hellip;]","og_url":"https:\/\/www.gaveanews.com\/index.php\/2025\/03\/13\/a-declaracao-de-ana-thais-direcionada-ao-corinthians\/","og_site_name":"G\u00e1vea News","article_publisher":"https:\/\/facebook.com\/gaveaNews\/","article_published_time":"2025-03-13T16:00:00+00:00","og_image":[{"width":1366,"height":769,"url":"https:\/\/www.gaveanews.com\/wp-content\/uploads\/Ana-Thais-Matos-jornalista-do-Sportv.webp","type":"image\/jpeg"}],"author":"Brenda Cezillo","twitter_card":"summary_large_image","twitter_misc":{"Escrito por":"Brenda Cezillo","Est. tempo de leitura":"3 minutos"},"schema":{"@context":"https:\/\/schema.org","@graph":[{"@type":"NewsArticle","@id":"https:\/\/www.gaveanews.com\/index.php\/2025\/03\/13\/a-declaracao-de-ana-thais-direcionada-ao-corinthians\/#article","isPartOf":{"@id":"https:\/\/www.gaveanews.com\/index.php\/2025\/03\/13\/a-declaracao-de-ana-thais-direcionada-ao-corinthians\/"},"author":{"name":"Brenda Cezillo","@id":"https:\/\/www.gaveanews.com\/#\/schema\/person\/c79759ca337c40791ae8d08e2923d403"},"headline":"A declara\u00e7\u00e3o de Ana Tha\u00eds direcionada ao Corinthians","datePublished":"2025-03-13T16:00:00+00:00","mainEntityOfPage":{"@id":"https:\/\/www.gaveanews.com\/index.php\/2025\/03\/13\/a-declaracao-de-ana-thais-direcionada-ao-corinthians\/"},"wordCount":378,"commentCount":0,"image":{"@id":"https:\/\/www.gaveanews.com\/index.php\/2025\/03\/13\/a-declaracao-de-ana-thais-direcionada-ao-corinthians\/#primaryimage"},"thumbnailUrl":"https:\/\/www.gaveanews.com\/wp-content\/uploads\/Ana-Thais-Matos-jornalista-do-Sportv.webp","articleSection":["Corinthians"],"inLanguage":"pt-BR","potentialAction":[{"@type":"CommentAction","name":"Comment","target":["https:\/\/www.gaveanews.com\/index.php\/2025\/03\/13\/a-declaracao-de-ana-thais-direcionada-ao-corinthians\/#respond"]}],"copyrightYear":"2025","copyrightHolder":{"@id":"https:\/\/www.gaveanews.com\/#organization"}},{"@type":"WebPage","@id":"https:\/\/www.gaveanews.com\/index.php\/2025\/03\/13\/a-declaracao-de-ana-thais-direcionada-ao-corinthians\/","url":"https:\/\/www.gaveanews.com\/index.php\/2025\/03\/13\/a-declaracao-de-ana-thais-direcionada-ao-corinthians\/","name":"A declara\u00e7\u00e3o de Ana Tha\u00eds direcionada ao Corinthians","isPartOf":{"@id":"https:\/\/www.gaveanews.com\/#website"},"primaryImageOfPage":{"@id":"https:\/\/www.gaveanews.com\/index.php\/2025\/03\/13\/a-declaracao-de-ana-thais-direcionada-ao-corinthians\/#primaryimage"},"image":{"@id":"https:\/\/www.gaveanews.com\/index.php\/2025\/03\/13\/a-declaracao-de-ana-thais-direcionada-ao-corinthians\/#primaryimage"},"thumbnailUrl":"https:\/\/www.gaveanews.com\/wp-content\/uploads\/Ana-Thais-Matos-jornalista-do-Sportv.webp","datePublished":"2025-03-13T16:00:00+00:00","author":{"@id":"https:\/\/www.gaveanews.com\/#\/schema\/person\/c79759ca337c40791ae8d08e2923d403"},"breadcrumb":{"@id":"https:\/\/www.gaveanews.com\/index.php\/2025\/03\/13\/a-declaracao-de-ana-thais-direcionada-ao-corinthians\/#breadcrumb"},"inLanguage":"pt-BR","potentialAction":[{"@type":"ReadAction","target":["https:\/\/www.gaveanews.com\/index.php\/2025\/03\/13\/a-declaracao-de-ana-thais-direcionada-ao-corinthians\/"]}]},{"@type":"ImageObject","inLanguage":"pt-BR","@id":"https:\/\/www.gaveanews.com\/index.php\/2025\/03\/13\/a-declaracao-de-ana-thais-direcionada-ao-corinthians\/#primaryimage","url":"https:\/\/www.gaveanews.com\/wp-content\/uploads\/Ana-Thais-Matos-jornalista-do-Sportv.webp","contentUrl":"https:\/\/www.gaveanews.com\/wp-content\/uploads\/Ana-Thais-Matos-jornalista-do-Sportv.webp","width":1366,"height":769,"caption":"Ana Thais Mattos, jornalista do Sportv (Foto: Reprodu\u00e7\u00e3o)"},{"@type":"BreadcrumbList","@id":"https:\/\/www.gaveanews.com\/index.php\/2025\/03\/13\/a-declaracao-de-ana-thais-direcionada-ao-corinthians\/#breadcrumb","itemListElement":[{"@type":"ListItem","position":1,"name":"Home","item":"https:\/\/www.gaveanews.com\/"},{"@type":"ListItem","position":2,"name":"A declara\u00e7\u00e3o de Ana Tha\u00eds direcionada ao Corinthians"}]},{"@type":"WebSite","@id":"https:\/\/www.gaveanews.com\/#website","url":"https:\/\/www.gaveanews.com\/","name":"G\u00e1vea News","description":"Veja todas as not\u00edcias sobre o Flamengo: Contrata\u00e7\u00f5es, categorias de base, resultados das partidas, tabela de classifica\u00e7\u00e3o, pr\u00f3ximos jogos!","potentialAction":[{"@type":"SearchAction","target":{"@type":"EntryPoint","urlTemplate":"https:\/\/www.gaveanews.com\/?s={search_term_string}"},"query-input":{"@type":"PropertyValueSpecification","valueRequired":true,"valueName":"search_term_string"}}],"inLanguage":"pt-BR"},{"@type":"Person","@id":"https:\/\/www.gaveanews.com\/#\/schema\/person\/c79759ca337c40791ae8d08e2923d403","name":"Brenda Cezillo","image":{"@type":"ImageObject","inLanguage":"pt-BR","@id":"https:\/\/www.gaveanews.com\/#\/schema\/person\/image\/","url":"https:\/\/secure.gravatar.com\/avatar\/1738d75cee7317f9c29ae61dd67620c5883d80a92e42a6fff88ae5d527af217a?s=96&d=mm&r=g","contentUrl":"https:\/\/secure.gravatar.com\/avatar\/1738d75cee7317f9c29ae61dd67620c5883d80a92e42a6fff88ae5d527af217a?s=96&d=mm&r=g","caption":"Brenda Cezillo"}}]}},"_links":{"self":[{"href":"https:\/\/www.gaveanews.com\/index.php\/wp-json\/wp\/v2\/posts\/239487","targetHints":{"allow":["GET"]}}],"collection":[{"href":"https:\/\/www.gaveanews.com\/index.php\/wp-json\/wp\/v2\/posts"}],"about":[{"href":"https:\/\/www.gaveanews.com\/index.php\/wp-json\/wp\/v2\/types\/post"}],"author":[{"embeddable":true,"href":"https:\/\/www.gaveanews.com\/index.php\/wp-json\/wp\/v2\/users\/33"}],"replies":[{"embeddable":true,"href":"https:\/\/www.gaveanews.com\/index.php\/wp-json\/wp\/v2\/comments?post=239487"}],"version-history":[{"count":1,"href":"https:\/\/www.gaveanews.com\/index.php\/wp-json\/wp\/v2\/posts\/239487\/revisions"}],"predecessor-version":[{"id":239494,"href":"https:\/\/www.gaveanews.com\/index.php\/wp-json\/wp\/v2\/posts\/239487\/revisions\/239494"}],"wp:featuredmedia":[{"embeddable":true,"href":"https:\/\/www.gaveanews.com\/index.php\/wp-json\/wp\/v2\/media\/55460"}],"wp:attachment":[{"href":"https:\/\/www.gaveanews.com\/index.php\/wp-json\/wp\/v2\/media?parent=239487"}],"wp:term":[{"taxonomy":"category","embeddable":true,"href":"https:\/\/www.gaveanews.com\/index.php\/wp-json\/wp\/v2\/categories?post=239487"},{"taxonomy":"post_tag","embeddable":true,"href":"https:\/\/www.gaveanews.com\/index.php\/wp-json\/wp\/v2\/tags?post=239487"}],"curies":[{"name":"wp","href":"https:\/\/api.w.org\/{rel}","templated":true}]}}