{"id":239517,"date":"2025-03-13T14:05:00","date_gmt":"2025-03-13T17:05:00","guid":{"rendered":"https:\/\/www.gaveanews.com\/?p=239517"},"modified":"2025-03-13T12:31:12","modified_gmt":"2025-03-13T15:31:12","slug":"a-declaracao-de-augusto-melo-direcionada-a-depay-apos-corinthians-x-barcelona","status":"publish","type":"post","link":"https:\/\/www.gaveanews.com\/index.php\/2025\/03\/13\/a-declaracao-de-augusto-melo-direcionada-a-depay-apos-corinthians-x-barcelona\/","title":{"rendered":"A declara\u00e7\u00e3o de Augusto Melo direcionada a Depay ap\u00f3s Corinthians x Barcelona"},"content":{"rendered":"\n<p>O Corinthians foi eliminado da fase preliminar da Copa Libertadores, mesmo vencendo o Barcelona de Guayaquil por 2 a 0 na Neo Qu\u00edmica Arena. O resultado n\u00e3o foi suficiente para reverter a derrota por 3 a 0 sofrida no jogo de ida, no Equador. Apesar da desclassifica\u00e7\u00e3o precoce, o presidente do clube, Augusto Melo, minimizou o impacto do resultado e afirmou que o momento n\u00e3o deve ser visto como uma vergonha para a equipe.<\/p>\n\n\n\n<p>\u201cA gente pegou um clube em situa\u00e7\u00e3o financeira complicada. Hoje, a gente tem um time competitivo. Faltam poucos detalhes\u201d, declarou Melo, refor\u00e7ando que a reconstru\u00e7\u00e3o do Corinthians ainda est\u00e1 em andamento. O mandat\u00e1rio tamb\u00e9m destacou que a equipe deve focar no primeiro jogo da final do Campeonato Paulista contra o Palmeiras, no Allianz Parque, como uma oportunidade para se reerguer.<\/p>\n\n\n\n<figure class=\"wp-block-image size-large\"><img loading=\"lazy\" decoding=\"async\" width=\"1024\" height=\"576\" src=\"http:\/\/www.gaveanews.com\/wp-content\/uploads\/Augusto-Melo-durante-coletiva-de-imprensa-do-Corinthians-1024x576.webp\" alt=\"\" class=\"wp-image-145590\" srcset=\"https:\/\/www.gaveanews.com\/wp-content\/uploads\/Augusto-Melo-durante-coletiva-de-imprensa-do-Corinthians-1024x576.webp 1024w, https:\/\/www.gaveanews.com\/wp-content\/uploads\/Augusto-Melo-durante-coletiva-de-imprensa-do-Corinthians-300x169.webp 300w, https:\/\/www.gaveanews.com\/wp-content\/uploads\/Augusto-Melo-durante-coletiva-de-imprensa-do-Corinthians-768x432.webp 768w, https:\/\/www.gaveanews.com\/wp-content\/uploads\/Augusto-Melo-durante-coletiva-de-imprensa-do-Corinthians-1536x864.webp 1536w, https:\/\/www.gaveanews.com\/wp-content\/uploads\/Augusto-Melo-durante-coletiva-de-imprensa-do-Corinthians-747x420.webp 747w, https:\/\/www.gaveanews.com\/wp-content\/uploads\/Augusto-Melo-durante-coletiva-de-imprensa-do-Corinthians-1493x840.webp 1493w, https:\/\/www.gaveanews.com\/wp-content\/uploads\/Augusto-Melo-durante-coletiva-de-imprensa-do-Corinthians-640x360.webp 640w, https:\/\/www.gaveanews.com\/wp-content\/uploads\/Augusto-Melo-durante-coletiva-de-imprensa-do-Corinthians-1280x720.webp 1280w, https:\/\/www.gaveanews.com\/wp-content\/uploads\/Augusto-Melo-durante-coletiva-de-imprensa-do-Corinthians-681x383.webp 681w, https:\/\/www.gaveanews.com\/wp-content\/uploads\/Augusto-Melo-durante-coletiva-de-imprensa-do-Corinthians-1362x766.webp 1362w, https:\/\/www.gaveanews.com\/wp-content\/uploads\/Augusto-Melo-durante-coletiva-de-imprensa-do-Corinthians-100x56.webp 100w, https:\/\/www.gaveanews.com\/wp-content\/uploads\/Augusto-Melo-durante-coletiva-de-imprensa-do-Corinthians.webp 1920w\" sizes=\"auto, (max-width: 1024px) 100vw, 1024px\" \/><figcaption class=\"wp-element-caption\">Augusto Melo durante coletiva de imprensa do Corinthians (Foto: Rodrigo Coca\/ Corinthians)<\/figcaption><\/figure>\n\n\n\n<p>Diante da insatisfa\u00e7\u00e3o de parte da torcida com Memphis Depay, Augusto Melo saiu em defesa do atacante. O holand\u00eas tem sido criticado pelo baixo n\u00famero de gols, tendo marcado apenas duas vezes em 14 partidas, apesar das seis assist\u00eancias na temporada. \u201cTem dia que n\u00e3o d\u00e1 certo, s\u00e3o fases. Ele \u00e9 um grande jogador, \u00e9 importante e j\u00e1 j\u00e1 os gols v\u00e3o sair novamente. \u00c9 uma fase que passa, como ocorre com todo jogador\u201d, afirmou o presidente.<\/p>\n\n\n\n<p>Outro nome questionado \u00e9 o do t\u00e9cnico argentino Ram\u00f3n D\u00edaz, que ganhou f\u00f4lego ap\u00f3s a vit\u00f3ria por 2 a 1 sobre o Santos e a classifica\u00e7\u00e3o \u00e0 decis\u00e3o do Paulist\u00e3o. Melo garantiu a perman\u00eancia do treinador at\u00e9 o final do ano, indicando que sua continuidade ser\u00e1 analisada posteriormente. \u201cEle \u00e9 treinador nosso at\u00e9 o final do ano. Depois, a gente vai avaliar\u201d, comentou.<\/p>\n\n\n\n<p>Apesar da elimina\u00e7\u00e3o na Libertadores, o presidente n\u00e3o v\u00ea necessidade imediata de refor\u00e7os. Segundo ele, a principal conquista da gest\u00e3o foi a manuten\u00e7\u00e3o do elenco, um feito que, segundo ele, n\u00e3o costumava acontecer entre uma temporada e outra. O \u00fanico refor\u00e7o contratado para 2025 foi o lateral-esquerdo Fabrizio Angileri, que n\u00e3o esteve dispon\u00edvel na Libertadores por n\u00e3o estar inscrito na competi\u00e7\u00e3o.<\/p>\n\n\n\n<p>Por fim, Melo refor\u00e7ou que a busca por equil\u00edbrio financeiro continua sendo um dos pilares da atual gest\u00e3o. Ele destacou que os sal\u00e1rios do elenco est\u00e3o em dia e que a diretoria segue trabalhando para aumentar as receitas do clube. Agora, o foco da equipe passa a ser a final do Campeonato Paulista, onde o Corinthians busca um t\u00edtulo para amenizar o impacto da elimina\u00e7\u00e3o na Libertadores.<\/p>\n","protected":false},"excerpt":{"rendered":"<p>O Corinthians foi eliminado da fase preliminar da Copa Libertadores, mesmo vencendo o Barcelona de Guayaquil por 2 a 0 na Neo Qu\u00edmica Arena. O resultado n\u00e3o foi suficiente para reverter a derrota por 3 a 0 sofrida no jogo de ida, no Equador. Apesar da desclassifica\u00e7\u00e3o precoce, o presidente do clube, Augusto Melo, minimizou [&hellip;]<\/p>\n","protected":false},"author":27,"featured_media":199280,"comment_status":"open","ping_status":"closed","sticky":false,"template":"","format":"standard","meta":{"footnotes":""},"categories":[141],"tags":[],"class_list":["post-239517","post","type-post","status-publish","format-standard","has-post-thumbnail","hentry","category-corinthians"],"yoast_head":"<!-- This site is optimized with the Yoast SEO Premium plugin v24.2 (Yoast SEO v26.9) - https:\/\/yoast.com\/product\/yoast-seo-premium-wordpress\/ -->\n<title>A declara\u00e7\u00e3o de Augusto Melo direcionada a Depay ap\u00f3s Corinthians x Barcelona<\/title>\n<meta name=\"robots\" content=\"index, follow, max-snippet:-1, max-image-preview:large, max-video-preview:-1\" \/>\n<link rel=\"canonical\" href=\"https:\/\/www.gaveanews.com\/index.php\/2025\/03\/13\/a-declaracao-de-augusto-melo-direcionada-a-depay-apos-corinthians-x-barcelona\/\" \/>\n<meta property=\"og:locale\" content=\"pt_BR\" \/>\n<meta property=\"og:type\" content=\"article\" \/>\n<meta property=\"og:title\" content=\"A declara\u00e7\u00e3o de Augusto Melo direcionada a Depay ap\u00f3s Corinthians x Barcelona\" \/>\n<meta property=\"og:description\" content=\"O Corinthians foi eliminado da fase preliminar da Copa Libertadores, mesmo vencendo o Barcelona de Guayaquil por 2 a 0 na Neo Qu\u00edmica Arena. O resultado n\u00e3o foi suficiente para reverter a derrota por 3 a 0 sofrida no jogo de ida, no Equador. Apesar da desclassifica\u00e7\u00e3o precoce, o presidente do clube, Augusto Melo, minimizou [&hellip;]\" \/>\n<meta property=\"og:url\" content=\"https:\/\/www.gaveanews.com\/index.php\/2025\/03\/13\/a-declaracao-de-augusto-melo-direcionada-a-depay-apos-corinthians-x-barcelona\/\" \/>\n<meta property=\"og:site_name\" content=\"G\u00e1vea News\" \/>\n<meta property=\"article:publisher\" content=\"https:\/\/facebook.com\/gaveaNews\/\" \/>\n<meta property=\"article:published_time\" content=\"2025-03-13T17:05:00+00:00\" \/>\n<meta property=\"og:image\" content=\"https:\/\/www.gaveanews.com\/wp-content\/uploads\/Memphis-Depay-pelo-Corinthians.webp\" \/>\n\t<meta property=\"og:image:width\" content=\"1170\" \/>\n\t<meta property=\"og:image:height\" content=\"1312\" \/>\n\t<meta property=\"og:image:type\" content=\"image\/jpeg\" \/>\n<meta name=\"author\" content=\"Matheus Felipe\" \/>\n<meta name=\"twitter:card\" content=\"summary_large_image\" \/>\n<meta name=\"twitter:label1\" content=\"Escrito por\" \/>\n\t<meta name=\"twitter:data1\" content=\"Matheus Felipe\" \/>\n\t<meta name=\"twitter:label2\" content=\"Est. tempo de leitura\" \/>\n\t<meta name=\"twitter:data2\" content=\"3 minutos\" \/>\n<script type=\"application\/ld+json\" class=\"yoast-schema-graph\">{\"@context\":\"https:\/\/schema.org\",\"@graph\":[{\"@type\":\"NewsArticle\",\"@id\":\"https:\/\/www.gaveanews.com\/index.php\/2025\/03\/13\/a-declaracao-de-augusto-melo-direcionada-a-depay-apos-corinthians-x-barcelona\/#article\",\"isPartOf\":{\"@id\":\"https:\/\/www.gaveanews.com\/index.php\/2025\/03\/13\/a-declaracao-de-augusto-melo-direcionada-a-depay-apos-corinthians-x-barcelona\/\"},\"author\":{\"name\":\"Matheus Felipe\",\"@id\":\"https:\/\/www.gaveanews.com\/#\/schema\/person\/8207cd4627f56151707418bfc835b2fb\"},\"headline\":\"A declara\u00e7\u00e3o de Augusto Melo direcionada a Depay ap\u00f3s Corinthians x Barcelona\",\"datePublished\":\"2025-03-13T17:05:00+00:00\",\"mainEntityOfPage\":{\"@id\":\"https:\/\/www.gaveanews.com\/index.php\/2025\/03\/13\/a-declaracao-de-augusto-melo-direcionada-a-depay-apos-corinthians-x-barcelona\/\"},\"wordCount\":458,\"commentCount\":0,\"image\":{\"@id\":\"https:\/\/www.gaveanews.com\/index.php\/2025\/03\/13\/a-declaracao-de-augusto-melo-direcionada-a-depay-apos-corinthians-x-barcelona\/#primaryimage\"},\"thumbnailUrl\":\"https:\/\/www.gaveanews.com\/wp-content\/uploads\/Memphis-Depay-pelo-Corinthians.webp\",\"articleSection\":[\"Corinthians\"],\"inLanguage\":\"pt-BR\",\"potentialAction\":[{\"@type\":\"CommentAction\",\"name\":\"Comment\",\"target\":[\"https:\/\/www.gaveanews.com\/index.php\/2025\/03\/13\/a-declaracao-de-augusto-melo-direcionada-a-depay-apos-corinthians-x-barcelona\/#respond\"]}],\"copyrightYear\":\"2025\",\"copyrightHolder\":{\"@id\":\"https:\/\/www.gaveanews.com\/#organization\"}},{\"@type\":\"WebPage\",\"@id\":\"https:\/\/www.gaveanews.com\/index.php\/2025\/03\/13\/a-declaracao-de-augusto-melo-direcionada-a-depay-apos-corinthians-x-barcelona\/\",\"url\":\"https:\/\/www.gaveanews.com\/index.php\/2025\/03\/13\/a-declaracao-de-augusto-melo-direcionada-a-depay-apos-corinthians-x-barcelona\/\",\"name\":\"A declara\u00e7\u00e3o de Augusto Melo direcionada a Depay ap\u00f3s Corinthians x Barcelona\",\"isPartOf\":{\"@id\":\"https:\/\/www.gaveanews.com\/#website\"},\"primaryImageOfPage\":{\"@id\":\"https:\/\/www.gaveanews.com\/index.php\/2025\/03\/13\/a-declaracao-de-augusto-melo-direcionada-a-depay-apos-corinthians-x-barcelona\/#primaryimage\"},\"image\":{\"@id\":\"https:\/\/www.gaveanews.com\/index.php\/2025\/03\/13\/a-declaracao-de-augusto-melo-direcionada-a-depay-apos-corinthians-x-barcelona\/#primaryimage\"},\"thumbnailUrl\":\"https:\/\/www.gaveanews.com\/wp-content\/uploads\/Memphis-Depay-pelo-Corinthians.webp\",\"datePublished\":\"2025-03-13T17:05:00+00:00\",\"author\":{\"@id\":\"https:\/\/www.gaveanews.com\/#\/schema\/person\/8207cd4627f56151707418bfc835b2fb\"},\"breadcrumb\":{\"@id\":\"https:\/\/www.gaveanews.com\/index.php\/2025\/03\/13\/a-declaracao-de-augusto-melo-direcionada-a-depay-apos-corinthians-x-barcelona\/#breadcrumb\"},\"inLanguage\":\"pt-BR\",\"potentialAction\":[{\"@type\":\"ReadAction\",\"target\":[\"https:\/\/www.gaveanews.com\/index.php\/2025\/03\/13\/a-declaracao-de-augusto-melo-direcionada-a-depay-apos-corinthians-x-barcelona\/\"]}]},{\"@type\":\"ImageObject\",\"inLanguage\":\"pt-BR\",\"@id\":\"https:\/\/www.gaveanews.com\/index.php\/2025\/03\/13\/a-declaracao-de-augusto-melo-direcionada-a-depay-apos-corinthians-x-barcelona\/#primaryimage\",\"url\":\"https:\/\/www.gaveanews.com\/wp-content\/uploads\/Memphis-Depay-pelo-Corinthians.webp\",\"contentUrl\":\"https:\/\/www.gaveanews.com\/wp-content\/uploads\/Memphis-Depay-pelo-Corinthians.webp\",\"width\":1170,\"height\":1312,\"caption\":\"Memphis Depay pelo Corinthians (Foto: Reprodu\u00e7\u00e3o\/Instagram Depay)\"},{\"@type\":\"BreadcrumbList\",\"@id\":\"https:\/\/www.gaveanews.com\/index.php\/2025\/03\/13\/a-declaracao-de-augusto-melo-direcionada-a-depay-apos-corinthians-x-barcelona\/#breadcrumb\",\"itemListElement\":[{\"@type\":\"ListItem\",\"position\":1,\"name\":\"Home\",\"item\":\"https:\/\/www.gaveanews.com\/\"},{\"@type\":\"ListItem\",\"position\":2,\"name\":\"A declara\u00e7\u00e3o de Augusto Melo direcionada a Depay ap\u00f3s Corinthians x Barcelona\"}]},{\"@type\":\"WebSite\",\"@id\":\"https:\/\/www.gaveanews.com\/#website\",\"url\":\"https:\/\/www.gaveanews.com\/\",\"name\":\"G\u00e1vea News\",\"description\":\"Veja todas as not\u00edcias sobre o Flamengo: Contrata\u00e7\u00f5es, categorias de base, resultados das partidas, tabela de classifica\u00e7\u00e3o, pr\u00f3ximos jogos!\",\"potentialAction\":[{\"@type\":\"SearchAction\",\"target\":{\"@type\":\"EntryPoint\",\"urlTemplate\":\"https:\/\/www.gaveanews.com\/?s={search_term_string}\"},\"query-input\":{\"@type\":\"PropertyValueSpecification\",\"valueRequired\":true,\"valueName\":\"search_term_string\"}}],\"inLanguage\":\"pt-BR\"},{\"@type\":\"Person\",\"@id\":\"https:\/\/www.gaveanews.com\/#\/schema\/person\/8207cd4627f56151707418bfc835b2fb\",\"name\":\"Matheus Felipe\",\"image\":{\"@type\":\"ImageObject\",\"inLanguage\":\"pt-BR\",\"@id\":\"https:\/\/www.gaveanews.com\/#\/schema\/person\/image\/\",\"url\":\"https:\/\/secure.gravatar.com\/avatar\/a452ffbed9130f726358b298bb3a99ce4bd3c5338411f8440e87e14d74c7c087?s=96&d=mm&r=g\",\"contentUrl\":\"https:\/\/secure.gravatar.com\/avatar\/a452ffbed9130f726358b298bb3a99ce4bd3c5338411f8440e87e14d74c7c087?s=96&d=mm&r=g\",\"caption\":\"Matheus Felipe\"}}]}<\/script>\n<!-- \/ Yoast SEO Premium plugin. -->","yoast_head_json":{"title":"A declara\u00e7\u00e3o de Augusto Melo direcionada a Depay ap\u00f3s Corinthians x Barcelona","robots":{"index":"index","follow":"follow","max-snippet":"max-snippet:-1","max-image-preview":"max-image-preview:large","max-video-preview":"max-video-preview:-1"},"canonical":"https:\/\/www.gaveanews.com\/index.php\/2025\/03\/13\/a-declaracao-de-augusto-melo-direcionada-a-depay-apos-corinthians-x-barcelona\/","og_locale":"pt_BR","og_type":"article","og_title":"A declara\u00e7\u00e3o de Augusto Melo direcionada a Depay ap\u00f3s Corinthians x Barcelona","og_description":"O Corinthians foi eliminado da fase preliminar da Copa Libertadores, mesmo vencendo o Barcelona de Guayaquil por 2 a 0 na Neo Qu\u00edmica Arena. O resultado n\u00e3o foi suficiente para reverter a derrota por 3 a 0 sofrida no jogo de ida, no Equador. Apesar da desclassifica\u00e7\u00e3o precoce, o presidente do clube, Augusto Melo, minimizou [&hellip;]","og_url":"https:\/\/www.gaveanews.com\/index.php\/2025\/03\/13\/a-declaracao-de-augusto-melo-direcionada-a-depay-apos-corinthians-x-barcelona\/","og_site_name":"G\u00e1vea News","article_publisher":"https:\/\/facebook.com\/gaveaNews\/","article_published_time":"2025-03-13T17:05:00+00:00","og_image":[{"width":1170,"height":1312,"url":"https:\/\/www.gaveanews.com\/wp-content\/uploads\/Memphis-Depay-pelo-Corinthians.webp","type":"image\/jpeg"}],"author":"Matheus Felipe","twitter_card":"summary_large_image","twitter_misc":{"Escrito por":"Matheus Felipe","Est. tempo de leitura":"3 minutos"},"schema":{"@context":"https:\/\/schema.org","@graph":[{"@type":"NewsArticle","@id":"https:\/\/www.gaveanews.com\/index.php\/2025\/03\/13\/a-declaracao-de-augusto-melo-direcionada-a-depay-apos-corinthians-x-barcelona\/#article","isPartOf":{"@id":"https:\/\/www.gaveanews.com\/index.php\/2025\/03\/13\/a-declaracao-de-augusto-melo-direcionada-a-depay-apos-corinthians-x-barcelona\/"},"author":{"name":"Matheus Felipe","@id":"https:\/\/www.gaveanews.com\/#\/schema\/person\/8207cd4627f56151707418bfc835b2fb"},"headline":"A declara\u00e7\u00e3o de Augusto Melo direcionada a Depay ap\u00f3s Corinthians x Barcelona","datePublished":"2025-03-13T17:05:00+00:00","mainEntityOfPage":{"@id":"https:\/\/www.gaveanews.com\/index.php\/2025\/03\/13\/a-declaracao-de-augusto-melo-direcionada-a-depay-apos-corinthians-x-barcelona\/"},"wordCount":458,"commentCount":0,"image":{"@id":"https:\/\/www.gaveanews.com\/index.php\/2025\/03\/13\/a-declaracao-de-augusto-melo-direcionada-a-depay-apos-corinthians-x-barcelona\/#primaryimage"},"thumbnailUrl":"https:\/\/www.gaveanews.com\/wp-content\/uploads\/Memphis-Depay-pelo-Corinthians.webp","articleSection":["Corinthians"],"inLanguage":"pt-BR","potentialAction":[{"@type":"CommentAction","name":"Comment","target":["https:\/\/www.gaveanews.com\/index.php\/2025\/03\/13\/a-declaracao-de-augusto-melo-direcionada-a-depay-apos-corinthians-x-barcelona\/#respond"]}],"copyrightYear":"2025","copyrightHolder":{"@id":"https:\/\/www.gaveanews.com\/#organization"}},{"@type":"WebPage","@id":"https:\/\/www.gaveanews.com\/index.php\/2025\/03\/13\/a-declaracao-de-augusto-melo-direcionada-a-depay-apos-corinthians-x-barcelona\/","url":"https:\/\/www.gaveanews.com\/index.php\/2025\/03\/13\/a-declaracao-de-augusto-melo-direcionada-a-depay-apos-corinthians-x-barcelona\/","name":"A declara\u00e7\u00e3o de Augusto Melo direcionada a Depay ap\u00f3s Corinthians x Barcelona","isPartOf":{"@id":"https:\/\/www.gaveanews.com\/#website"},"primaryImageOfPage":{"@id":"https:\/\/www.gaveanews.com\/index.php\/2025\/03\/13\/a-declaracao-de-augusto-melo-direcionada-a-depay-apos-corinthians-x-barcelona\/#primaryimage"},"image":{"@id":"https:\/\/www.gaveanews.com\/index.php\/2025\/03\/13\/a-declaracao-de-augusto-melo-direcionada-a-depay-apos-corinthians-x-barcelona\/#primaryimage"},"thumbnailUrl":"https:\/\/www.gaveanews.com\/wp-content\/uploads\/Memphis-Depay-pelo-Corinthians.webp","datePublished":"2025-03-13T17:05:00+00:00","author":{"@id":"https:\/\/www.gaveanews.com\/#\/schema\/person\/8207cd4627f56151707418bfc835b2fb"},"breadcrumb":{"@id":"https:\/\/www.gaveanews.com\/index.php\/2025\/03\/13\/a-declaracao-de-augusto-melo-direcionada-a-depay-apos-corinthians-x-barcelona\/#breadcrumb"},"inLanguage":"pt-BR","potentialAction":[{"@type":"ReadAction","target":["https:\/\/www.gaveanews.com\/index.php\/2025\/03\/13\/a-declaracao-de-augusto-melo-direcionada-a-depay-apos-corinthians-x-barcelona\/"]}]},{"@type":"ImageObject","inLanguage":"pt-BR","@id":"https:\/\/www.gaveanews.com\/index.php\/2025\/03\/13\/a-declaracao-de-augusto-melo-direcionada-a-depay-apos-corinthians-x-barcelona\/#primaryimage","url":"https:\/\/www.gaveanews.com\/wp-content\/uploads\/Memphis-Depay-pelo-Corinthians.webp","contentUrl":"https:\/\/www.gaveanews.com\/wp-content\/uploads\/Memphis-Depay-pelo-Corinthians.webp","width":1170,"height":1312,"caption":"Memphis Depay pelo Corinthians (Foto: Reprodu\u00e7\u00e3o\/Instagram Depay)"},{"@type":"BreadcrumbList","@id":"https:\/\/www.gaveanews.com\/index.php\/2025\/03\/13\/a-declaracao-de-augusto-melo-direcionada-a-depay-apos-corinthians-x-barcelona\/#breadcrumb","itemListElement":[{"@type":"ListItem","position":1,"name":"Home","item":"https:\/\/www.gaveanews.com\/"},{"@type":"ListItem","position":2,"name":"A declara\u00e7\u00e3o de Augusto Melo direcionada a Depay ap\u00f3s Corinthians x Barcelona"}]},{"@type":"WebSite","@id":"https:\/\/www.gaveanews.com\/#website","url":"https:\/\/www.gaveanews.com\/","name":"G\u00e1vea News","description":"Veja todas as not\u00edcias sobre o Flamengo: Contrata\u00e7\u00f5es, categorias de base, resultados das partidas, tabela de classifica\u00e7\u00e3o, pr\u00f3ximos jogos!","potentialAction":[{"@type":"SearchAction","target":{"@type":"EntryPoint","urlTemplate":"https:\/\/www.gaveanews.com\/?s={search_term_string}"},"query-input":{"@type":"PropertyValueSpecification","valueRequired":true,"valueName":"search_term_string"}}],"inLanguage":"pt-BR"},{"@type":"Person","@id":"https:\/\/www.gaveanews.com\/#\/schema\/person\/8207cd4627f56151707418bfc835b2fb","name":"Matheus Felipe","image":{"@type":"ImageObject","inLanguage":"pt-BR","@id":"https:\/\/www.gaveanews.com\/#\/schema\/person\/image\/","url":"https:\/\/secure.gravatar.com\/avatar\/a452ffbed9130f726358b298bb3a99ce4bd3c5338411f8440e87e14d74c7c087?s=96&d=mm&r=g","contentUrl":"https:\/\/secure.gravatar.com\/avatar\/a452ffbed9130f726358b298bb3a99ce4bd3c5338411f8440e87e14d74c7c087?s=96&d=mm&r=g","caption":"Matheus Felipe"}}]}},"_links":{"self":[{"href":"https:\/\/www.gaveanews.com\/index.php\/wp-json\/wp\/v2\/posts\/239517","targetHints":{"allow":["GET"]}}],"collection":[{"href":"https:\/\/www.gaveanews.com\/index.php\/wp-json\/wp\/v2\/posts"}],"about":[{"href":"https:\/\/www.gaveanews.com\/index.php\/wp-json\/wp\/v2\/types\/post"}],"author":[{"embeddable":true,"href":"https:\/\/www.gaveanews.com\/index.php\/wp-json\/wp\/v2\/users\/27"}],"replies":[{"embeddable":true,"href":"https:\/\/www.gaveanews.com\/index.php\/wp-json\/wp\/v2\/comments?post=239517"}],"version-history":[{"count":1,"href":"https:\/\/www.gaveanews.com\/index.php\/wp-json\/wp\/v2\/posts\/239517\/revisions"}],"predecessor-version":[{"id":239520,"href":"https:\/\/www.gaveanews.com\/index.php\/wp-json\/wp\/v2\/posts\/239517\/revisions\/239520"}],"wp:featuredmedia":[{"embeddable":true,"href":"https:\/\/www.gaveanews.com\/index.php\/wp-json\/wp\/v2\/media\/199280"}],"wp:attachment":[{"href":"https:\/\/www.gaveanews.com\/index.php\/wp-json\/wp\/v2\/media?parent=239517"}],"wp:term":[{"taxonomy":"category","embeddable":true,"href":"https:\/\/www.gaveanews.com\/index.php\/wp-json\/wp\/v2\/categories?post=239517"},{"taxonomy":"post_tag","embeddable":true,"href":"https:\/\/www.gaveanews.com\/index.php\/wp-json\/wp\/v2\/tags?post=239517"}],"curies":[{"name":"wp","href":"https:\/\/api.w.org\/{rel}","templated":true}]}}