{"id":239521,"date":"2025-03-13T14:10:00","date_gmt":"2025-03-13T17:10:00","guid":{"rendered":"https:\/\/www.gaveanews.com\/?p=239521"},"modified":"2025-03-13T12:32:59","modified_gmt":"2025-03-13T15:32:59","slug":"corinthians-x-palmeiras-a-declaracao-de-hugo-souza","status":"publish","type":"post","link":"https:\/\/www.gaveanews.com\/index.php\/2025\/03\/13\/corinthians-x-palmeiras-a-declaracao-de-hugo-souza\/","title":{"rendered":"Corinthians x Palmeiras: a declara\u00e7\u00e3o de Hugo Souza"},"content":{"rendered":"\n<p>A elimina\u00e7\u00e3o precoce na Libertadores foi um duro golpe para o Corinthians, mas n\u00e3o h\u00e1 tempo para lamenta\u00e7\u00f5es. Com a decis\u00e3o do Campeonato Paulista se aproximando, o elenco alvinegro precisa virar a chave rapidamente.&nbsp;<\/p>\n\n\n\n<p>A final contra o Palmeiras carrega um peso extra, n\u00e3o apenas pelo t\u00edtulo, mas pelo desejo de reafirmar a for\u00e7a do Tim\u00e3o no cen\u00e1rio nacional.<\/p>\n\n\n\n<h2 class=\"wp-block-heading\">Hugo Souza segue confiante na final do Paulist\u00e3o<\/h2>\n\n\n\n<p>Ap\u00f3s a vit\u00f3ria por 2 a 0 sobre o Barcelona de Guayaquil, que n\u00e3o foi suficiente para garantir a vaga na fase de grupos da Libertadores, o ambiente no vesti\u00e1rio corintiano era de frustra\u00e7\u00e3o. No entanto, os jogadores entenderam que n\u00e3o podem deixar a decep\u00e7\u00e3o atrapalhar o foco para a final do Paulist\u00e3o.<\/p>\n\n\n\n<p>O goleiro Hugo Souza refor\u00e7ou esse pensamento ao destacar a import\u00e2ncia da decis\u00e3o: \u201cDomingo \u00e9 guerra, contra nosso maior rival. \u00c9 uma final, a gente quer voltar a botar o Corinthians de novo num cen\u00e1rio de ser campe\u00e3o. Vamos lutar at\u00e9 o final para dar essa alegria ao torcedor\u201d.<\/p>\n\n\n\n<p>Portanto, mesmo com a elimina\u00e7\u00e3o recente, o Tim\u00e3o mant\u00e9m a mentalidade vencedora para buscar o t\u00edtulo estadual.<\/p>\n\n\n\n<h2 class=\"wp-block-heading\">Cl\u00e1ssico decisivo aumenta a motiva\u00e7\u00e3o do elenco<\/h2>\n\n\n\n<p>Vale destacar que o Corinthians ter\u00e1 um grande desafio pela frente. O Palmeiras, atual campe\u00e3o brasileiro, vem de boas atua\u00e7\u00f5es e jogar\u00e1 o primeiro confronto da final em casa, no Allianz Parque, no pr\u00f3ximo domingo.<\/p>\n\n\n\n<p>Sendo assim, o elenco corintiano precisa canalizar a frustra\u00e7\u00e3o da Libertadores em energia para a decis\u00e3o. Isso porque um t\u00edtulo sobre o maior rival pode mudar o clima interno e fortalecer ainda mais a equipe para o restante da temporada.<\/p>\n\n\n\n<h2 class=\"wp-block-heading\">O recado de Hugo Souza para a torcida<\/h2>\n\n\n\n<p>O goleiro corintiano tamb\u00e9m ressaltou o orgulho pelo desempenho do time, mas pediu foco total na final.&nbsp;<\/p>\n\n\n\n<p>\u201cMinha fala (para o elenco) foi de muito orgulho do grupo, do que fizemos em campo, da nossa luta, do que tivemos em campo, entrega n\u00e3o faltou, mas que n\u00e3o podemos deixar isso nos abalar. Domingo tem uma final, \u00e9 uma guerra e queremos muito ser campe\u00f5es\u201d.<\/p>\n\n\n\n<p>Dessa maneira, a torcida pode esperar um Corinthians aguerrido em busca da ta\u00e7a. Com isso, o cl\u00e1ssico promete ser eletrizante, com duas equipes determinadas a conquistar o trof\u00e9u paulista.<\/p>\n","protected":false},"excerpt":{"rendered":"<p>A elimina\u00e7\u00e3o precoce na Libertadores foi um duro golpe para o Corinthians, mas n\u00e3o h\u00e1 tempo para lamenta\u00e7\u00f5es. Com a decis\u00e3o do Campeonato Paulista se aproximando, o elenco alvinegro precisa virar a chave rapidamente.&nbsp; A final contra o Palmeiras carrega um peso extra, n\u00e3o apenas pelo t\u00edtulo, mas pelo desejo de reafirmar a for\u00e7a do [&hellip;]<\/p>\n","protected":false},"author":25,"featured_media":160023,"comment_status":"open","ping_status":"closed","sticky":false,"template":"","format":"standard","meta":{"footnotes":""},"categories":[141,150],"tags":[],"class_list":["post-239521","post","type-post","status-publish","format-standard","has-post-thumbnail","hentry","category-corinthians","category-palmeiras"],"yoast_head":"<!-- This site is optimized with the Yoast SEO Premium plugin v24.2 (Yoast SEO v26.9) - https:\/\/yoast.com\/product\/yoast-seo-premium-wordpress\/ -->\n<title>Corinthians x Palmeiras: a declara\u00e7\u00e3o de Hugo Souza<\/title>\n<meta name=\"robots\" content=\"index, follow, max-snippet:-1, max-image-preview:large, max-video-preview:-1\" \/>\n<link rel=\"canonical\" href=\"https:\/\/www.gaveanews.com\/index.php\/2025\/03\/13\/corinthians-x-palmeiras-a-declaracao-de-hugo-souza\/\" \/>\n<meta property=\"og:locale\" content=\"pt_BR\" \/>\n<meta property=\"og:type\" content=\"article\" \/>\n<meta property=\"og:title\" content=\"Corinthians x Palmeiras: a declara\u00e7\u00e3o de Hugo Souza\" \/>\n<meta property=\"og:description\" content=\"A elimina\u00e7\u00e3o precoce na Libertadores foi um duro golpe para o Corinthians, mas n\u00e3o h\u00e1 tempo para lamenta\u00e7\u00f5es. Com a decis\u00e3o do Campeonato Paulista se aproximando, o elenco alvinegro precisa virar a chave rapidamente.&nbsp; A final contra o Palmeiras carrega um peso extra, n\u00e3o apenas pelo t\u00edtulo, mas pelo desejo de reafirmar a for\u00e7a do [&hellip;]\" \/>\n<meta property=\"og:url\" content=\"https:\/\/www.gaveanews.com\/index.php\/2025\/03\/13\/corinthians-x-palmeiras-a-declaracao-de-hugo-souza\/\" \/>\n<meta property=\"og:site_name\" content=\"G\u00e1vea News\" \/>\n<meta property=\"article:publisher\" content=\"https:\/\/facebook.com\/gaveaNews\/\" \/>\n<meta property=\"article:published_time\" content=\"2025-03-13T17:10:00+00:00\" \/>\n<meta property=\"og:image\" content=\"https:\/\/www.gaveanews.com\/wp-content\/uploads\/image-2024-08-21T141722.256.webp\" \/>\n\t<meta property=\"og:image:width\" content=\"740\" \/>\n\t<meta property=\"og:image:height\" content=\"416\" \/>\n\t<meta property=\"og:image:type\" content=\"image\/webp\" \/>\n<meta name=\"author\" content=\"Rafaela Ladeira\" \/>\n<meta name=\"twitter:card\" content=\"summary_large_image\" \/>\n<meta name=\"twitter:label1\" content=\"Escrito por\" \/>\n\t<meta name=\"twitter:data1\" content=\"Rafaela Ladeira\" \/>\n\t<meta name=\"twitter:label2\" content=\"Est. tempo de leitura\" \/>\n\t<meta name=\"twitter:data2\" content=\"3 minutos\" \/>\n<script type=\"application\/ld+json\" class=\"yoast-schema-graph\">{\"@context\":\"https:\/\/schema.org\",\"@graph\":[{\"@type\":\"NewsArticle\",\"@id\":\"https:\/\/www.gaveanews.com\/index.php\/2025\/03\/13\/corinthians-x-palmeiras-a-declaracao-de-hugo-souza\/#article\",\"isPartOf\":{\"@id\":\"https:\/\/www.gaveanews.com\/index.php\/2025\/03\/13\/corinthians-x-palmeiras-a-declaracao-de-hugo-souza\/\"},\"author\":{\"name\":\"Rafaela Ladeira\",\"@id\":\"https:\/\/www.gaveanews.com\/#\/schema\/person\/0eb3e3fe1754f0205218538adbe8f5ed\"},\"headline\":\"Corinthians x Palmeiras: a declara\u00e7\u00e3o de Hugo Souza\",\"datePublished\":\"2025-03-13T17:10:00+00:00\",\"mainEntityOfPage\":{\"@id\":\"https:\/\/www.gaveanews.com\/index.php\/2025\/03\/13\/corinthians-x-palmeiras-a-declaracao-de-hugo-souza\/\"},\"wordCount\":417,\"commentCount\":0,\"image\":{\"@id\":\"https:\/\/www.gaveanews.com\/index.php\/2025\/03\/13\/corinthians-x-palmeiras-a-declaracao-de-hugo-souza\/#primaryimage\"},\"thumbnailUrl\":\"https:\/\/www.gaveanews.com\/wp-content\/uploads\/image-2024-08-21T141722.256.webp\",\"articleSection\":[\"Corinthians\",\"Palmeiras\"],\"inLanguage\":\"pt-BR\",\"potentialAction\":[{\"@type\":\"CommentAction\",\"name\":\"Comment\",\"target\":[\"https:\/\/www.gaveanews.com\/index.php\/2025\/03\/13\/corinthians-x-palmeiras-a-declaracao-de-hugo-souza\/#respond\"]}],\"copyrightYear\":\"2025\",\"copyrightHolder\":{\"@id\":\"https:\/\/www.gaveanews.com\/#organization\"}},{\"@type\":\"WebPage\",\"@id\":\"https:\/\/www.gaveanews.com\/index.php\/2025\/03\/13\/corinthians-x-palmeiras-a-declaracao-de-hugo-souza\/\",\"url\":\"https:\/\/www.gaveanews.com\/index.php\/2025\/03\/13\/corinthians-x-palmeiras-a-declaracao-de-hugo-souza\/\",\"name\":\"Corinthians x Palmeiras: a declara\u00e7\u00e3o de Hugo Souza\",\"isPartOf\":{\"@id\":\"https:\/\/www.gaveanews.com\/#website\"},\"primaryImageOfPage\":{\"@id\":\"https:\/\/www.gaveanews.com\/index.php\/2025\/03\/13\/corinthians-x-palmeiras-a-declaracao-de-hugo-souza\/#primaryimage\"},\"image\":{\"@id\":\"https:\/\/www.gaveanews.com\/index.php\/2025\/03\/13\/corinthians-x-palmeiras-a-declaracao-de-hugo-souza\/#primaryimage\"},\"thumbnailUrl\":\"https:\/\/www.gaveanews.com\/wp-content\/uploads\/image-2024-08-21T141722.256.webp\",\"datePublished\":\"2025-03-13T17:10:00+00:00\",\"author\":{\"@id\":\"https:\/\/www.gaveanews.com\/#\/schema\/person\/0eb3e3fe1754f0205218538adbe8f5ed\"},\"breadcrumb\":{\"@id\":\"https:\/\/www.gaveanews.com\/index.php\/2025\/03\/13\/corinthians-x-palmeiras-a-declaracao-de-hugo-souza\/#breadcrumb\"},\"inLanguage\":\"pt-BR\",\"potentialAction\":[{\"@type\":\"ReadAction\",\"target\":[\"https:\/\/www.gaveanews.com\/index.php\/2025\/03\/13\/corinthians-x-palmeiras-a-declaracao-de-hugo-souza\/\"]}]},{\"@type\":\"ImageObject\",\"inLanguage\":\"pt-BR\",\"@id\":\"https:\/\/www.gaveanews.com\/index.php\/2025\/03\/13\/corinthians-x-palmeiras-a-declaracao-de-hugo-souza\/#primaryimage\",\"url\":\"https:\/\/www.gaveanews.com\/wp-content\/uploads\/image-2024-08-21T141722.256.webp\",\"contentUrl\":\"https:\/\/www.gaveanews.com\/wp-content\/uploads\/image-2024-08-21T141722.256.webp\",\"width\":740,\"height\":416,\"caption\":\"Foto: Jhony Pinho\/AGIF Hugo Souza falou sobre o Mengo\"},{\"@type\":\"BreadcrumbList\",\"@id\":\"https:\/\/www.gaveanews.com\/index.php\/2025\/03\/13\/corinthians-x-palmeiras-a-declaracao-de-hugo-souza\/#breadcrumb\",\"itemListElement\":[{\"@type\":\"ListItem\",\"position\":1,\"name\":\"Home\",\"item\":\"https:\/\/www.gaveanews.com\/\"},{\"@type\":\"ListItem\",\"position\":2,\"name\":\"Corinthians x Palmeiras: a declara\u00e7\u00e3o de Hugo Souza\"}]},{\"@type\":\"WebSite\",\"@id\":\"https:\/\/www.gaveanews.com\/#website\",\"url\":\"https:\/\/www.gaveanews.com\/\",\"name\":\"G\u00e1vea News\",\"description\":\"Veja todas as not\u00edcias sobre o Flamengo: Contrata\u00e7\u00f5es, categorias de base, resultados das partidas, tabela de classifica\u00e7\u00e3o, pr\u00f3ximos jogos!\",\"potentialAction\":[{\"@type\":\"SearchAction\",\"target\":{\"@type\":\"EntryPoint\",\"urlTemplate\":\"https:\/\/www.gaveanews.com\/?s={search_term_string}\"},\"query-input\":{\"@type\":\"PropertyValueSpecification\",\"valueRequired\":true,\"valueName\":\"search_term_string\"}}],\"inLanguage\":\"pt-BR\"},{\"@type\":\"Person\",\"@id\":\"https:\/\/www.gaveanews.com\/#\/schema\/person\/0eb3e3fe1754f0205218538adbe8f5ed\",\"name\":\"Rafaela Ladeira\",\"image\":{\"@type\":\"ImageObject\",\"inLanguage\":\"pt-BR\",\"@id\":\"https:\/\/www.gaveanews.com\/#\/schema\/person\/image\/\",\"url\":\"https:\/\/secure.gravatar.com\/avatar\/c31f513acffd85eacab5730cbdfdbbf59f21ba5aeada8cd890acea879fbb2455?s=96&d=mm&r=g\",\"contentUrl\":\"https:\/\/secure.gravatar.com\/avatar\/c31f513acffd85eacab5730cbdfdbbf59f21ba5aeada8cd890acea879fbb2455?s=96&d=mm&r=g\",\"caption\":\"Rafaela Ladeira\"}}]}<\/script>\n<!-- \/ Yoast SEO Premium plugin. -->","yoast_head_json":{"title":"Corinthians x Palmeiras: a declara\u00e7\u00e3o de Hugo Souza","robots":{"index":"index","follow":"follow","max-snippet":"max-snippet:-1","max-image-preview":"max-image-preview:large","max-video-preview":"max-video-preview:-1"},"canonical":"https:\/\/www.gaveanews.com\/index.php\/2025\/03\/13\/corinthians-x-palmeiras-a-declaracao-de-hugo-souza\/","og_locale":"pt_BR","og_type":"article","og_title":"Corinthians x Palmeiras: a declara\u00e7\u00e3o de Hugo Souza","og_description":"A elimina\u00e7\u00e3o precoce na Libertadores foi um duro golpe para o Corinthians, mas n\u00e3o h\u00e1 tempo para lamenta\u00e7\u00f5es. Com a decis\u00e3o do Campeonato Paulista se aproximando, o elenco alvinegro precisa virar a chave rapidamente.&nbsp; A final contra o Palmeiras carrega um peso extra, n\u00e3o apenas pelo t\u00edtulo, mas pelo desejo de reafirmar a for\u00e7a do [&hellip;]","og_url":"https:\/\/www.gaveanews.com\/index.php\/2025\/03\/13\/corinthians-x-palmeiras-a-declaracao-de-hugo-souza\/","og_site_name":"G\u00e1vea News","article_publisher":"https:\/\/facebook.com\/gaveaNews\/","article_published_time":"2025-03-13T17:10:00+00:00","og_image":[{"width":740,"height":416,"url":"https:\/\/www.gaveanews.com\/wp-content\/uploads\/image-2024-08-21T141722.256.webp","type":"image\/webp"}],"author":"Rafaela Ladeira","twitter_card":"summary_large_image","twitter_misc":{"Escrito por":"Rafaela Ladeira","Est. tempo de leitura":"3 minutos"},"schema":{"@context":"https:\/\/schema.org","@graph":[{"@type":"NewsArticle","@id":"https:\/\/www.gaveanews.com\/index.php\/2025\/03\/13\/corinthians-x-palmeiras-a-declaracao-de-hugo-souza\/#article","isPartOf":{"@id":"https:\/\/www.gaveanews.com\/index.php\/2025\/03\/13\/corinthians-x-palmeiras-a-declaracao-de-hugo-souza\/"},"author":{"name":"Rafaela Ladeira","@id":"https:\/\/www.gaveanews.com\/#\/schema\/person\/0eb3e3fe1754f0205218538adbe8f5ed"},"headline":"Corinthians x Palmeiras: a declara\u00e7\u00e3o de Hugo Souza","datePublished":"2025-03-13T17:10:00+00:00","mainEntityOfPage":{"@id":"https:\/\/www.gaveanews.com\/index.php\/2025\/03\/13\/corinthians-x-palmeiras-a-declaracao-de-hugo-souza\/"},"wordCount":417,"commentCount":0,"image":{"@id":"https:\/\/www.gaveanews.com\/index.php\/2025\/03\/13\/corinthians-x-palmeiras-a-declaracao-de-hugo-souza\/#primaryimage"},"thumbnailUrl":"https:\/\/www.gaveanews.com\/wp-content\/uploads\/image-2024-08-21T141722.256.webp","articleSection":["Corinthians","Palmeiras"],"inLanguage":"pt-BR","potentialAction":[{"@type":"CommentAction","name":"Comment","target":["https:\/\/www.gaveanews.com\/index.php\/2025\/03\/13\/corinthians-x-palmeiras-a-declaracao-de-hugo-souza\/#respond"]}],"copyrightYear":"2025","copyrightHolder":{"@id":"https:\/\/www.gaveanews.com\/#organization"}},{"@type":"WebPage","@id":"https:\/\/www.gaveanews.com\/index.php\/2025\/03\/13\/corinthians-x-palmeiras-a-declaracao-de-hugo-souza\/","url":"https:\/\/www.gaveanews.com\/index.php\/2025\/03\/13\/corinthians-x-palmeiras-a-declaracao-de-hugo-souza\/","name":"Corinthians x Palmeiras: a declara\u00e7\u00e3o de Hugo Souza","isPartOf":{"@id":"https:\/\/www.gaveanews.com\/#website"},"primaryImageOfPage":{"@id":"https:\/\/www.gaveanews.com\/index.php\/2025\/03\/13\/corinthians-x-palmeiras-a-declaracao-de-hugo-souza\/#primaryimage"},"image":{"@id":"https:\/\/www.gaveanews.com\/index.php\/2025\/03\/13\/corinthians-x-palmeiras-a-declaracao-de-hugo-souza\/#primaryimage"},"thumbnailUrl":"https:\/\/www.gaveanews.com\/wp-content\/uploads\/image-2024-08-21T141722.256.webp","datePublished":"2025-03-13T17:10:00+00:00","author":{"@id":"https:\/\/www.gaveanews.com\/#\/schema\/person\/0eb3e3fe1754f0205218538adbe8f5ed"},"breadcrumb":{"@id":"https:\/\/www.gaveanews.com\/index.php\/2025\/03\/13\/corinthians-x-palmeiras-a-declaracao-de-hugo-souza\/#breadcrumb"},"inLanguage":"pt-BR","potentialAction":[{"@type":"ReadAction","target":["https:\/\/www.gaveanews.com\/index.php\/2025\/03\/13\/corinthians-x-palmeiras-a-declaracao-de-hugo-souza\/"]}]},{"@type":"ImageObject","inLanguage":"pt-BR","@id":"https:\/\/www.gaveanews.com\/index.php\/2025\/03\/13\/corinthians-x-palmeiras-a-declaracao-de-hugo-souza\/#primaryimage","url":"https:\/\/www.gaveanews.com\/wp-content\/uploads\/image-2024-08-21T141722.256.webp","contentUrl":"https:\/\/www.gaveanews.com\/wp-content\/uploads\/image-2024-08-21T141722.256.webp","width":740,"height":416,"caption":"Foto: Jhony Pinho\/AGIF Hugo Souza falou sobre o Mengo"},{"@type":"BreadcrumbList","@id":"https:\/\/www.gaveanews.com\/index.php\/2025\/03\/13\/corinthians-x-palmeiras-a-declaracao-de-hugo-souza\/#breadcrumb","itemListElement":[{"@type":"ListItem","position":1,"name":"Home","item":"https:\/\/www.gaveanews.com\/"},{"@type":"ListItem","position":2,"name":"Corinthians x Palmeiras: a declara\u00e7\u00e3o de Hugo Souza"}]},{"@type":"WebSite","@id":"https:\/\/www.gaveanews.com\/#website","url":"https:\/\/www.gaveanews.com\/","name":"G\u00e1vea News","description":"Veja todas as not\u00edcias sobre o Flamengo: Contrata\u00e7\u00f5es, categorias de base, resultados das partidas, tabela de classifica\u00e7\u00e3o, pr\u00f3ximos jogos!","potentialAction":[{"@type":"SearchAction","target":{"@type":"EntryPoint","urlTemplate":"https:\/\/www.gaveanews.com\/?s={search_term_string}"},"query-input":{"@type":"PropertyValueSpecification","valueRequired":true,"valueName":"search_term_string"}}],"inLanguage":"pt-BR"},{"@type":"Person","@id":"https:\/\/www.gaveanews.com\/#\/schema\/person\/0eb3e3fe1754f0205218538adbe8f5ed","name":"Rafaela Ladeira","image":{"@type":"ImageObject","inLanguage":"pt-BR","@id":"https:\/\/www.gaveanews.com\/#\/schema\/person\/image\/","url":"https:\/\/secure.gravatar.com\/avatar\/c31f513acffd85eacab5730cbdfdbbf59f21ba5aeada8cd890acea879fbb2455?s=96&d=mm&r=g","contentUrl":"https:\/\/secure.gravatar.com\/avatar\/c31f513acffd85eacab5730cbdfdbbf59f21ba5aeada8cd890acea879fbb2455?s=96&d=mm&r=g","caption":"Rafaela Ladeira"}}]}},"_links":{"self":[{"href":"https:\/\/www.gaveanews.com\/index.php\/wp-json\/wp\/v2\/posts\/239521","targetHints":{"allow":["GET"]}}],"collection":[{"href":"https:\/\/www.gaveanews.com\/index.php\/wp-json\/wp\/v2\/posts"}],"about":[{"href":"https:\/\/www.gaveanews.com\/index.php\/wp-json\/wp\/v2\/types\/post"}],"author":[{"embeddable":true,"href":"https:\/\/www.gaveanews.com\/index.php\/wp-json\/wp\/v2\/users\/25"}],"replies":[{"embeddable":true,"href":"https:\/\/www.gaveanews.com\/index.php\/wp-json\/wp\/v2\/comments?post=239521"}],"version-history":[{"count":1,"href":"https:\/\/www.gaveanews.com\/index.php\/wp-json\/wp\/v2\/posts\/239521\/revisions"}],"predecessor-version":[{"id":239522,"href":"https:\/\/www.gaveanews.com\/index.php\/wp-json\/wp\/v2\/posts\/239521\/revisions\/239522"}],"wp:featuredmedia":[{"embeddable":true,"href":"https:\/\/www.gaveanews.com\/index.php\/wp-json\/wp\/v2\/media\/160023"}],"wp:attachment":[{"href":"https:\/\/www.gaveanews.com\/index.php\/wp-json\/wp\/v2\/media?parent=239521"}],"wp:term":[{"taxonomy":"category","embeddable":true,"href":"https:\/\/www.gaveanews.com\/index.php\/wp-json\/wp\/v2\/categories?post=239521"},{"taxonomy":"post_tag","embeddable":true,"href":"https:\/\/www.gaveanews.com\/index.php\/wp-json\/wp\/v2\/tags?post=239521"}],"curies":[{"name":"wp","href":"https:\/\/api.w.org\/{rel}","templated":true}]}}