{"id":239523,"date":"2025-03-13T14:15:00","date_gmt":"2025-03-13T17:15:00","guid":{"rendered":"https:\/\/www.gaveanews.com\/?p=239523"},"modified":"2025-03-13T12:42:19","modified_gmt":"2025-03-13T15:42:19","slug":"john-textor-da-aval-e-botafogo-marca-amistoso-antes-do-brasileirao","status":"publish","type":"post","link":"https:\/\/www.gaveanews.com\/index.php\/2025\/03\/13\/john-textor-da-aval-e-botafogo-marca-amistoso-antes-do-brasileirao\/","title":{"rendered":"John Textor d\u00e1 aval e Botafogo marca amistoso antes do Brasileir\u00e3o"},"content":{"rendered":"\n<p>A elimina\u00e7\u00e3o precoce no Campeonato Carioca for\u00e7ou o Botafogo a repensar sua estrat\u00e9gia para o restante da temporada. Sem compromissos oficiais at\u00e9 a estreia no Brasileir\u00e3o, o clube decidiu usar esse per\u00edodo para ajustes internos.&nbsp;<\/p>\n\n\n\n<p>Sendo assim, a diretoria, com o aval de John Textor, confirmou a realiza\u00e7\u00e3o de amistosos, permitindo que o t\u00e9cnico Renato Paiva avalie melhor o elenco antes da principal competi\u00e7\u00e3o nacional.<\/p>\n\n\n\n<h2 class=\"wp-block-heading\" id=\"h-testes-necessarios-apos-um-inicio-frustrante\">Testes necess\u00e1rios ap\u00f3s um in\u00edcio frustrante<\/h2>\n\n\n\n<p>O in\u00edcio de temporada do Botafogo n\u00e3o foi dos melhores. Al\u00e9m da elimina\u00e7\u00e3o no Carioca, o clube perdeu as disputas da Recopa Sul-Americana e da Supercopa do Brasil. Isso porque a equipe ainda busca encontrar sua melhor forma sob o comando do novo treinador.<\/p>\n\n\n\n<p>Dessa maneira, Renato Paiva pretende utilizar os amistosos para realizar testes e identificar os ajustes necess\u00e1rios.&nbsp;<\/p>\n\n\n\n<p>Vale destacar que essa ser\u00e1 a primeira oportunidade real do treinador para conhecer mais a fundo o elenco e definir suas principais pe\u00e7as para o Campeonato Brasileiro.<\/p>\n\n\n\n<h2 class=\"wp-block-heading\" id=\"h-amistosos-confirmados\">Amistosos confirmados<\/h2>\n\n\n\n<p>A programa\u00e7\u00e3o da intertemporada botafoguense j\u00e1 est\u00e1 definida. O primeiro teste ser\u00e1 um jogo-treino contra o Cruzeiro, no s\u00e1bado (15), \u00e0s 17h, no Est\u00e1dio Nilton Santos. No entanto, esse duelo ser\u00e1 realizado sem presen\u00e7a de torcida e sem transmiss\u00e3o.<\/p>\n\n\n\n<p>J\u00e1 o segundo amistoso, que ser\u00e1 contra o Coritiba, acontecer\u00e1 no dia 22 de mar\u00e7o, tamb\u00e9m no Nilton Santos, mas dessa vez com p\u00fablico e transmiss\u00e3o ao vivo pelo SporTV. Al\u00e9m disso, os detalhes sobre a venda de ingressos ser\u00e3o divulgados em breve.<\/p>\n\n\n\n<h2 class=\"wp-block-heading\" id=\"h-preparacao-para-um-brasileirao-competitivo\">Prepara\u00e7\u00e3o para um Brasileir\u00e3o competitivo<\/h2>\n\n\n\n<p>Cabe ressaltar que o Botafogo estreia no Campeonato Brasileiro no dia 29 de mar\u00e7o, enfrentando o Palmeiras no Allianz Parque. Com isso, os amistosos ser\u00e3o essenciais para que Renato Paiva inicie a competi\u00e7\u00e3o com um time mais estruturado.<\/p>\n\n\n\n<p>Por isso, a torcida pode esperar um Botafogo mais preparado e competitivo. A meta da equipe \u00e9 corrigir os erros cometidos no in\u00edcio da temporada e brigar pelas primeiras posi\u00e7\u00f5es no Brasileir\u00e3o, evitando repetir os trope\u00e7os recentes.<\/p>\n","protected":false},"excerpt":{"rendered":"<p>A elimina\u00e7\u00e3o precoce no Campeonato Carioca for\u00e7ou o Botafogo a repensar sua estrat\u00e9gia para o restante da temporada. Sem compromissos oficiais at\u00e9 a estreia no Brasileir\u00e3o, o clube decidiu usar esse per\u00edodo para ajustes internos.&nbsp; Sendo assim, a diretoria, com o aval de John Textor, confirmou a realiza\u00e7\u00e3o de amistosos, permitindo que o t\u00e9cnico Renato [&hellip;]<\/p>\n","protected":false},"author":25,"featured_media":146326,"comment_status":"open","ping_status":"closed","sticky":false,"template":"","format":"standard","meta":{"footnotes":""},"categories":[138],"tags":[],"class_list":["post-239523","post","type-post","status-publish","format-standard","has-post-thumbnail","hentry","category-botafogo"],"yoast_head":"<!-- This site is optimized with the Yoast SEO Premium plugin v24.2 (Yoast SEO v26.9) - https:\/\/yoast.com\/product\/yoast-seo-premium-wordpress\/ -->\n<title>John Textor d\u00e1 aval e Botafogo marca amistoso antes do Brasileir\u00e3o<\/title>\n<meta name=\"robots\" content=\"index, follow, max-snippet:-1, max-image-preview:large, max-video-preview:-1\" \/>\n<link rel=\"canonical\" href=\"https:\/\/www.gaveanews.com\/index.php\/2025\/03\/13\/john-textor-da-aval-e-botafogo-marca-amistoso-antes-do-brasileirao\/\" \/>\n<meta property=\"og:locale\" content=\"pt_BR\" \/>\n<meta property=\"og:type\" content=\"article\" \/>\n<meta property=\"og:title\" content=\"John Textor d\u00e1 aval e Botafogo marca amistoso antes do Brasileir\u00e3o\" \/>\n<meta property=\"og:description\" content=\"A elimina\u00e7\u00e3o precoce no Campeonato Carioca for\u00e7ou o Botafogo a repensar sua estrat\u00e9gia para o restante da temporada. Sem compromissos oficiais at\u00e9 a estreia no Brasileir\u00e3o, o clube decidiu usar esse per\u00edodo para ajustes internos.&nbsp; Sendo assim, a diretoria, com o aval de John Textor, confirmou a realiza\u00e7\u00e3o de amistosos, permitindo que o t\u00e9cnico Renato [&hellip;]\" \/>\n<meta property=\"og:url\" content=\"https:\/\/www.gaveanews.com\/index.php\/2025\/03\/13\/john-textor-da-aval-e-botafogo-marca-amistoso-antes-do-brasileirao\/\" \/>\n<meta property=\"og:site_name\" content=\"G\u00e1vea News\" \/>\n<meta property=\"article:publisher\" content=\"https:\/\/facebook.com\/gaveaNews\/\" \/>\n<meta property=\"article:published_time\" content=\"2025-03-13T17:15:00+00:00\" \/>\n<meta name=\"author\" content=\"Rafaela Ladeira\" \/>\n<meta name=\"twitter:card\" content=\"summary_large_image\" \/>\n<meta name=\"twitter:label1\" content=\"Escrito por\" \/>\n\t<meta name=\"twitter:data1\" content=\"Rafaela Ladeira\" \/>\n\t<meta name=\"twitter:label2\" content=\"Est. tempo de leitura\" \/>\n\t<meta name=\"twitter:data2\" content=\"2 minutos\" \/>\n<script type=\"application\/ld+json\" class=\"yoast-schema-graph\">{\"@context\":\"https:\/\/schema.org\",\"@graph\":[{\"@type\":\"NewsArticle\",\"@id\":\"https:\/\/www.gaveanews.com\/index.php\/2025\/03\/13\/john-textor-da-aval-e-botafogo-marca-amistoso-antes-do-brasileirao\/#article\",\"isPartOf\":{\"@id\":\"https:\/\/www.gaveanews.com\/index.php\/2025\/03\/13\/john-textor-da-aval-e-botafogo-marca-amistoso-antes-do-brasileirao\/\"},\"author\":{\"name\":\"Rafaela Ladeira\",\"@id\":\"https:\/\/www.gaveanews.com\/#\/schema\/person\/0eb3e3fe1754f0205218538adbe8f5ed\"},\"headline\":\"John Textor d\u00e1 aval e Botafogo marca amistoso antes do Brasileir\u00e3o\",\"datePublished\":\"2025-03-13T17:15:00+00:00\",\"mainEntityOfPage\":{\"@id\":\"https:\/\/www.gaveanews.com\/index.php\/2025\/03\/13\/john-textor-da-aval-e-botafogo-marca-amistoso-antes-do-brasileirao\/\"},\"wordCount\":369,\"commentCount\":0,\"image\":{\"@id\":\"https:\/\/www.gaveanews.com\/index.php\/2025\/03\/13\/john-textor-da-aval-e-botafogo-marca-amistoso-antes-do-brasileirao\/#primaryimage\"},\"thumbnailUrl\":\"https:\/\/www.gaveanews.com\/wp-content\/uploads\/textor4.avif\",\"articleSection\":[\"Botafogo\"],\"inLanguage\":\"pt-BR\",\"potentialAction\":[{\"@type\":\"CommentAction\",\"name\":\"Comment\",\"target\":[\"https:\/\/www.gaveanews.com\/index.php\/2025\/03\/13\/john-textor-da-aval-e-botafogo-marca-amistoso-antes-do-brasileirao\/#respond\"]}],\"copyrightYear\":\"2025\",\"copyrightHolder\":{\"@id\":\"https:\/\/www.gaveanews.com\/#organization\"}},{\"@type\":\"WebPage\",\"@id\":\"https:\/\/www.gaveanews.com\/index.php\/2025\/03\/13\/john-textor-da-aval-e-botafogo-marca-amistoso-antes-do-brasileirao\/\",\"url\":\"https:\/\/www.gaveanews.com\/index.php\/2025\/03\/13\/john-textor-da-aval-e-botafogo-marca-amistoso-antes-do-brasileirao\/\",\"name\":\"John Textor d\u00e1 aval e Botafogo marca amistoso antes do Brasileir\u00e3o\",\"isPartOf\":{\"@id\":\"https:\/\/www.gaveanews.com\/#website\"},\"primaryImageOfPage\":{\"@id\":\"https:\/\/www.gaveanews.com\/index.php\/2025\/03\/13\/john-textor-da-aval-e-botafogo-marca-amistoso-antes-do-brasileirao\/#primaryimage\"},\"image\":{\"@id\":\"https:\/\/www.gaveanews.com\/index.php\/2025\/03\/13\/john-textor-da-aval-e-botafogo-marca-amistoso-antes-do-brasileirao\/#primaryimage\"},\"thumbnailUrl\":\"https:\/\/www.gaveanews.com\/wp-content\/uploads\/textor4.avif\",\"datePublished\":\"2025-03-13T17:15:00+00:00\",\"author\":{\"@id\":\"https:\/\/www.gaveanews.com\/#\/schema\/person\/0eb3e3fe1754f0205218538adbe8f5ed\"},\"breadcrumb\":{\"@id\":\"https:\/\/www.gaveanews.com\/index.php\/2025\/03\/13\/john-textor-da-aval-e-botafogo-marca-amistoso-antes-do-brasileirao\/#breadcrumb\"},\"inLanguage\":\"pt-BR\",\"potentialAction\":[{\"@type\":\"ReadAction\",\"target\":[\"https:\/\/www.gaveanews.com\/index.php\/2025\/03\/13\/john-textor-da-aval-e-botafogo-marca-amistoso-antes-do-brasileirao\/\"]}]},{\"@type\":\"ImageObject\",\"inLanguage\":\"pt-BR\",\"@id\":\"https:\/\/www.gaveanews.com\/index.php\/2025\/03\/13\/john-textor-da-aval-e-botafogo-marca-amistoso-antes-do-brasileirao\/#primaryimage\",\"url\":\"https:\/\/www.gaveanews.com\/wp-content\/uploads\/textor4.avif\",\"contentUrl\":\"https:\/\/www.gaveanews.com\/wp-content\/uploads\/textor4.avif\",\"width\":888,\"height\":602,\"caption\":\"John Textor, dono da SAF do Botafogo \u2014 Foto: Reprodu\u00e7\u00e3o\"},{\"@type\":\"BreadcrumbList\",\"@id\":\"https:\/\/www.gaveanews.com\/index.php\/2025\/03\/13\/john-textor-da-aval-e-botafogo-marca-amistoso-antes-do-brasileirao\/#breadcrumb\",\"itemListElement\":[{\"@type\":\"ListItem\",\"position\":1,\"name\":\"Home\",\"item\":\"https:\/\/www.gaveanews.com\/\"},{\"@type\":\"ListItem\",\"position\":2,\"name\":\"John Textor d\u00e1 aval e Botafogo marca amistoso antes do Brasileir\u00e3o\"}]},{\"@type\":\"WebSite\",\"@id\":\"https:\/\/www.gaveanews.com\/#website\",\"url\":\"https:\/\/www.gaveanews.com\/\",\"name\":\"G\u00e1vea News\",\"description\":\"Veja todas as not\u00edcias sobre o Flamengo: Contrata\u00e7\u00f5es, categorias de base, resultados das partidas, tabela de classifica\u00e7\u00e3o, pr\u00f3ximos jogos!\",\"potentialAction\":[{\"@type\":\"SearchAction\",\"target\":{\"@type\":\"EntryPoint\",\"urlTemplate\":\"https:\/\/www.gaveanews.com\/?s={search_term_string}\"},\"query-input\":{\"@type\":\"PropertyValueSpecification\",\"valueRequired\":true,\"valueName\":\"search_term_string\"}}],\"inLanguage\":\"pt-BR\"},{\"@type\":\"Person\",\"@id\":\"https:\/\/www.gaveanews.com\/#\/schema\/person\/0eb3e3fe1754f0205218538adbe8f5ed\",\"name\":\"Rafaela Ladeira\",\"image\":{\"@type\":\"ImageObject\",\"inLanguage\":\"pt-BR\",\"@id\":\"https:\/\/www.gaveanews.com\/#\/schema\/person\/image\/\",\"url\":\"https:\/\/secure.gravatar.com\/avatar\/c31f513acffd85eacab5730cbdfdbbf59f21ba5aeada8cd890acea879fbb2455?s=96&d=mm&r=g\",\"contentUrl\":\"https:\/\/secure.gravatar.com\/avatar\/c31f513acffd85eacab5730cbdfdbbf59f21ba5aeada8cd890acea879fbb2455?s=96&d=mm&r=g\",\"caption\":\"Rafaela Ladeira\"}}]}<\/script>\n<!-- \/ Yoast SEO Premium plugin. -->","yoast_head_json":{"title":"John Textor d\u00e1 aval e Botafogo marca amistoso antes do Brasileir\u00e3o","robots":{"index":"index","follow":"follow","max-snippet":"max-snippet:-1","max-image-preview":"max-image-preview:large","max-video-preview":"max-video-preview:-1"},"canonical":"https:\/\/www.gaveanews.com\/index.php\/2025\/03\/13\/john-textor-da-aval-e-botafogo-marca-amistoso-antes-do-brasileirao\/","og_locale":"pt_BR","og_type":"article","og_title":"John Textor d\u00e1 aval e Botafogo marca amistoso antes do Brasileir\u00e3o","og_description":"A elimina\u00e7\u00e3o precoce no Campeonato Carioca for\u00e7ou o Botafogo a repensar sua estrat\u00e9gia para o restante da temporada. Sem compromissos oficiais at\u00e9 a estreia no Brasileir\u00e3o, o clube decidiu usar esse per\u00edodo para ajustes internos.&nbsp; Sendo assim, a diretoria, com o aval de John Textor, confirmou a realiza\u00e7\u00e3o de amistosos, permitindo que o t\u00e9cnico Renato [&hellip;]","og_url":"https:\/\/www.gaveanews.com\/index.php\/2025\/03\/13\/john-textor-da-aval-e-botafogo-marca-amistoso-antes-do-brasileirao\/","og_site_name":"G\u00e1vea News","article_publisher":"https:\/\/facebook.com\/gaveaNews\/","article_published_time":"2025-03-13T17:15:00+00:00","author":"Rafaela Ladeira","twitter_card":"summary_large_image","twitter_misc":{"Escrito por":"Rafaela Ladeira","Est. tempo de leitura":"2 minutos"},"schema":{"@context":"https:\/\/schema.org","@graph":[{"@type":"NewsArticle","@id":"https:\/\/www.gaveanews.com\/index.php\/2025\/03\/13\/john-textor-da-aval-e-botafogo-marca-amistoso-antes-do-brasileirao\/#article","isPartOf":{"@id":"https:\/\/www.gaveanews.com\/index.php\/2025\/03\/13\/john-textor-da-aval-e-botafogo-marca-amistoso-antes-do-brasileirao\/"},"author":{"name":"Rafaela Ladeira","@id":"https:\/\/www.gaveanews.com\/#\/schema\/person\/0eb3e3fe1754f0205218538adbe8f5ed"},"headline":"John Textor d\u00e1 aval e Botafogo marca amistoso antes do Brasileir\u00e3o","datePublished":"2025-03-13T17:15:00+00:00","mainEntityOfPage":{"@id":"https:\/\/www.gaveanews.com\/index.php\/2025\/03\/13\/john-textor-da-aval-e-botafogo-marca-amistoso-antes-do-brasileirao\/"},"wordCount":369,"commentCount":0,"image":{"@id":"https:\/\/www.gaveanews.com\/index.php\/2025\/03\/13\/john-textor-da-aval-e-botafogo-marca-amistoso-antes-do-brasileirao\/#primaryimage"},"thumbnailUrl":"https:\/\/www.gaveanews.com\/wp-content\/uploads\/textor4.avif","articleSection":["Botafogo"],"inLanguage":"pt-BR","potentialAction":[{"@type":"CommentAction","name":"Comment","target":["https:\/\/www.gaveanews.com\/index.php\/2025\/03\/13\/john-textor-da-aval-e-botafogo-marca-amistoso-antes-do-brasileirao\/#respond"]}],"copyrightYear":"2025","copyrightHolder":{"@id":"https:\/\/www.gaveanews.com\/#organization"}},{"@type":"WebPage","@id":"https:\/\/www.gaveanews.com\/index.php\/2025\/03\/13\/john-textor-da-aval-e-botafogo-marca-amistoso-antes-do-brasileirao\/","url":"https:\/\/www.gaveanews.com\/index.php\/2025\/03\/13\/john-textor-da-aval-e-botafogo-marca-amistoso-antes-do-brasileirao\/","name":"John Textor d\u00e1 aval e Botafogo marca amistoso antes do Brasileir\u00e3o","isPartOf":{"@id":"https:\/\/www.gaveanews.com\/#website"},"primaryImageOfPage":{"@id":"https:\/\/www.gaveanews.com\/index.php\/2025\/03\/13\/john-textor-da-aval-e-botafogo-marca-amistoso-antes-do-brasileirao\/#primaryimage"},"image":{"@id":"https:\/\/www.gaveanews.com\/index.php\/2025\/03\/13\/john-textor-da-aval-e-botafogo-marca-amistoso-antes-do-brasileirao\/#primaryimage"},"thumbnailUrl":"https:\/\/www.gaveanews.com\/wp-content\/uploads\/textor4.avif","datePublished":"2025-03-13T17:15:00+00:00","author":{"@id":"https:\/\/www.gaveanews.com\/#\/schema\/person\/0eb3e3fe1754f0205218538adbe8f5ed"},"breadcrumb":{"@id":"https:\/\/www.gaveanews.com\/index.php\/2025\/03\/13\/john-textor-da-aval-e-botafogo-marca-amistoso-antes-do-brasileirao\/#breadcrumb"},"inLanguage":"pt-BR","potentialAction":[{"@type":"ReadAction","target":["https:\/\/www.gaveanews.com\/index.php\/2025\/03\/13\/john-textor-da-aval-e-botafogo-marca-amistoso-antes-do-brasileirao\/"]}]},{"@type":"ImageObject","inLanguage":"pt-BR","@id":"https:\/\/www.gaveanews.com\/index.php\/2025\/03\/13\/john-textor-da-aval-e-botafogo-marca-amistoso-antes-do-brasileirao\/#primaryimage","url":"https:\/\/www.gaveanews.com\/wp-content\/uploads\/textor4.avif","contentUrl":"https:\/\/www.gaveanews.com\/wp-content\/uploads\/textor4.avif","width":888,"height":602,"caption":"John Textor, dono da SAF do Botafogo \u2014 Foto: Reprodu\u00e7\u00e3o"},{"@type":"BreadcrumbList","@id":"https:\/\/www.gaveanews.com\/index.php\/2025\/03\/13\/john-textor-da-aval-e-botafogo-marca-amistoso-antes-do-brasileirao\/#breadcrumb","itemListElement":[{"@type":"ListItem","position":1,"name":"Home","item":"https:\/\/www.gaveanews.com\/"},{"@type":"ListItem","position":2,"name":"John Textor d\u00e1 aval e Botafogo marca amistoso antes do Brasileir\u00e3o"}]},{"@type":"WebSite","@id":"https:\/\/www.gaveanews.com\/#website","url":"https:\/\/www.gaveanews.com\/","name":"G\u00e1vea News","description":"Veja todas as not\u00edcias sobre o Flamengo: Contrata\u00e7\u00f5es, categorias de base, resultados das partidas, tabela de classifica\u00e7\u00e3o, pr\u00f3ximos jogos!","potentialAction":[{"@type":"SearchAction","target":{"@type":"EntryPoint","urlTemplate":"https:\/\/www.gaveanews.com\/?s={search_term_string}"},"query-input":{"@type":"PropertyValueSpecification","valueRequired":true,"valueName":"search_term_string"}}],"inLanguage":"pt-BR"},{"@type":"Person","@id":"https:\/\/www.gaveanews.com\/#\/schema\/person\/0eb3e3fe1754f0205218538adbe8f5ed","name":"Rafaela Ladeira","image":{"@type":"ImageObject","inLanguage":"pt-BR","@id":"https:\/\/www.gaveanews.com\/#\/schema\/person\/image\/","url":"https:\/\/secure.gravatar.com\/avatar\/c31f513acffd85eacab5730cbdfdbbf59f21ba5aeada8cd890acea879fbb2455?s=96&d=mm&r=g","contentUrl":"https:\/\/secure.gravatar.com\/avatar\/c31f513acffd85eacab5730cbdfdbbf59f21ba5aeada8cd890acea879fbb2455?s=96&d=mm&r=g","caption":"Rafaela Ladeira"}}]}},"_links":{"self":[{"href":"https:\/\/www.gaveanews.com\/index.php\/wp-json\/wp\/v2\/posts\/239523","targetHints":{"allow":["GET"]}}],"collection":[{"href":"https:\/\/www.gaveanews.com\/index.php\/wp-json\/wp\/v2\/posts"}],"about":[{"href":"https:\/\/www.gaveanews.com\/index.php\/wp-json\/wp\/v2\/types\/post"}],"author":[{"embeddable":true,"href":"https:\/\/www.gaveanews.com\/index.php\/wp-json\/wp\/v2\/users\/25"}],"replies":[{"embeddable":true,"href":"https:\/\/www.gaveanews.com\/index.php\/wp-json\/wp\/v2\/comments?post=239523"}],"version-history":[{"count":1,"href":"https:\/\/www.gaveanews.com\/index.php\/wp-json\/wp\/v2\/posts\/239523\/revisions"}],"predecessor-version":[{"id":239524,"href":"https:\/\/www.gaveanews.com\/index.php\/wp-json\/wp\/v2\/posts\/239523\/revisions\/239524"}],"wp:featuredmedia":[{"embeddable":true,"href":"https:\/\/www.gaveanews.com\/index.php\/wp-json\/wp\/v2\/media\/146326"}],"wp:attachment":[{"href":"https:\/\/www.gaveanews.com\/index.php\/wp-json\/wp\/v2\/media?parent=239523"}],"wp:term":[{"taxonomy":"category","embeddable":true,"href":"https:\/\/www.gaveanews.com\/index.php\/wp-json\/wp\/v2\/categories?post=239523"},{"taxonomy":"post_tag","embeddable":true,"href":"https:\/\/www.gaveanews.com\/index.php\/wp-json\/wp\/v2\/tags?post=239523"}],"curies":[{"name":"wp","href":"https:\/\/api.w.org\/{rel}","templated":true}]}}