{"id":239525,"date":"2025-03-13T14:20:00","date_gmt":"2025-03-13T17:20:00","guid":{"rendered":"https:\/\/www.gaveanews.com\/?p=239525"},"modified":"2025-03-13T12:47:26","modified_gmt":"2025-03-13T15:47:26","slug":"a-declaracao-de-romero-apos-a-eliminacao-do-corinthians-na-libertadores","status":"publish","type":"post","link":"https:\/\/www.gaveanews.com\/index.php\/2025\/03\/13\/a-declaracao-de-romero-apos-a-eliminacao-do-corinthians-na-libertadores\/","title":{"rendered":"A declara\u00e7\u00e3o de Romero ap\u00f3s a elimina\u00e7\u00e3o do Corinthians na Libertadores"},"content":{"rendered":"\n<p>O Corinthians venceu, mas n\u00e3o levou. Mesmo com o triunfo por 2 a 0 sobre o Barcelona de Guayaquil, a equipe alvinegra deu adeus \u00e0 Conmebol Libertadores j\u00e1 na fase preliminar. O placar agregado de 3 a 2 a favor dos equatorianos decretou a elimina\u00e7\u00e3o precoce do Tim\u00e3o, que agora ter\u00e1 que se contentar com a disputa da Sul-Americana.<\/p>\n\n\n\n<p>Ap\u00f3s a partida, \u00c1ngel Romero lamentou o desfecho, mas destacou a entrega do elenco em campo. Sendo assim, a equipe j\u00e1 muda o foco para a decis\u00e3o do Campeonato Paulista contra o Palmeiras.<\/p>\n\n\n\n<h2 class=\"wp-block-heading\" id=\"h-romero-exalta-luta-do-time-e-alerta-sobre-erros\">Romero exalta luta do time e alerta sobre erros<\/h2>\n\n\n\n<p>O atacante paraguaio n\u00e3o escondeu a frustra\u00e7\u00e3o pela elimina\u00e7\u00e3o, mas fez quest\u00e3o de enaltecer o desempenho da equipe.&nbsp;<\/p>\n\n\n\n<p>&#8220;Hoje, a gente deixou tudo para poder classificar. Na Libertadores, n\u00e3o pode dar mole, tem que jogar os dois jogos da mesma forma. Aqui, somos fortes, conseguimos dois gols, mas sa\u00edmos eliminados. Quer\u00edamos estar na fase de grupos, mas continuamos\u201d, declarou Romero \u00e0 TV Globo.<\/p>\n\n\n\n<p>Al\u00e9m disso, o camisa 11 ressaltou a dificuldade da competi\u00e7\u00e3o e a import\u00e2ncia de evitar falhas ao longo dos confrontos.&nbsp;<\/p>\n\n\n\n<p>&#8220;A Libertadores \u00e9 assim: quando o advers\u00e1rio consegue uma vantagem como a deles no Equador, fica muito dif\u00edcil. Mas a gente tentou o gol, tivemos muitas chances e conseguimos uma vit\u00f3ria por 2 a 0, que n\u00e3o \u00e9 f\u00e1cil, mas n\u00e3o foi suficiente e estamos fora&#8221;, completou.<\/p>\n\n\n\n<h2 class=\"wp-block-heading\" id=\"h-sul-americana-vira-realidade-mas-foco-e-o-paulistao\">Sul-Americana vira realidade, mas foco \u00e9 o Paulist\u00e3o<\/h2>\n\n\n\n<p>Com isso, o Corinthians agora ter\u00e1 que disputar a Copa Sul-Americana, torneio no qual j\u00e1 teve campanhas de destaque, incluindo o t\u00edtulo de 2019. Entretanto, o foco imediato do elenco \u00e9 a final do Campeonato Paulista.<\/p>\n\n\n\n<p>A equipe alvinegra j\u00e1 se prepara para o primeiro jogo contra o Palmeiras, marcado para domingo, no Allianz Parque. Vale destacar que um t\u00edtulo estadual pode ser crucial para recuperar a confian\u00e7a do elenco e iniciar uma nova fase na temporada.<\/p>\n\n\n\n<p>Portanto, o Tim\u00e3o tem pouco tempo para lamenta\u00e7\u00f5es. Dessa maneira, a miss\u00e3o agora \u00e9 virar a chave, ajustar os erros e ir com tudo em busca da ta\u00e7a.<\/p>\n","protected":false},"excerpt":{"rendered":"<p>O Corinthians venceu, mas n\u00e3o levou. Mesmo com o triunfo por 2 a 0 sobre o Barcelona de Guayaquil, a equipe alvinegra deu adeus \u00e0 Conmebol Libertadores j\u00e1 na fase preliminar. O placar agregado de 3 a 2 a favor dos equatorianos decretou a elimina\u00e7\u00e3o precoce do Tim\u00e3o, que agora ter\u00e1 que se contentar com [&hellip;]<\/p>\n","protected":false},"author":25,"featured_media":153975,"comment_status":"open","ping_status":"closed","sticky":false,"template":"","format":"standard","meta":{"footnotes":""},"categories":[141],"tags":[],"class_list":["post-239525","post","type-post","status-publish","format-standard","has-post-thumbnail","hentry","category-corinthians"],"yoast_head":"<!-- This site is optimized with the Yoast SEO Premium plugin v24.2 (Yoast SEO v26.9) - https:\/\/yoast.com\/product\/yoast-seo-premium-wordpress\/ -->\n<title>A declara\u00e7\u00e3o de Romero ap\u00f3s a elimina\u00e7\u00e3o do Corinthians na Libertadores<\/title>\n<meta name=\"robots\" content=\"index, follow, max-snippet:-1, max-image-preview:large, max-video-preview:-1\" \/>\n<link rel=\"canonical\" href=\"https:\/\/www.gaveanews.com\/index.php\/2025\/03\/13\/a-declaracao-de-romero-apos-a-eliminacao-do-corinthians-na-libertadores\/\" \/>\n<meta property=\"og:locale\" content=\"pt_BR\" \/>\n<meta property=\"og:type\" content=\"article\" \/>\n<meta property=\"og:title\" content=\"A declara\u00e7\u00e3o de Romero ap\u00f3s a elimina\u00e7\u00e3o do Corinthians na Libertadores\" \/>\n<meta property=\"og:description\" content=\"O Corinthians venceu, mas n\u00e3o levou. Mesmo com o triunfo por 2 a 0 sobre o Barcelona de Guayaquil, a equipe alvinegra deu adeus \u00e0 Conmebol Libertadores j\u00e1 na fase preliminar. O placar agregado de 3 a 2 a favor dos equatorianos decretou a elimina\u00e7\u00e3o precoce do Tim\u00e3o, que agora ter\u00e1 que se contentar com [&hellip;]\" \/>\n<meta property=\"og:url\" content=\"https:\/\/www.gaveanews.com\/index.php\/2025\/03\/13\/a-declaracao-de-romero-apos-a-eliminacao-do-corinthians-na-libertadores\/\" \/>\n<meta property=\"og:site_name\" content=\"G\u00e1vea News\" \/>\n<meta property=\"article:publisher\" content=\"https:\/\/facebook.com\/gaveaNews\/\" \/>\n<meta property=\"article:published_time\" content=\"2025-03-13T17:20:00+00:00\" \/>\n<meta property=\"og:image\" content=\"https:\/\/www.gaveanews.com\/wp-content\/uploads\/Angel-Rodrigo-Romero-com-a-camisa-do-Corinthians-em-2024.webp\" \/>\n\t<meta property=\"og:image:width\" content=\"1242\" \/>\n\t<meta property=\"og:image:height\" content=\"1216\" \/>\n\t<meta property=\"og:image:type\" content=\"image\/jpeg\" \/>\n<meta name=\"author\" content=\"Rafaela Ladeira\" \/>\n<meta name=\"twitter:card\" content=\"summary_large_image\" \/>\n<meta name=\"twitter:label1\" content=\"Escrito por\" \/>\n\t<meta name=\"twitter:data1\" content=\"Rafaela Ladeira\" \/>\n\t<meta name=\"twitter:label2\" content=\"Est. tempo de leitura\" \/>\n\t<meta name=\"twitter:data2\" content=\"3 minutos\" \/>\n<script type=\"application\/ld+json\" class=\"yoast-schema-graph\">{\"@context\":\"https:\/\/schema.org\",\"@graph\":[{\"@type\":\"NewsArticle\",\"@id\":\"https:\/\/www.gaveanews.com\/index.php\/2025\/03\/13\/a-declaracao-de-romero-apos-a-eliminacao-do-corinthians-na-libertadores\/#article\",\"isPartOf\":{\"@id\":\"https:\/\/www.gaveanews.com\/index.php\/2025\/03\/13\/a-declaracao-de-romero-apos-a-eliminacao-do-corinthians-na-libertadores\/\"},\"author\":{\"name\":\"Rafaela Ladeira\",\"@id\":\"https:\/\/www.gaveanews.com\/#\/schema\/person\/0eb3e3fe1754f0205218538adbe8f5ed\"},\"headline\":\"A declara\u00e7\u00e3o de Romero ap\u00f3s a elimina\u00e7\u00e3o do Corinthians na Libertadores\",\"datePublished\":\"2025-03-13T17:20:00+00:00\",\"mainEntityOfPage\":{\"@id\":\"https:\/\/www.gaveanews.com\/index.php\/2025\/03\/13\/a-declaracao-de-romero-apos-a-eliminacao-do-corinthians-na-libertadores\/\"},\"wordCount\":374,\"commentCount\":0,\"image\":{\"@id\":\"https:\/\/www.gaveanews.com\/index.php\/2025\/03\/13\/a-declaracao-de-romero-apos-a-eliminacao-do-corinthians-na-libertadores\/#primaryimage\"},\"thumbnailUrl\":\"https:\/\/www.gaveanews.com\/wp-content\/uploads\/Angel-Rodrigo-Romero-com-a-camisa-do-Corinthians-em-2024.webp\",\"articleSection\":[\"Corinthians\"],\"inLanguage\":\"pt-BR\",\"potentialAction\":[{\"@type\":\"CommentAction\",\"name\":\"Comment\",\"target\":[\"https:\/\/www.gaveanews.com\/index.php\/2025\/03\/13\/a-declaracao-de-romero-apos-a-eliminacao-do-corinthians-na-libertadores\/#respond\"]}],\"copyrightYear\":\"2025\",\"copyrightHolder\":{\"@id\":\"https:\/\/www.gaveanews.com\/#organization\"}},{\"@type\":\"WebPage\",\"@id\":\"https:\/\/www.gaveanews.com\/index.php\/2025\/03\/13\/a-declaracao-de-romero-apos-a-eliminacao-do-corinthians-na-libertadores\/\",\"url\":\"https:\/\/www.gaveanews.com\/index.php\/2025\/03\/13\/a-declaracao-de-romero-apos-a-eliminacao-do-corinthians-na-libertadores\/\",\"name\":\"A declara\u00e7\u00e3o de Romero ap\u00f3s a elimina\u00e7\u00e3o do Corinthians na Libertadores\",\"isPartOf\":{\"@id\":\"https:\/\/www.gaveanews.com\/#website\"},\"primaryImageOfPage\":{\"@id\":\"https:\/\/www.gaveanews.com\/index.php\/2025\/03\/13\/a-declaracao-de-romero-apos-a-eliminacao-do-corinthians-na-libertadores\/#primaryimage\"},\"image\":{\"@id\":\"https:\/\/www.gaveanews.com\/index.php\/2025\/03\/13\/a-declaracao-de-romero-apos-a-eliminacao-do-corinthians-na-libertadores\/#primaryimage\"},\"thumbnailUrl\":\"https:\/\/www.gaveanews.com\/wp-content\/uploads\/Angel-Rodrigo-Romero-com-a-camisa-do-Corinthians-em-2024.webp\",\"datePublished\":\"2025-03-13T17:20:00+00:00\",\"author\":{\"@id\":\"https:\/\/www.gaveanews.com\/#\/schema\/person\/0eb3e3fe1754f0205218538adbe8f5ed\"},\"breadcrumb\":{\"@id\":\"https:\/\/www.gaveanews.com\/index.php\/2025\/03\/13\/a-declaracao-de-romero-apos-a-eliminacao-do-corinthians-na-libertadores\/#breadcrumb\"},\"inLanguage\":\"pt-BR\",\"potentialAction\":[{\"@type\":\"ReadAction\",\"target\":[\"https:\/\/www.gaveanews.com\/index.php\/2025\/03\/13\/a-declaracao-de-romero-apos-a-eliminacao-do-corinthians-na-libertadores\/\"]}]},{\"@type\":\"ImageObject\",\"inLanguage\":\"pt-BR\",\"@id\":\"https:\/\/www.gaveanews.com\/index.php\/2025\/03\/13\/a-declaracao-de-romero-apos-a-eliminacao-do-corinthians-na-libertadores\/#primaryimage\",\"url\":\"https:\/\/www.gaveanews.com\/wp-content\/uploads\/Angel-Rodrigo-Romero-com-a-camisa-do-Corinthians-em-2024.webp\",\"contentUrl\":\"https:\/\/www.gaveanews.com\/wp-content\/uploads\/Angel-Rodrigo-Romero-com-a-camisa-do-Corinthians-em-2024.webp\",\"width\":1242,\"height\":1216,\"caption\":\"\u00c1ngel Rodrigo Romero com a camisa do Corinthians em 2024 (Foto: Reprodu\u00e7\u00e3o\/Corinthians)\"},{\"@type\":\"BreadcrumbList\",\"@id\":\"https:\/\/www.gaveanews.com\/index.php\/2025\/03\/13\/a-declaracao-de-romero-apos-a-eliminacao-do-corinthians-na-libertadores\/#breadcrumb\",\"itemListElement\":[{\"@type\":\"ListItem\",\"position\":1,\"name\":\"Home\",\"item\":\"https:\/\/www.gaveanews.com\/\"},{\"@type\":\"ListItem\",\"position\":2,\"name\":\"A declara\u00e7\u00e3o de Romero ap\u00f3s a elimina\u00e7\u00e3o do Corinthians na Libertadores\"}]},{\"@type\":\"WebSite\",\"@id\":\"https:\/\/www.gaveanews.com\/#website\",\"url\":\"https:\/\/www.gaveanews.com\/\",\"name\":\"G\u00e1vea News\",\"description\":\"Veja todas as not\u00edcias sobre o Flamengo: Contrata\u00e7\u00f5es, categorias de base, resultados das partidas, tabela de classifica\u00e7\u00e3o, pr\u00f3ximos jogos!\",\"potentialAction\":[{\"@type\":\"SearchAction\",\"target\":{\"@type\":\"EntryPoint\",\"urlTemplate\":\"https:\/\/www.gaveanews.com\/?s={search_term_string}\"},\"query-input\":{\"@type\":\"PropertyValueSpecification\",\"valueRequired\":true,\"valueName\":\"search_term_string\"}}],\"inLanguage\":\"pt-BR\"},{\"@type\":\"Person\",\"@id\":\"https:\/\/www.gaveanews.com\/#\/schema\/person\/0eb3e3fe1754f0205218538adbe8f5ed\",\"name\":\"Rafaela Ladeira\",\"image\":{\"@type\":\"ImageObject\",\"inLanguage\":\"pt-BR\",\"@id\":\"https:\/\/www.gaveanews.com\/#\/schema\/person\/image\/\",\"url\":\"https:\/\/secure.gravatar.com\/avatar\/c31f513acffd85eacab5730cbdfdbbf59f21ba5aeada8cd890acea879fbb2455?s=96&d=mm&r=g\",\"contentUrl\":\"https:\/\/secure.gravatar.com\/avatar\/c31f513acffd85eacab5730cbdfdbbf59f21ba5aeada8cd890acea879fbb2455?s=96&d=mm&r=g\",\"caption\":\"Rafaela Ladeira\"}}]}<\/script>\n<!-- \/ Yoast SEO Premium plugin. -->","yoast_head_json":{"title":"A declara\u00e7\u00e3o de Romero ap\u00f3s a elimina\u00e7\u00e3o do Corinthians na Libertadores","robots":{"index":"index","follow":"follow","max-snippet":"max-snippet:-1","max-image-preview":"max-image-preview:large","max-video-preview":"max-video-preview:-1"},"canonical":"https:\/\/www.gaveanews.com\/index.php\/2025\/03\/13\/a-declaracao-de-romero-apos-a-eliminacao-do-corinthians-na-libertadores\/","og_locale":"pt_BR","og_type":"article","og_title":"A declara\u00e7\u00e3o de Romero ap\u00f3s a elimina\u00e7\u00e3o do Corinthians na Libertadores","og_description":"O Corinthians venceu, mas n\u00e3o levou. Mesmo com o triunfo por 2 a 0 sobre o Barcelona de Guayaquil, a equipe alvinegra deu adeus \u00e0 Conmebol Libertadores j\u00e1 na fase preliminar. O placar agregado de 3 a 2 a favor dos equatorianos decretou a elimina\u00e7\u00e3o precoce do Tim\u00e3o, que agora ter\u00e1 que se contentar com [&hellip;]","og_url":"https:\/\/www.gaveanews.com\/index.php\/2025\/03\/13\/a-declaracao-de-romero-apos-a-eliminacao-do-corinthians-na-libertadores\/","og_site_name":"G\u00e1vea News","article_publisher":"https:\/\/facebook.com\/gaveaNews\/","article_published_time":"2025-03-13T17:20:00+00:00","og_image":[{"width":1242,"height":1216,"url":"https:\/\/www.gaveanews.com\/wp-content\/uploads\/Angel-Rodrigo-Romero-com-a-camisa-do-Corinthians-em-2024.webp","type":"image\/jpeg"}],"author":"Rafaela Ladeira","twitter_card":"summary_large_image","twitter_misc":{"Escrito por":"Rafaela Ladeira","Est. tempo de leitura":"3 minutos"},"schema":{"@context":"https:\/\/schema.org","@graph":[{"@type":"NewsArticle","@id":"https:\/\/www.gaveanews.com\/index.php\/2025\/03\/13\/a-declaracao-de-romero-apos-a-eliminacao-do-corinthians-na-libertadores\/#article","isPartOf":{"@id":"https:\/\/www.gaveanews.com\/index.php\/2025\/03\/13\/a-declaracao-de-romero-apos-a-eliminacao-do-corinthians-na-libertadores\/"},"author":{"name":"Rafaela Ladeira","@id":"https:\/\/www.gaveanews.com\/#\/schema\/person\/0eb3e3fe1754f0205218538adbe8f5ed"},"headline":"A declara\u00e7\u00e3o de Romero ap\u00f3s a elimina\u00e7\u00e3o do Corinthians na Libertadores","datePublished":"2025-03-13T17:20:00+00:00","mainEntityOfPage":{"@id":"https:\/\/www.gaveanews.com\/index.php\/2025\/03\/13\/a-declaracao-de-romero-apos-a-eliminacao-do-corinthians-na-libertadores\/"},"wordCount":374,"commentCount":0,"image":{"@id":"https:\/\/www.gaveanews.com\/index.php\/2025\/03\/13\/a-declaracao-de-romero-apos-a-eliminacao-do-corinthians-na-libertadores\/#primaryimage"},"thumbnailUrl":"https:\/\/www.gaveanews.com\/wp-content\/uploads\/Angel-Rodrigo-Romero-com-a-camisa-do-Corinthians-em-2024.webp","articleSection":["Corinthians"],"inLanguage":"pt-BR","potentialAction":[{"@type":"CommentAction","name":"Comment","target":["https:\/\/www.gaveanews.com\/index.php\/2025\/03\/13\/a-declaracao-de-romero-apos-a-eliminacao-do-corinthians-na-libertadores\/#respond"]}],"copyrightYear":"2025","copyrightHolder":{"@id":"https:\/\/www.gaveanews.com\/#organization"}},{"@type":"WebPage","@id":"https:\/\/www.gaveanews.com\/index.php\/2025\/03\/13\/a-declaracao-de-romero-apos-a-eliminacao-do-corinthians-na-libertadores\/","url":"https:\/\/www.gaveanews.com\/index.php\/2025\/03\/13\/a-declaracao-de-romero-apos-a-eliminacao-do-corinthians-na-libertadores\/","name":"A declara\u00e7\u00e3o de Romero ap\u00f3s a elimina\u00e7\u00e3o do Corinthians na Libertadores","isPartOf":{"@id":"https:\/\/www.gaveanews.com\/#website"},"primaryImageOfPage":{"@id":"https:\/\/www.gaveanews.com\/index.php\/2025\/03\/13\/a-declaracao-de-romero-apos-a-eliminacao-do-corinthians-na-libertadores\/#primaryimage"},"image":{"@id":"https:\/\/www.gaveanews.com\/index.php\/2025\/03\/13\/a-declaracao-de-romero-apos-a-eliminacao-do-corinthians-na-libertadores\/#primaryimage"},"thumbnailUrl":"https:\/\/www.gaveanews.com\/wp-content\/uploads\/Angel-Rodrigo-Romero-com-a-camisa-do-Corinthians-em-2024.webp","datePublished":"2025-03-13T17:20:00+00:00","author":{"@id":"https:\/\/www.gaveanews.com\/#\/schema\/person\/0eb3e3fe1754f0205218538adbe8f5ed"},"breadcrumb":{"@id":"https:\/\/www.gaveanews.com\/index.php\/2025\/03\/13\/a-declaracao-de-romero-apos-a-eliminacao-do-corinthians-na-libertadores\/#breadcrumb"},"inLanguage":"pt-BR","potentialAction":[{"@type":"ReadAction","target":["https:\/\/www.gaveanews.com\/index.php\/2025\/03\/13\/a-declaracao-de-romero-apos-a-eliminacao-do-corinthians-na-libertadores\/"]}]},{"@type":"ImageObject","inLanguage":"pt-BR","@id":"https:\/\/www.gaveanews.com\/index.php\/2025\/03\/13\/a-declaracao-de-romero-apos-a-eliminacao-do-corinthians-na-libertadores\/#primaryimage","url":"https:\/\/www.gaveanews.com\/wp-content\/uploads\/Angel-Rodrigo-Romero-com-a-camisa-do-Corinthians-em-2024.webp","contentUrl":"https:\/\/www.gaveanews.com\/wp-content\/uploads\/Angel-Rodrigo-Romero-com-a-camisa-do-Corinthians-em-2024.webp","width":1242,"height":1216,"caption":"\u00c1ngel Rodrigo Romero com a camisa do Corinthians em 2024 (Foto: Reprodu\u00e7\u00e3o\/Corinthians)"},{"@type":"BreadcrumbList","@id":"https:\/\/www.gaveanews.com\/index.php\/2025\/03\/13\/a-declaracao-de-romero-apos-a-eliminacao-do-corinthians-na-libertadores\/#breadcrumb","itemListElement":[{"@type":"ListItem","position":1,"name":"Home","item":"https:\/\/www.gaveanews.com\/"},{"@type":"ListItem","position":2,"name":"A declara\u00e7\u00e3o de Romero ap\u00f3s a elimina\u00e7\u00e3o do Corinthians na Libertadores"}]},{"@type":"WebSite","@id":"https:\/\/www.gaveanews.com\/#website","url":"https:\/\/www.gaveanews.com\/","name":"G\u00e1vea News","description":"Veja todas as not\u00edcias sobre o Flamengo: Contrata\u00e7\u00f5es, categorias de base, resultados das partidas, tabela de classifica\u00e7\u00e3o, pr\u00f3ximos jogos!","potentialAction":[{"@type":"SearchAction","target":{"@type":"EntryPoint","urlTemplate":"https:\/\/www.gaveanews.com\/?s={search_term_string}"},"query-input":{"@type":"PropertyValueSpecification","valueRequired":true,"valueName":"search_term_string"}}],"inLanguage":"pt-BR"},{"@type":"Person","@id":"https:\/\/www.gaveanews.com\/#\/schema\/person\/0eb3e3fe1754f0205218538adbe8f5ed","name":"Rafaela Ladeira","image":{"@type":"ImageObject","inLanguage":"pt-BR","@id":"https:\/\/www.gaveanews.com\/#\/schema\/person\/image\/","url":"https:\/\/secure.gravatar.com\/avatar\/c31f513acffd85eacab5730cbdfdbbf59f21ba5aeada8cd890acea879fbb2455?s=96&d=mm&r=g","contentUrl":"https:\/\/secure.gravatar.com\/avatar\/c31f513acffd85eacab5730cbdfdbbf59f21ba5aeada8cd890acea879fbb2455?s=96&d=mm&r=g","caption":"Rafaela Ladeira"}}]}},"_links":{"self":[{"href":"https:\/\/www.gaveanews.com\/index.php\/wp-json\/wp\/v2\/posts\/239525","targetHints":{"allow":["GET"]}}],"collection":[{"href":"https:\/\/www.gaveanews.com\/index.php\/wp-json\/wp\/v2\/posts"}],"about":[{"href":"https:\/\/www.gaveanews.com\/index.php\/wp-json\/wp\/v2\/types\/post"}],"author":[{"embeddable":true,"href":"https:\/\/www.gaveanews.com\/index.php\/wp-json\/wp\/v2\/users\/25"}],"replies":[{"embeddable":true,"href":"https:\/\/www.gaveanews.com\/index.php\/wp-json\/wp\/v2\/comments?post=239525"}],"version-history":[{"count":1,"href":"https:\/\/www.gaveanews.com\/index.php\/wp-json\/wp\/v2\/posts\/239525\/revisions"}],"predecessor-version":[{"id":239526,"href":"https:\/\/www.gaveanews.com\/index.php\/wp-json\/wp\/v2\/posts\/239525\/revisions\/239526"}],"wp:featuredmedia":[{"embeddable":true,"href":"https:\/\/www.gaveanews.com\/index.php\/wp-json\/wp\/v2\/media\/153975"}],"wp:attachment":[{"href":"https:\/\/www.gaveanews.com\/index.php\/wp-json\/wp\/v2\/media?parent=239525"}],"wp:term":[{"taxonomy":"category","embeddable":true,"href":"https:\/\/www.gaveanews.com\/index.php\/wp-json\/wp\/v2\/categories?post=239525"},{"taxonomy":"post_tag","embeddable":true,"href":"https:\/\/www.gaveanews.com\/index.php\/wp-json\/wp\/v2\/tags?post=239525"}],"curies":[{"name":"wp","href":"https:\/\/api.w.org\/{rel}","templated":true}]}}