{"id":23958,"date":"2019-08-02T13:34:00","date_gmt":"2019-08-02T16:34:00","guid":{"rendered":"http:\/\/www.gaveanews.com\/?p=23958"},"modified":"2019-08-02T13:34:00","modified_gmt":"2019-08-02T16:34:00","slug":"tecnico-do-flamengo-jorge-jesus-confirma-filipe-luis-100-e-indica-estreia-do-lateral","status":"publish","type":"post","link":"https:\/\/www.gaveanews.com\/index.php\/2019\/08\/02\/tecnico-do-flamengo-jorge-jesus-confirma-filipe-luis-100-e-indica-estreia-do-lateral\/","title":{"rendered":"T\u00e9cnico do Flamengo, Jorge Jesus confirma Filipe Lu\u00eds 100% e indica estreia do lateral"},"content":{"rendered":"\n<p>O Flamengo bateu o Emelec por 2 a 0 na noite da \u00faltima quarta-feira (31 de julho) e, nos p\u00eanaltis, carimbou a classifica\u00e7\u00e3o para as quartas de final da Copa Libertadores da Am\u00e9rica. <\/p>\n\n\n\n<p>No entanto, apesar da noite de festa, o t\u00e9cnico Jorge Jesus demonstrou que j\u00e1 pensa no pr\u00f3ximo jogo, que ser\u00e1 pelo Brasileir\u00e3o, contra o Bahia. N\u00e3o a toa, o portugu\u00eas revelou que deve utilizar o lateral Filipe Lu\u00eds na partida. Ao ser questionado sobre o refor\u00e7o mais recente da equipe rubro-negra, Jesus relembrou que Filipe chegou \u00e0 reta final da Copa Am\u00e9rica com uma les\u00e3o muscular. Contudo, ele garantiu tamb\u00e9m que o lateral j\u00e1 tem treinado normalmente com o grupo. <\/p>\n\n\n\n<p>A d\u00favida, agora, \u00e9 em rela\u00e7\u00e3o \u00e0 possibilidade de utilizar o camisa 16 durante os 90 minutos de partida.<\/p>\n\n\n\n<p>\u2014 O Filipe Lu\u00eds est\u00e1 trabalhando h\u00e1 uma semana, mas o \u00faltimo jogo da Copa Am\u00e9rica foi dia 7 de julho e ele n\u00e3o jogou por uma les\u00e3o muscular. Desde que chegou t\u00e1 treinando 100% e a semana foi boa para ele repor as qualidade f\u00edsicas e t\u00e9cnicas. Esperamos muito dele. Se puder lan\u00e7ar no pr\u00f3ximo jogo, vou lan\u00e7ar uma parte do jogo ou no jogo completo. Os laterais eu mudo muito. Onde podemos mudar os jogadores para dar algum cuidado em termos de n\u00e3o entrar no risco. Seis jogadores que jogaram as sete partidas comigo. O departamento sabe que eles est\u00e3o no limite do risco, mas n\u00e3o tenho para mudar. Estamos em duas competi\u00e7\u00f5es. As duas s\u00e3o importantes, o nacional e a libertadores -, disse o treinador.<\/p>\n\n\n\n<p>Com 24 pontos conquistados at\u00e9 ent\u00e3o, o Flamengo ocupa a terceira posi\u00e7\u00e3o no Brasileir\u00e3o e precisa da vit\u00f3ria para, quem sabe, se aproximar do Santos, atual l\u00edder, que soma 29 pontos nas 12 rodadas disputadas at\u00e9 ent\u00e3o. O confronto ante o Bahia est\u00e1 marcado para as 16h do domingo (04), na Arena Fonte Nova.<\/p>\n\n\n\n\n\n<p>Retirado de: Coluna do Fla<\/p>\n","protected":false},"excerpt":{"rendered":"<p>O Flamengo bateu o Emelec por 2 a 0 na noite da \u00faltima quarta-feira (31 de julho) e, nos p\u00eanaltis, carimbou a classifica\u00e7\u00e3o para as quartas de final da Copa Libertadores da Am\u00e9rica. No entanto, apesar da noite de festa, o t\u00e9cnico Jorge Jesus demonstrou que j\u00e1 pensa no pr\u00f3ximo jogo, que ser\u00e1 pelo Brasileir\u00e3o, [&hellip;]<\/p>\n","protected":false},"author":1,"featured_media":23943,"comment_status":"open","ping_status":"open","sticky":false,"template":"","format":"standard","meta":{"footnotes":""},"categories":[1],"tags":[],"class_list":["post-23958","post","type-post","status-publish","format-standard","has-post-thumbnail","hentry","category-flamengo"],"yoast_head":"<!-- This site is optimized with the Yoast SEO Premium plugin v24.2 (Yoast SEO v26.9) - https:\/\/yoast.com\/product\/yoast-seo-premium-wordpress\/ -->\n<title>T\u00e9cnico do Flamengo, Jorge Jesus confirma Filipe Lu\u00eds 100% e indica estreia do lateral<\/title>\n<meta name=\"robots\" content=\"index, follow, max-snippet:-1, max-image-preview:large, max-video-preview:-1\" \/>\n<link rel=\"canonical\" href=\"https:\/\/www.gaveanews.com\/index.php\/2019\/08\/02\/tecnico-do-flamengo-jorge-jesus-confirma-filipe-luis-100-e-indica-estreia-do-lateral\/\" \/>\n<meta property=\"og:locale\" content=\"pt_BR\" \/>\n<meta property=\"og:type\" content=\"article\" \/>\n<meta property=\"og:title\" content=\"T\u00e9cnico do Flamengo, Jorge Jesus confirma Filipe Lu\u00eds 100% e indica estreia do lateral\" \/>\n<meta property=\"og:description\" content=\"O Flamengo bateu o Emelec por 2 a 0 na noite da \u00faltima quarta-feira (31 de julho) e, nos p\u00eanaltis, carimbou a classifica\u00e7\u00e3o para as quartas de final da Copa Libertadores da Am\u00e9rica. No entanto, apesar da noite de festa, o t\u00e9cnico Jorge Jesus demonstrou que j\u00e1 pensa no pr\u00f3ximo jogo, que ser\u00e1 pelo Brasileir\u00e3o, [&hellip;]\" \/>\n<meta property=\"og:url\" content=\"https:\/\/www.gaveanews.com\/index.php\/2019\/08\/02\/tecnico-do-flamengo-jorge-jesus-confirma-filipe-luis-100-e-indica-estreia-do-lateral\/\" \/>\n<meta property=\"og:site_name\" content=\"G\u00e1vea News\" \/>\n<meta property=\"article:publisher\" content=\"https:\/\/facebook.com\/gaveaNews\/\" \/>\n<meta property=\"article:published_time\" content=\"2019-08-02T16:34:00+00:00\" \/>\n<meta property=\"og:image\" content=\"https:\/\/www.gaveanews.com\/wp-content\/uploads\/2019\/08\/Filipe-Luis-e-Rodolfo-Landim-durante-conversa-na-academia-do-Ninho-do-Urubu.webp\" \/>\n\t<meta property=\"og:image:width\" content=\"856\" \/>\n\t<meta property=\"og:image:height\" content=\"570\" \/>\n\t<meta property=\"og:image:type\" content=\"image\/jpeg\" \/>\n<meta name=\"author\" content=\"Equipe G\u00e1vea News\" \/>\n<meta name=\"twitter:card\" content=\"summary_large_image\" \/>\n<meta name=\"twitter:label1\" content=\"Escrito por\" \/>\n\t<meta name=\"twitter:data1\" content=\"Equipe G\u00e1vea News\" \/>\n\t<meta name=\"twitter:label2\" content=\"Est. tempo de leitura\" \/>\n\t<meta name=\"twitter:data2\" content=\"2 minutos\" \/>\n<script type=\"application\/ld+json\" class=\"yoast-schema-graph\">{\"@context\":\"https:\/\/schema.org\",\"@graph\":[{\"@type\":\"NewsArticle\",\"@id\":\"https:\/\/www.gaveanews.com\/index.php\/2019\/08\/02\/tecnico-do-flamengo-jorge-jesus-confirma-filipe-luis-100-e-indica-estreia-do-lateral\/#article\",\"isPartOf\":{\"@id\":\"https:\/\/www.gaveanews.com\/index.php\/2019\/08\/02\/tecnico-do-flamengo-jorge-jesus-confirma-filipe-luis-100-e-indica-estreia-do-lateral\/\"},\"author\":{\"name\":\"Equipe G\u00e1vea News\",\"@id\":\"https:\/\/www.gaveanews.com\/#\/schema\/person\/2ec14f73fb96be2caf28f91afb14749d\"},\"headline\":\"T\u00e9cnico do Flamengo, Jorge Jesus confirma Filipe Lu\u00eds 100% e indica estreia do lateral\",\"datePublished\":\"2019-08-02T16:34:00+00:00\",\"mainEntityOfPage\":{\"@id\":\"https:\/\/www.gaveanews.com\/index.php\/2019\/08\/02\/tecnico-do-flamengo-jorge-jesus-confirma-filipe-luis-100-e-indica-estreia-do-lateral\/\"},\"wordCount\":354,\"commentCount\":0,\"image\":{\"@id\":\"https:\/\/www.gaveanews.com\/index.php\/2019\/08\/02\/tecnico-do-flamengo-jorge-jesus-confirma-filipe-luis-100-e-indica-estreia-do-lateral\/#primaryimage\"},\"thumbnailUrl\":\"https:\/\/www.gaveanews.com\/wp-content\/uploads\/2019\/08\/Filipe-Luis-e-Rodolfo-Landim-durante-conversa-na-academia-do-Ninho-do-Urubu.webp\",\"articleSection\":[\"Flamengo\"],\"inLanguage\":\"pt-BR\",\"potentialAction\":[{\"@type\":\"CommentAction\",\"name\":\"Comment\",\"target\":[\"https:\/\/www.gaveanews.com\/index.php\/2019\/08\/02\/tecnico-do-flamengo-jorge-jesus-confirma-filipe-luis-100-e-indica-estreia-do-lateral\/#respond\"]}],\"copyrightYear\":\"2019\",\"copyrightHolder\":{\"@id\":\"https:\/\/www.gaveanews.com\/#organization\"}},{\"@type\":\"WebPage\",\"@id\":\"https:\/\/www.gaveanews.com\/index.php\/2019\/08\/02\/tecnico-do-flamengo-jorge-jesus-confirma-filipe-luis-100-e-indica-estreia-do-lateral\/\",\"url\":\"https:\/\/www.gaveanews.com\/index.php\/2019\/08\/02\/tecnico-do-flamengo-jorge-jesus-confirma-filipe-luis-100-e-indica-estreia-do-lateral\/\",\"name\":\"T\u00e9cnico do Flamengo, Jorge Jesus confirma Filipe Lu\u00eds 100% e indica estreia do lateral\",\"isPartOf\":{\"@id\":\"https:\/\/www.gaveanews.com\/#website\"},\"primaryImageOfPage\":{\"@id\":\"https:\/\/www.gaveanews.com\/index.php\/2019\/08\/02\/tecnico-do-flamengo-jorge-jesus-confirma-filipe-luis-100-e-indica-estreia-do-lateral\/#primaryimage\"},\"image\":{\"@id\":\"https:\/\/www.gaveanews.com\/index.php\/2019\/08\/02\/tecnico-do-flamengo-jorge-jesus-confirma-filipe-luis-100-e-indica-estreia-do-lateral\/#primaryimage\"},\"thumbnailUrl\":\"https:\/\/www.gaveanews.com\/wp-content\/uploads\/2019\/08\/Filipe-Luis-e-Rodolfo-Landim-durante-conversa-na-academia-do-Ninho-do-Urubu.webp\",\"datePublished\":\"2019-08-02T16:34:00+00:00\",\"author\":{\"@id\":\"https:\/\/www.gaveanews.com\/#\/schema\/person\/2ec14f73fb96be2caf28f91afb14749d\"},\"breadcrumb\":{\"@id\":\"https:\/\/www.gaveanews.com\/index.php\/2019\/08\/02\/tecnico-do-flamengo-jorge-jesus-confirma-filipe-luis-100-e-indica-estreia-do-lateral\/#breadcrumb\"},\"inLanguage\":\"pt-BR\",\"potentialAction\":[{\"@type\":\"ReadAction\",\"target\":[\"https:\/\/www.gaveanews.com\/index.php\/2019\/08\/02\/tecnico-do-flamengo-jorge-jesus-confirma-filipe-luis-100-e-indica-estreia-do-lateral\/\"]}]},{\"@type\":\"ImageObject\",\"inLanguage\":\"pt-BR\",\"@id\":\"https:\/\/www.gaveanews.com\/index.php\/2019\/08\/02\/tecnico-do-flamengo-jorge-jesus-confirma-filipe-luis-100-e-indica-estreia-do-lateral\/#primaryimage\",\"url\":\"https:\/\/www.gaveanews.com\/wp-content\/uploads\/2019\/08\/Filipe-Luis-e-Rodolfo-Landim-durante-conversa-na-academia-do-Ninho-do-Urubu.webp\",\"contentUrl\":\"https:\/\/www.gaveanews.com\/wp-content\/uploads\/2019\/08\/Filipe-Luis-e-Rodolfo-Landim-durante-conversa-na-academia-do-Ninho-do-Urubu.webp\",\"width\":856,\"height\":570,\"caption\":\"Filipe Luis e Rodolfo Landim durante conversa na academia do Ninho do Urubu (Foto: Alexandre Vidal\/Flamengo)\"},{\"@type\":\"BreadcrumbList\",\"@id\":\"https:\/\/www.gaveanews.com\/index.php\/2019\/08\/02\/tecnico-do-flamengo-jorge-jesus-confirma-filipe-luis-100-e-indica-estreia-do-lateral\/#breadcrumb\",\"itemListElement\":[{\"@type\":\"ListItem\",\"position\":1,\"name\":\"Home\",\"item\":\"https:\/\/www.gaveanews.com\/\"},{\"@type\":\"ListItem\",\"position\":2,\"name\":\"T\u00e9cnico do Flamengo, Jorge Jesus confirma Filipe Lu\u00eds 100% e indica estreia do lateral\"}]},{\"@type\":\"WebSite\",\"@id\":\"https:\/\/www.gaveanews.com\/#website\",\"url\":\"https:\/\/www.gaveanews.com\/\",\"name\":\"G\u00e1vea News\",\"description\":\"Veja todas as not\u00edcias sobre o Flamengo: Contrata\u00e7\u00f5es, categorias de base, resultados das partidas, tabela de classifica\u00e7\u00e3o, pr\u00f3ximos jogos!\",\"potentialAction\":[{\"@type\":\"SearchAction\",\"target\":{\"@type\":\"EntryPoint\",\"urlTemplate\":\"https:\/\/www.gaveanews.com\/?s={search_term_string}\"},\"query-input\":{\"@type\":\"PropertyValueSpecification\",\"valueRequired\":true,\"valueName\":\"search_term_string\"}}],\"inLanguage\":\"pt-BR\"},{\"@type\":\"Person\",\"@id\":\"https:\/\/www.gaveanews.com\/#\/schema\/person\/2ec14f73fb96be2caf28f91afb14749d\",\"name\":\"Equipe G\u00e1vea News\",\"image\":{\"@type\":\"ImageObject\",\"inLanguage\":\"pt-BR\",\"@id\":\"https:\/\/www.gaveanews.com\/#\/schema\/person\/image\/\",\"url\":\"https:\/\/secure.gravatar.com\/avatar\/1e1956f1facbffd3f8fa53a326721950116b3b9dc9bd44939c01180fd4a745a9?s=96&d=mm&r=g\",\"contentUrl\":\"https:\/\/secure.gravatar.com\/avatar\/1e1956f1facbffd3f8fa53a326721950116b3b9dc9bd44939c01180fd4a745a9?s=96&d=mm&r=g\",\"caption\":\"Equipe G\u00e1vea News\"}}]}<\/script>\n<!-- \/ Yoast SEO Premium plugin. -->","yoast_head_json":{"title":"T\u00e9cnico do Flamengo, Jorge Jesus confirma Filipe Lu\u00eds 100% e indica estreia do lateral","robots":{"index":"index","follow":"follow","max-snippet":"max-snippet:-1","max-image-preview":"max-image-preview:large","max-video-preview":"max-video-preview:-1"},"canonical":"https:\/\/www.gaveanews.com\/index.php\/2019\/08\/02\/tecnico-do-flamengo-jorge-jesus-confirma-filipe-luis-100-e-indica-estreia-do-lateral\/","og_locale":"pt_BR","og_type":"article","og_title":"T\u00e9cnico do Flamengo, Jorge Jesus confirma Filipe Lu\u00eds 100% e indica estreia do lateral","og_description":"O Flamengo bateu o Emelec por 2 a 0 na noite da \u00faltima quarta-feira (31 de julho) e, nos p\u00eanaltis, carimbou a classifica\u00e7\u00e3o para as quartas de final da Copa Libertadores da Am\u00e9rica. No entanto, apesar da noite de festa, o t\u00e9cnico Jorge Jesus demonstrou que j\u00e1 pensa no pr\u00f3ximo jogo, que ser\u00e1 pelo Brasileir\u00e3o, [&hellip;]","og_url":"https:\/\/www.gaveanews.com\/index.php\/2019\/08\/02\/tecnico-do-flamengo-jorge-jesus-confirma-filipe-luis-100-e-indica-estreia-do-lateral\/","og_site_name":"G\u00e1vea News","article_publisher":"https:\/\/facebook.com\/gaveaNews\/","article_published_time":"2019-08-02T16:34:00+00:00","og_image":[{"width":856,"height":570,"url":"https:\/\/www.gaveanews.com\/wp-content\/uploads\/2019\/08\/Filipe-Luis-e-Rodolfo-Landim-durante-conversa-na-academia-do-Ninho-do-Urubu.webp","type":"image\/jpeg"}],"author":"Equipe G\u00e1vea News","twitter_card":"summary_large_image","twitter_misc":{"Escrito por":"Equipe G\u00e1vea News","Est. tempo de leitura":"2 minutos"},"schema":{"@context":"https:\/\/schema.org","@graph":[{"@type":"NewsArticle","@id":"https:\/\/www.gaveanews.com\/index.php\/2019\/08\/02\/tecnico-do-flamengo-jorge-jesus-confirma-filipe-luis-100-e-indica-estreia-do-lateral\/#article","isPartOf":{"@id":"https:\/\/www.gaveanews.com\/index.php\/2019\/08\/02\/tecnico-do-flamengo-jorge-jesus-confirma-filipe-luis-100-e-indica-estreia-do-lateral\/"},"author":{"name":"Equipe G\u00e1vea News","@id":"https:\/\/www.gaveanews.com\/#\/schema\/person\/2ec14f73fb96be2caf28f91afb14749d"},"headline":"T\u00e9cnico do Flamengo, Jorge Jesus confirma Filipe Lu\u00eds 100% e indica estreia do lateral","datePublished":"2019-08-02T16:34:00+00:00","mainEntityOfPage":{"@id":"https:\/\/www.gaveanews.com\/index.php\/2019\/08\/02\/tecnico-do-flamengo-jorge-jesus-confirma-filipe-luis-100-e-indica-estreia-do-lateral\/"},"wordCount":354,"commentCount":0,"image":{"@id":"https:\/\/www.gaveanews.com\/index.php\/2019\/08\/02\/tecnico-do-flamengo-jorge-jesus-confirma-filipe-luis-100-e-indica-estreia-do-lateral\/#primaryimage"},"thumbnailUrl":"https:\/\/www.gaveanews.com\/wp-content\/uploads\/2019\/08\/Filipe-Luis-e-Rodolfo-Landim-durante-conversa-na-academia-do-Ninho-do-Urubu.webp","articleSection":["Flamengo"],"inLanguage":"pt-BR","potentialAction":[{"@type":"CommentAction","name":"Comment","target":["https:\/\/www.gaveanews.com\/index.php\/2019\/08\/02\/tecnico-do-flamengo-jorge-jesus-confirma-filipe-luis-100-e-indica-estreia-do-lateral\/#respond"]}],"copyrightYear":"2019","copyrightHolder":{"@id":"https:\/\/www.gaveanews.com\/#organization"}},{"@type":"WebPage","@id":"https:\/\/www.gaveanews.com\/index.php\/2019\/08\/02\/tecnico-do-flamengo-jorge-jesus-confirma-filipe-luis-100-e-indica-estreia-do-lateral\/","url":"https:\/\/www.gaveanews.com\/index.php\/2019\/08\/02\/tecnico-do-flamengo-jorge-jesus-confirma-filipe-luis-100-e-indica-estreia-do-lateral\/","name":"T\u00e9cnico do Flamengo, Jorge Jesus confirma Filipe Lu\u00eds 100% e indica estreia do lateral","isPartOf":{"@id":"https:\/\/www.gaveanews.com\/#website"},"primaryImageOfPage":{"@id":"https:\/\/www.gaveanews.com\/index.php\/2019\/08\/02\/tecnico-do-flamengo-jorge-jesus-confirma-filipe-luis-100-e-indica-estreia-do-lateral\/#primaryimage"},"image":{"@id":"https:\/\/www.gaveanews.com\/index.php\/2019\/08\/02\/tecnico-do-flamengo-jorge-jesus-confirma-filipe-luis-100-e-indica-estreia-do-lateral\/#primaryimage"},"thumbnailUrl":"https:\/\/www.gaveanews.com\/wp-content\/uploads\/2019\/08\/Filipe-Luis-e-Rodolfo-Landim-durante-conversa-na-academia-do-Ninho-do-Urubu.webp","datePublished":"2019-08-02T16:34:00+00:00","author":{"@id":"https:\/\/www.gaveanews.com\/#\/schema\/person\/2ec14f73fb96be2caf28f91afb14749d"},"breadcrumb":{"@id":"https:\/\/www.gaveanews.com\/index.php\/2019\/08\/02\/tecnico-do-flamengo-jorge-jesus-confirma-filipe-luis-100-e-indica-estreia-do-lateral\/#breadcrumb"},"inLanguage":"pt-BR","potentialAction":[{"@type":"ReadAction","target":["https:\/\/www.gaveanews.com\/index.php\/2019\/08\/02\/tecnico-do-flamengo-jorge-jesus-confirma-filipe-luis-100-e-indica-estreia-do-lateral\/"]}]},{"@type":"ImageObject","inLanguage":"pt-BR","@id":"https:\/\/www.gaveanews.com\/index.php\/2019\/08\/02\/tecnico-do-flamengo-jorge-jesus-confirma-filipe-luis-100-e-indica-estreia-do-lateral\/#primaryimage","url":"https:\/\/www.gaveanews.com\/wp-content\/uploads\/2019\/08\/Filipe-Luis-e-Rodolfo-Landim-durante-conversa-na-academia-do-Ninho-do-Urubu.webp","contentUrl":"https:\/\/www.gaveanews.com\/wp-content\/uploads\/2019\/08\/Filipe-Luis-e-Rodolfo-Landim-durante-conversa-na-academia-do-Ninho-do-Urubu.webp","width":856,"height":570,"caption":"Filipe Luis e Rodolfo Landim durante conversa na academia do Ninho do Urubu (Foto: Alexandre Vidal\/Flamengo)"},{"@type":"BreadcrumbList","@id":"https:\/\/www.gaveanews.com\/index.php\/2019\/08\/02\/tecnico-do-flamengo-jorge-jesus-confirma-filipe-luis-100-e-indica-estreia-do-lateral\/#breadcrumb","itemListElement":[{"@type":"ListItem","position":1,"name":"Home","item":"https:\/\/www.gaveanews.com\/"},{"@type":"ListItem","position":2,"name":"T\u00e9cnico do Flamengo, Jorge Jesus confirma Filipe Lu\u00eds 100% e indica estreia do lateral"}]},{"@type":"WebSite","@id":"https:\/\/www.gaveanews.com\/#website","url":"https:\/\/www.gaveanews.com\/","name":"G\u00e1vea News","description":"Veja todas as not\u00edcias sobre o Flamengo: Contrata\u00e7\u00f5es, categorias de base, resultados das partidas, tabela de classifica\u00e7\u00e3o, pr\u00f3ximos jogos!","potentialAction":[{"@type":"SearchAction","target":{"@type":"EntryPoint","urlTemplate":"https:\/\/www.gaveanews.com\/?s={search_term_string}"},"query-input":{"@type":"PropertyValueSpecification","valueRequired":true,"valueName":"search_term_string"}}],"inLanguage":"pt-BR"},{"@type":"Person","@id":"https:\/\/www.gaveanews.com\/#\/schema\/person\/2ec14f73fb96be2caf28f91afb14749d","name":"Equipe G\u00e1vea News","image":{"@type":"ImageObject","inLanguage":"pt-BR","@id":"https:\/\/www.gaveanews.com\/#\/schema\/person\/image\/","url":"https:\/\/secure.gravatar.com\/avatar\/1e1956f1facbffd3f8fa53a326721950116b3b9dc9bd44939c01180fd4a745a9?s=96&d=mm&r=g","contentUrl":"https:\/\/secure.gravatar.com\/avatar\/1e1956f1facbffd3f8fa53a326721950116b3b9dc9bd44939c01180fd4a745a9?s=96&d=mm&r=g","caption":"Equipe G\u00e1vea News"}}]}},"_links":{"self":[{"href":"https:\/\/www.gaveanews.com\/index.php\/wp-json\/wp\/v2\/posts\/23958","targetHints":{"allow":["GET"]}}],"collection":[{"href":"https:\/\/www.gaveanews.com\/index.php\/wp-json\/wp\/v2\/posts"}],"about":[{"href":"https:\/\/www.gaveanews.com\/index.php\/wp-json\/wp\/v2\/types\/post"}],"author":[{"embeddable":true,"href":"https:\/\/www.gaveanews.com\/index.php\/wp-json\/wp\/v2\/users\/1"}],"replies":[{"embeddable":true,"href":"https:\/\/www.gaveanews.com\/index.php\/wp-json\/wp\/v2\/comments?post=23958"}],"version-history":[{"count":0,"href":"https:\/\/www.gaveanews.com\/index.php\/wp-json\/wp\/v2\/posts\/23958\/revisions"}],"wp:featuredmedia":[{"embeddable":true,"href":"https:\/\/www.gaveanews.com\/index.php\/wp-json\/wp\/v2\/media\/23943"}],"wp:attachment":[{"href":"https:\/\/www.gaveanews.com\/index.php\/wp-json\/wp\/v2\/media?parent=23958"}],"wp:term":[{"taxonomy":"category","embeddable":true,"href":"https:\/\/www.gaveanews.com\/index.php\/wp-json\/wp\/v2\/categories?post=23958"},{"taxonomy":"post_tag","embeddable":true,"href":"https:\/\/www.gaveanews.com\/index.php\/wp-json\/wp\/v2\/tags?post=23958"}],"curies":[{"name":"wp","href":"https:\/\/api.w.org\/{rel}","templated":true}]}}