{"id":239580,"date":"2025-03-13T15:55:00","date_gmt":"2025-03-13T18:55:00","guid":{"rendered":"https:\/\/www.gaveanews.com\/?p=239580"},"modified":"2025-03-13T14:52:47","modified_gmt":"2025-03-13T17:52:47","slug":"botafogo-encaminha-renovacao-com-titular-ate-2028","status":"publish","type":"post","link":"https:\/\/www.gaveanews.com\/index.php\/2025\/03\/13\/botafogo-encaminha-renovacao-com-titular-ate-2028\/","title":{"rendered":"Botafogo encaminha renova\u00e7\u00e3o com titular at\u00e9 2028"},"content":{"rendered":"\n<p>O Botafogo est\u00e1 pr\u00f3ximo de oficializar a renova\u00e7\u00e3o contratual do volante Gregore, pe\u00e7a fundamental na conquista do Campeonato Brasileiro da \u00faltima temporada. O novo v\u00ednculo do jogador deve se estender at\u00e9 2028, garantindo sua perman\u00eancia no clube por mais tr\u00eas anos al\u00e9m do contrato atual, que iria at\u00e9 o final de 2025.<\/p>\n\n\n\n<p>Gregore foi um dos jogadores mais assediados do elenco alvinegro no \u00faltimo per\u00edodo de transfer\u00eancias. O Atl\u00e9tico demonstrou grande interesse em sua contrata\u00e7\u00e3o, assim como o Al-Rayyan, do Catar, comandado pelo ex-treinador botafoguense Artur Jorge. No entanto, a diretoria do clube carioca optou por manter o volante e recusou todas as investidas recebidas.<\/p>\n\n\n\n<figure class=\"wp-block-image size-full\"><img loading=\"lazy\" decoding=\"async\" width=\"825\" height=\"667\" src=\"http:\/\/www.gaveanews.com\/wp-content\/uploads\/Gregore-pelo-Botafogo.webp\" alt=\"\" class=\"wp-image-172443\" srcset=\"https:\/\/www.gaveanews.com\/wp-content\/uploads\/Gregore-pelo-Botafogo.webp 825w, https:\/\/www.gaveanews.com\/wp-content\/uploads\/Gregore-pelo-Botafogo-300x243.webp 300w, https:\/\/www.gaveanews.com\/wp-content\/uploads\/Gregore-pelo-Botafogo-768x621.webp 768w, https:\/\/www.gaveanews.com\/wp-content\/uploads\/Gregore-pelo-Botafogo-519x420.webp 519w, https:\/\/www.gaveanews.com\/wp-content\/uploads\/Gregore-pelo-Botafogo-640x517.webp 640w, https:\/\/www.gaveanews.com\/wp-content\/uploads\/Gregore-pelo-Botafogo-681x551.webp 681w, https:\/\/www.gaveanews.com\/wp-content\/uploads\/Gregore-pelo-Botafogo-100x81.webp 100w\" sizes=\"auto, (max-width: 825px) 100vw, 825px\" \/><figcaption class=\"wp-element-caption\">Gregore pelo Botafogo (Foto: Vitor Silva\/Botafogo)<\/figcaption><\/figure>\n\n\n\n<p>A renova\u00e7\u00e3o tamb\u00e9m trar\u00e1 uma valoriza\u00e7\u00e3o contratual para o atleta. A multa rescis\u00f3ria de Gregore ser\u00e1 reajustada, tornando sua sa\u00edda mais dif\u00edcil para poss\u00edveis interessados. A decis\u00e3o reflete o reconhecimento da import\u00e2ncia do jogador, que foi protagonista na campanha do t\u00edtulo brasileiro, marcando o gol decisivo contra o S\u00e3o Paulo, no est\u00e1dio Nilton Santos.<\/p>\n\n\n\n<p>O volante chegou ao Botafogo no ano passado, vindo da Major League Soccer (MLS), dos Estados Unidos. A negocia\u00e7\u00e3o foi fechada por 2,5 milh\u00f5es de d\u00f3lares, o equivalente a cerca de R$ 13,4 milh\u00f5es na cota\u00e7\u00e3o da \u00e9poca. Rapidamente, Gregore conquistou espa\u00e7o no time titular e caiu nas gra\u00e7as da torcida botafoguense.<\/p>\n\n\n\n<p>Desde sua chegada, o jogador tem n\u00fameros expressivos pelo clube. Foram diversas partidas disputadas, tr\u00eas gols marcados e duas assist\u00eancias registradas. Al\u00e9m do t\u00edtulo do Brasileir\u00e3o, Gregore teve papel essencial na in\u00e9dita conquista da Libertadores, consolidando-se como uma das refer\u00eancias do elenco alvinegro.<\/p>\n\n\n\n<p>Com a renova\u00e7\u00e3o praticamente assegurada, o Botafogo d\u00e1 um passo importante para manter a base do time vitorioso das \u00faltimas temporadas. A continuidade de Gregore refor\u00e7a o planejamento do clube, que busca manter seus principais jogadores para seguir competitivo nas competi\u00e7\u00f5es nacionais e internacionais.<\/p>\n","protected":false},"excerpt":{"rendered":"<p>O Botafogo est\u00e1 pr\u00f3ximo de oficializar a renova\u00e7\u00e3o contratual do volante Gregore, pe\u00e7a fundamental na conquista do Campeonato Brasileiro da \u00faltima temporada. O novo v\u00ednculo do jogador deve se estender at\u00e9 2028, garantindo sua perman\u00eancia no clube por mais tr\u00eas anos al\u00e9m do contrato atual, que iria at\u00e9 o final de 2025. Gregore foi um [&hellip;]<\/p>\n","protected":false},"author":27,"featured_media":156132,"comment_status":"open","ping_status":"closed","sticky":false,"template":"","format":"standard","meta":{"footnotes":""},"categories":[138],"tags":[],"class_list":["post-239580","post","type-post","status-publish","format-standard","has-post-thumbnail","hentry","category-botafogo"],"yoast_head":"<!-- This site is optimized with the Yoast SEO Premium plugin v24.2 (Yoast SEO v26.9) - https:\/\/yoast.com\/product\/yoast-seo-premium-wordpress\/ -->\n<title>Botafogo encaminha renova\u00e7\u00e3o com titular at\u00e9 2028<\/title>\n<meta name=\"robots\" content=\"index, follow, max-snippet:-1, max-image-preview:large, max-video-preview:-1\" \/>\n<link rel=\"canonical\" href=\"https:\/\/www.gaveanews.com\/index.php\/2025\/03\/13\/botafogo-encaminha-renovacao-com-titular-ate-2028\/\" \/>\n<meta property=\"og:locale\" content=\"pt_BR\" \/>\n<meta property=\"og:type\" content=\"article\" \/>\n<meta property=\"og:title\" content=\"Botafogo encaminha renova\u00e7\u00e3o com titular at\u00e9 2028\" \/>\n<meta property=\"og:description\" content=\"O Botafogo est\u00e1 pr\u00f3ximo de oficializar a renova\u00e7\u00e3o contratual do volante Gregore, pe\u00e7a fundamental na conquista do Campeonato Brasileiro da \u00faltima temporada. O novo v\u00ednculo do jogador deve se estender at\u00e9 2028, garantindo sua perman\u00eancia no clube por mais tr\u00eas anos al\u00e9m do contrato atual, que iria at\u00e9 o final de 2025. Gregore foi um [&hellip;]\" \/>\n<meta property=\"og:url\" content=\"https:\/\/www.gaveanews.com\/index.php\/2025\/03\/13\/botafogo-encaminha-renovacao-com-titular-ate-2028\/\" \/>\n<meta property=\"og:site_name\" content=\"G\u00e1vea News\" \/>\n<meta property=\"article:publisher\" content=\"https:\/\/facebook.com\/gaveaNews\/\" \/>\n<meta property=\"article:published_time\" content=\"2025-03-13T18:55:00+00:00\" \/>\n<meta property=\"og:image\" content=\"https:\/\/www.gaveanews.com\/wp-content\/uploads\/Escudo-do-Botafogo.webp\" \/>\n\t<meta property=\"og:image:width\" content=\"1053\" \/>\n\t<meta property=\"og:image:height\" content=\"702\" \/>\n\t<meta property=\"og:image:type\" content=\"image\/webp\" \/>\n<meta name=\"author\" content=\"Matheus Felipe\" \/>\n<meta name=\"twitter:card\" content=\"summary_large_image\" \/>\n<meta name=\"twitter:label1\" content=\"Escrito por\" \/>\n\t<meta name=\"twitter:data1\" content=\"Matheus Felipe\" \/>\n\t<meta name=\"twitter:label2\" content=\"Est. tempo de leitura\" \/>\n\t<meta name=\"twitter:data2\" content=\"3 minutos\" \/>\n<script type=\"application\/ld+json\" class=\"yoast-schema-graph\">{\"@context\":\"https:\/\/schema.org\",\"@graph\":[{\"@type\":\"NewsArticle\",\"@id\":\"https:\/\/www.gaveanews.com\/index.php\/2025\/03\/13\/botafogo-encaminha-renovacao-com-titular-ate-2028\/#article\",\"isPartOf\":{\"@id\":\"https:\/\/www.gaveanews.com\/index.php\/2025\/03\/13\/botafogo-encaminha-renovacao-com-titular-ate-2028\/\"},\"author\":{\"name\":\"Matheus Felipe\",\"@id\":\"https:\/\/www.gaveanews.com\/#\/schema\/person\/8207cd4627f56151707418bfc835b2fb\"},\"headline\":\"Botafogo encaminha renova\u00e7\u00e3o com titular at\u00e9 2028\",\"datePublished\":\"2025-03-13T18:55:00+00:00\",\"mainEntityOfPage\":{\"@id\":\"https:\/\/www.gaveanews.com\/index.php\/2025\/03\/13\/botafogo-encaminha-renovacao-com-titular-ate-2028\/\"},\"wordCount\":349,\"commentCount\":0,\"image\":{\"@id\":\"https:\/\/www.gaveanews.com\/index.php\/2025\/03\/13\/botafogo-encaminha-renovacao-com-titular-ate-2028\/#primaryimage\"},\"thumbnailUrl\":\"https:\/\/www.gaveanews.com\/wp-content\/uploads\/Escudo-do-Botafogo.webp\",\"articleSection\":[\"Botafogo\"],\"inLanguage\":\"pt-BR\",\"potentialAction\":[{\"@type\":\"CommentAction\",\"name\":\"Comment\",\"target\":[\"https:\/\/www.gaveanews.com\/index.php\/2025\/03\/13\/botafogo-encaminha-renovacao-com-titular-ate-2028\/#respond\"]}],\"copyrightYear\":\"2025\",\"copyrightHolder\":{\"@id\":\"https:\/\/www.gaveanews.com\/#organization\"}},{\"@type\":\"WebPage\",\"@id\":\"https:\/\/www.gaveanews.com\/index.php\/2025\/03\/13\/botafogo-encaminha-renovacao-com-titular-ate-2028\/\",\"url\":\"https:\/\/www.gaveanews.com\/index.php\/2025\/03\/13\/botafogo-encaminha-renovacao-com-titular-ate-2028\/\",\"name\":\"Botafogo encaminha renova\u00e7\u00e3o com titular at\u00e9 2028\",\"isPartOf\":{\"@id\":\"https:\/\/www.gaveanews.com\/#website\"},\"primaryImageOfPage\":{\"@id\":\"https:\/\/www.gaveanews.com\/index.php\/2025\/03\/13\/botafogo-encaminha-renovacao-com-titular-ate-2028\/#primaryimage\"},\"image\":{\"@id\":\"https:\/\/www.gaveanews.com\/index.php\/2025\/03\/13\/botafogo-encaminha-renovacao-com-titular-ate-2028\/#primaryimage\"},\"thumbnailUrl\":\"https:\/\/www.gaveanews.com\/wp-content\/uploads\/Escudo-do-Botafogo.webp\",\"datePublished\":\"2025-03-13T18:55:00+00:00\",\"author\":{\"@id\":\"https:\/\/www.gaveanews.com\/#\/schema\/person\/8207cd4627f56151707418bfc835b2fb\"},\"breadcrumb\":{\"@id\":\"https:\/\/www.gaveanews.com\/index.php\/2025\/03\/13\/botafogo-encaminha-renovacao-com-titular-ate-2028\/#breadcrumb\"},\"inLanguage\":\"pt-BR\",\"potentialAction\":[{\"@type\":\"ReadAction\",\"target\":[\"https:\/\/www.gaveanews.com\/index.php\/2025\/03\/13\/botafogo-encaminha-renovacao-com-titular-ate-2028\/\"]}]},{\"@type\":\"ImageObject\",\"inLanguage\":\"pt-BR\",\"@id\":\"https:\/\/www.gaveanews.com\/index.php\/2025\/03\/13\/botafogo-encaminha-renovacao-com-titular-ate-2028\/#primaryimage\",\"url\":\"https:\/\/www.gaveanews.com\/wp-content\/uploads\/Escudo-do-Botafogo.webp\",\"contentUrl\":\"https:\/\/www.gaveanews.com\/wp-content\/uploads\/Escudo-do-Botafogo.webp\",\"width\":1053,\"height\":702,\"caption\":\"Escudo do Botafogo (Foto: Reprodu\u00e7\u00e3o\/Botafogo)\"},{\"@type\":\"BreadcrumbList\",\"@id\":\"https:\/\/www.gaveanews.com\/index.php\/2025\/03\/13\/botafogo-encaminha-renovacao-com-titular-ate-2028\/#breadcrumb\",\"itemListElement\":[{\"@type\":\"ListItem\",\"position\":1,\"name\":\"Home\",\"item\":\"https:\/\/www.gaveanews.com\/\"},{\"@type\":\"ListItem\",\"position\":2,\"name\":\"Botafogo encaminha renova\u00e7\u00e3o com titular at\u00e9 2028\"}]},{\"@type\":\"WebSite\",\"@id\":\"https:\/\/www.gaveanews.com\/#website\",\"url\":\"https:\/\/www.gaveanews.com\/\",\"name\":\"G\u00e1vea News\",\"description\":\"Veja todas as not\u00edcias sobre o Flamengo: Contrata\u00e7\u00f5es, categorias de base, resultados das partidas, tabela de classifica\u00e7\u00e3o, pr\u00f3ximos jogos!\",\"potentialAction\":[{\"@type\":\"SearchAction\",\"target\":{\"@type\":\"EntryPoint\",\"urlTemplate\":\"https:\/\/www.gaveanews.com\/?s={search_term_string}\"},\"query-input\":{\"@type\":\"PropertyValueSpecification\",\"valueRequired\":true,\"valueName\":\"search_term_string\"}}],\"inLanguage\":\"pt-BR\"},{\"@type\":\"Person\",\"@id\":\"https:\/\/www.gaveanews.com\/#\/schema\/person\/8207cd4627f56151707418bfc835b2fb\",\"name\":\"Matheus Felipe\",\"image\":{\"@type\":\"ImageObject\",\"inLanguage\":\"pt-BR\",\"@id\":\"https:\/\/www.gaveanews.com\/#\/schema\/person\/image\/\",\"url\":\"https:\/\/secure.gravatar.com\/avatar\/a452ffbed9130f726358b298bb3a99ce4bd3c5338411f8440e87e14d74c7c087?s=96&d=mm&r=g\",\"contentUrl\":\"https:\/\/secure.gravatar.com\/avatar\/a452ffbed9130f726358b298bb3a99ce4bd3c5338411f8440e87e14d74c7c087?s=96&d=mm&r=g\",\"caption\":\"Matheus Felipe\"}}]}<\/script>\n<!-- \/ Yoast SEO Premium plugin. -->","yoast_head_json":{"title":"Botafogo encaminha renova\u00e7\u00e3o com titular at\u00e9 2028","robots":{"index":"index","follow":"follow","max-snippet":"max-snippet:-1","max-image-preview":"max-image-preview:large","max-video-preview":"max-video-preview:-1"},"canonical":"https:\/\/www.gaveanews.com\/index.php\/2025\/03\/13\/botafogo-encaminha-renovacao-com-titular-ate-2028\/","og_locale":"pt_BR","og_type":"article","og_title":"Botafogo encaminha renova\u00e7\u00e3o com titular at\u00e9 2028","og_description":"O Botafogo est\u00e1 pr\u00f3ximo de oficializar a renova\u00e7\u00e3o contratual do volante Gregore, pe\u00e7a fundamental na conquista do Campeonato Brasileiro da \u00faltima temporada. O novo v\u00ednculo do jogador deve se estender at\u00e9 2028, garantindo sua perman\u00eancia no clube por mais tr\u00eas anos al\u00e9m do contrato atual, que iria at\u00e9 o final de 2025. Gregore foi um [&hellip;]","og_url":"https:\/\/www.gaveanews.com\/index.php\/2025\/03\/13\/botafogo-encaminha-renovacao-com-titular-ate-2028\/","og_site_name":"G\u00e1vea News","article_publisher":"https:\/\/facebook.com\/gaveaNews\/","article_published_time":"2025-03-13T18:55:00+00:00","og_image":[{"width":1053,"height":702,"url":"https:\/\/www.gaveanews.com\/wp-content\/uploads\/Escudo-do-Botafogo.webp","type":"image\/webp"}],"author":"Matheus Felipe","twitter_card":"summary_large_image","twitter_misc":{"Escrito por":"Matheus Felipe","Est. tempo de leitura":"3 minutos"},"schema":{"@context":"https:\/\/schema.org","@graph":[{"@type":"NewsArticle","@id":"https:\/\/www.gaveanews.com\/index.php\/2025\/03\/13\/botafogo-encaminha-renovacao-com-titular-ate-2028\/#article","isPartOf":{"@id":"https:\/\/www.gaveanews.com\/index.php\/2025\/03\/13\/botafogo-encaminha-renovacao-com-titular-ate-2028\/"},"author":{"name":"Matheus Felipe","@id":"https:\/\/www.gaveanews.com\/#\/schema\/person\/8207cd4627f56151707418bfc835b2fb"},"headline":"Botafogo encaminha renova\u00e7\u00e3o com titular at\u00e9 2028","datePublished":"2025-03-13T18:55:00+00:00","mainEntityOfPage":{"@id":"https:\/\/www.gaveanews.com\/index.php\/2025\/03\/13\/botafogo-encaminha-renovacao-com-titular-ate-2028\/"},"wordCount":349,"commentCount":0,"image":{"@id":"https:\/\/www.gaveanews.com\/index.php\/2025\/03\/13\/botafogo-encaminha-renovacao-com-titular-ate-2028\/#primaryimage"},"thumbnailUrl":"https:\/\/www.gaveanews.com\/wp-content\/uploads\/Escudo-do-Botafogo.webp","articleSection":["Botafogo"],"inLanguage":"pt-BR","potentialAction":[{"@type":"CommentAction","name":"Comment","target":["https:\/\/www.gaveanews.com\/index.php\/2025\/03\/13\/botafogo-encaminha-renovacao-com-titular-ate-2028\/#respond"]}],"copyrightYear":"2025","copyrightHolder":{"@id":"https:\/\/www.gaveanews.com\/#organization"}},{"@type":"WebPage","@id":"https:\/\/www.gaveanews.com\/index.php\/2025\/03\/13\/botafogo-encaminha-renovacao-com-titular-ate-2028\/","url":"https:\/\/www.gaveanews.com\/index.php\/2025\/03\/13\/botafogo-encaminha-renovacao-com-titular-ate-2028\/","name":"Botafogo encaminha renova\u00e7\u00e3o com titular at\u00e9 2028","isPartOf":{"@id":"https:\/\/www.gaveanews.com\/#website"},"primaryImageOfPage":{"@id":"https:\/\/www.gaveanews.com\/index.php\/2025\/03\/13\/botafogo-encaminha-renovacao-com-titular-ate-2028\/#primaryimage"},"image":{"@id":"https:\/\/www.gaveanews.com\/index.php\/2025\/03\/13\/botafogo-encaminha-renovacao-com-titular-ate-2028\/#primaryimage"},"thumbnailUrl":"https:\/\/www.gaveanews.com\/wp-content\/uploads\/Escudo-do-Botafogo.webp","datePublished":"2025-03-13T18:55:00+00:00","author":{"@id":"https:\/\/www.gaveanews.com\/#\/schema\/person\/8207cd4627f56151707418bfc835b2fb"},"breadcrumb":{"@id":"https:\/\/www.gaveanews.com\/index.php\/2025\/03\/13\/botafogo-encaminha-renovacao-com-titular-ate-2028\/#breadcrumb"},"inLanguage":"pt-BR","potentialAction":[{"@type":"ReadAction","target":["https:\/\/www.gaveanews.com\/index.php\/2025\/03\/13\/botafogo-encaminha-renovacao-com-titular-ate-2028\/"]}]},{"@type":"ImageObject","inLanguage":"pt-BR","@id":"https:\/\/www.gaveanews.com\/index.php\/2025\/03\/13\/botafogo-encaminha-renovacao-com-titular-ate-2028\/#primaryimage","url":"https:\/\/www.gaveanews.com\/wp-content\/uploads\/Escudo-do-Botafogo.webp","contentUrl":"https:\/\/www.gaveanews.com\/wp-content\/uploads\/Escudo-do-Botafogo.webp","width":1053,"height":702,"caption":"Escudo do Botafogo (Foto: Reprodu\u00e7\u00e3o\/Botafogo)"},{"@type":"BreadcrumbList","@id":"https:\/\/www.gaveanews.com\/index.php\/2025\/03\/13\/botafogo-encaminha-renovacao-com-titular-ate-2028\/#breadcrumb","itemListElement":[{"@type":"ListItem","position":1,"name":"Home","item":"https:\/\/www.gaveanews.com\/"},{"@type":"ListItem","position":2,"name":"Botafogo encaminha renova\u00e7\u00e3o com titular at\u00e9 2028"}]},{"@type":"WebSite","@id":"https:\/\/www.gaveanews.com\/#website","url":"https:\/\/www.gaveanews.com\/","name":"G\u00e1vea News","description":"Veja todas as not\u00edcias sobre o Flamengo: Contrata\u00e7\u00f5es, categorias de base, resultados das partidas, tabela de classifica\u00e7\u00e3o, pr\u00f3ximos jogos!","potentialAction":[{"@type":"SearchAction","target":{"@type":"EntryPoint","urlTemplate":"https:\/\/www.gaveanews.com\/?s={search_term_string}"},"query-input":{"@type":"PropertyValueSpecification","valueRequired":true,"valueName":"search_term_string"}}],"inLanguage":"pt-BR"},{"@type":"Person","@id":"https:\/\/www.gaveanews.com\/#\/schema\/person\/8207cd4627f56151707418bfc835b2fb","name":"Matheus Felipe","image":{"@type":"ImageObject","inLanguage":"pt-BR","@id":"https:\/\/www.gaveanews.com\/#\/schema\/person\/image\/","url":"https:\/\/secure.gravatar.com\/avatar\/a452ffbed9130f726358b298bb3a99ce4bd3c5338411f8440e87e14d74c7c087?s=96&d=mm&r=g","contentUrl":"https:\/\/secure.gravatar.com\/avatar\/a452ffbed9130f726358b298bb3a99ce4bd3c5338411f8440e87e14d74c7c087?s=96&d=mm&r=g","caption":"Matheus Felipe"}}]}},"_links":{"self":[{"href":"https:\/\/www.gaveanews.com\/index.php\/wp-json\/wp\/v2\/posts\/239580","targetHints":{"allow":["GET"]}}],"collection":[{"href":"https:\/\/www.gaveanews.com\/index.php\/wp-json\/wp\/v2\/posts"}],"about":[{"href":"https:\/\/www.gaveanews.com\/index.php\/wp-json\/wp\/v2\/types\/post"}],"author":[{"embeddable":true,"href":"https:\/\/www.gaveanews.com\/index.php\/wp-json\/wp\/v2\/users\/27"}],"replies":[{"embeddable":true,"href":"https:\/\/www.gaveanews.com\/index.php\/wp-json\/wp\/v2\/comments?post=239580"}],"version-history":[{"count":1,"href":"https:\/\/www.gaveanews.com\/index.php\/wp-json\/wp\/v2\/posts\/239580\/revisions"}],"predecessor-version":[{"id":239582,"href":"https:\/\/www.gaveanews.com\/index.php\/wp-json\/wp\/v2\/posts\/239580\/revisions\/239582"}],"wp:featuredmedia":[{"embeddable":true,"href":"https:\/\/www.gaveanews.com\/index.php\/wp-json\/wp\/v2\/media\/156132"}],"wp:attachment":[{"href":"https:\/\/www.gaveanews.com\/index.php\/wp-json\/wp\/v2\/media?parent=239580"}],"wp:term":[{"taxonomy":"category","embeddable":true,"href":"https:\/\/www.gaveanews.com\/index.php\/wp-json\/wp\/v2\/categories?post=239580"},{"taxonomy":"post_tag","embeddable":true,"href":"https:\/\/www.gaveanews.com\/index.php\/wp-json\/wp\/v2\/tags?post=239580"}],"curies":[{"name":"wp","href":"https:\/\/api.w.org\/{rel}","templated":true}]}}