{"id":239602,"date":"2025-03-13T16:45:00","date_gmt":"2025-03-13T19:45:00","guid":{"rendered":"https:\/\/www.gaveanews.com\/?p=239602"},"modified":"2025-03-13T15:31:09","modified_gmt":"2025-03-13T18:31:09","slug":"augusto-melo-e-sincero-ao-falar-sobre-o-futuro-de-ramon-diaz","status":"publish","type":"post","link":"https:\/\/www.gaveanews.com\/index.php\/2025\/03\/13\/augusto-melo-e-sincero-ao-falar-sobre-o-futuro-de-ramon-diaz\/","title":{"rendered":"Augusto Melo \u00e9 sincero ao falar sobre o futuro de Ramon Diaz"},"content":{"rendered":"\n<p>Ap\u00f3s a elimina\u00e7\u00e3o do Corinthians na 3\u00aa fase da CONMEBOL Libertadores, o presidente do clube, Augusto Melo, demonstrou insatisfa\u00e7\u00e3o com a arbitragem da partida contra o Barcelona-EQU, apesar da vit\u00f3ria por 2 a 0.&nbsp;<\/p>\n\n\n\n<p>Em uma entrevista franca ap\u00f3s o jogo, Melo deixou claro que tomar\u00e1 provid\u00eancias com a Conmebol sobre a postura do \u00e1rbitro, principalmente com rela\u00e7\u00e3o \u00e0 cera feita pelos jogadores equatorianos.<\/p>\n\n\n\n<h2 class=\"wp-block-heading\" id=\"h-criticas-a-arbitragem-e-possivel-mudanca-na-regra\">Cr\u00edticas \u00e0 arbitragem e poss\u00edvel mudan\u00e7a na regra<\/h2>\n\n\n\n<p>De acordo com o mandat\u00e1rio corinthiano, a situa\u00e7\u00e3o foi inaceit\u00e1vel, principalmente quando um jogador do time advers\u00e1rio caiu na \u00e1rea pedindo maca e logo se levantou.&nbsp;<\/p>\n\n\n\n<p>&#8220;Fico chateado com a forma que a arbitragem saiu, semana que vem estou na Conmebol, vamos falar sobre isso, vou reclamar. Essa regra tem que mudar urgentemente. Imposs\u00edvel um jogador cair na \u00e1rea, pedir a maca e na hora levanta&#8230; o juiz n\u00e3o faz nada, n\u00e3o toma atitude. Tem que tomar atitude&#8221;, afirmou Melo, que promete buscar solu\u00e7\u00f5es para evitar essa pr\u00e1tica em futuras competi\u00e7\u00f5es.<\/p>\n\n\n\n<p>Al\u00e9m disso, o presidente destacou que ser\u00e1 necess\u00e1rio repensar as regras para garantir que atitudes como essa n\u00e3o prejudiquem o andamento do jogo. Dessa maneira, a cobran\u00e7a ser\u00e1 feita para que a arbitragem tome uma postura mais rigorosa em rela\u00e7\u00e3o a situa\u00e7\u00f5es de simula\u00e7\u00e3o e cera.<\/p>\n\n\n\n<h2 class=\"wp-block-heading\" id=\"h-o-futuro-de-ramon-diaz-no-comando-do-corinthians\">O futuro de Ram\u00f3n D\u00edaz no comando do Corinthians<\/h2>\n\n\n\n<p>Quando questionado sobre a continuidade de Ram\u00f3n D\u00edaz como t\u00e9cnico do Corinthians, Augusto Melo manteve um tom de confian\u00e7a no trabalho do treinador.&nbsp;<\/p>\n\n\n\n<p>&#8220;\u00c9 o treinador, tem contrato at\u00e9 o final do ano, o trabalho \u00e9 bem avaliado. Futebol \u00e9 isso, tem dia que n\u00e3o d\u00e1 certo. N\u00e3o conseguimos os gols que quer\u00edamos. Estamos avaliando direitinho e vamos avaliar melhor no final do ano&#8221;, declarou o presidente.<\/p>\n\n\n\n<p>Portanto, fica claro que, apesar da elimina\u00e7\u00e3o precoce, a avalia\u00e7\u00e3o sobre o trabalho de D\u00edaz n\u00e3o ser\u00e1 apressada, e o clube segue comprometido com a an\u00e1lise completa ao final da temporada.<\/p>\n\n\n\n<iframe loading=\"lazy\" width=\"640\" height=\"360\" src=\"https:\/\/www.espn.com.br\/core\/video\/iframe\/_\/id\/14907699\/endcard\/false\" allowfullscreen frameborder=\"0\"><\/iframe>\n\n\n\n<h2 class=\"wp-block-heading\" id=\"h-o-foco-agora-e-a-sul-americana\">O foco agora \u00e9 a Sul-Americana<\/h2>\n\n\n\n<p>Com a elimina\u00e7\u00e3o da Libertadores, o Corinthians agora tem que se preparar para a CONMEBOL Sul-Americana. O sorteio da fase de grupos acontece na pr\u00f3xima segunda-feira (17), \u00e0s 20h (de Bras\u00edlia). Dessa maneira, a equipe tenta encontrar seu caminho em uma nova competi\u00e7\u00e3o continental.<\/p>\n\n\n\n<p>Vale destacar que o Campeonato Paulista tamb\u00e9m est\u00e1 em andamento, com confrontos importantes programados para o m\u00eas de mar\u00e7o, incluindo um cl\u00e1ssico contra o Palmeiras no dia 16 e o retorno no dia 27.<\/p>\n","protected":false},"excerpt":{"rendered":"<p>Ap\u00f3s a elimina\u00e7\u00e3o do Corinthians na 3\u00aa fase da CONMEBOL Libertadores, o presidente do clube, Augusto Melo, demonstrou insatisfa\u00e7\u00e3o com a arbitragem da partida contra o Barcelona-EQU, apesar da vit\u00f3ria por 2 a 0.&nbsp; Em uma entrevista franca ap\u00f3s o jogo, Melo deixou claro que tomar\u00e1 provid\u00eancias com a Conmebol sobre a postura do \u00e1rbitro, [&hellip;]<\/p>\n","protected":false},"author":24,"featured_media":145590,"comment_status":"open","ping_status":"closed","sticky":false,"template":"","format":"standard","meta":{"footnotes":""},"categories":[141],"tags":[],"class_list":["post-239602","post","type-post","status-publish","format-standard","has-post-thumbnail","hentry","category-corinthians"],"yoast_head":"<!-- This site is optimized with the Yoast SEO Premium plugin v24.2 (Yoast SEO v26.9) - https:\/\/yoast.com\/product\/yoast-seo-premium-wordpress\/ -->\n<title>Augusto Melo \u00e9 sincero ao falar sobre o futuro de Ramon Diaz<\/title>\n<meta name=\"robots\" content=\"index, follow, max-snippet:-1, max-image-preview:large, max-video-preview:-1\" \/>\n<link rel=\"canonical\" href=\"https:\/\/www.gaveanews.com\/index.php\/2025\/03\/13\/augusto-melo-e-sincero-ao-falar-sobre-o-futuro-de-ramon-diaz\/\" \/>\n<meta property=\"og:locale\" content=\"pt_BR\" \/>\n<meta property=\"og:type\" content=\"article\" \/>\n<meta property=\"og:title\" content=\"Augusto Melo \u00e9 sincero ao falar sobre o futuro de Ramon Diaz\" \/>\n<meta property=\"og:description\" content=\"Ap\u00f3s a elimina\u00e7\u00e3o do Corinthians na 3\u00aa fase da CONMEBOL Libertadores, o presidente do clube, Augusto Melo, demonstrou insatisfa\u00e7\u00e3o com a arbitragem da partida contra o Barcelona-EQU, apesar da vit\u00f3ria por 2 a 0.&nbsp; Em uma entrevista franca ap\u00f3s o jogo, Melo deixou claro que tomar\u00e1 provid\u00eancias com a Conmebol sobre a postura do \u00e1rbitro, [&hellip;]\" \/>\n<meta property=\"og:url\" content=\"https:\/\/www.gaveanews.com\/index.php\/2025\/03\/13\/augusto-melo-e-sincero-ao-falar-sobre-o-futuro-de-ramon-diaz\/\" \/>\n<meta property=\"og:site_name\" content=\"G\u00e1vea News\" \/>\n<meta property=\"article:publisher\" content=\"https:\/\/facebook.com\/gaveaNews\/\" \/>\n<meta property=\"article:published_time\" content=\"2025-03-13T19:45:00+00:00\" \/>\n<meta property=\"og:image\" content=\"https:\/\/www.gaveanews.com\/wp-content\/uploads\/Augusto-Melo-durante-coletiva-de-imprensa-do-Corinthians.webp\" \/>\n\t<meta property=\"og:image:width\" content=\"1920\" \/>\n\t<meta property=\"og:image:height\" content=\"1080\" \/>\n\t<meta property=\"og:image:type\" content=\"image\/jpeg\" \/>\n<meta name=\"author\" content=\"Leandro Cardoso\" \/>\n<meta name=\"twitter:card\" content=\"summary_large_image\" \/>\n<meta name=\"twitter:label1\" content=\"Escrito por\" \/>\n\t<meta name=\"twitter:data1\" content=\"Leandro Cardoso\" \/>\n\t<meta name=\"twitter:label2\" content=\"Est. tempo de leitura\" \/>\n\t<meta name=\"twitter:data2\" content=\"3 minutos\" \/>\n<script type=\"application\/ld+json\" class=\"yoast-schema-graph\">{\"@context\":\"https:\/\/schema.org\",\"@graph\":[{\"@type\":\"NewsArticle\",\"@id\":\"https:\/\/www.gaveanews.com\/index.php\/2025\/03\/13\/augusto-melo-e-sincero-ao-falar-sobre-o-futuro-de-ramon-diaz\/#article\",\"isPartOf\":{\"@id\":\"https:\/\/www.gaveanews.com\/index.php\/2025\/03\/13\/augusto-melo-e-sincero-ao-falar-sobre-o-futuro-de-ramon-diaz\/\"},\"author\":{\"name\":\"Leandro Cardoso\",\"@id\":\"https:\/\/www.gaveanews.com\/#\/schema\/person\/2424ec6409bc3f068411fc5e4e9b6168\"},\"headline\":\"Augusto Melo \u00e9 sincero ao falar sobre o futuro de Ramon Diaz\",\"datePublished\":\"2025-03-13T19:45:00+00:00\",\"mainEntityOfPage\":{\"@id\":\"https:\/\/www.gaveanews.com\/index.php\/2025\/03\/13\/augusto-melo-e-sincero-ao-falar-sobre-o-futuro-de-ramon-diaz\/\"},\"wordCount\":451,\"commentCount\":0,\"image\":{\"@id\":\"https:\/\/www.gaveanews.com\/index.php\/2025\/03\/13\/augusto-melo-e-sincero-ao-falar-sobre-o-futuro-de-ramon-diaz\/#primaryimage\"},\"thumbnailUrl\":\"https:\/\/www.gaveanews.com\/wp-content\/uploads\/Augusto-Melo-durante-coletiva-de-imprensa-do-Corinthians.webp\",\"articleSection\":[\"Corinthians\"],\"inLanguage\":\"pt-BR\",\"potentialAction\":[{\"@type\":\"CommentAction\",\"name\":\"Comment\",\"target\":[\"https:\/\/www.gaveanews.com\/index.php\/2025\/03\/13\/augusto-melo-e-sincero-ao-falar-sobre-o-futuro-de-ramon-diaz\/#respond\"]}],\"copyrightYear\":\"2025\",\"copyrightHolder\":{\"@id\":\"https:\/\/www.gaveanews.com\/#organization\"}},{\"@type\":\"WebPage\",\"@id\":\"https:\/\/www.gaveanews.com\/index.php\/2025\/03\/13\/augusto-melo-e-sincero-ao-falar-sobre-o-futuro-de-ramon-diaz\/\",\"url\":\"https:\/\/www.gaveanews.com\/index.php\/2025\/03\/13\/augusto-melo-e-sincero-ao-falar-sobre-o-futuro-de-ramon-diaz\/\",\"name\":\"Augusto Melo \u00e9 sincero ao falar sobre o futuro de Ramon Diaz\",\"isPartOf\":{\"@id\":\"https:\/\/www.gaveanews.com\/#website\"},\"primaryImageOfPage\":{\"@id\":\"https:\/\/www.gaveanews.com\/index.php\/2025\/03\/13\/augusto-melo-e-sincero-ao-falar-sobre-o-futuro-de-ramon-diaz\/#primaryimage\"},\"image\":{\"@id\":\"https:\/\/www.gaveanews.com\/index.php\/2025\/03\/13\/augusto-melo-e-sincero-ao-falar-sobre-o-futuro-de-ramon-diaz\/#primaryimage\"},\"thumbnailUrl\":\"https:\/\/www.gaveanews.com\/wp-content\/uploads\/Augusto-Melo-durante-coletiva-de-imprensa-do-Corinthians.webp\",\"datePublished\":\"2025-03-13T19:45:00+00:00\",\"author\":{\"@id\":\"https:\/\/www.gaveanews.com\/#\/schema\/person\/2424ec6409bc3f068411fc5e4e9b6168\"},\"breadcrumb\":{\"@id\":\"https:\/\/www.gaveanews.com\/index.php\/2025\/03\/13\/augusto-melo-e-sincero-ao-falar-sobre-o-futuro-de-ramon-diaz\/#breadcrumb\"},\"inLanguage\":\"pt-BR\",\"potentialAction\":[{\"@type\":\"ReadAction\",\"target\":[\"https:\/\/www.gaveanews.com\/index.php\/2025\/03\/13\/augusto-melo-e-sincero-ao-falar-sobre-o-futuro-de-ramon-diaz\/\"]}]},{\"@type\":\"ImageObject\",\"inLanguage\":\"pt-BR\",\"@id\":\"https:\/\/www.gaveanews.com\/index.php\/2025\/03\/13\/augusto-melo-e-sincero-ao-falar-sobre-o-futuro-de-ramon-diaz\/#primaryimage\",\"url\":\"https:\/\/www.gaveanews.com\/wp-content\/uploads\/Augusto-Melo-durante-coletiva-de-imprensa-do-Corinthians.webp\",\"contentUrl\":\"https:\/\/www.gaveanews.com\/wp-content\/uploads\/Augusto-Melo-durante-coletiva-de-imprensa-do-Corinthians.webp\",\"width\":1920,\"height\":1080,\"caption\":\"Augusto Melo durante coletiva de imprensa do Corinthians (Foto: Rodrigo Coca\/ Corinthians)\"},{\"@type\":\"BreadcrumbList\",\"@id\":\"https:\/\/www.gaveanews.com\/index.php\/2025\/03\/13\/augusto-melo-e-sincero-ao-falar-sobre-o-futuro-de-ramon-diaz\/#breadcrumb\",\"itemListElement\":[{\"@type\":\"ListItem\",\"position\":1,\"name\":\"Home\",\"item\":\"https:\/\/www.gaveanews.com\/\"},{\"@type\":\"ListItem\",\"position\":2,\"name\":\"Augusto Melo \u00e9 sincero ao falar sobre o futuro de Ramon Diaz\"}]},{\"@type\":\"WebSite\",\"@id\":\"https:\/\/www.gaveanews.com\/#website\",\"url\":\"https:\/\/www.gaveanews.com\/\",\"name\":\"G\u00e1vea News\",\"description\":\"Veja todas as not\u00edcias sobre o Flamengo: Contrata\u00e7\u00f5es, categorias de base, resultados das partidas, tabela de classifica\u00e7\u00e3o, pr\u00f3ximos jogos!\",\"potentialAction\":[{\"@type\":\"SearchAction\",\"target\":{\"@type\":\"EntryPoint\",\"urlTemplate\":\"https:\/\/www.gaveanews.com\/?s={search_term_string}\"},\"query-input\":{\"@type\":\"PropertyValueSpecification\",\"valueRequired\":true,\"valueName\":\"search_term_string\"}}],\"inLanguage\":\"pt-BR\"},{\"@type\":\"Person\",\"@id\":\"https:\/\/www.gaveanews.com\/#\/schema\/person\/2424ec6409bc3f068411fc5e4e9b6168\",\"name\":\"Leandro Cardoso\",\"image\":{\"@type\":\"ImageObject\",\"inLanguage\":\"pt-BR\",\"@id\":\"https:\/\/www.gaveanews.com\/#\/schema\/person\/image\/\",\"url\":\"https:\/\/secure.gravatar.com\/avatar\/8ca179f9b55eefe9f376f5493ef25475bfa59fbc28ce937f6076ce20e523098f?s=96&d=mm&r=g\",\"contentUrl\":\"https:\/\/secure.gravatar.com\/avatar\/8ca179f9b55eefe9f376f5493ef25475bfa59fbc28ce937f6076ce20e523098f?s=96&d=mm&r=g\",\"caption\":\"Leandro Cardoso\"}}]}<\/script>\n<!-- \/ Yoast SEO Premium plugin. -->","yoast_head_json":{"title":"Augusto Melo \u00e9 sincero ao falar sobre o futuro de Ramon Diaz","robots":{"index":"index","follow":"follow","max-snippet":"max-snippet:-1","max-image-preview":"max-image-preview:large","max-video-preview":"max-video-preview:-1"},"canonical":"https:\/\/www.gaveanews.com\/index.php\/2025\/03\/13\/augusto-melo-e-sincero-ao-falar-sobre-o-futuro-de-ramon-diaz\/","og_locale":"pt_BR","og_type":"article","og_title":"Augusto Melo \u00e9 sincero ao falar sobre o futuro de Ramon Diaz","og_description":"Ap\u00f3s a elimina\u00e7\u00e3o do Corinthians na 3\u00aa fase da CONMEBOL Libertadores, o presidente do clube, Augusto Melo, demonstrou insatisfa\u00e7\u00e3o com a arbitragem da partida contra o Barcelona-EQU, apesar da vit\u00f3ria por 2 a 0.&nbsp; Em uma entrevista franca ap\u00f3s o jogo, Melo deixou claro que tomar\u00e1 provid\u00eancias com a Conmebol sobre a postura do \u00e1rbitro, [&hellip;]","og_url":"https:\/\/www.gaveanews.com\/index.php\/2025\/03\/13\/augusto-melo-e-sincero-ao-falar-sobre-o-futuro-de-ramon-diaz\/","og_site_name":"G\u00e1vea News","article_publisher":"https:\/\/facebook.com\/gaveaNews\/","article_published_time":"2025-03-13T19:45:00+00:00","og_image":[{"width":1920,"height":1080,"url":"https:\/\/www.gaveanews.com\/wp-content\/uploads\/Augusto-Melo-durante-coletiva-de-imprensa-do-Corinthians.webp","type":"image\/jpeg"}],"author":"Leandro Cardoso","twitter_card":"summary_large_image","twitter_misc":{"Escrito por":"Leandro Cardoso","Est. tempo de leitura":"3 minutos"},"schema":{"@context":"https:\/\/schema.org","@graph":[{"@type":"NewsArticle","@id":"https:\/\/www.gaveanews.com\/index.php\/2025\/03\/13\/augusto-melo-e-sincero-ao-falar-sobre-o-futuro-de-ramon-diaz\/#article","isPartOf":{"@id":"https:\/\/www.gaveanews.com\/index.php\/2025\/03\/13\/augusto-melo-e-sincero-ao-falar-sobre-o-futuro-de-ramon-diaz\/"},"author":{"name":"Leandro Cardoso","@id":"https:\/\/www.gaveanews.com\/#\/schema\/person\/2424ec6409bc3f068411fc5e4e9b6168"},"headline":"Augusto Melo \u00e9 sincero ao falar sobre o futuro de Ramon Diaz","datePublished":"2025-03-13T19:45:00+00:00","mainEntityOfPage":{"@id":"https:\/\/www.gaveanews.com\/index.php\/2025\/03\/13\/augusto-melo-e-sincero-ao-falar-sobre-o-futuro-de-ramon-diaz\/"},"wordCount":451,"commentCount":0,"image":{"@id":"https:\/\/www.gaveanews.com\/index.php\/2025\/03\/13\/augusto-melo-e-sincero-ao-falar-sobre-o-futuro-de-ramon-diaz\/#primaryimage"},"thumbnailUrl":"https:\/\/www.gaveanews.com\/wp-content\/uploads\/Augusto-Melo-durante-coletiva-de-imprensa-do-Corinthians.webp","articleSection":["Corinthians"],"inLanguage":"pt-BR","potentialAction":[{"@type":"CommentAction","name":"Comment","target":["https:\/\/www.gaveanews.com\/index.php\/2025\/03\/13\/augusto-melo-e-sincero-ao-falar-sobre-o-futuro-de-ramon-diaz\/#respond"]}],"copyrightYear":"2025","copyrightHolder":{"@id":"https:\/\/www.gaveanews.com\/#organization"}},{"@type":"WebPage","@id":"https:\/\/www.gaveanews.com\/index.php\/2025\/03\/13\/augusto-melo-e-sincero-ao-falar-sobre-o-futuro-de-ramon-diaz\/","url":"https:\/\/www.gaveanews.com\/index.php\/2025\/03\/13\/augusto-melo-e-sincero-ao-falar-sobre-o-futuro-de-ramon-diaz\/","name":"Augusto Melo \u00e9 sincero ao falar sobre o futuro de Ramon Diaz","isPartOf":{"@id":"https:\/\/www.gaveanews.com\/#website"},"primaryImageOfPage":{"@id":"https:\/\/www.gaveanews.com\/index.php\/2025\/03\/13\/augusto-melo-e-sincero-ao-falar-sobre-o-futuro-de-ramon-diaz\/#primaryimage"},"image":{"@id":"https:\/\/www.gaveanews.com\/index.php\/2025\/03\/13\/augusto-melo-e-sincero-ao-falar-sobre-o-futuro-de-ramon-diaz\/#primaryimage"},"thumbnailUrl":"https:\/\/www.gaveanews.com\/wp-content\/uploads\/Augusto-Melo-durante-coletiva-de-imprensa-do-Corinthians.webp","datePublished":"2025-03-13T19:45:00+00:00","author":{"@id":"https:\/\/www.gaveanews.com\/#\/schema\/person\/2424ec6409bc3f068411fc5e4e9b6168"},"breadcrumb":{"@id":"https:\/\/www.gaveanews.com\/index.php\/2025\/03\/13\/augusto-melo-e-sincero-ao-falar-sobre-o-futuro-de-ramon-diaz\/#breadcrumb"},"inLanguage":"pt-BR","potentialAction":[{"@type":"ReadAction","target":["https:\/\/www.gaveanews.com\/index.php\/2025\/03\/13\/augusto-melo-e-sincero-ao-falar-sobre-o-futuro-de-ramon-diaz\/"]}]},{"@type":"ImageObject","inLanguage":"pt-BR","@id":"https:\/\/www.gaveanews.com\/index.php\/2025\/03\/13\/augusto-melo-e-sincero-ao-falar-sobre-o-futuro-de-ramon-diaz\/#primaryimage","url":"https:\/\/www.gaveanews.com\/wp-content\/uploads\/Augusto-Melo-durante-coletiva-de-imprensa-do-Corinthians.webp","contentUrl":"https:\/\/www.gaveanews.com\/wp-content\/uploads\/Augusto-Melo-durante-coletiva-de-imprensa-do-Corinthians.webp","width":1920,"height":1080,"caption":"Augusto Melo durante coletiva de imprensa do Corinthians (Foto: Rodrigo Coca\/ Corinthians)"},{"@type":"BreadcrumbList","@id":"https:\/\/www.gaveanews.com\/index.php\/2025\/03\/13\/augusto-melo-e-sincero-ao-falar-sobre-o-futuro-de-ramon-diaz\/#breadcrumb","itemListElement":[{"@type":"ListItem","position":1,"name":"Home","item":"https:\/\/www.gaveanews.com\/"},{"@type":"ListItem","position":2,"name":"Augusto Melo \u00e9 sincero ao falar sobre o futuro de Ramon Diaz"}]},{"@type":"WebSite","@id":"https:\/\/www.gaveanews.com\/#website","url":"https:\/\/www.gaveanews.com\/","name":"G\u00e1vea News","description":"Veja todas as not\u00edcias sobre o Flamengo: Contrata\u00e7\u00f5es, categorias de base, resultados das partidas, tabela de classifica\u00e7\u00e3o, pr\u00f3ximos jogos!","potentialAction":[{"@type":"SearchAction","target":{"@type":"EntryPoint","urlTemplate":"https:\/\/www.gaveanews.com\/?s={search_term_string}"},"query-input":{"@type":"PropertyValueSpecification","valueRequired":true,"valueName":"search_term_string"}}],"inLanguage":"pt-BR"},{"@type":"Person","@id":"https:\/\/www.gaveanews.com\/#\/schema\/person\/2424ec6409bc3f068411fc5e4e9b6168","name":"Leandro Cardoso","image":{"@type":"ImageObject","inLanguage":"pt-BR","@id":"https:\/\/www.gaveanews.com\/#\/schema\/person\/image\/","url":"https:\/\/secure.gravatar.com\/avatar\/8ca179f9b55eefe9f376f5493ef25475bfa59fbc28ce937f6076ce20e523098f?s=96&d=mm&r=g","contentUrl":"https:\/\/secure.gravatar.com\/avatar\/8ca179f9b55eefe9f376f5493ef25475bfa59fbc28ce937f6076ce20e523098f?s=96&d=mm&r=g","caption":"Leandro Cardoso"}}]}},"_links":{"self":[{"href":"https:\/\/www.gaveanews.com\/index.php\/wp-json\/wp\/v2\/posts\/239602","targetHints":{"allow":["GET"]}}],"collection":[{"href":"https:\/\/www.gaveanews.com\/index.php\/wp-json\/wp\/v2\/posts"}],"about":[{"href":"https:\/\/www.gaveanews.com\/index.php\/wp-json\/wp\/v2\/types\/post"}],"author":[{"embeddable":true,"href":"https:\/\/www.gaveanews.com\/index.php\/wp-json\/wp\/v2\/users\/24"}],"replies":[{"embeddable":true,"href":"https:\/\/www.gaveanews.com\/index.php\/wp-json\/wp\/v2\/comments?post=239602"}],"version-history":[{"count":1,"href":"https:\/\/www.gaveanews.com\/index.php\/wp-json\/wp\/v2\/posts\/239602\/revisions"}],"predecessor-version":[{"id":239603,"href":"https:\/\/www.gaveanews.com\/index.php\/wp-json\/wp\/v2\/posts\/239602\/revisions\/239603"}],"wp:featuredmedia":[{"embeddable":true,"href":"https:\/\/www.gaveanews.com\/index.php\/wp-json\/wp\/v2\/media\/145590"}],"wp:attachment":[{"href":"https:\/\/www.gaveanews.com\/index.php\/wp-json\/wp\/v2\/media?parent=239602"}],"wp:term":[{"taxonomy":"category","embeddable":true,"href":"https:\/\/www.gaveanews.com\/index.php\/wp-json\/wp\/v2\/categories?post=239602"},{"taxonomy":"post_tag","embeddable":true,"href":"https:\/\/www.gaveanews.com\/index.php\/wp-json\/wp\/v2\/tags?post=239602"}],"curies":[{"name":"wp","href":"https:\/\/api.w.org\/{rel}","templated":true}]}}