{"id":239637,"date":"2025-03-13T19:00:00","date_gmt":"2025-03-13T22:00:00","guid":{"rendered":"https:\/\/www.gaveanews.com\/?p=239637"},"modified":"2025-03-13T16:53:54","modified_gmt":"2025-03-13T19:53:54","slug":"a-declaracao-de-rodrigo-garro-sobre-corinthians-x-palmeiras","status":"publish","type":"post","link":"https:\/\/www.gaveanews.com\/index.php\/2025\/03\/13\/a-declaracao-de-rodrigo-garro-sobre-corinthians-x-palmeiras\/","title":{"rendered":"A declara\u00e7\u00e3o de Rodrigo Garro sobre Corinthians x Palmeiras"},"content":{"rendered":"\n<p>Rodrigo Garro, meio-campista do Corinthians, comentou sobre a prepara\u00e7\u00e3o da equipe para a final do Campeonato Paulista contra o Palmeiras. A declara\u00e7\u00e3o ocorreu ap\u00f3s a elimina\u00e7\u00e3o precoce do time na Copa Libertadores. O jogador argentino ressaltou a necessidade de manter a calma e se concentrar no duelo decisivo.<\/p>\n\n\n\n<p>A grande decis\u00e3o ser\u00e1 disputada no domingo (16), \u00e0s 18h30 (hor\u00e1rio de Bras\u00edlia), no Allianz Parque. O Palmeiras garantiu vaga na final ao superar o S\u00e3o Paulo na fase semifinal, apresentando um desempenho convincente. J\u00e1 o Corinthians busca a recupera\u00e7\u00e3o ap\u00f3s o rev\u00e9s no torneio continental.<\/p>\n\n\n\n<figure class=\"wp-block-image size-large\"><img loading=\"lazy\" decoding=\"async\" width=\"1024\" height=\"682\" src=\"http:\/\/www.gaveanews.com\/wp-content\/uploads\/Escudo-do-Corinthians-na-Neo-Quimica-Arena-1024x682.webp\" alt=\"\" class=\"wp-image-154473\" srcset=\"https:\/\/www.gaveanews.com\/wp-content\/uploads\/Escudo-do-Corinthians-na-Neo-Quimica-Arena-1024x682.webp 1024w, https:\/\/www.gaveanews.com\/wp-content\/uploads\/Escudo-do-Corinthians-na-Neo-Quimica-Arena-300x200.webp 300w, https:\/\/www.gaveanews.com\/wp-content\/uploads\/Escudo-do-Corinthians-na-Neo-Quimica-Arena-768x511.webp 768w, https:\/\/www.gaveanews.com\/wp-content\/uploads\/Escudo-do-Corinthians-na-Neo-Quimica-Arena-631x420.webp 631w, https:\/\/www.gaveanews.com\/wp-content\/uploads\/Escudo-do-Corinthians-na-Neo-Quimica-Arena-1261x840.webp 1261w, https:\/\/www.gaveanews.com\/wp-content\/uploads\/Escudo-do-Corinthians-na-Neo-Quimica-Arena-640x426.webp 640w, https:\/\/www.gaveanews.com\/wp-content\/uploads\/Escudo-do-Corinthians-na-Neo-Quimica-Arena-1280x852.webp 1280w, https:\/\/www.gaveanews.com\/wp-content\/uploads\/Escudo-do-Corinthians-na-Neo-Quimica-Arena-681x454.webp 681w, https:\/\/www.gaveanews.com\/wp-content\/uploads\/Escudo-do-Corinthians-na-Neo-Quimica-Arena-1362x907.webp 1362w, https:\/\/www.gaveanews.com\/wp-content\/uploads\/Escudo-do-Corinthians-na-Neo-Quimica-Arena-100x67.webp 100w, https:\/\/www.gaveanews.com\/wp-content\/uploads\/Escudo-do-Corinthians-na-Neo-Quimica-Arena.webp 1440w\" sizes=\"auto, (max-width: 1024px) 100vw, 1024px\" \/><figcaption class=\"wp-element-caption\">Escudo do Corinthians na N\u00e9o Qu\u00edmica Arena (Foto Reprodu\u00e7\u00e3o\/Instagram)<\/figcaption><\/figure>\n\n\n\n<p>Garro destacou a import\u00e2ncia do trabalho e da prepara\u00e7\u00e3o para enfrentar o rival. \u201cTemos que manter a calma. \u00c9 trabalhar e nos preparar para a final que temos no domingo\u201d, afirmou o meio-campista. O jogador acredita que a equipe precisa entrar focada e evitar oscila\u00e7\u00f5es para buscar o t\u00edtulo estadual.<\/p>\n\n\n\n<p>O t\u00e9cnico do Palmeiras, Abel Ferreira, tamb\u00e9m comentou sobre o confronto e aproveitou para criticar o calend\u00e1rio do futebol brasileiro. O treinador portugu\u00eas expressou sua insatisfa\u00e7\u00e3o com a sequ\u00eancia de jogos e a proximidade com a Data FIFA, que pode impactar a prepara\u00e7\u00e3o dos times.<\/p>\n\n\n\n<p>Al\u00e9m disso, o Palmeiras teve uma preocupa\u00e7\u00e3o recente com Gustavo G\u00f3mez. O zagueiro sofreu uma les\u00e3o no ligamento colateral do joelho direito durante um treino e se tornou d\u00favida para a final. A aus\u00eancia do defensor paraguaio seria uma baixa importante para a equipe alviverde.<\/p>\n\n\n\n<p>Com a final se aproximando, as duas equipes intensificam seus treinamentos em busca da melhor forma para o confronto. O duelo promete ser disputado, com Corinthians e Palmeiras brigando por mais um t\u00edtulo do futebol paulista.<\/p>\n\n\n\n<p>Al\u00e9m do aspecto t\u00e9cnico, o fator emocional tamb\u00e9m pode influenciar no desempenho das equipes. O Palmeiras busca manter sua hegemonia recente no Estadual, enquanto o Corinthians tenta encerrar o jejum de t\u00edtulos e reafirmar sua for\u00e7a na competi\u00e7\u00e3o. A presen\u00e7a da torcida no Allianz Parque promete ser um combust\u00edvel extra para o time de Abel Ferreira.<\/p>\n","protected":false},"excerpt":{"rendered":"<p>Rodrigo Garro, meio-campista do Corinthians, comentou sobre a prepara\u00e7\u00e3o da equipe para a final do Campeonato Paulista contra o Palmeiras. A declara\u00e7\u00e3o ocorreu ap\u00f3s a elimina\u00e7\u00e3o precoce do time na Copa Libertadores. O jogador argentino ressaltou a necessidade de manter a calma e se concentrar no duelo decisivo. A grande decis\u00e3o ser\u00e1 disputada no domingo [&hellip;]<\/p>\n","protected":false},"author":33,"featured_media":161268,"comment_status":"open","ping_status":"closed","sticky":false,"template":"","format":"standard","meta":{"footnotes":""},"categories":[141,150],"tags":[],"class_list":["post-239637","post","type-post","status-publish","format-standard","has-post-thumbnail","hentry","category-corinthians","category-palmeiras"],"yoast_head":"<!-- This site is optimized with the Yoast SEO Premium plugin v24.2 (Yoast SEO v26.9) - https:\/\/yoast.com\/product\/yoast-seo-premium-wordpress\/ -->\n<title>A declara\u00e7\u00e3o de Rodrigo Garro sobre Corinthians x Palmeiras<\/title>\n<meta name=\"robots\" content=\"index, follow, max-snippet:-1, max-image-preview:large, max-video-preview:-1\" \/>\n<link rel=\"canonical\" href=\"https:\/\/www.gaveanews.com\/index.php\/2025\/03\/13\/a-declaracao-de-rodrigo-garro-sobre-corinthians-x-palmeiras\/\" \/>\n<meta property=\"og:locale\" content=\"pt_BR\" \/>\n<meta property=\"og:type\" content=\"article\" \/>\n<meta property=\"og:title\" content=\"A declara\u00e7\u00e3o de Rodrigo Garro sobre Corinthians x Palmeiras\" \/>\n<meta property=\"og:description\" content=\"Rodrigo Garro, meio-campista do Corinthians, comentou sobre a prepara\u00e7\u00e3o da equipe para a final do Campeonato Paulista contra o Palmeiras. A declara\u00e7\u00e3o ocorreu ap\u00f3s a elimina\u00e7\u00e3o precoce do time na Copa Libertadores. O jogador argentino ressaltou a necessidade de manter a calma e se concentrar no duelo decisivo. A grande decis\u00e3o ser\u00e1 disputada no domingo [&hellip;]\" \/>\n<meta property=\"og:url\" content=\"https:\/\/www.gaveanews.com\/index.php\/2025\/03\/13\/a-declaracao-de-rodrigo-garro-sobre-corinthians-x-palmeiras\/\" \/>\n<meta property=\"og:site_name\" content=\"G\u00e1vea News\" \/>\n<meta property=\"article:publisher\" content=\"https:\/\/facebook.com\/gaveaNews\/\" \/>\n<meta property=\"article:published_time\" content=\"2025-03-13T22:00:00+00:00\" \/>\n<meta property=\"og:image\" content=\"https:\/\/www.gaveanews.com\/wp-content\/uploads\/Rodrigo-Garro-com-a-camisa-do-Corinthians-em-2024.webp\" \/>\n\t<meta property=\"og:image:width\" content=\"1440\" \/>\n\t<meta property=\"og:image:height\" content=\"1085\" \/>\n\t<meta property=\"og:image:type\" content=\"image\/jpeg\" \/>\n<meta name=\"author\" content=\"Brenda Cezillo\" \/>\n<meta name=\"twitter:card\" content=\"summary_large_image\" \/>\n<meta name=\"twitter:label1\" content=\"Escrito por\" \/>\n\t<meta name=\"twitter:data1\" content=\"Brenda Cezillo\" \/>\n\t<meta name=\"twitter:label2\" content=\"Est. tempo de leitura\" \/>\n\t<meta name=\"twitter:data2\" content=\"3 minutos\" \/>\n<script type=\"application\/ld+json\" class=\"yoast-schema-graph\">{\"@context\":\"https:\/\/schema.org\",\"@graph\":[{\"@type\":\"NewsArticle\",\"@id\":\"https:\/\/www.gaveanews.com\/index.php\/2025\/03\/13\/a-declaracao-de-rodrigo-garro-sobre-corinthians-x-palmeiras\/#article\",\"isPartOf\":{\"@id\":\"https:\/\/www.gaveanews.com\/index.php\/2025\/03\/13\/a-declaracao-de-rodrigo-garro-sobre-corinthians-x-palmeiras\/\"},\"author\":{\"name\":\"Brenda Cezillo\",\"@id\":\"https:\/\/www.gaveanews.com\/#\/schema\/person\/c79759ca337c40791ae8d08e2923d403\"},\"headline\":\"A declara\u00e7\u00e3o de Rodrigo Garro sobre Corinthians x Palmeiras\",\"datePublished\":\"2025-03-13T22:00:00+00:00\",\"mainEntityOfPage\":{\"@id\":\"https:\/\/www.gaveanews.com\/index.php\/2025\/03\/13\/a-declaracao-de-rodrigo-garro-sobre-corinthians-x-palmeiras\/\"},\"wordCount\":384,\"commentCount\":0,\"image\":{\"@id\":\"https:\/\/www.gaveanews.com\/index.php\/2025\/03\/13\/a-declaracao-de-rodrigo-garro-sobre-corinthians-x-palmeiras\/#primaryimage\"},\"thumbnailUrl\":\"https:\/\/www.gaveanews.com\/wp-content\/uploads\/Rodrigo-Garro-com-a-camisa-do-Corinthians-em-2024.webp\",\"articleSection\":[\"Corinthians\",\"Palmeiras\"],\"inLanguage\":\"pt-BR\",\"potentialAction\":[{\"@type\":\"CommentAction\",\"name\":\"Comment\",\"target\":[\"https:\/\/www.gaveanews.com\/index.php\/2025\/03\/13\/a-declaracao-de-rodrigo-garro-sobre-corinthians-x-palmeiras\/#respond\"]}],\"copyrightYear\":\"2025\",\"copyrightHolder\":{\"@id\":\"https:\/\/www.gaveanews.com\/#organization\"}},{\"@type\":\"WebPage\",\"@id\":\"https:\/\/www.gaveanews.com\/index.php\/2025\/03\/13\/a-declaracao-de-rodrigo-garro-sobre-corinthians-x-palmeiras\/\",\"url\":\"https:\/\/www.gaveanews.com\/index.php\/2025\/03\/13\/a-declaracao-de-rodrigo-garro-sobre-corinthians-x-palmeiras\/\",\"name\":\"A declara\u00e7\u00e3o de Rodrigo Garro sobre Corinthians x Palmeiras\",\"isPartOf\":{\"@id\":\"https:\/\/www.gaveanews.com\/#website\"},\"primaryImageOfPage\":{\"@id\":\"https:\/\/www.gaveanews.com\/index.php\/2025\/03\/13\/a-declaracao-de-rodrigo-garro-sobre-corinthians-x-palmeiras\/#primaryimage\"},\"image\":{\"@id\":\"https:\/\/www.gaveanews.com\/index.php\/2025\/03\/13\/a-declaracao-de-rodrigo-garro-sobre-corinthians-x-palmeiras\/#primaryimage\"},\"thumbnailUrl\":\"https:\/\/www.gaveanews.com\/wp-content\/uploads\/Rodrigo-Garro-com-a-camisa-do-Corinthians-em-2024.webp\",\"datePublished\":\"2025-03-13T22:00:00+00:00\",\"author\":{\"@id\":\"https:\/\/www.gaveanews.com\/#\/schema\/person\/c79759ca337c40791ae8d08e2923d403\"},\"breadcrumb\":{\"@id\":\"https:\/\/www.gaveanews.com\/index.php\/2025\/03\/13\/a-declaracao-de-rodrigo-garro-sobre-corinthians-x-palmeiras\/#breadcrumb\"},\"inLanguage\":\"pt-BR\",\"potentialAction\":[{\"@type\":\"ReadAction\",\"target\":[\"https:\/\/www.gaveanews.com\/index.php\/2025\/03\/13\/a-declaracao-de-rodrigo-garro-sobre-corinthians-x-palmeiras\/\"]}]},{\"@type\":\"ImageObject\",\"inLanguage\":\"pt-BR\",\"@id\":\"https:\/\/www.gaveanews.com\/index.php\/2025\/03\/13\/a-declaracao-de-rodrigo-garro-sobre-corinthians-x-palmeiras\/#primaryimage\",\"url\":\"https:\/\/www.gaveanews.com\/wp-content\/uploads\/Rodrigo-Garro-com-a-camisa-do-Corinthians-em-2024.webp\",\"contentUrl\":\"https:\/\/www.gaveanews.com\/wp-content\/uploads\/Rodrigo-Garro-com-a-camisa-do-Corinthians-em-2024.webp\",\"width\":1440,\"height\":1085,\"caption\":\"Rodrigo Garro com a camisa do Corinthians em 2024 (Foto: Reprodu\u00e7\u00e3o\/Instagram)\"},{\"@type\":\"BreadcrumbList\",\"@id\":\"https:\/\/www.gaveanews.com\/index.php\/2025\/03\/13\/a-declaracao-de-rodrigo-garro-sobre-corinthians-x-palmeiras\/#breadcrumb\",\"itemListElement\":[{\"@type\":\"ListItem\",\"position\":1,\"name\":\"Home\",\"item\":\"https:\/\/www.gaveanews.com\/\"},{\"@type\":\"ListItem\",\"position\":2,\"name\":\"A declara\u00e7\u00e3o de Rodrigo Garro sobre Corinthians x Palmeiras\"}]},{\"@type\":\"WebSite\",\"@id\":\"https:\/\/www.gaveanews.com\/#website\",\"url\":\"https:\/\/www.gaveanews.com\/\",\"name\":\"G\u00e1vea News\",\"description\":\"Veja todas as not\u00edcias sobre o Flamengo: Contrata\u00e7\u00f5es, categorias de base, resultados das partidas, tabela de classifica\u00e7\u00e3o, pr\u00f3ximos jogos!\",\"potentialAction\":[{\"@type\":\"SearchAction\",\"target\":{\"@type\":\"EntryPoint\",\"urlTemplate\":\"https:\/\/www.gaveanews.com\/?s={search_term_string}\"},\"query-input\":{\"@type\":\"PropertyValueSpecification\",\"valueRequired\":true,\"valueName\":\"search_term_string\"}}],\"inLanguage\":\"pt-BR\"},{\"@type\":\"Person\",\"@id\":\"https:\/\/www.gaveanews.com\/#\/schema\/person\/c79759ca337c40791ae8d08e2923d403\",\"name\":\"Brenda Cezillo\",\"image\":{\"@type\":\"ImageObject\",\"inLanguage\":\"pt-BR\",\"@id\":\"https:\/\/www.gaveanews.com\/#\/schema\/person\/image\/\",\"url\":\"https:\/\/secure.gravatar.com\/avatar\/1738d75cee7317f9c29ae61dd67620c5883d80a92e42a6fff88ae5d527af217a?s=96&d=mm&r=g\",\"contentUrl\":\"https:\/\/secure.gravatar.com\/avatar\/1738d75cee7317f9c29ae61dd67620c5883d80a92e42a6fff88ae5d527af217a?s=96&d=mm&r=g\",\"caption\":\"Brenda Cezillo\"}}]}<\/script>\n<!-- \/ Yoast SEO Premium plugin. -->","yoast_head_json":{"title":"A declara\u00e7\u00e3o de Rodrigo Garro sobre Corinthians x Palmeiras","robots":{"index":"index","follow":"follow","max-snippet":"max-snippet:-1","max-image-preview":"max-image-preview:large","max-video-preview":"max-video-preview:-1"},"canonical":"https:\/\/www.gaveanews.com\/index.php\/2025\/03\/13\/a-declaracao-de-rodrigo-garro-sobre-corinthians-x-palmeiras\/","og_locale":"pt_BR","og_type":"article","og_title":"A declara\u00e7\u00e3o de Rodrigo Garro sobre Corinthians x Palmeiras","og_description":"Rodrigo Garro, meio-campista do Corinthians, comentou sobre a prepara\u00e7\u00e3o da equipe para a final do Campeonato Paulista contra o Palmeiras. A declara\u00e7\u00e3o ocorreu ap\u00f3s a elimina\u00e7\u00e3o precoce do time na Copa Libertadores. O jogador argentino ressaltou a necessidade de manter a calma e se concentrar no duelo decisivo. A grande decis\u00e3o ser\u00e1 disputada no domingo [&hellip;]","og_url":"https:\/\/www.gaveanews.com\/index.php\/2025\/03\/13\/a-declaracao-de-rodrigo-garro-sobre-corinthians-x-palmeiras\/","og_site_name":"G\u00e1vea News","article_publisher":"https:\/\/facebook.com\/gaveaNews\/","article_published_time":"2025-03-13T22:00:00+00:00","og_image":[{"width":1440,"height":1085,"url":"https:\/\/www.gaveanews.com\/wp-content\/uploads\/Rodrigo-Garro-com-a-camisa-do-Corinthians-em-2024.webp","type":"image\/jpeg"}],"author":"Brenda Cezillo","twitter_card":"summary_large_image","twitter_misc":{"Escrito por":"Brenda Cezillo","Est. tempo de leitura":"3 minutos"},"schema":{"@context":"https:\/\/schema.org","@graph":[{"@type":"NewsArticle","@id":"https:\/\/www.gaveanews.com\/index.php\/2025\/03\/13\/a-declaracao-de-rodrigo-garro-sobre-corinthians-x-palmeiras\/#article","isPartOf":{"@id":"https:\/\/www.gaveanews.com\/index.php\/2025\/03\/13\/a-declaracao-de-rodrigo-garro-sobre-corinthians-x-palmeiras\/"},"author":{"name":"Brenda Cezillo","@id":"https:\/\/www.gaveanews.com\/#\/schema\/person\/c79759ca337c40791ae8d08e2923d403"},"headline":"A declara\u00e7\u00e3o de Rodrigo Garro sobre Corinthians x Palmeiras","datePublished":"2025-03-13T22:00:00+00:00","mainEntityOfPage":{"@id":"https:\/\/www.gaveanews.com\/index.php\/2025\/03\/13\/a-declaracao-de-rodrigo-garro-sobre-corinthians-x-palmeiras\/"},"wordCount":384,"commentCount":0,"image":{"@id":"https:\/\/www.gaveanews.com\/index.php\/2025\/03\/13\/a-declaracao-de-rodrigo-garro-sobre-corinthians-x-palmeiras\/#primaryimage"},"thumbnailUrl":"https:\/\/www.gaveanews.com\/wp-content\/uploads\/Rodrigo-Garro-com-a-camisa-do-Corinthians-em-2024.webp","articleSection":["Corinthians","Palmeiras"],"inLanguage":"pt-BR","potentialAction":[{"@type":"CommentAction","name":"Comment","target":["https:\/\/www.gaveanews.com\/index.php\/2025\/03\/13\/a-declaracao-de-rodrigo-garro-sobre-corinthians-x-palmeiras\/#respond"]}],"copyrightYear":"2025","copyrightHolder":{"@id":"https:\/\/www.gaveanews.com\/#organization"}},{"@type":"WebPage","@id":"https:\/\/www.gaveanews.com\/index.php\/2025\/03\/13\/a-declaracao-de-rodrigo-garro-sobre-corinthians-x-palmeiras\/","url":"https:\/\/www.gaveanews.com\/index.php\/2025\/03\/13\/a-declaracao-de-rodrigo-garro-sobre-corinthians-x-palmeiras\/","name":"A declara\u00e7\u00e3o de Rodrigo Garro sobre Corinthians x Palmeiras","isPartOf":{"@id":"https:\/\/www.gaveanews.com\/#website"},"primaryImageOfPage":{"@id":"https:\/\/www.gaveanews.com\/index.php\/2025\/03\/13\/a-declaracao-de-rodrigo-garro-sobre-corinthians-x-palmeiras\/#primaryimage"},"image":{"@id":"https:\/\/www.gaveanews.com\/index.php\/2025\/03\/13\/a-declaracao-de-rodrigo-garro-sobre-corinthians-x-palmeiras\/#primaryimage"},"thumbnailUrl":"https:\/\/www.gaveanews.com\/wp-content\/uploads\/Rodrigo-Garro-com-a-camisa-do-Corinthians-em-2024.webp","datePublished":"2025-03-13T22:00:00+00:00","author":{"@id":"https:\/\/www.gaveanews.com\/#\/schema\/person\/c79759ca337c40791ae8d08e2923d403"},"breadcrumb":{"@id":"https:\/\/www.gaveanews.com\/index.php\/2025\/03\/13\/a-declaracao-de-rodrigo-garro-sobre-corinthians-x-palmeiras\/#breadcrumb"},"inLanguage":"pt-BR","potentialAction":[{"@type":"ReadAction","target":["https:\/\/www.gaveanews.com\/index.php\/2025\/03\/13\/a-declaracao-de-rodrigo-garro-sobre-corinthians-x-palmeiras\/"]}]},{"@type":"ImageObject","inLanguage":"pt-BR","@id":"https:\/\/www.gaveanews.com\/index.php\/2025\/03\/13\/a-declaracao-de-rodrigo-garro-sobre-corinthians-x-palmeiras\/#primaryimage","url":"https:\/\/www.gaveanews.com\/wp-content\/uploads\/Rodrigo-Garro-com-a-camisa-do-Corinthians-em-2024.webp","contentUrl":"https:\/\/www.gaveanews.com\/wp-content\/uploads\/Rodrigo-Garro-com-a-camisa-do-Corinthians-em-2024.webp","width":1440,"height":1085,"caption":"Rodrigo Garro com a camisa do Corinthians em 2024 (Foto: Reprodu\u00e7\u00e3o\/Instagram)"},{"@type":"BreadcrumbList","@id":"https:\/\/www.gaveanews.com\/index.php\/2025\/03\/13\/a-declaracao-de-rodrigo-garro-sobre-corinthians-x-palmeiras\/#breadcrumb","itemListElement":[{"@type":"ListItem","position":1,"name":"Home","item":"https:\/\/www.gaveanews.com\/"},{"@type":"ListItem","position":2,"name":"A declara\u00e7\u00e3o de Rodrigo Garro sobre Corinthians x Palmeiras"}]},{"@type":"WebSite","@id":"https:\/\/www.gaveanews.com\/#website","url":"https:\/\/www.gaveanews.com\/","name":"G\u00e1vea News","description":"Veja todas as not\u00edcias sobre o Flamengo: Contrata\u00e7\u00f5es, categorias de base, resultados das partidas, tabela de classifica\u00e7\u00e3o, pr\u00f3ximos jogos!","potentialAction":[{"@type":"SearchAction","target":{"@type":"EntryPoint","urlTemplate":"https:\/\/www.gaveanews.com\/?s={search_term_string}"},"query-input":{"@type":"PropertyValueSpecification","valueRequired":true,"valueName":"search_term_string"}}],"inLanguage":"pt-BR"},{"@type":"Person","@id":"https:\/\/www.gaveanews.com\/#\/schema\/person\/c79759ca337c40791ae8d08e2923d403","name":"Brenda Cezillo","image":{"@type":"ImageObject","inLanguage":"pt-BR","@id":"https:\/\/www.gaveanews.com\/#\/schema\/person\/image\/","url":"https:\/\/secure.gravatar.com\/avatar\/1738d75cee7317f9c29ae61dd67620c5883d80a92e42a6fff88ae5d527af217a?s=96&d=mm&r=g","contentUrl":"https:\/\/secure.gravatar.com\/avatar\/1738d75cee7317f9c29ae61dd67620c5883d80a92e42a6fff88ae5d527af217a?s=96&d=mm&r=g","caption":"Brenda Cezillo"}}]}},"_links":{"self":[{"href":"https:\/\/www.gaveanews.com\/index.php\/wp-json\/wp\/v2\/posts\/239637","targetHints":{"allow":["GET"]}}],"collection":[{"href":"https:\/\/www.gaveanews.com\/index.php\/wp-json\/wp\/v2\/posts"}],"about":[{"href":"https:\/\/www.gaveanews.com\/index.php\/wp-json\/wp\/v2\/types\/post"}],"author":[{"embeddable":true,"href":"https:\/\/www.gaveanews.com\/index.php\/wp-json\/wp\/v2\/users\/33"}],"replies":[{"embeddable":true,"href":"https:\/\/www.gaveanews.com\/index.php\/wp-json\/wp\/v2\/comments?post=239637"}],"version-history":[{"count":1,"href":"https:\/\/www.gaveanews.com\/index.php\/wp-json\/wp\/v2\/posts\/239637\/revisions"}],"predecessor-version":[{"id":239653,"href":"https:\/\/www.gaveanews.com\/index.php\/wp-json\/wp\/v2\/posts\/239637\/revisions\/239653"}],"wp:featuredmedia":[{"embeddable":true,"href":"https:\/\/www.gaveanews.com\/index.php\/wp-json\/wp\/v2\/media\/161268"}],"wp:attachment":[{"href":"https:\/\/www.gaveanews.com\/index.php\/wp-json\/wp\/v2\/media?parent=239637"}],"wp:term":[{"taxonomy":"category","embeddable":true,"href":"https:\/\/www.gaveanews.com\/index.php\/wp-json\/wp\/v2\/categories?post=239637"},{"taxonomy":"post_tag","embeddable":true,"href":"https:\/\/www.gaveanews.com\/index.php\/wp-json\/wp\/v2\/tags?post=239637"}],"curies":[{"name":"wp","href":"https:\/\/api.w.org\/{rel}","templated":true}]}}