{"id":239639,"date":"2025-03-13T18:45:00","date_gmt":"2025-03-13T21:45:00","guid":{"rendered":"https:\/\/www.gaveanews.com\/?p=239639"},"modified":"2025-03-13T16:48:48","modified_gmt":"2025-03-13T19:48:48","slug":"video-a-declaracao-de-sormani-direcionada-ao-time-do-corinthians","status":"publish","type":"post","link":"https:\/\/www.gaveanews.com\/index.php\/2025\/03\/13\/video-a-declaracao-de-sormani-direcionada-ao-time-do-corinthians\/","title":{"rendered":"V\u00eddeo: a declara\u00e7\u00e3o de Sormani direcionada ao time do Corinthians"},"content":{"rendered":"\n<p>A recente elimina\u00e7\u00e3o do Corinthians na Libertadores trouxe \u00e0 tona um antigo v\u00eddeo do jornalista F\u00e1bio Sormani, que voltou a viralizar nas redes sociais. No v\u00eddeo, o comentarista afirma que o time paulista tem &#8220;acesso negado&#8221; na competi\u00e7\u00e3o, sugerindo que o clube n\u00e3o possui tradi\u00e7\u00e3o no torneio sul-americano.<\/p>\n\n\n\n<p>Diante da repercuss\u00e3o, Sormani comentou sobre a frase pol\u00eamica e explicou que se tratava de uma brincadeira que surgiu durante sua passagem pela ESPN. Ele revelou que essa express\u00e3o j\u00e1 era utilizada anteriormente quando trabalhava na Fox, mas que, em determinado momento, acabou ganhando grande notoriedade nas redes sociais.<\/p>\n\n\n\n<blockquote class=\"twitter-tweet\" data-media-max-width=\"560\"><p lang=\"pt\" dir=\"ltr\">&quot;O Corinthians n\u00e3o tem camisa. O &#39;acesso negado&#39; de hoje nada mais \u00e9 do que o &#39;Corinthians n\u00e3o tem passaporte&#39;. Quem colocou o Corinthians no mapa foi o Neto em 1990. Antes, o Corinthians era time de bairro.&quot;<br><br>\ud83c\udf99\ufe0f Sormani, na Placar TV.<br>\ud83c\udfa5 <a href=\"https:\/\/twitter.com\/placar?ref_src=twsrc%5Etfw\">@placar<\/a> <a href=\"https:\/\/t.co\/mqXB6nAEwH\">pic.twitter.com\/mqXB6nAEwH<\/a><\/p>&mdash; Planeta do Futebol \ud83c\udf0e (@futebol_info) <a href=\"https:\/\/twitter.com\/futebol_info\/status\/1900220979327930712?ref_src=twsrc%5Etfw\">March 13, 2025<\/a><\/blockquote> <script async src=\"https:\/\/platform.twitter.com\/widgets.js\" charset=\"utf-8\"><\/script>\n\n\n\n<p>O jornalista manteve sua opini\u00e3o e refor\u00e7ou sua vis\u00e3o cr\u00edtica sobre o hist\u00f3rico do Corinthians em competi\u00e7\u00f5es internacionais. Para ele, o time &#8220;n\u00e3o tem camisa&#8221; quando sai do Brasil e comparou a situa\u00e7\u00e3o a um clube que &#8220;n\u00e3o tem passaporte&#8221; no futebol sul-americano. Al\u00e9m disso, mencionou que, na sua vis\u00e3o, o Corinthians s\u00f3 ganhou relev\u00e2ncia no cen\u00e1rio nacional a partir de 1990, com a conquista do Campeonato Brasileiro.<\/p>\n\n\n\n<p>Outro ponto abordado por Sormani foi o desempenho do time na Libertadores ao longo dos anos. Ele destacou que o Corinthians acumula tr\u00eas elimina\u00e7\u00f5es na fase preliminar do torneio, um n\u00famero superior \u00e0s vezes em que chegou \u00e0s semifinais da competi\u00e7\u00e3o. O comentarista criticou a campanha recente da equipe e fez compara\u00e7\u00f5es com outros clubes brasileiros que, segundo ele, tiveram participa\u00e7\u00f5es mais expressivas.<\/p>\n\n\n\n<p>Com a elimina\u00e7\u00e3o precoce, o Corinthians agora disputar\u00e1 a fase de grupos da Copa Sul-Americana. O time alvinegro busca conquistar o t\u00edtulo do torneio continental pela primeira vez em sua hist\u00f3ria. O sorteio dos grupos est\u00e1 marcado para a pr\u00f3xima segunda-feira (17), na sede da Conmebol, e definir\u00e1 os advers\u00e1rios da equipe na competi\u00e7\u00e3o.<\/p>\n\n\n\n<p>Apesar do desfecho negativo na Libertadores, a equipe segue com novos desafios pela frente. O desempenho na Sul-Americana ser\u00e1 fundamental para o restante da temporada e para a resposta do elenco diante das cr\u00edticas recebidas.<\/p>\n","protected":false},"excerpt":{"rendered":"<p>A recente elimina\u00e7\u00e3o do Corinthians na Libertadores trouxe \u00e0 tona um antigo v\u00eddeo do jornalista F\u00e1bio Sormani, que voltou a viralizar nas redes sociais. No v\u00eddeo, o comentarista afirma que o time paulista tem &#8220;acesso negado&#8221; na competi\u00e7\u00e3o, sugerindo que o clube n\u00e3o possui tradi\u00e7\u00e3o no torneio sul-americano. Diante da repercuss\u00e3o, Sormani comentou sobre a [&hellip;]<\/p>\n","protected":false},"author":27,"featured_media":52970,"comment_status":"open","ping_status":"closed","sticky":false,"template":"","format":"standard","meta":{"footnotes":""},"categories":[141],"tags":[],"class_list":["post-239639","post","type-post","status-publish","format-standard","has-post-thumbnail","hentry","category-corinthians"],"yoast_head":"<!-- This site is optimized with the Yoast SEO Premium plugin v24.2 (Yoast SEO v26.9) - https:\/\/yoast.com\/product\/yoast-seo-premium-wordpress\/ -->\n<title>V\u00eddeo: a declara\u00e7\u00e3o de Sormani direcionada ao time do Corinthians<\/title>\n<meta name=\"robots\" content=\"index, follow, max-snippet:-1, max-image-preview:large, max-video-preview:-1\" \/>\n<link rel=\"canonical\" href=\"https:\/\/www.gaveanews.com\/index.php\/2025\/03\/13\/video-a-declaracao-de-sormani-direcionada-ao-time-do-corinthians\/\" \/>\n<meta property=\"og:locale\" content=\"pt_BR\" \/>\n<meta property=\"og:type\" content=\"article\" \/>\n<meta property=\"og:title\" content=\"V\u00eddeo: a declara\u00e7\u00e3o de Sormani direcionada ao time do Corinthians\" \/>\n<meta property=\"og:description\" content=\"A recente elimina\u00e7\u00e3o do Corinthians na Libertadores trouxe \u00e0 tona um antigo v\u00eddeo do jornalista F\u00e1bio Sormani, que voltou a viralizar nas redes sociais. No v\u00eddeo, o comentarista afirma que o time paulista tem &#8220;acesso negado&#8221; na competi\u00e7\u00e3o, sugerindo que o clube n\u00e3o possui tradi\u00e7\u00e3o no torneio sul-americano. Diante da repercuss\u00e3o, Sormani comentou sobre a [&hellip;]\" \/>\n<meta property=\"og:url\" content=\"https:\/\/www.gaveanews.com\/index.php\/2025\/03\/13\/video-a-declaracao-de-sormani-direcionada-ao-time-do-corinthians\/\" \/>\n<meta property=\"og:site_name\" content=\"G\u00e1vea News\" \/>\n<meta property=\"article:publisher\" content=\"https:\/\/facebook.com\/gaveaNews\/\" \/>\n<meta property=\"article:published_time\" content=\"2025-03-13T21:45:00+00:00\" \/>\n<meta property=\"og:image\" content=\"https:\/\/www.gaveanews.com\/wp-content\/uploads\/Sormani-durante-um-programa-da-emissora-Fox-Sports.webp\" \/>\n\t<meta property=\"og:image:width\" content=\"650\" \/>\n\t<meta property=\"og:image:height\" content=\"325\" \/>\n\t<meta property=\"og:image:type\" content=\"image\/jpeg\" \/>\n<meta name=\"author\" content=\"Matheus Felipe\" \/>\n<meta name=\"twitter:card\" content=\"summary_large_image\" \/>\n<meta name=\"twitter:label1\" content=\"Escrito por\" \/>\n\t<meta name=\"twitter:data1\" content=\"Matheus Felipe\" \/>\n\t<meta name=\"twitter:label2\" content=\"Est. tempo de leitura\" \/>\n\t<meta name=\"twitter:data2\" content=\"2 minutos\" \/>\n<script type=\"application\/ld+json\" class=\"yoast-schema-graph\">{\"@context\":\"https:\/\/schema.org\",\"@graph\":[{\"@type\":\"NewsArticle\",\"@id\":\"https:\/\/www.gaveanews.com\/index.php\/2025\/03\/13\/video-a-declaracao-de-sormani-direcionada-ao-time-do-corinthians\/#article\",\"isPartOf\":{\"@id\":\"https:\/\/www.gaveanews.com\/index.php\/2025\/03\/13\/video-a-declaracao-de-sormani-direcionada-ao-time-do-corinthians\/\"},\"author\":{\"name\":\"Matheus Felipe\",\"@id\":\"https:\/\/www.gaveanews.com\/#\/schema\/person\/8207cd4627f56151707418bfc835b2fb\"},\"headline\":\"V\u00eddeo: a declara\u00e7\u00e3o de Sormani direcionada ao time do Corinthians\",\"datePublished\":\"2025-03-13T21:45:00+00:00\",\"mainEntityOfPage\":{\"@id\":\"https:\/\/www.gaveanews.com\/index.php\/2025\/03\/13\/video-a-declaracao-de-sormani-direcionada-ao-time-do-corinthians\/\"},\"wordCount\":419,\"commentCount\":0,\"image\":{\"@id\":\"https:\/\/www.gaveanews.com\/index.php\/2025\/03\/13\/video-a-declaracao-de-sormani-direcionada-ao-time-do-corinthians\/#primaryimage\"},\"thumbnailUrl\":\"https:\/\/www.gaveanews.com\/wp-content\/uploads\/Sormani-durante-um-programa-da-emissora-Fox-Sports.webp\",\"articleSection\":[\"Corinthians\"],\"inLanguage\":\"pt-BR\",\"potentialAction\":[{\"@type\":\"CommentAction\",\"name\":\"Comment\",\"target\":[\"https:\/\/www.gaveanews.com\/index.php\/2025\/03\/13\/video-a-declaracao-de-sormani-direcionada-ao-time-do-corinthians\/#respond\"]}],\"copyrightYear\":\"2025\",\"copyrightHolder\":{\"@id\":\"https:\/\/www.gaveanews.com\/#organization\"}},{\"@type\":\"WebPage\",\"@id\":\"https:\/\/www.gaveanews.com\/index.php\/2025\/03\/13\/video-a-declaracao-de-sormani-direcionada-ao-time-do-corinthians\/\",\"url\":\"https:\/\/www.gaveanews.com\/index.php\/2025\/03\/13\/video-a-declaracao-de-sormani-direcionada-ao-time-do-corinthians\/\",\"name\":\"V\u00eddeo: a declara\u00e7\u00e3o de Sormani direcionada ao time do Corinthians\",\"isPartOf\":{\"@id\":\"https:\/\/www.gaveanews.com\/#website\"},\"primaryImageOfPage\":{\"@id\":\"https:\/\/www.gaveanews.com\/index.php\/2025\/03\/13\/video-a-declaracao-de-sormani-direcionada-ao-time-do-corinthians\/#primaryimage\"},\"image\":{\"@id\":\"https:\/\/www.gaveanews.com\/index.php\/2025\/03\/13\/video-a-declaracao-de-sormani-direcionada-ao-time-do-corinthians\/#primaryimage\"},\"thumbnailUrl\":\"https:\/\/www.gaveanews.com\/wp-content\/uploads\/Sormani-durante-um-programa-da-emissora-Fox-Sports.webp\",\"datePublished\":\"2025-03-13T21:45:00+00:00\",\"author\":{\"@id\":\"https:\/\/www.gaveanews.com\/#\/schema\/person\/8207cd4627f56151707418bfc835b2fb\"},\"breadcrumb\":{\"@id\":\"https:\/\/www.gaveanews.com\/index.php\/2025\/03\/13\/video-a-declaracao-de-sormani-direcionada-ao-time-do-corinthians\/#breadcrumb\"},\"inLanguage\":\"pt-BR\",\"potentialAction\":[{\"@type\":\"ReadAction\",\"target\":[\"https:\/\/www.gaveanews.com\/index.php\/2025\/03\/13\/video-a-declaracao-de-sormani-direcionada-ao-time-do-corinthians\/\"]}]},{\"@type\":\"ImageObject\",\"inLanguage\":\"pt-BR\",\"@id\":\"https:\/\/www.gaveanews.com\/index.php\/2025\/03\/13\/video-a-declaracao-de-sormani-direcionada-ao-time-do-corinthians\/#primaryimage\",\"url\":\"https:\/\/www.gaveanews.com\/wp-content\/uploads\/Sormani-durante-um-programa-da-emissora-Fox-Sports.webp\",\"contentUrl\":\"https:\/\/www.gaveanews.com\/wp-content\/uploads\/Sormani-durante-um-programa-da-emissora-Fox-Sports.webp\",\"width\":650,\"height\":325,\"caption\":\"Sormani durante um programa da emissora Fox Sports (Foto: Reprodu\u00e7\u00e3o)\"},{\"@type\":\"BreadcrumbList\",\"@id\":\"https:\/\/www.gaveanews.com\/index.php\/2025\/03\/13\/video-a-declaracao-de-sormani-direcionada-ao-time-do-corinthians\/#breadcrumb\",\"itemListElement\":[{\"@type\":\"ListItem\",\"position\":1,\"name\":\"Home\",\"item\":\"https:\/\/www.gaveanews.com\/\"},{\"@type\":\"ListItem\",\"position\":2,\"name\":\"V\u00eddeo: a declara\u00e7\u00e3o de Sormani direcionada ao time do Corinthians\"}]},{\"@type\":\"WebSite\",\"@id\":\"https:\/\/www.gaveanews.com\/#website\",\"url\":\"https:\/\/www.gaveanews.com\/\",\"name\":\"G\u00e1vea News\",\"description\":\"Veja todas as not\u00edcias sobre o Flamengo: Contrata\u00e7\u00f5es, categorias de base, resultados das partidas, tabela de classifica\u00e7\u00e3o, pr\u00f3ximos jogos!\",\"potentialAction\":[{\"@type\":\"SearchAction\",\"target\":{\"@type\":\"EntryPoint\",\"urlTemplate\":\"https:\/\/www.gaveanews.com\/?s={search_term_string}\"},\"query-input\":{\"@type\":\"PropertyValueSpecification\",\"valueRequired\":true,\"valueName\":\"search_term_string\"}}],\"inLanguage\":\"pt-BR\"},{\"@type\":\"Person\",\"@id\":\"https:\/\/www.gaveanews.com\/#\/schema\/person\/8207cd4627f56151707418bfc835b2fb\",\"name\":\"Matheus Felipe\",\"image\":{\"@type\":\"ImageObject\",\"inLanguage\":\"pt-BR\",\"@id\":\"https:\/\/www.gaveanews.com\/#\/schema\/person\/image\/\",\"url\":\"https:\/\/secure.gravatar.com\/avatar\/a452ffbed9130f726358b298bb3a99ce4bd3c5338411f8440e87e14d74c7c087?s=96&d=mm&r=g\",\"contentUrl\":\"https:\/\/secure.gravatar.com\/avatar\/a452ffbed9130f726358b298bb3a99ce4bd3c5338411f8440e87e14d74c7c087?s=96&d=mm&r=g\",\"caption\":\"Matheus Felipe\"}}]}<\/script>\n<!-- \/ Yoast SEO Premium plugin. -->","yoast_head_json":{"title":"V\u00eddeo: a declara\u00e7\u00e3o de Sormani direcionada ao time do Corinthians","robots":{"index":"index","follow":"follow","max-snippet":"max-snippet:-1","max-image-preview":"max-image-preview:large","max-video-preview":"max-video-preview:-1"},"canonical":"https:\/\/www.gaveanews.com\/index.php\/2025\/03\/13\/video-a-declaracao-de-sormani-direcionada-ao-time-do-corinthians\/","og_locale":"pt_BR","og_type":"article","og_title":"V\u00eddeo: a declara\u00e7\u00e3o de Sormani direcionada ao time do Corinthians","og_description":"A recente elimina\u00e7\u00e3o do Corinthians na Libertadores trouxe \u00e0 tona um antigo v\u00eddeo do jornalista F\u00e1bio Sormani, que voltou a viralizar nas redes sociais. No v\u00eddeo, o comentarista afirma que o time paulista tem &#8220;acesso negado&#8221; na competi\u00e7\u00e3o, sugerindo que o clube n\u00e3o possui tradi\u00e7\u00e3o no torneio sul-americano. Diante da repercuss\u00e3o, Sormani comentou sobre a [&hellip;]","og_url":"https:\/\/www.gaveanews.com\/index.php\/2025\/03\/13\/video-a-declaracao-de-sormani-direcionada-ao-time-do-corinthians\/","og_site_name":"G\u00e1vea News","article_publisher":"https:\/\/facebook.com\/gaveaNews\/","article_published_time":"2025-03-13T21:45:00+00:00","og_image":[{"width":650,"height":325,"url":"https:\/\/www.gaveanews.com\/wp-content\/uploads\/Sormani-durante-um-programa-da-emissora-Fox-Sports.webp","type":"image\/jpeg"}],"author":"Matheus Felipe","twitter_card":"summary_large_image","twitter_misc":{"Escrito por":"Matheus Felipe","Est. tempo de leitura":"2 minutos"},"schema":{"@context":"https:\/\/schema.org","@graph":[{"@type":"NewsArticle","@id":"https:\/\/www.gaveanews.com\/index.php\/2025\/03\/13\/video-a-declaracao-de-sormani-direcionada-ao-time-do-corinthians\/#article","isPartOf":{"@id":"https:\/\/www.gaveanews.com\/index.php\/2025\/03\/13\/video-a-declaracao-de-sormani-direcionada-ao-time-do-corinthians\/"},"author":{"name":"Matheus Felipe","@id":"https:\/\/www.gaveanews.com\/#\/schema\/person\/8207cd4627f56151707418bfc835b2fb"},"headline":"V\u00eddeo: a declara\u00e7\u00e3o de Sormani direcionada ao time do Corinthians","datePublished":"2025-03-13T21:45:00+00:00","mainEntityOfPage":{"@id":"https:\/\/www.gaveanews.com\/index.php\/2025\/03\/13\/video-a-declaracao-de-sormani-direcionada-ao-time-do-corinthians\/"},"wordCount":419,"commentCount":0,"image":{"@id":"https:\/\/www.gaveanews.com\/index.php\/2025\/03\/13\/video-a-declaracao-de-sormani-direcionada-ao-time-do-corinthians\/#primaryimage"},"thumbnailUrl":"https:\/\/www.gaveanews.com\/wp-content\/uploads\/Sormani-durante-um-programa-da-emissora-Fox-Sports.webp","articleSection":["Corinthians"],"inLanguage":"pt-BR","potentialAction":[{"@type":"CommentAction","name":"Comment","target":["https:\/\/www.gaveanews.com\/index.php\/2025\/03\/13\/video-a-declaracao-de-sormani-direcionada-ao-time-do-corinthians\/#respond"]}],"copyrightYear":"2025","copyrightHolder":{"@id":"https:\/\/www.gaveanews.com\/#organization"}},{"@type":"WebPage","@id":"https:\/\/www.gaveanews.com\/index.php\/2025\/03\/13\/video-a-declaracao-de-sormani-direcionada-ao-time-do-corinthians\/","url":"https:\/\/www.gaveanews.com\/index.php\/2025\/03\/13\/video-a-declaracao-de-sormani-direcionada-ao-time-do-corinthians\/","name":"V\u00eddeo: a declara\u00e7\u00e3o de Sormani direcionada ao time do Corinthians","isPartOf":{"@id":"https:\/\/www.gaveanews.com\/#website"},"primaryImageOfPage":{"@id":"https:\/\/www.gaveanews.com\/index.php\/2025\/03\/13\/video-a-declaracao-de-sormani-direcionada-ao-time-do-corinthians\/#primaryimage"},"image":{"@id":"https:\/\/www.gaveanews.com\/index.php\/2025\/03\/13\/video-a-declaracao-de-sormani-direcionada-ao-time-do-corinthians\/#primaryimage"},"thumbnailUrl":"https:\/\/www.gaveanews.com\/wp-content\/uploads\/Sormani-durante-um-programa-da-emissora-Fox-Sports.webp","datePublished":"2025-03-13T21:45:00+00:00","author":{"@id":"https:\/\/www.gaveanews.com\/#\/schema\/person\/8207cd4627f56151707418bfc835b2fb"},"breadcrumb":{"@id":"https:\/\/www.gaveanews.com\/index.php\/2025\/03\/13\/video-a-declaracao-de-sormani-direcionada-ao-time-do-corinthians\/#breadcrumb"},"inLanguage":"pt-BR","potentialAction":[{"@type":"ReadAction","target":["https:\/\/www.gaveanews.com\/index.php\/2025\/03\/13\/video-a-declaracao-de-sormani-direcionada-ao-time-do-corinthians\/"]}]},{"@type":"ImageObject","inLanguage":"pt-BR","@id":"https:\/\/www.gaveanews.com\/index.php\/2025\/03\/13\/video-a-declaracao-de-sormani-direcionada-ao-time-do-corinthians\/#primaryimage","url":"https:\/\/www.gaveanews.com\/wp-content\/uploads\/Sormani-durante-um-programa-da-emissora-Fox-Sports.webp","contentUrl":"https:\/\/www.gaveanews.com\/wp-content\/uploads\/Sormani-durante-um-programa-da-emissora-Fox-Sports.webp","width":650,"height":325,"caption":"Sormani durante um programa da emissora Fox Sports (Foto: Reprodu\u00e7\u00e3o)"},{"@type":"BreadcrumbList","@id":"https:\/\/www.gaveanews.com\/index.php\/2025\/03\/13\/video-a-declaracao-de-sormani-direcionada-ao-time-do-corinthians\/#breadcrumb","itemListElement":[{"@type":"ListItem","position":1,"name":"Home","item":"https:\/\/www.gaveanews.com\/"},{"@type":"ListItem","position":2,"name":"V\u00eddeo: a declara\u00e7\u00e3o de Sormani direcionada ao time do Corinthians"}]},{"@type":"WebSite","@id":"https:\/\/www.gaveanews.com\/#website","url":"https:\/\/www.gaveanews.com\/","name":"G\u00e1vea News","description":"Veja todas as not\u00edcias sobre o Flamengo: Contrata\u00e7\u00f5es, categorias de base, resultados das partidas, tabela de classifica\u00e7\u00e3o, pr\u00f3ximos jogos!","potentialAction":[{"@type":"SearchAction","target":{"@type":"EntryPoint","urlTemplate":"https:\/\/www.gaveanews.com\/?s={search_term_string}"},"query-input":{"@type":"PropertyValueSpecification","valueRequired":true,"valueName":"search_term_string"}}],"inLanguage":"pt-BR"},{"@type":"Person","@id":"https:\/\/www.gaveanews.com\/#\/schema\/person\/8207cd4627f56151707418bfc835b2fb","name":"Matheus Felipe","image":{"@type":"ImageObject","inLanguage":"pt-BR","@id":"https:\/\/www.gaveanews.com\/#\/schema\/person\/image\/","url":"https:\/\/secure.gravatar.com\/avatar\/a452ffbed9130f726358b298bb3a99ce4bd3c5338411f8440e87e14d74c7c087?s=96&d=mm&r=g","contentUrl":"https:\/\/secure.gravatar.com\/avatar\/a452ffbed9130f726358b298bb3a99ce4bd3c5338411f8440e87e14d74c7c087?s=96&d=mm&r=g","caption":"Matheus Felipe"}}]}},"_links":{"self":[{"href":"https:\/\/www.gaveanews.com\/index.php\/wp-json\/wp\/v2\/posts\/239639","targetHints":{"allow":["GET"]}}],"collection":[{"href":"https:\/\/www.gaveanews.com\/index.php\/wp-json\/wp\/v2\/posts"}],"about":[{"href":"https:\/\/www.gaveanews.com\/index.php\/wp-json\/wp\/v2\/types\/post"}],"author":[{"embeddable":true,"href":"https:\/\/www.gaveanews.com\/index.php\/wp-json\/wp\/v2\/users\/27"}],"replies":[{"embeddable":true,"href":"https:\/\/www.gaveanews.com\/index.php\/wp-json\/wp\/v2\/comments?post=239639"}],"version-history":[{"count":1,"href":"https:\/\/www.gaveanews.com\/index.php\/wp-json\/wp\/v2\/posts\/239639\/revisions"}],"predecessor-version":[{"id":239647,"href":"https:\/\/www.gaveanews.com\/index.php\/wp-json\/wp\/v2\/posts\/239639\/revisions\/239647"}],"wp:featuredmedia":[{"embeddable":true,"href":"https:\/\/www.gaveanews.com\/index.php\/wp-json\/wp\/v2\/media\/52970"}],"wp:attachment":[{"href":"https:\/\/www.gaveanews.com\/index.php\/wp-json\/wp\/v2\/media?parent=239639"}],"wp:term":[{"taxonomy":"category","embeddable":true,"href":"https:\/\/www.gaveanews.com\/index.php\/wp-json\/wp\/v2\/categories?post=239639"},{"taxonomy":"post_tag","embeddable":true,"href":"https:\/\/www.gaveanews.com\/index.php\/wp-json\/wp\/v2\/tags?post=239639"}],"curies":[{"name":"wp","href":"https:\/\/api.w.org\/{rel}","templated":true}]}}