{"id":239640,"date":"2025-03-13T18:40:00","date_gmt":"2025-03-13T21:40:00","guid":{"rendered":"https:\/\/www.gaveanews.com\/?p=239640"},"modified":"2025-03-13T16:47:33","modified_gmt":"2025-03-13T19:47:33","slug":"guilherme-diego-pituca-ze-ivaldo-gil-luan-peres-joao-basso-luisao-leo-godoy-gabriel-bontempo-luca-meirelles-as-mudancas-de-status-no-elenco-do-santos","status":"publish","type":"post","link":"https:\/\/www.gaveanews.com\/index.php\/2025\/03\/13\/guilherme-diego-pituca-ze-ivaldo-gil-luan-peres-joao-basso-luisao-leo-godoy-gabriel-bontempo-luca-meirelles-as-mudancas-de-status-no-elenco-do-santos\/","title":{"rendered":"Guilherme, Diego Pituca, Z\u00e9 Ivaldo, Gil, Luan Peres, Jo\u00e3o Basso, Luis\u00e3o, L\u00e9o Godoy, Gabriel Bontempo, Luca Meirelles: as mudan\u00e7as de status no elenco do Santos"},"content":{"rendered":"\n<p>A elimina\u00e7\u00e3o do Santos para o Corinthians na semifinal do Campeonato Paulista representou o fim de uma fase na temporada. Durante os 14 jogos disputados, com destaque para as 12 partidas da primeira fase e os confrontos de quartas e semifinal, a equipe passou por uma s\u00e9rie de altos e baixos.&nbsp;<\/p>\n\n\n\n<p>Certos jogadores se destacaram, enquanto outros perderam prest\u00edgio dentro do elenco. Neste artigo, analisamos as mudan\u00e7as de status de alguns atletas do Peixe, destacando os que terminaram o torneio em alta e os que deixaram a desejar.<\/p>\n\n\n\n<h2 class=\"wp-block-heading\" id=\"h-guilherme\">Guilherme<\/h2>\n\n\n\n<figure class=\"wp-block-image size-large\"><img loading=\"lazy\" decoding=\"async\" width=\"819\" height=\"1024\" src=\"http:\/\/www.gaveanews.com\/wp-content\/uploads\/Guilherme-com-a-camisa-do-Santos-819x1024.webp\" alt=\"\" class=\"wp-image-153905\" srcset=\"https:\/\/www.gaveanews.com\/wp-content\/uploads\/Guilherme-com-a-camisa-do-Santos-819x1024.webp 819w, https:\/\/www.gaveanews.com\/wp-content\/uploads\/Guilherme-com-a-camisa-do-Santos-240x300.webp 240w, https:\/\/www.gaveanews.com\/wp-content\/uploads\/Guilherme-com-a-camisa-do-Santos-768x960.webp 768w, https:\/\/www.gaveanews.com\/wp-content\/uploads\/Guilherme-com-a-camisa-do-Santos-1229x1536.webp 1229w, https:\/\/www.gaveanews.com\/wp-content\/uploads\/Guilherme-com-a-camisa-do-Santos-336x420.webp 336w, https:\/\/www.gaveanews.com\/wp-content\/uploads\/Guilherme-com-a-camisa-do-Santos-672x840.webp 672w, https:\/\/www.gaveanews.com\/wp-content\/uploads\/Guilherme-com-a-camisa-do-Santos-640x800.webp 640w, https:\/\/www.gaveanews.com\/wp-content\/uploads\/Guilherme-com-a-camisa-do-Santos-681x851.webp 681w, https:\/\/www.gaveanews.com\/wp-content\/uploads\/Guilherme-com-a-camisa-do-Santos-100x125.webp 100w, https:\/\/www.gaveanews.com\/wp-content\/uploads\/Guilherme-com-a-camisa-do-Santos.webp 1280w\" sizes=\"auto, (max-width: 819px) 100vw, 819px\" \/><figcaption class=\"wp-element-caption\">Guilherme Augusto Vieira com a camisa do Santos (Foto: Reprodu\u00e7\u00e3o\/Santos)<\/figcaption><\/figure>\n\n\n\n<p>Guilherme, um dos protagonistas da equipe no come\u00e7o do Paulist\u00e3o, terminou a competi\u00e7\u00e3o como artilheiro, mas sua sequ\u00eancia n\u00e3o foi a esperada. Sua queda de rendimento gerou insatisfa\u00e7\u00e3o na torcida, que questiona sua titularidade, especialmente considerando a grande concorr\u00eancia no ataque santista.&nbsp;<\/p>\n\n\n\n<h2 class=\"wp-block-heading\" id=\"h-diego-pituca\">Diego Pituca<\/h2>\n\n\n\n<figure class=\"wp-block-image size-full\"><img loading=\"lazy\" decoding=\"async\" width=\"360\" height=\"480\" src=\"http:\/\/www.gaveanews.com\/wp-content\/uploads\/Diego-Pituca-pelo-Santos.webp\" alt=\"\" class=\"wp-image-167622\" srcset=\"https:\/\/www.gaveanews.com\/wp-content\/uploads\/Diego-Pituca-pelo-Santos.webp 360w, https:\/\/www.gaveanews.com\/wp-content\/uploads\/Diego-Pituca-pelo-Santos-225x300.webp 225w, https:\/\/www.gaveanews.com\/wp-content\/uploads\/Diego-Pituca-pelo-Santos-315x420.webp 315w, https:\/\/www.gaveanews.com\/wp-content\/uploads\/Diego-Pituca-pelo-Santos-100x133.webp 100w\" sizes=\"auto, (max-width: 360px) 100vw, 360px\" \/><figcaption class=\"wp-element-caption\">Diego Pituca pelo Santos (Foto: Raul Baretta\/ Santos FC)<\/figcaption><\/figure>\n\n\n\n<p>Diego Pituca, um jogador importante para o Santos em 2023, n\u00e3o conseguiu manter o n\u00edvel de desempenho nesta temporada. No in\u00edcio, teve atua\u00e7\u00f5es abaixo do esperado, o que resultou na perda da titularidade nos jogos mais recentes.&nbsp;<\/p>\n\n\n\n<p>A entrada de novos nomes como Jo\u00e3o Schmidt e a chegada de Z\u00e9 Rafael, que est\u00e1 em recupera\u00e7\u00e3o, complicaram ainda mais sua perman\u00eancia como titular.<\/p>\n\n\n\n<h2 class=\"wp-block-heading\" id=\"h-ze-ivaldo-nbsp\">Z\u00e9 Ivaldo&nbsp;<\/h2>\n\n\n\n<blockquote class=\"instagram-media\" data-instgrm-permalink=\"https:\/\/www.instagram.com\/p\/DGvN6KNRTnf\/?utm_source=ig_embed&amp;utm_campaign=loading\" data-instgrm-version=\"14\" style=\" background:#FFF; border:0; border-radius:3px; box-shadow:0 0 1px 0 rgba(0,0,0,0.5),0 1px 10px 0 rgba(0,0,0,0.15); margin: 1px; max-width:540px; min-width:326px; padding:0; width:99.375%; width:-webkit-calc(100% - 2px); width:calc(100% - 2px);\"><div style=\"padding:16px;\"> <a href=\"https:\/\/www.instagram.com\/p\/DGvN6KNRTnf\/?utm_source=ig_embed&amp;utm_campaign=loading\" style=\" background:#FFFFFF; line-height:0; padding:0 0; text-align:center; text-decoration:none; width:100%;\" target=\"_blank\"> <div style=\" display: flex; flex-direction: row; align-items: center;\"> <div style=\"background-color: #F4F4F4; border-radius: 50%; flex-grow: 0; height: 40px; margin-right: 14px; width: 40px;\"><\/div> <div style=\"display: flex; flex-direction: column; flex-grow: 1; justify-content: center;\"> <div style=\" background-color: #F4F4F4; border-radius: 4px; flex-grow: 0; height: 14px; margin-bottom: 6px; width: 100px;\"><\/div> <div style=\" background-color: #F4F4F4; border-radius: 4px; flex-grow: 0; height: 14px; width: 60px;\"><\/div><\/div><\/div><div style=\"padding: 19% 0;\"><\/div> <div style=\"display:block; height:50px; margin:0 auto 12px; width:50px;\"><svg width=\"50px\" height=\"50px\" viewBox=\"0 0 60 60\" version=\"1.1\" xmlns=\"https:\/\/www.w3.org\/2000\/svg\" xmlns:xlink=\"https:\/\/www.w3.org\/1999\/xlink\"><g stroke=\"none\" stroke-width=\"1\" fill=\"none\" fill-rule=\"evenodd\"><g transform=\"translate(-511.000000, -20.000000)\" fill=\"#000000\"><g><path d=\"M556.869,30.41 C554.814,30.41 553.148,32.076 553.148,34.131 C553.148,36.186 554.814,37.852 556.869,37.852 C558.924,37.852 560.59,36.186 560.59,34.131 C560.59,32.076 558.924,30.41 556.869,30.41 M541,60.657 C535.114,60.657 530.342,55.887 530.342,50 C530.342,44.114 535.114,39.342 541,39.342 C546.887,39.342 551.658,44.114 551.658,50 C551.658,55.887 546.887,60.657 541,60.657 M541,33.886 C532.1,33.886 524.886,41.1 524.886,50 C524.886,58.899 532.1,66.113 541,66.113 C549.9,66.113 557.115,58.899 557.115,50 C557.115,41.1 549.9,33.886 541,33.886 M565.378,62.101 C565.244,65.022 564.756,66.606 564.346,67.663 C563.803,69.06 563.154,70.057 562.106,71.106 C561.058,72.155 560.06,72.803 558.662,73.347 C557.607,73.757 556.021,74.244 553.102,74.378 C549.944,74.521 548.997,74.552 541,74.552 C533.003,74.552 532.056,74.521 528.898,74.378 C525.979,74.244 524.393,73.757 523.338,73.347 C521.94,72.803 520.942,72.155 519.894,71.106 C518.846,70.057 518.197,69.06 517.654,67.663 C517.244,66.606 516.755,65.022 516.623,62.101 C516.479,58.943 516.448,57.996 516.448,50 C516.448,42.003 516.479,41.056 516.623,37.899 C516.755,34.978 517.244,33.391 517.654,32.338 C518.197,30.938 518.846,29.942 519.894,28.894 C520.942,27.846 521.94,27.196 523.338,26.654 C524.393,26.244 525.979,25.756 528.898,25.623 C532.057,25.479 533.004,25.448 541,25.448 C548.997,25.448 549.943,25.479 553.102,25.623 C556.021,25.756 557.607,26.244 558.662,26.654 C560.06,27.196 561.058,27.846 562.106,28.894 C563.154,29.942 563.803,30.938 564.346,32.338 C564.756,33.391 565.244,34.978 565.378,37.899 C565.522,41.056 565.552,42.003 565.552,50 C565.552,57.996 565.522,58.943 565.378,62.101 M570.82,37.631 C570.674,34.438 570.167,32.258 569.425,30.349 C568.659,28.377 567.633,26.702 565.965,25.035 C564.297,23.368 562.623,22.342 560.652,21.575 C558.743,20.834 556.562,20.326 553.369,20.18 C550.169,20.033 549.148,20 541,20 C532.853,20 531.831,20.033 528.631,20.18 C525.438,20.326 523.257,20.834 521.349,21.575 C519.376,22.342 517.703,23.368 516.035,25.035 C514.368,26.702 513.342,28.377 512.574,30.349 C511.834,32.258 511.326,34.438 511.181,37.631 C511.035,40.831 511,41.851 511,50 C511,58.147 511.035,59.17 511.181,62.369 C511.326,65.562 511.834,67.743 512.574,69.651 C513.342,71.625 514.368,73.296 516.035,74.965 C517.703,76.634 519.376,77.658 521.349,78.425 C523.257,79.167 525.438,79.673 528.631,79.82 C531.831,79.965 532.853,80.001 541,80.001 C549.148,80.001 550.169,79.965 553.369,79.82 C556.562,79.673 558.743,79.167 560.652,78.425 C562.623,77.658 564.297,76.634 565.965,74.965 C567.633,73.296 568.659,71.625 569.425,69.651 C570.167,67.743 570.674,65.562 570.82,62.369 C570.966,59.17 571,58.147 571,50 C571,41.851 570.966,40.831 570.82,37.631\"><\/path><\/g><\/g><\/g><\/svg><\/div><div style=\"padding-top: 8px;\"> <div style=\" color:#3897f0; font-family:Arial,sans-serif; font-size:14px; font-style:normal; font-weight:550; line-height:18px;\">Ver essa foto no Instagram<\/div><\/div><div style=\"padding: 12.5% 0;\"><\/div> <div style=\"display: flex; flex-direction: row; margin-bottom: 14px; align-items: center;\"><div> <div style=\"background-color: #F4F4F4; border-radius: 50%; height: 12.5px; width: 12.5px; transform: translateX(0px) translateY(7px);\"><\/div> <div style=\"background-color: #F4F4F4; height: 12.5px; transform: rotate(-45deg) translateX(3px) translateY(1px); width: 12.5px; flex-grow: 0; margin-right: 14px; margin-left: 2px;\"><\/div> <div style=\"background-color: #F4F4F4; border-radius: 50%; height: 12.5px; width: 12.5px; transform: translateX(9px) translateY(-18px);\"><\/div><\/div><div style=\"margin-left: 8px;\"> <div style=\" background-color: #F4F4F4; border-radius: 50%; flex-grow: 0; height: 20px; width: 20px;\"><\/div> <div style=\" width: 0; height: 0; border-top: 2px solid transparent; border-left: 6px solid #f4f4f4; border-bottom: 2px solid transparent; transform: translateX(16px) translateY(-4px) rotate(30deg)\"><\/div><\/div><div style=\"margin-left: auto;\"> <div style=\" width: 0px; border-top: 8px solid #F4F4F4; border-right: 8px solid transparent; transform: translateY(16px);\"><\/div> <div style=\" background-color: #F4F4F4; flex-grow: 0; height: 12px; width: 16px; transform: translateY(-4px);\"><\/div> <div style=\" width: 0; height: 0; border-top: 8px solid #F4F4F4; border-left: 8px solid transparent; transform: translateY(-4px) translateX(8px);\"><\/div><\/div><\/div> <div style=\"display: flex; flex-direction: column; flex-grow: 1; justify-content: center; margin-bottom: 24px;\"> <div style=\" background-color: #F4F4F4; border-radius: 4px; flex-grow: 0; height: 14px; margin-bottom: 6px; width: 224px;\"><\/div> <div style=\" background-color: #F4F4F4; border-radius: 4px; flex-grow: 0; height: 14px; width: 144px;\"><\/div><\/div><\/a><p style=\" color:#c9c8cd; font-family:Arial,sans-serif; font-size:14px; line-height:17px; margin-bottom:0; margin-top:8px; overflow:hidden; padding:8px 0 7px; text-align:center; text-overflow:ellipsis; white-space:nowrap;\"><a href=\"https:\/\/www.instagram.com\/p\/DGvN6KNRTnf\/?utm_source=ig_embed&amp;utm_campaign=loading\" style=\" color:#c9c8cd; font-family:Arial,sans-serif; font-size:14px; font-style:normal; font-weight:normal; line-height:17px; text-decoration:none;\" target=\"_blank\">Uma publica\u00e7\u00e3o compartilhada por Jos\u00e9 Ivaldo (@joseivaldo04)<\/a><\/p><\/div><\/blockquote>\n<script async src=\"\/\/www.instagram.com\/embed.js\"><\/script>\n\n\n\n<p>Enquanto alguns jogadores perderam espa\u00e7o, outros se consolidaram como pe\u00e7as essenciais no elenco. Z\u00e9 Ivaldo, emprestado pelo Cruzeiro, surpreendeu a todos com seu s\u00f3lido desempenho, especialmente no setor defensivo.&nbsp;<\/p>\n\n\n\n<h2 class=\"wp-block-heading\" id=\"h-gil\">Gil<\/h2>\n\n\n\n<figure class=\"wp-block-image size-full\"><img loading=\"lazy\" decoding=\"async\" width=\"450\" height=\"450\" src=\"http:\/\/www.gaveanews.com\/wp-content\/uploads\/Gil-pelo-Santos.webp\" alt=\"\" class=\"wp-image-167623\" srcset=\"https:\/\/www.gaveanews.com\/wp-content\/uploads\/Gil-pelo-Santos.webp 450w, https:\/\/www.gaveanews.com\/wp-content\/uploads\/Gil-pelo-Santos-300x300.webp 300w, https:\/\/www.gaveanews.com\/wp-content\/uploads\/Gil-pelo-Santos-150x150.webp 150w, https:\/\/www.gaveanews.com\/wp-content\/uploads\/Gil-pelo-Santos-420x420.webp 420w, https:\/\/www.gaveanews.com\/wp-content\/uploads\/Gil-pelo-Santos-100x100.webp 100w\" sizes=\"auto, (max-width: 450px) 100vw, 450px\" \/><figcaption class=\"wp-element-caption\">Gil pelo Santos (Foto: Raul Baretta\/ Santos FC)<\/figcaption><\/figure>\n\n\n\n<p>J\u00e1 Gil, ap\u00f3s ser preterido nos primeiros jogos, deu a volta por cima e passou a ser titular.<\/p>\n\n\n\n<h2 class=\"wp-block-heading\" id=\"h-luan-peres-nbsp\">Luan Peres&nbsp;<\/h2>\n\n\n\n<figure class=\"wp-block-image size-large\"><img loading=\"lazy\" decoding=\"async\" width=\"1024\" height=\"682\" src=\"http:\/\/www.gaveanews.com\/wp-content\/uploads\/Luan-Peres-pelo-Santos-1024x682.webp\" alt=\"\" class=\"wp-image-167620\" srcset=\"https:\/\/www.gaveanews.com\/wp-content\/uploads\/Luan-Peres-pelo-Santos-1024x682.webp 1024w, https:\/\/www.gaveanews.com\/wp-content\/uploads\/Luan-Peres-pelo-Santos-300x200.webp 300w, https:\/\/www.gaveanews.com\/wp-content\/uploads\/Luan-Peres-pelo-Santos-768x511.webp 768w, https:\/\/www.gaveanews.com\/wp-content\/uploads\/Luan-Peres-pelo-Santos-1536x1022.webp 1536w, https:\/\/www.gaveanews.com\/wp-content\/uploads\/Luan-Peres-pelo-Santos-631x420.webp 631w, https:\/\/www.gaveanews.com\/wp-content\/uploads\/Luan-Peres-pelo-Santos-1262x840.webp 1262w, https:\/\/www.gaveanews.com\/wp-content\/uploads\/Luan-Peres-pelo-Santos-640x426.webp 640w, https:\/\/www.gaveanews.com\/wp-content\/uploads\/Luan-Peres-pelo-Santos-1280x852.webp 1280w, https:\/\/www.gaveanews.com\/wp-content\/uploads\/Luan-Peres-pelo-Santos-681x453.webp 681w, https:\/\/www.gaveanews.com\/wp-content\/uploads\/Luan-Peres-pelo-Santos-1362x907.webp 1362w, https:\/\/www.gaveanews.com\/wp-content\/uploads\/Luan-Peres-pelo-Santos-100x67.webp 100w, https:\/\/www.gaveanews.com\/wp-content\/uploads\/Luan-Peres-pelo-Santos.webp 1600w\" sizes=\"auto, (max-width: 1024px) 100vw, 1024px\" \/><figcaption class=\"wp-element-caption\">Luan Peres pelo SantosLuan Peres pelo Santos (Foto: Ivan Storti\/Santos)<\/figcaption><\/figure>\n\n\n\n<p>A dupla de zaga formada por Luan Peres e Jo\u00e3o Basso come\u00e7ou o Paulist\u00e3o como titular, mas n\u00e3o conseguiu manter o n\u00edvel esperado.&nbsp;<\/p>\n\n\n\n<h2 class=\"wp-block-heading\" id=\"h-joao-basso\">Jo\u00e3o Basso<\/h2>\n\n\n\n<figure class=\"wp-block-image size-large\"><img loading=\"lazy\" decoding=\"async\" width=\"1024\" height=\"763\" src=\"http:\/\/www.gaveanews.com\/wp-content\/uploads\/Joao-Basso-com-a-camisa-do-Santos-1024x763.webp\" alt=\"\" class=\"wp-image-152065\" srcset=\"https:\/\/www.gaveanews.com\/wp-content\/uploads\/Joao-Basso-com-a-camisa-do-Santos-1024x763.webp 1024w, https:\/\/www.gaveanews.com\/wp-content\/uploads\/Joao-Basso-com-a-camisa-do-Santos-300x224.webp 300w, https:\/\/www.gaveanews.com\/wp-content\/uploads\/Joao-Basso-com-a-camisa-do-Santos-768x572.webp 768w, https:\/\/www.gaveanews.com\/wp-content\/uploads\/Joao-Basso-com-a-camisa-do-Santos-1536x1144.webp 1536w, https:\/\/www.gaveanews.com\/wp-content\/uploads\/Joao-Basso-com-a-camisa-do-Santos-564x420.webp 564w, https:\/\/www.gaveanews.com\/wp-content\/uploads\/Joao-Basso-com-a-camisa-do-Santos-1128x840.webp 1128w, https:\/\/www.gaveanews.com\/wp-content\/uploads\/Joao-Basso-com-a-camisa-do-Santos-80x60.webp 80w, https:\/\/www.gaveanews.com\/wp-content\/uploads\/Joao-Basso-com-a-camisa-do-Santos-160x120.webp 160w, https:\/\/www.gaveanews.com\/wp-content\/uploads\/Joao-Basso-com-a-camisa-do-Santos-100x75.webp 100w, https:\/\/www.gaveanews.com\/wp-content\/uploads\/Joao-Basso-com-a-camisa-do-Santos-200x150.webp 200w, https:\/\/www.gaveanews.com\/wp-content\/uploads\/Joao-Basso-com-a-camisa-do-Santos-180x135.webp 180w, https:\/\/www.gaveanews.com\/wp-content\/uploads\/Joao-Basso-com-a-camisa-do-Santos-238x178.webp 238w, https:\/\/www.gaveanews.com\/wp-content\/uploads\/Joao-Basso-com-a-camisa-do-Santos-476x356.webp 476w, https:\/\/www.gaveanews.com\/wp-content\/uploads\/Joao-Basso-com-a-camisa-do-Santos-640x477.webp 640w, https:\/\/www.gaveanews.com\/wp-content\/uploads\/Joao-Basso-com-a-camisa-do-Santos-1280x954.webp 1280w, https:\/\/www.gaveanews.com\/wp-content\/uploads\/Joao-Basso-com-a-camisa-do-Santos-681x507.webp 681w, https:\/\/www.gaveanews.com\/wp-content\/uploads\/Joao-Basso-com-a-camisa-do-Santos-1362x1015.webp 1362w, https:\/\/www.gaveanews.com\/wp-content\/uploads\/Joao-Basso-com-a-camisa-do-Santos.webp 1600w\" sizes=\"auto, (max-width: 1024px) 100vw, 1024px\" \/><figcaption class=\"wp-element-caption\">Jo\u00e3o Basso com a camisa do Santos (Foto: Reprodu\u00e7\u00e3o\/Santos)<\/figcaption><\/figure>\n\n\n\n<p>&nbsp;Luan Peres ainda foi utilizado em algumas ocasi\u00f5es, mas Jo\u00e3o Basso, que j\u00e1 vinha sendo pouco utilizado, n\u00e3o foi sequer relacionado nos \u00faltimos confrontos.<\/p>\n\n\n\n<h2 class=\"wp-block-heading\" id=\"h-luisao-nbsp\">Luis\u00e3o&nbsp;<\/h2>\n\n\n\n<blockquote class=\"instagram-media\" data-instgrm-permalink=\"https:\/\/www.instagram.com\/p\/DGKSa9EA2GM\/?utm_source=ig_embed&amp;utm_campaign=loading\" data-instgrm-version=\"14\" style=\" background:#FFF; border:0; border-radius:3px; box-shadow:0 0 1px 0 rgba(0,0,0,0.5),0 1px 10px 0 rgba(0,0,0,0.15); margin: 1px; max-width:540px; min-width:326px; padding:0; width:99.375%; width:-webkit-calc(100% - 2px); width:calc(100% - 2px);\"><div style=\"padding:16px;\"> <a href=\"https:\/\/www.instagram.com\/p\/DGKSa9EA2GM\/?utm_source=ig_embed&amp;utm_campaign=loading\" style=\" background:#FFFFFF; line-height:0; padding:0 0; text-align:center; text-decoration:none; width:100%;\" target=\"_blank\"> <div style=\" display: flex; flex-direction: row; align-items: center;\"> <div style=\"background-color: #F4F4F4; border-radius: 50%; flex-grow: 0; height: 40px; margin-right: 14px; width: 40px;\"><\/div> <div style=\"display: flex; flex-direction: column; flex-grow: 1; justify-content: center;\"> <div style=\" background-color: #F4F4F4; border-radius: 4px; flex-grow: 0; height: 14px; margin-bottom: 6px; width: 100px;\"><\/div> <div style=\" background-color: #F4F4F4; border-radius: 4px; flex-grow: 0; height: 14px; width: 60px;\"><\/div><\/div><\/div><div style=\"padding: 19% 0;\"><\/div> <div style=\"display:block; height:50px; margin:0 auto 12px; width:50px;\"><svg width=\"50px\" height=\"50px\" viewBox=\"0 0 60 60\" version=\"1.1\" xmlns=\"https:\/\/www.w3.org\/2000\/svg\" xmlns:xlink=\"https:\/\/www.w3.org\/1999\/xlink\"><g stroke=\"none\" stroke-width=\"1\" fill=\"none\" fill-rule=\"evenodd\"><g transform=\"translate(-511.000000, -20.000000)\" fill=\"#000000\"><g><path d=\"M556.869,30.41 C554.814,30.41 553.148,32.076 553.148,34.131 C553.148,36.186 554.814,37.852 556.869,37.852 C558.924,37.852 560.59,36.186 560.59,34.131 C560.59,32.076 558.924,30.41 556.869,30.41 M541,60.657 C535.114,60.657 530.342,55.887 530.342,50 C530.342,44.114 535.114,39.342 541,39.342 C546.887,39.342 551.658,44.114 551.658,50 C551.658,55.887 546.887,60.657 541,60.657 M541,33.886 C532.1,33.886 524.886,41.1 524.886,50 C524.886,58.899 532.1,66.113 541,66.113 C549.9,66.113 557.115,58.899 557.115,50 C557.115,41.1 549.9,33.886 541,33.886 M565.378,62.101 C565.244,65.022 564.756,66.606 564.346,67.663 C563.803,69.06 563.154,70.057 562.106,71.106 C561.058,72.155 560.06,72.803 558.662,73.347 C557.607,73.757 556.021,74.244 553.102,74.378 C549.944,74.521 548.997,74.552 541,74.552 C533.003,74.552 532.056,74.521 528.898,74.378 C525.979,74.244 524.393,73.757 523.338,73.347 C521.94,72.803 520.942,72.155 519.894,71.106 C518.846,70.057 518.197,69.06 517.654,67.663 C517.244,66.606 516.755,65.022 516.623,62.101 C516.479,58.943 516.448,57.996 516.448,50 C516.448,42.003 516.479,41.056 516.623,37.899 C516.755,34.978 517.244,33.391 517.654,32.338 C518.197,30.938 518.846,29.942 519.894,28.894 C520.942,27.846 521.94,27.196 523.338,26.654 C524.393,26.244 525.979,25.756 528.898,25.623 C532.057,25.479 533.004,25.448 541,25.448 C548.997,25.448 549.943,25.479 553.102,25.623 C556.021,25.756 557.607,26.244 558.662,26.654 C560.06,27.196 561.058,27.846 562.106,28.894 C563.154,29.942 563.803,30.938 564.346,32.338 C564.756,33.391 565.244,34.978 565.378,37.899 C565.522,41.056 565.552,42.003 565.552,50 C565.552,57.996 565.522,58.943 565.378,62.101 M570.82,37.631 C570.674,34.438 570.167,32.258 569.425,30.349 C568.659,28.377 567.633,26.702 565.965,25.035 C564.297,23.368 562.623,22.342 560.652,21.575 C558.743,20.834 556.562,20.326 553.369,20.18 C550.169,20.033 549.148,20 541,20 C532.853,20 531.831,20.033 528.631,20.18 C525.438,20.326 523.257,20.834 521.349,21.575 C519.376,22.342 517.703,23.368 516.035,25.035 C514.368,26.702 513.342,28.377 512.574,30.349 C511.834,32.258 511.326,34.438 511.181,37.631 C511.035,40.831 511,41.851 511,50 C511,58.147 511.035,59.17 511.181,62.369 C511.326,65.562 511.834,67.743 512.574,69.651 C513.342,71.625 514.368,73.296 516.035,74.965 C517.703,76.634 519.376,77.658 521.349,78.425 C523.257,79.167 525.438,79.673 528.631,79.82 C531.831,79.965 532.853,80.001 541,80.001 C549.148,80.001 550.169,79.965 553.369,79.82 C556.562,79.673 558.743,79.167 560.652,78.425 C562.623,77.658 564.297,76.634 565.965,74.965 C567.633,73.296 568.659,71.625 569.425,69.651 C570.167,67.743 570.674,65.562 570.82,62.369 C570.966,59.17 571,58.147 571,50 C571,41.851 570.966,40.831 570.82,37.631\"><\/path><\/g><\/g><\/g><\/svg><\/div><div style=\"padding-top: 8px;\"> <div style=\" color:#3897f0; font-family:Arial,sans-serif; font-size:14px; font-style:normal; font-weight:550; line-height:18px;\">Ver essa foto no Instagram<\/div><\/div><div style=\"padding: 12.5% 0;\"><\/div> <div style=\"display: flex; flex-direction: row; margin-bottom: 14px; align-items: center;\"><div> <div style=\"background-color: #F4F4F4; border-radius: 50%; height: 12.5px; width: 12.5px; transform: translateX(0px) translateY(7px);\"><\/div> <div style=\"background-color: #F4F4F4; height: 12.5px; transform: rotate(-45deg) translateX(3px) translateY(1px); width: 12.5px; flex-grow: 0; margin-right: 14px; margin-left: 2px;\"><\/div> <div style=\"background-color: #F4F4F4; border-radius: 50%; height: 12.5px; width: 12.5px; transform: translateX(9px) translateY(-18px);\"><\/div><\/div><div style=\"margin-left: 8px;\"> <div style=\" background-color: #F4F4F4; border-radius: 50%; flex-grow: 0; height: 20px; width: 20px;\"><\/div> <div style=\" width: 0; height: 0; border-top: 2px solid transparent; border-left: 6px solid #f4f4f4; border-bottom: 2px solid transparent; transform: translateX(16px) translateY(-4px) rotate(30deg)\"><\/div><\/div><div style=\"margin-left: auto;\"> <div style=\" width: 0px; border-top: 8px solid #F4F4F4; border-right: 8px solid transparent; transform: translateY(16px);\"><\/div> <div style=\" background-color: #F4F4F4; flex-grow: 0; height: 12px; width: 16px; transform: translateY(-4px);\"><\/div> <div style=\" width: 0; height: 0; border-top: 8px solid #F4F4F4; border-left: 8px solid transparent; transform: translateY(-4px) translateX(8px);\"><\/div><\/div><\/div> <div style=\"display: flex; flex-direction: column; flex-grow: 1; justify-content: center; margin-bottom: 24px;\"> <div style=\" background-color: #F4F4F4; border-radius: 4px; flex-grow: 0; height: 14px; margin-bottom: 6px; width: 224px;\"><\/div> <div style=\" background-color: #F4F4F4; border-radius: 4px; flex-grow: 0; height: 14px; width: 144px;\"><\/div><\/div><\/a><p style=\" color:#c9c8cd; font-family:Arial,sans-serif; font-size:14px; line-height:17px; margin-bottom:0; margin-top:8px; overflow:hidden; padding:8px 0 7px; text-align:center; text-overflow:ellipsis; white-space:nowrap;\"><a href=\"https:\/\/www.instagram.com\/p\/DGKSa9EA2GM\/?utm_source=ig_embed&amp;utm_campaign=loading\" style=\" color:#c9c8cd; font-family:Arial,sans-serif; font-size:14px; font-style:normal; font-weight:normal; line-height:17px; text-decoration:none;\" target=\"_blank\">Uma publica\u00e7\u00e3o compartilhada por Luis\u00e3o\ud83c\udde7\ud83c\uddf7 (@luisdoria03)<\/a><\/p><\/div><\/blockquote>\n<script async src=\"\/\/www.instagram.com\/embed.js\"><\/script>\n\n\n\n<p>Os refor\u00e7os Luis\u00e3o e L\u00e9o Godoy tamb\u00e9m n\u00e3o conseguiram justificar as expectativas. Luis\u00e3o, com pouco tempo de jogo, sequer conseguiu se firmar no time titular.<\/p>\n\n\n\n<h2 class=\"wp-block-heading\" id=\"h-leo-godoy\">L\u00e9o Godoy<\/h2>\n\n\n\n<figure class=\"wp-block-embed is-type-photo is-provider-flickr wp-block-embed-flickr\"><div class=\"wp-block-embed__wrapper\">\n<a href=\"https:\/\/flic.kr\/p\/2qQf4k6\"><img loading=\"lazy\" decoding=\"async\" src=\"https:\/\/live.staticflickr.com\/65535\/54367189551_b9388496ab_z.webp\" alt=\"l\u00e9o godoy\" width=\"640\" height=\"542\" \/><\/a>\n<\/div><\/figure>\n\n\n\n<p>L\u00e9o Godoy, apesar de ser inicialmente titular, viu sua vaga ser tomada por outros jogadores ap\u00f3s performances inst\u00e1veis.&nbsp;<\/p>\n\n\n\n<h2 class=\"wp-block-heading\" id=\"h-gabriel-bontempo\">Gabriel Bontempo<\/h2>\n\n\n\n<blockquote class=\"instagram-media\" data-instgrm-permalink=\"https:\/\/www.instagram.com\/p\/DGT-5DVyEIw\/?utm_source=ig_embed&amp;utm_campaign=loading\" data-instgrm-version=\"14\" style=\" background:#FFF; border:0; border-radius:3px; box-shadow:0 0 1px 0 rgba(0,0,0,0.5),0 1px 10px 0 rgba(0,0,0,0.15); margin: 1px; max-width:540px; min-width:326px; padding:0; width:99.375%; width:-webkit-calc(100% - 2px); width:calc(100% - 2px);\"><div style=\"padding:16px;\"> <a href=\"https:\/\/www.instagram.com\/p\/DGT-5DVyEIw\/?utm_source=ig_embed&amp;utm_campaign=loading\" style=\" background:#FFFFFF; line-height:0; padding:0 0; text-align:center; text-decoration:none; width:100%;\" target=\"_blank\"> <div style=\" display: flex; flex-direction: row; align-items: center;\"> <div style=\"background-color: #F4F4F4; border-radius: 50%; flex-grow: 0; height: 40px; margin-right: 14px; width: 40px;\"><\/div> <div style=\"display: flex; flex-direction: column; flex-grow: 1; justify-content: center;\"> <div style=\" background-color: #F4F4F4; border-radius: 4px; flex-grow: 0; height: 14px; margin-bottom: 6px; width: 100px;\"><\/div> <div style=\" background-color: #F4F4F4; border-radius: 4px; flex-grow: 0; height: 14px; width: 60px;\"><\/div><\/div><\/div><div style=\"padding: 19% 0;\"><\/div> <div style=\"display:block; height:50px; margin:0 auto 12px; width:50px;\"><svg width=\"50px\" height=\"50px\" viewBox=\"0 0 60 60\" version=\"1.1\" xmlns=\"https:\/\/www.w3.org\/2000\/svg\" xmlns:xlink=\"https:\/\/www.w3.org\/1999\/xlink\"><g stroke=\"none\" stroke-width=\"1\" fill=\"none\" fill-rule=\"evenodd\"><g transform=\"translate(-511.000000, -20.000000)\" fill=\"#000000\"><g><path d=\"M556.869,30.41 C554.814,30.41 553.148,32.076 553.148,34.131 C553.148,36.186 554.814,37.852 556.869,37.852 C558.924,37.852 560.59,36.186 560.59,34.131 C560.59,32.076 558.924,30.41 556.869,30.41 M541,60.657 C535.114,60.657 530.342,55.887 530.342,50 C530.342,44.114 535.114,39.342 541,39.342 C546.887,39.342 551.658,44.114 551.658,50 C551.658,55.887 546.887,60.657 541,60.657 M541,33.886 C532.1,33.886 524.886,41.1 524.886,50 C524.886,58.899 532.1,66.113 541,66.113 C549.9,66.113 557.115,58.899 557.115,50 C557.115,41.1 549.9,33.886 541,33.886 M565.378,62.101 C565.244,65.022 564.756,66.606 564.346,67.663 C563.803,69.06 563.154,70.057 562.106,71.106 C561.058,72.155 560.06,72.803 558.662,73.347 C557.607,73.757 556.021,74.244 553.102,74.378 C549.944,74.521 548.997,74.552 541,74.552 C533.003,74.552 532.056,74.521 528.898,74.378 C525.979,74.244 524.393,73.757 523.338,73.347 C521.94,72.803 520.942,72.155 519.894,71.106 C518.846,70.057 518.197,69.06 517.654,67.663 C517.244,66.606 516.755,65.022 516.623,62.101 C516.479,58.943 516.448,57.996 516.448,50 C516.448,42.003 516.479,41.056 516.623,37.899 C516.755,34.978 517.244,33.391 517.654,32.338 C518.197,30.938 518.846,29.942 519.894,28.894 C520.942,27.846 521.94,27.196 523.338,26.654 C524.393,26.244 525.979,25.756 528.898,25.623 C532.057,25.479 533.004,25.448 541,25.448 C548.997,25.448 549.943,25.479 553.102,25.623 C556.021,25.756 557.607,26.244 558.662,26.654 C560.06,27.196 561.058,27.846 562.106,28.894 C563.154,29.942 563.803,30.938 564.346,32.338 C564.756,33.391 565.244,34.978 565.378,37.899 C565.522,41.056 565.552,42.003 565.552,50 C565.552,57.996 565.522,58.943 565.378,62.101 M570.82,37.631 C570.674,34.438 570.167,32.258 569.425,30.349 C568.659,28.377 567.633,26.702 565.965,25.035 C564.297,23.368 562.623,22.342 560.652,21.575 C558.743,20.834 556.562,20.326 553.369,20.18 C550.169,20.033 549.148,20 541,20 C532.853,20 531.831,20.033 528.631,20.18 C525.438,20.326 523.257,20.834 521.349,21.575 C519.376,22.342 517.703,23.368 516.035,25.035 C514.368,26.702 513.342,28.377 512.574,30.349 C511.834,32.258 511.326,34.438 511.181,37.631 C511.035,40.831 511,41.851 511,50 C511,58.147 511.035,59.17 511.181,62.369 C511.326,65.562 511.834,67.743 512.574,69.651 C513.342,71.625 514.368,73.296 516.035,74.965 C517.703,76.634 519.376,77.658 521.349,78.425 C523.257,79.167 525.438,79.673 528.631,79.82 C531.831,79.965 532.853,80.001 541,80.001 C549.148,80.001 550.169,79.965 553.369,79.82 C556.562,79.673 558.743,79.167 560.652,78.425 C562.623,77.658 564.297,76.634 565.965,74.965 C567.633,73.296 568.659,71.625 569.425,69.651 C570.167,67.743 570.674,65.562 570.82,62.369 C570.966,59.17 571,58.147 571,50 C571,41.851 570.966,40.831 570.82,37.631\"><\/path><\/g><\/g><\/g><\/svg><\/div><div style=\"padding-top: 8px;\"> <div style=\" color:#3897f0; font-family:Arial,sans-serif; font-size:14px; font-style:normal; font-weight:550; line-height:18px;\">Ver essa foto no Instagram<\/div><\/div><div style=\"padding: 12.5% 0;\"><\/div> <div style=\"display: flex; flex-direction: row; margin-bottom: 14px; align-items: center;\"><div> <div style=\"background-color: #F4F4F4; border-radius: 50%; height: 12.5px; width: 12.5px; transform: translateX(0px) translateY(7px);\"><\/div> <div style=\"background-color: #F4F4F4; height: 12.5px; transform: rotate(-45deg) translateX(3px) translateY(1px); width: 12.5px; flex-grow: 0; margin-right: 14px; margin-left: 2px;\"><\/div> <div style=\"background-color: #F4F4F4; border-radius: 50%; height: 12.5px; width: 12.5px; transform: translateX(9px) translateY(-18px);\"><\/div><\/div><div style=\"margin-left: 8px;\"> <div style=\" background-color: #F4F4F4; border-radius: 50%; flex-grow: 0; height: 20px; width: 20px;\"><\/div> <div style=\" width: 0; height: 0; border-top: 2px solid transparent; border-left: 6px solid #f4f4f4; border-bottom: 2px solid transparent; transform: translateX(16px) translateY(-4px) rotate(30deg)\"><\/div><\/div><div style=\"margin-left: auto;\"> <div style=\" width: 0px; border-top: 8px solid #F4F4F4; border-right: 8px solid transparent; transform: translateY(16px);\"><\/div> <div style=\" background-color: #F4F4F4; flex-grow: 0; height: 12px; width: 16px; transform: translateY(-4px);\"><\/div> <div style=\" width: 0; height: 0; border-top: 8px solid #F4F4F4; border-left: 8px solid transparent; transform: translateY(-4px) translateX(8px);\"><\/div><\/div><\/div> <div style=\"display: flex; flex-direction: column; flex-grow: 1; justify-content: center; margin-bottom: 24px;\"> <div style=\" background-color: #F4F4F4; border-radius: 4px; flex-grow: 0; height: 14px; margin-bottom: 6px; width: 224px;\"><\/div> <div style=\" background-color: #F4F4F4; border-radius: 4px; flex-grow: 0; height: 14px; width: 144px;\"><\/div><\/div><\/a><p style=\" color:#c9c8cd; font-family:Arial,sans-serif; font-size:14px; line-height:17px; margin-bottom:0; margin-top:8px; overflow:hidden; padding:8px 0 7px; text-align:center; text-overflow:ellipsis; white-space:nowrap;\"><a href=\"https:\/\/www.instagram.com\/p\/DGT-5DVyEIw\/?utm_source=ig_embed&amp;utm_campaign=loading\" style=\" color:#c9c8cd; font-family:Arial,sans-serif; font-size:14px; font-style:normal; font-weight:normal; line-height:17px; text-decoration:none;\" target=\"_blank\">Uma publica\u00e7\u00e3o compartilhada por Gabriel Bontempo (@gbontempo_05)<\/a><\/p><\/div><\/blockquote>\n<script async src=\"\/\/www.instagram.com\/embed.js\"><\/script>\n\n\n\n<p>Em contrapartida, Gabriel Bontempo apareceu como uma das grandes revela\u00e7\u00f5es do Santos no Paulist\u00e3o. O jovem meia, que come\u00e7ou a temporada jogando pela base, ganhou destaque no time profissional e mostrou grande potencial em diversas partidas.<\/p>\n\n\n\n<h2 class=\"wp-block-heading\" id=\"h-luca-meirelles\">Luca Meirelles<\/h2>\n\n\n\n<figure class=\"wp-block-image size-full\"><img loading=\"lazy\" decoding=\"async\" width=\"534\" height=\"563\" src=\"http:\/\/www.gaveanews.com\/wp-content\/uploads\/Luca-Meirelles-pelo-Santos-1.webp\" alt=\"\" class=\"wp-image-185529\" srcset=\"https:\/\/www.gaveanews.com\/wp-content\/uploads\/Luca-Meirelles-pelo-Santos-1.webp 534w, https:\/\/www.gaveanews.com\/wp-content\/uploads\/Luca-Meirelles-pelo-Santos-1-285x300.webp 285w, https:\/\/www.gaveanews.com\/wp-content\/uploads\/Luca-Meirelles-pelo-Santos-1-398x420.webp 398w, https:\/\/www.gaveanews.com\/wp-content\/uploads\/Luca-Meirelles-pelo-Santos-1-100x105.webp 100w\" sizes=\"auto, (max-width: 534px) 100vw, 534px\" \/><\/figure>\n\n\n\n<p>Luca Meirelles, uma das promessas da base, n\u00e3o conseguiu manter o bom desempenho que teve nas primeiras partidas do Paulist\u00e3o. Apesar de ser tratado como uma das joias do Santos, o atacante ter\u00e1 de se esfor\u00e7ar para reconquistar a confian\u00e7a do t\u00e9cnico Pedro Caixinha.<\/p>\n","protected":false},"excerpt":{"rendered":"<p>A elimina\u00e7\u00e3o do Santos para o Corinthians na semifinal do Campeonato Paulista representou o fim de uma fase na temporada. Durante os 14 jogos disputados, com destaque para as 12 partidas da primeira fase e os confrontos de quartas e semifinal, a equipe passou por uma s\u00e9rie de altos e baixos.&nbsp; Certos jogadores se destacaram, [&hellip;]<\/p>\n","protected":false},"author":24,"featured_media":152156,"comment_status":"open","ping_status":"closed","sticky":false,"template":"","format":"standard","meta":{"footnotes":""},"categories":[139],"tags":[],"class_list":["post-239640","post","type-post","status-publish","format-standard","has-post-thumbnail","hentry","category-santos"],"yoast_head":"<!-- This site is optimized with the Yoast SEO Premium plugin v24.2 (Yoast SEO v26.9) - https:\/\/yoast.com\/product\/yoast-seo-premium-wordpress\/ -->\n<title>Guilherme, Diego Pituca, Z\u00e9 Ivaldo, Gil, Luan Peres, Jo\u00e3o Basso, Luis\u00e3o, L\u00e9o Godoy, Gabriel Bontempo, Luca Meirelles: as mudan\u00e7as de status no elenco do Santos<\/title>\n<meta name=\"robots\" content=\"index, follow, max-snippet:-1, max-image-preview:large, max-video-preview:-1\" \/>\n<link rel=\"canonical\" href=\"https:\/\/www.gaveanews.com\/index.php\/2025\/03\/13\/guilherme-diego-pituca-ze-ivaldo-gil-luan-peres-joao-basso-luisao-leo-godoy-gabriel-bontempo-luca-meirelles-as-mudancas-de-status-no-elenco-do-santos\/\" \/>\n<meta property=\"og:locale\" content=\"pt_BR\" \/>\n<meta property=\"og:type\" content=\"article\" \/>\n<meta property=\"og:title\" content=\"Guilherme, Diego Pituca, Z\u00e9 Ivaldo, Gil, Luan Peres, Jo\u00e3o Basso, Luis\u00e3o, L\u00e9o Godoy, Gabriel Bontempo, Luca Meirelles: as mudan\u00e7as de status no elenco do Santos\" \/>\n<meta property=\"og:description\" content=\"A elimina\u00e7\u00e3o do Santos para o Corinthians na semifinal do Campeonato Paulista representou o fim de uma fase na temporada. Durante os 14 jogos disputados, com destaque para as 12 partidas da primeira fase e os confrontos de quartas e semifinal, a equipe passou por uma s\u00e9rie de altos e baixos.&nbsp; Certos jogadores se destacaram, [&hellip;]\" \/>\n<meta property=\"og:url\" content=\"https:\/\/www.gaveanews.com\/index.php\/2025\/03\/13\/guilherme-diego-pituca-ze-ivaldo-gil-luan-peres-joao-basso-luisao-leo-godoy-gabriel-bontempo-luca-meirelles-as-mudancas-de-status-no-elenco-do-santos\/\" \/>\n<meta property=\"og:site_name\" content=\"G\u00e1vea News\" \/>\n<meta property=\"article:publisher\" content=\"https:\/\/facebook.com\/gaveaNews\/\" \/>\n<meta property=\"article:published_time\" content=\"2025-03-13T21:40:00+00:00\" \/>\n<meta property=\"og:image\" content=\"https:\/\/www.gaveanews.com\/wp-content\/uploads\/Escudo-do-Santos-1.webp\" \/>\n\t<meta property=\"og:image:width\" content=\"1300\" \/>\n\t<meta property=\"og:image:height\" content=\"1056\" \/>\n\t<meta property=\"og:image:type\" content=\"image\/webp\" \/>\n<meta name=\"author\" content=\"Leandro Cardoso\" \/>\n<meta name=\"twitter:card\" content=\"summary_large_image\" \/>\n<meta name=\"twitter:label1\" content=\"Escrito por\" \/>\n\t<meta name=\"twitter:data1\" content=\"Leandro Cardoso\" \/>\n\t<meta name=\"twitter:label2\" content=\"Est. tempo de leitura\" \/>\n\t<meta name=\"twitter:data2\" content=\"5 minutos\" \/>\n<script type=\"application\/ld+json\" class=\"yoast-schema-graph\">{\"@context\":\"https:\/\/schema.org\",\"@graph\":[{\"@type\":\"NewsArticle\",\"@id\":\"https:\/\/www.gaveanews.com\/index.php\/2025\/03\/13\/guilherme-diego-pituca-ze-ivaldo-gil-luan-peres-joao-basso-luisao-leo-godoy-gabriel-bontempo-luca-meirelles-as-mudancas-de-status-no-elenco-do-santos\/#article\",\"isPartOf\":{\"@id\":\"https:\/\/www.gaveanews.com\/index.php\/2025\/03\/13\/guilherme-diego-pituca-ze-ivaldo-gil-luan-peres-joao-basso-luisao-leo-godoy-gabriel-bontempo-luca-meirelles-as-mudancas-de-status-no-elenco-do-santos\/\"},\"author\":{\"name\":\"Leandro Cardoso\",\"@id\":\"https:\/\/www.gaveanews.com\/#\/schema\/person\/2424ec6409bc3f068411fc5e4e9b6168\"},\"headline\":\"Guilherme, Diego Pituca, Z\u00e9 Ivaldo, Gil, Luan Peres, Jo\u00e3o Basso, Luis\u00e3o, L\u00e9o Godoy, Gabriel Bontempo, Luca Meirelles: as mudan\u00e7as de status no elenco do Santos\",\"datePublished\":\"2025-03-13T21:40:00+00:00\",\"mainEntityOfPage\":{\"@id\":\"https:\/\/www.gaveanews.com\/index.php\/2025\/03\/13\/guilherme-diego-pituca-ze-ivaldo-gil-luan-peres-joao-basso-luisao-leo-godoy-gabriel-bontempo-luca-meirelles-as-mudancas-de-status-no-elenco-do-santos\/\"},\"wordCount\":609,\"commentCount\":0,\"image\":{\"@id\":\"https:\/\/www.gaveanews.com\/index.php\/2025\/03\/13\/guilherme-diego-pituca-ze-ivaldo-gil-luan-peres-joao-basso-luisao-leo-godoy-gabriel-bontempo-luca-meirelles-as-mudancas-de-status-no-elenco-do-santos\/#primaryimage\"},\"thumbnailUrl\":\"https:\/\/www.gaveanews.com\/wp-content\/uploads\/Escudo-do-Santos-1.webp\",\"articleSection\":[\"Santos\"],\"inLanguage\":\"pt-BR\",\"potentialAction\":[{\"@type\":\"CommentAction\",\"name\":\"Comment\",\"target\":[\"https:\/\/www.gaveanews.com\/index.php\/2025\/03\/13\/guilherme-diego-pituca-ze-ivaldo-gil-luan-peres-joao-basso-luisao-leo-godoy-gabriel-bontempo-luca-meirelles-as-mudancas-de-status-no-elenco-do-santos\/#respond\"]}],\"copyrightYear\":\"2025\",\"copyrightHolder\":{\"@id\":\"https:\/\/www.gaveanews.com\/#organization\"}},{\"@type\":\"WebPage\",\"@id\":\"https:\/\/www.gaveanews.com\/index.php\/2025\/03\/13\/guilherme-diego-pituca-ze-ivaldo-gil-luan-peres-joao-basso-luisao-leo-godoy-gabriel-bontempo-luca-meirelles-as-mudancas-de-status-no-elenco-do-santos\/\",\"url\":\"https:\/\/www.gaveanews.com\/index.php\/2025\/03\/13\/guilherme-diego-pituca-ze-ivaldo-gil-luan-peres-joao-basso-luisao-leo-godoy-gabriel-bontempo-luca-meirelles-as-mudancas-de-status-no-elenco-do-santos\/\",\"name\":\"Guilherme, Diego Pituca, Z\u00e9 Ivaldo, Gil, Luan Peres, Jo\u00e3o Basso, Luis\u00e3o, L\u00e9o Godoy, Gabriel Bontempo, Luca Meirelles: as mudan\u00e7as de status no elenco do Santos\",\"isPartOf\":{\"@id\":\"https:\/\/www.gaveanews.com\/#website\"},\"primaryImageOfPage\":{\"@id\":\"https:\/\/www.gaveanews.com\/index.php\/2025\/03\/13\/guilherme-diego-pituca-ze-ivaldo-gil-luan-peres-joao-basso-luisao-leo-godoy-gabriel-bontempo-luca-meirelles-as-mudancas-de-status-no-elenco-do-santos\/#primaryimage\"},\"image\":{\"@id\":\"https:\/\/www.gaveanews.com\/index.php\/2025\/03\/13\/guilherme-diego-pituca-ze-ivaldo-gil-luan-peres-joao-basso-luisao-leo-godoy-gabriel-bontempo-luca-meirelles-as-mudancas-de-status-no-elenco-do-santos\/#primaryimage\"},\"thumbnailUrl\":\"https:\/\/www.gaveanews.com\/wp-content\/uploads\/Escudo-do-Santos-1.webp\",\"datePublished\":\"2025-03-13T21:40:00+00:00\",\"author\":{\"@id\":\"https:\/\/www.gaveanews.com\/#\/schema\/person\/2424ec6409bc3f068411fc5e4e9b6168\"},\"breadcrumb\":{\"@id\":\"https:\/\/www.gaveanews.com\/index.php\/2025\/03\/13\/guilherme-diego-pituca-ze-ivaldo-gil-luan-peres-joao-basso-luisao-leo-godoy-gabriel-bontempo-luca-meirelles-as-mudancas-de-status-no-elenco-do-santos\/#breadcrumb\"},\"inLanguage\":\"pt-BR\",\"potentialAction\":[{\"@type\":\"ReadAction\",\"target\":[\"https:\/\/www.gaveanews.com\/index.php\/2025\/03\/13\/guilherme-diego-pituca-ze-ivaldo-gil-luan-peres-joao-basso-luisao-leo-godoy-gabriel-bontempo-luca-meirelles-as-mudancas-de-status-no-elenco-do-santos\/\"]}]},{\"@type\":\"ImageObject\",\"inLanguage\":\"pt-BR\",\"@id\":\"https:\/\/www.gaveanews.com\/index.php\/2025\/03\/13\/guilherme-diego-pituca-ze-ivaldo-gil-luan-peres-joao-basso-luisao-leo-godoy-gabriel-bontempo-luca-meirelles-as-mudancas-de-status-no-elenco-do-santos\/#primaryimage\",\"url\":\"https:\/\/www.gaveanews.com\/wp-content\/uploads\/Escudo-do-Santos-1.webp\",\"contentUrl\":\"https:\/\/www.gaveanews.com\/wp-content\/uploads\/Escudo-do-Santos-1.webp\",\"width\":1300,\"height\":1056,\"caption\":\"Escudo do Santos (Foto: Reprodu\u00e7\u00e3o\/Instagram)\"},{\"@type\":\"BreadcrumbList\",\"@id\":\"https:\/\/www.gaveanews.com\/index.php\/2025\/03\/13\/guilherme-diego-pituca-ze-ivaldo-gil-luan-peres-joao-basso-luisao-leo-godoy-gabriel-bontempo-luca-meirelles-as-mudancas-de-status-no-elenco-do-santos\/#breadcrumb\",\"itemListElement\":[{\"@type\":\"ListItem\",\"position\":1,\"name\":\"Home\",\"item\":\"https:\/\/www.gaveanews.com\/\"},{\"@type\":\"ListItem\",\"position\":2,\"name\":\"Guilherme, Diego Pituca, Z\u00e9 Ivaldo, Gil, Luan Peres, Jo\u00e3o Basso, Luis\u00e3o, L\u00e9o Godoy, Gabriel Bontempo, Luca Meirelles: as mudan\u00e7as de status no elenco do Santos\"}]},{\"@type\":\"WebSite\",\"@id\":\"https:\/\/www.gaveanews.com\/#website\",\"url\":\"https:\/\/www.gaveanews.com\/\",\"name\":\"G\u00e1vea News\",\"description\":\"Veja todas as not\u00edcias sobre o Flamengo: Contrata\u00e7\u00f5es, categorias de base, resultados das partidas, tabela de classifica\u00e7\u00e3o, pr\u00f3ximos jogos!\",\"potentialAction\":[{\"@type\":\"SearchAction\",\"target\":{\"@type\":\"EntryPoint\",\"urlTemplate\":\"https:\/\/www.gaveanews.com\/?s={search_term_string}\"},\"query-input\":{\"@type\":\"PropertyValueSpecification\",\"valueRequired\":true,\"valueName\":\"search_term_string\"}}],\"inLanguage\":\"pt-BR\"},{\"@type\":\"Person\",\"@id\":\"https:\/\/www.gaveanews.com\/#\/schema\/person\/2424ec6409bc3f068411fc5e4e9b6168\",\"name\":\"Leandro Cardoso\",\"image\":{\"@type\":\"ImageObject\",\"inLanguage\":\"pt-BR\",\"@id\":\"https:\/\/www.gaveanews.com\/#\/schema\/person\/image\/\",\"url\":\"https:\/\/secure.gravatar.com\/avatar\/8ca179f9b55eefe9f376f5493ef25475bfa59fbc28ce937f6076ce20e523098f?s=96&d=mm&r=g\",\"contentUrl\":\"https:\/\/secure.gravatar.com\/avatar\/8ca179f9b55eefe9f376f5493ef25475bfa59fbc28ce937f6076ce20e523098f?s=96&d=mm&r=g\",\"caption\":\"Leandro Cardoso\"}}]}<\/script>\n<!-- \/ Yoast SEO Premium plugin. -->","yoast_head_json":{"title":"Guilherme, Diego Pituca, Z\u00e9 Ivaldo, Gil, Luan Peres, Jo\u00e3o Basso, Luis\u00e3o, L\u00e9o Godoy, Gabriel Bontempo, Luca Meirelles: as mudan\u00e7as de status no elenco do Santos","robots":{"index":"index","follow":"follow","max-snippet":"max-snippet:-1","max-image-preview":"max-image-preview:large","max-video-preview":"max-video-preview:-1"},"canonical":"https:\/\/www.gaveanews.com\/index.php\/2025\/03\/13\/guilherme-diego-pituca-ze-ivaldo-gil-luan-peres-joao-basso-luisao-leo-godoy-gabriel-bontempo-luca-meirelles-as-mudancas-de-status-no-elenco-do-santos\/","og_locale":"pt_BR","og_type":"article","og_title":"Guilherme, Diego Pituca, Z\u00e9 Ivaldo, Gil, Luan Peres, Jo\u00e3o Basso, Luis\u00e3o, L\u00e9o Godoy, Gabriel Bontempo, Luca Meirelles: as mudan\u00e7as de status no elenco do Santos","og_description":"A elimina\u00e7\u00e3o do Santos para o Corinthians na semifinal do Campeonato Paulista representou o fim de uma fase na temporada. Durante os 14 jogos disputados, com destaque para as 12 partidas da primeira fase e os confrontos de quartas e semifinal, a equipe passou por uma s\u00e9rie de altos e baixos.&nbsp; Certos jogadores se destacaram, [&hellip;]","og_url":"https:\/\/www.gaveanews.com\/index.php\/2025\/03\/13\/guilherme-diego-pituca-ze-ivaldo-gil-luan-peres-joao-basso-luisao-leo-godoy-gabriel-bontempo-luca-meirelles-as-mudancas-de-status-no-elenco-do-santos\/","og_site_name":"G\u00e1vea News","article_publisher":"https:\/\/facebook.com\/gaveaNews\/","article_published_time":"2025-03-13T21:40:00+00:00","og_image":[{"width":1300,"height":1056,"url":"https:\/\/www.gaveanews.com\/wp-content\/uploads\/Escudo-do-Santos-1.webp","type":"image\/webp"}],"author":"Leandro Cardoso","twitter_card":"summary_large_image","twitter_misc":{"Escrito por":"Leandro Cardoso","Est. tempo de leitura":"5 minutos"},"schema":{"@context":"https:\/\/schema.org","@graph":[{"@type":"NewsArticle","@id":"https:\/\/www.gaveanews.com\/index.php\/2025\/03\/13\/guilherme-diego-pituca-ze-ivaldo-gil-luan-peres-joao-basso-luisao-leo-godoy-gabriel-bontempo-luca-meirelles-as-mudancas-de-status-no-elenco-do-santos\/#article","isPartOf":{"@id":"https:\/\/www.gaveanews.com\/index.php\/2025\/03\/13\/guilherme-diego-pituca-ze-ivaldo-gil-luan-peres-joao-basso-luisao-leo-godoy-gabriel-bontempo-luca-meirelles-as-mudancas-de-status-no-elenco-do-santos\/"},"author":{"name":"Leandro Cardoso","@id":"https:\/\/www.gaveanews.com\/#\/schema\/person\/2424ec6409bc3f068411fc5e4e9b6168"},"headline":"Guilherme, Diego Pituca, Z\u00e9 Ivaldo, Gil, Luan Peres, Jo\u00e3o Basso, Luis\u00e3o, L\u00e9o Godoy, Gabriel Bontempo, Luca Meirelles: as mudan\u00e7as de status no elenco do Santos","datePublished":"2025-03-13T21:40:00+00:00","mainEntityOfPage":{"@id":"https:\/\/www.gaveanews.com\/index.php\/2025\/03\/13\/guilherme-diego-pituca-ze-ivaldo-gil-luan-peres-joao-basso-luisao-leo-godoy-gabriel-bontempo-luca-meirelles-as-mudancas-de-status-no-elenco-do-santos\/"},"wordCount":609,"commentCount":0,"image":{"@id":"https:\/\/www.gaveanews.com\/index.php\/2025\/03\/13\/guilherme-diego-pituca-ze-ivaldo-gil-luan-peres-joao-basso-luisao-leo-godoy-gabriel-bontempo-luca-meirelles-as-mudancas-de-status-no-elenco-do-santos\/#primaryimage"},"thumbnailUrl":"https:\/\/www.gaveanews.com\/wp-content\/uploads\/Escudo-do-Santos-1.webp","articleSection":["Santos"],"inLanguage":"pt-BR","potentialAction":[{"@type":"CommentAction","name":"Comment","target":["https:\/\/www.gaveanews.com\/index.php\/2025\/03\/13\/guilherme-diego-pituca-ze-ivaldo-gil-luan-peres-joao-basso-luisao-leo-godoy-gabriel-bontempo-luca-meirelles-as-mudancas-de-status-no-elenco-do-santos\/#respond"]}],"copyrightYear":"2025","copyrightHolder":{"@id":"https:\/\/www.gaveanews.com\/#organization"}},{"@type":"WebPage","@id":"https:\/\/www.gaveanews.com\/index.php\/2025\/03\/13\/guilherme-diego-pituca-ze-ivaldo-gil-luan-peres-joao-basso-luisao-leo-godoy-gabriel-bontempo-luca-meirelles-as-mudancas-de-status-no-elenco-do-santos\/","url":"https:\/\/www.gaveanews.com\/index.php\/2025\/03\/13\/guilherme-diego-pituca-ze-ivaldo-gil-luan-peres-joao-basso-luisao-leo-godoy-gabriel-bontempo-luca-meirelles-as-mudancas-de-status-no-elenco-do-santos\/","name":"Guilherme, Diego Pituca, Z\u00e9 Ivaldo, Gil, Luan Peres, Jo\u00e3o Basso, Luis\u00e3o, L\u00e9o Godoy, Gabriel Bontempo, Luca Meirelles: as mudan\u00e7as de status no elenco do Santos","isPartOf":{"@id":"https:\/\/www.gaveanews.com\/#website"},"primaryImageOfPage":{"@id":"https:\/\/www.gaveanews.com\/index.php\/2025\/03\/13\/guilherme-diego-pituca-ze-ivaldo-gil-luan-peres-joao-basso-luisao-leo-godoy-gabriel-bontempo-luca-meirelles-as-mudancas-de-status-no-elenco-do-santos\/#primaryimage"},"image":{"@id":"https:\/\/www.gaveanews.com\/index.php\/2025\/03\/13\/guilherme-diego-pituca-ze-ivaldo-gil-luan-peres-joao-basso-luisao-leo-godoy-gabriel-bontempo-luca-meirelles-as-mudancas-de-status-no-elenco-do-santos\/#primaryimage"},"thumbnailUrl":"https:\/\/www.gaveanews.com\/wp-content\/uploads\/Escudo-do-Santos-1.webp","datePublished":"2025-03-13T21:40:00+00:00","author":{"@id":"https:\/\/www.gaveanews.com\/#\/schema\/person\/2424ec6409bc3f068411fc5e4e9b6168"},"breadcrumb":{"@id":"https:\/\/www.gaveanews.com\/index.php\/2025\/03\/13\/guilherme-diego-pituca-ze-ivaldo-gil-luan-peres-joao-basso-luisao-leo-godoy-gabriel-bontempo-luca-meirelles-as-mudancas-de-status-no-elenco-do-santos\/#breadcrumb"},"inLanguage":"pt-BR","potentialAction":[{"@type":"ReadAction","target":["https:\/\/www.gaveanews.com\/index.php\/2025\/03\/13\/guilherme-diego-pituca-ze-ivaldo-gil-luan-peres-joao-basso-luisao-leo-godoy-gabriel-bontempo-luca-meirelles-as-mudancas-de-status-no-elenco-do-santos\/"]}]},{"@type":"ImageObject","inLanguage":"pt-BR","@id":"https:\/\/www.gaveanews.com\/index.php\/2025\/03\/13\/guilherme-diego-pituca-ze-ivaldo-gil-luan-peres-joao-basso-luisao-leo-godoy-gabriel-bontempo-luca-meirelles-as-mudancas-de-status-no-elenco-do-santos\/#primaryimage","url":"https:\/\/www.gaveanews.com\/wp-content\/uploads\/Escudo-do-Santos-1.webp","contentUrl":"https:\/\/www.gaveanews.com\/wp-content\/uploads\/Escudo-do-Santos-1.webp","width":1300,"height":1056,"caption":"Escudo do Santos (Foto: Reprodu\u00e7\u00e3o\/Instagram)"},{"@type":"BreadcrumbList","@id":"https:\/\/www.gaveanews.com\/index.php\/2025\/03\/13\/guilherme-diego-pituca-ze-ivaldo-gil-luan-peres-joao-basso-luisao-leo-godoy-gabriel-bontempo-luca-meirelles-as-mudancas-de-status-no-elenco-do-santos\/#breadcrumb","itemListElement":[{"@type":"ListItem","position":1,"name":"Home","item":"https:\/\/www.gaveanews.com\/"},{"@type":"ListItem","position":2,"name":"Guilherme, Diego Pituca, Z\u00e9 Ivaldo, Gil, Luan Peres, Jo\u00e3o Basso, Luis\u00e3o, L\u00e9o Godoy, Gabriel Bontempo, Luca Meirelles: as mudan\u00e7as de status no elenco do Santos"}]},{"@type":"WebSite","@id":"https:\/\/www.gaveanews.com\/#website","url":"https:\/\/www.gaveanews.com\/","name":"G\u00e1vea News","description":"Veja todas as not\u00edcias sobre o Flamengo: Contrata\u00e7\u00f5es, categorias de base, resultados das partidas, tabela de classifica\u00e7\u00e3o, pr\u00f3ximos jogos!","potentialAction":[{"@type":"SearchAction","target":{"@type":"EntryPoint","urlTemplate":"https:\/\/www.gaveanews.com\/?s={search_term_string}"},"query-input":{"@type":"PropertyValueSpecification","valueRequired":true,"valueName":"search_term_string"}}],"inLanguage":"pt-BR"},{"@type":"Person","@id":"https:\/\/www.gaveanews.com\/#\/schema\/person\/2424ec6409bc3f068411fc5e4e9b6168","name":"Leandro Cardoso","image":{"@type":"ImageObject","inLanguage":"pt-BR","@id":"https:\/\/www.gaveanews.com\/#\/schema\/person\/image\/","url":"https:\/\/secure.gravatar.com\/avatar\/8ca179f9b55eefe9f376f5493ef25475bfa59fbc28ce937f6076ce20e523098f?s=96&d=mm&r=g","contentUrl":"https:\/\/secure.gravatar.com\/avatar\/8ca179f9b55eefe9f376f5493ef25475bfa59fbc28ce937f6076ce20e523098f?s=96&d=mm&r=g","caption":"Leandro Cardoso"}}]}},"_links":{"self":[{"href":"https:\/\/www.gaveanews.com\/index.php\/wp-json\/wp\/v2\/posts\/239640","targetHints":{"allow":["GET"]}}],"collection":[{"href":"https:\/\/www.gaveanews.com\/index.php\/wp-json\/wp\/v2\/posts"}],"about":[{"href":"https:\/\/www.gaveanews.com\/index.php\/wp-json\/wp\/v2\/types\/post"}],"author":[{"embeddable":true,"href":"https:\/\/www.gaveanews.com\/index.php\/wp-json\/wp\/v2\/users\/24"}],"replies":[{"embeddable":true,"href":"https:\/\/www.gaveanews.com\/index.php\/wp-json\/wp\/v2\/comments?post=239640"}],"version-history":[{"count":1,"href":"https:\/\/www.gaveanews.com\/index.php\/wp-json\/wp\/v2\/posts\/239640\/revisions"}],"predecessor-version":[{"id":239646,"href":"https:\/\/www.gaveanews.com\/index.php\/wp-json\/wp\/v2\/posts\/239640\/revisions\/239646"}],"wp:featuredmedia":[{"embeddable":true,"href":"https:\/\/www.gaveanews.com\/index.php\/wp-json\/wp\/v2\/media\/152156"}],"wp:attachment":[{"href":"https:\/\/www.gaveanews.com\/index.php\/wp-json\/wp\/v2\/media?parent=239640"}],"wp:term":[{"taxonomy":"category","embeddable":true,"href":"https:\/\/www.gaveanews.com\/index.php\/wp-json\/wp\/v2\/categories?post=239640"},{"taxonomy":"post_tag","embeddable":true,"href":"https:\/\/www.gaveanews.com\/index.php\/wp-json\/wp\/v2\/tags?post=239640"}],"curies":[{"name":"wp","href":"https:\/\/api.w.org\/{rel}","templated":true}]}}