{"id":239889,"date":"2025-03-14T07:35:00","date_gmt":"2025-03-14T10:35:00","guid":{"rendered":"https:\/\/www.gaveanews.com\/?p=239889"},"modified":"2025-03-14T00:45:24","modified_gmt":"2025-03-14T03:45:24","slug":"recado-de-leila-pereira-para-rivais-novos-reforcos-e-lesao-de-gustavo-gomez-as-ultimas-noticias-do-palmeiras","status":"publish","type":"post","link":"https:\/\/www.gaveanews.com\/index.php\/2025\/03\/14\/recado-de-leila-pereira-para-rivais-novos-reforcos-e-lesao-de-gustavo-gomez-as-ultimas-noticias-do-palmeiras\/","title":{"rendered":"Recado de Leila Pereira para rivais, novos refor\u00e7os e les\u00e3o de Gustavo G\u00f3mez: as \u00faltimas not\u00edcias do Palmeiras"},"content":{"rendered":"\n<p>Nas \u00faltimas horas, o foco das not\u00edcias sobre o Palmeiras se concentram nos bastidores do clube, com destaques do dia a dia do time.<\/p>\n\n\n\n<p>Por conta deste contexto, leia abaixo um resumo preparado pela equipe do portal G\u00e1vea News para lhe manter muito bem informado!<\/p>\n\n\n\n<div class=\"wp-block-group\"><div class=\"wp-block-group__inner-container is-layout-constrained wp-block-group-is-layout-constrained\">\n<h2 class=\"wp-block-heading\" id=\"h-lesao-de-gustavo-gomez\">Les\u00e3o de Gustavo G\u00f3mez<\/h2>\n\n\n\n<p>O zagueiro Gustavo G\u00f3mez sofreu uma les\u00e3o no ligamento colateral do joelho direito durante um treinamento no Palmeiras. Apesar da preocupa\u00e7\u00e3o inicial, a contus\u00e3o n\u00e3o deve afast\u00e1-lo dos gramados por um longo per\u00edodo. O jogador j\u00e1 iniciou o tratamento sob a supervis\u00e3o do departamento m\u00e9dico do clube, e a expectativa \u00e9 de que sua recupera\u00e7\u00e3o ocorra dentro de um prazo relativamente curto, semelhante ao caso do meia Maur\u00edcio, que passou por situa\u00e7\u00e3o parecida em 2024 <strong><a href=\"https:\/\/www.gaveanews.com\/index.php\/2025\/03\/13\/palmeiras-saiba-tudo-sobre-a-lesao-de-gustavo-gomez\/\">(leia a mat\u00e9ria completa).<\/a><\/strong><\/p>\n\n\n\n<figure class=\"wp-block-image size-full\"><img loading=\"lazy\" decoding=\"async\" width=\"768\" height=\"432\" src=\"http:\/\/www.gaveanews.com\/wp-content\/uploads\/Gustavo-Gomez-em-treino-do-Palmeiras.webp\" alt=\"\" class=\"wp-image-59289\" srcset=\"https:\/\/www.gaveanews.com\/wp-content\/uploads\/Gustavo-Gomez-em-treino-do-Palmeiras.webp 768w, https:\/\/www.gaveanews.com\/wp-content\/uploads\/Gustavo-Gomez-em-treino-do-Palmeiras-300x169.webp 300w, https:\/\/www.gaveanews.com\/wp-content\/uploads\/Gustavo-Gomez-em-treino-do-Palmeiras-747x420.webp 747w, https:\/\/www.gaveanews.com\/wp-content\/uploads\/Gustavo-Gomez-em-treino-do-Palmeiras-640x360.webp 640w, https:\/\/www.gaveanews.com\/wp-content\/uploads\/Gustavo-Gomez-em-treino-do-Palmeiras-681x383.webp 681w, https:\/\/www.gaveanews.com\/wp-content\/uploads\/Gustavo-Gomez-em-treino-do-Palmeiras-100x56.webp 100w\" sizes=\"auto, (max-width: 768px) 100vw, 768px\" \/><figcaption class=\"wp-element-caption\">Gustavo G\u00f3mez em treino do Palmeiras (Foto: Cesar Greco\/SEP)<\/figcaption><\/figure>\n\n\n\n<p>Embora o Palmeiras n\u00e3o tenha divulgado um prazo oficial para o retorno de G\u00f3mez, h\u00e1 otimismo de que ele possa estar dispon\u00edvel para o segundo jogo da final do Campeonato Paulista, marcado para o dia 27 de mar\u00e7o. <\/p>\n\n\n\n<p>Sua presen\u00e7a seria um refor\u00e7o crucial para o time, que busca manter a solidez defensiva na reta decisiva da temporada. Durante sua aus\u00eancia, a comiss\u00e3o t\u00e9cnica precisar\u00e1 encontrar alternativas para ajustar o setor defensivo.<\/p>\n\n\n\n<p>A les\u00e3o do capit\u00e3o representa um desafio para a equipe, mas o clube segue monitorando sua evolu\u00e7\u00e3o para garantir um retorno seguro. Enquanto isso, o elenco continua se preparando para os pr\u00f3ximos compromissos, com a expectativa de contar com G\u00f3mez na fase decisiva do estadual e no restante da temporada.<\/p>\n\n\n\n<h2 class=\"wp-block-heading\" id=\"h-novos-reforcos\">Novos refor\u00e7os<\/h2>\n\n\n\n<p>O Palmeiras refor\u00e7ou seu elenco em 2025 com a chegada de novos jogadores, aumentando a competitividade interna e gerando desafios para o t\u00e9cnico Abel Ferreira. Entre os destaques, Emiliano Mart\u00ednez conquistou rapidamente a titularidade no meio-campo, desbancando An\u00edbal Moreno. Al\u00e9m dele, o zagueiro Micael, substituto de Gustavo G\u00f3mez, e os atacantes Facundo Torres e Vitor Roque tamb\u00e9m assumiram pap\u00e9is importantes na equipe, trazendo mais op\u00e7\u00f5es para o treinador <strong><a href=\"https:\/\/www.gaveanews.com\/index.php\/2025\/03\/13\/chegada-de-novos-reforcos-ao-palmeiras-causa-problema-para-abel-ferreira\/\">(leia a mat\u00e9ria completa).<\/a><\/strong><\/p>\n\n\n\n<figure class=\"wp-block-image size-full\"><img loading=\"lazy\" decoding=\"async\" width=\"984\" height=\"677\" src=\"http:\/\/www.gaveanews.com\/wp-content\/uploads\/rib2564.avif\" alt=\"\" class=\"wp-image-142773\"\/><figcaption class=\"wp-element-caption\">Abel Ferreira em Palmeiras x Athletico \u2014 Foto: Marcos Ribolli\n\n<\/figcaption><\/figure>\n\n\n\n<p>Essas mudan\u00e7as resultaram em um elenco mais equilibrado, mas tamb\u00e9m geraram disputas acirradas por posi\u00e7\u00f5es. Facundo Torres, por exemplo, foi mantido no time titular mesmo com a chegada de Felipe Anderson, enquanto Vitor Roque tomou a vaga de Flaco L\u00f3pez, artilheiro da equipe na temporada passada. O fortalecimento do elenco permite que Abel Ferreira tenha alternativas t\u00e1ticas e um banco de reservas mais qualificado para os desafios do ano.<\/p>\n\n\n\n<p>O pr\u00f3ximo compromisso do Palmeiras ser\u00e1 contra o Corinthians, pelo primeiro jogo da final do Campeonato Paulista, no domingo (16). Com um time renovado e jogadores em alta, o Verd\u00e3o entra em campo buscando confirmar a for\u00e7a de seu elenco e dar um passo importante rumo ao t\u00edtulo estadual.<\/p>\n\n\n\n<h2 class=\"wp-block-heading\" id=\"h-recado-de-leila-pereira-para-rivais\">Recado de Leila Pereira para rivais<\/h2>\n\n\n\n<p>A presidente do Palmeiras, Leila Pereira, rebateu cr\u00edticas de jogadores contr\u00e1rios ao uso de gramados sint\u00e9ticos nos est\u00e1dios brasileiros. Durante uma reuni\u00e3o na CBF, a dirigente afirmou que os atletas que se op\u00f5em \u00e0 tecnologia s\u00e3o, em sua maioria, mais velhos e j\u00e1 deveriam ter encerrado suas carreiras. A declara\u00e7\u00e3o gerou pol\u00eamica, especialmente porque nomes como Neymar, Thiago Silva, Philippe Coutinho e Gabigol j\u00e1 se manifestaram contra esse tipo de campo, alegando risco maior de les\u00f5es e impacto na qualidade do jogo<strong><a href=\"https:\/\/www.gaveanews.com\/index.php\/2025\/03\/12\/leila-pereira-manda-recado-para-jogadores-que-foram-contra-grama-artificial\/\"> (leia a mat\u00e9ria completa).<\/a><\/strong><\/p>\n\n\n\n<figure class=\"wp-block-image size-full\"><img loading=\"lazy\" decoding=\"async\" width=\"696\" height=\"385\" src=\"http:\/\/www.gaveanews.com\/wp-content\/uploads\/A-presidente-Leila-Pereira-da-SE-Palmeiras-durante-coletiva-de-imprensa-na-Academia-de-Futebol-2-696x385-1.webp\" alt=\"\" class=\"wp-image-142474\" srcset=\"https:\/\/www.gaveanews.com\/wp-content\/uploads\/A-presidente-Leila-Pereira-da-SE-Palmeiras-durante-coletiva-de-imprensa-na-Academia-de-Futebol-2-696x385-1.webp 696w, https:\/\/www.gaveanews.com\/wp-content\/uploads\/A-presidente-Leila-Pereira-da-SE-Palmeiras-durante-coletiva-de-imprensa-na-Academia-de-Futebol-2-696x385-1-300x166.webp 300w, https:\/\/www.gaveanews.com\/wp-content\/uploads\/A-presidente-Leila-Pereira-da-SE-Palmeiras-durante-coletiva-de-imprensa-na-Academia-de-Futebol-2-696x385-1-640x354.webp 640w, https:\/\/www.gaveanews.com\/wp-content\/uploads\/A-presidente-Leila-Pereira-da-SE-Palmeiras-durante-coletiva-de-imprensa-na-Academia-de-Futebol-2-696x385-1-681x377.webp 681w, https:\/\/www.gaveanews.com\/wp-content\/uploads\/A-presidente-Leila-Pereira-da-SE-Palmeiras-durante-coletiva-de-imprensa-na-Academia-de-Futebol-2-696x385-1-100x55.webp 100w\" sizes=\"auto, (max-width: 696px) 100vw, 696px\" \/><figcaption class=\"wp-element-caption\">Leila Pereira em coletiva &#8211; Foto: Cesar Greco\/Palmeiras<\/figcaption><\/figure>\n\n\n\n<p>Leila Pereira defendeu o gramado artificial, destacando que a prioridade deve ser a qualidade das condi\u00e7\u00f5es de jogo, independentemente do material utilizado. Ela ainda criticou compara\u00e7\u00f5es com gramados europeus, afirmando que jogadores que preferem atuar nesses campos deveriam permanecer no exterior. Atualmente, est\u00e1dios como o Allianz Parque, Nilton Santos e Ligga Arena utilizam esse tipo de piso, e a Arena MRV, do Atl\u00e9tico-MG, tamb\u00e9m est\u00e1 adotando a mudan\u00e7a.<\/p>\n\n\n\n<p>Diante da controv\u00e9rsia, a CBF anunciou a cria\u00e7\u00e3o de uma comiss\u00e3o com seis clubes da S\u00e9rie A \u2014 Palmeiras, Flamengo, Fortaleza, Internacional, S\u00e3o Paulo e Vasco \u2014 para estudar os impactos do gramado sint\u00e9tico. A entidade refor\u00e7ou que ainda n\u00e3o houve vota\u00e7\u00e3o sobre o tema e que a decis\u00e3o ser\u00e1 tomada com base em an\u00e1lises t\u00e9cnicas. Enquanto isso, o debate segue acalorado entre dirigentes e jogadores.<\/p>\n<\/div><\/div>\n","protected":false},"excerpt":{"rendered":"<p>Nas \u00faltimas horas, o foco das not\u00edcias sobre o Palmeiras se concentram nos bastidores do clube, com destaques do dia a dia do time. Por conta deste contexto, leia abaixo um resumo preparado pela equipe do portal G\u00e1vea News para lhe manter muito bem informado! Les\u00e3o de Gustavo G\u00f3mez O zagueiro Gustavo G\u00f3mez sofreu uma [&hellip;]<\/p>\n","protected":false},"author":33,"featured_media":158317,"comment_status":"open","ping_status":"closed","sticky":false,"template":"","format":"standard","meta":{"footnotes":""},"categories":[150],"tags":[],"class_list":["post-239889","post","type-post","status-publish","format-standard","has-post-thumbnail","hentry","category-palmeiras"],"yoast_head":"<!-- This site is optimized with the Yoast SEO Premium plugin v24.2 (Yoast SEO v26.9) - https:\/\/yoast.com\/product\/yoast-seo-premium-wordpress\/ -->\n<title>Recado de Leila Pereira para rivais, novos refor\u00e7os e les\u00e3o de Gustavo G\u00f3mez: as \u00faltimas not\u00edcias do Palmeiras<\/title>\n<meta name=\"robots\" content=\"index, follow, max-snippet:-1, max-image-preview:large, max-video-preview:-1\" \/>\n<link rel=\"canonical\" href=\"https:\/\/www.gaveanews.com\/index.php\/2025\/03\/14\/recado-de-leila-pereira-para-rivais-novos-reforcos-e-lesao-de-gustavo-gomez-as-ultimas-noticias-do-palmeiras\/\" \/>\n<meta property=\"og:locale\" content=\"pt_BR\" \/>\n<meta property=\"og:type\" content=\"article\" \/>\n<meta property=\"og:title\" content=\"Recado de Leila Pereira para rivais, novos refor\u00e7os e les\u00e3o de Gustavo G\u00f3mez: as \u00faltimas not\u00edcias do Palmeiras\" \/>\n<meta property=\"og:description\" content=\"Nas \u00faltimas horas, o foco das not\u00edcias sobre o Palmeiras se concentram nos bastidores do clube, com destaques do dia a dia do time. Por conta deste contexto, leia abaixo um resumo preparado pela equipe do portal G\u00e1vea News para lhe manter muito bem informado! Les\u00e3o de Gustavo G\u00f3mez O zagueiro Gustavo G\u00f3mez sofreu uma [&hellip;]\" \/>\n<meta property=\"og:url\" content=\"https:\/\/www.gaveanews.com\/index.php\/2025\/03\/14\/recado-de-leila-pereira-para-rivais-novos-reforcos-e-lesao-de-gustavo-gomez-as-ultimas-noticias-do-palmeiras\/\" \/>\n<meta property=\"og:site_name\" content=\"G\u00e1vea News\" \/>\n<meta property=\"article:publisher\" content=\"https:\/\/facebook.com\/gaveaNews\/\" \/>\n<meta property=\"article:published_time\" content=\"2025-03-14T10:35:00+00:00\" \/>\n<meta property=\"og:image\" content=\"https:\/\/www.gaveanews.com\/wp-content\/uploads\/Jogadores-do-Palmeiras-reunidos-durante-partida-da-Copa-do-Brasil-2024.webp\" \/>\n\t<meta property=\"og:image:width\" content=\"1187\" \/>\n\t<meta property=\"og:image:height\" content=\"792\" \/>\n\t<meta property=\"og:image:type\" content=\"image\/webp\" \/>\n<meta name=\"author\" content=\"Brenda Cezillo\" \/>\n<meta name=\"twitter:card\" content=\"summary_large_image\" \/>\n<meta name=\"twitter:label1\" content=\"Escrito por\" \/>\n\t<meta name=\"twitter:data1\" content=\"Brenda Cezillo\" \/>\n\t<meta name=\"twitter:label2\" content=\"Est. tempo de leitura\" \/>\n\t<meta name=\"twitter:data2\" content=\"5 minutos\" \/>\n<script type=\"application\/ld+json\" class=\"yoast-schema-graph\">{\"@context\":\"https:\/\/schema.org\",\"@graph\":[{\"@type\":\"NewsArticle\",\"@id\":\"https:\/\/www.gaveanews.com\/index.php\/2025\/03\/14\/recado-de-leila-pereira-para-rivais-novos-reforcos-e-lesao-de-gustavo-gomez-as-ultimas-noticias-do-palmeiras\/#article\",\"isPartOf\":{\"@id\":\"https:\/\/www.gaveanews.com\/index.php\/2025\/03\/14\/recado-de-leila-pereira-para-rivais-novos-reforcos-e-lesao-de-gustavo-gomez-as-ultimas-noticias-do-palmeiras\/\"},\"author\":{\"name\":\"Brenda Cezillo\",\"@id\":\"https:\/\/www.gaveanews.com\/#\/schema\/person\/c79759ca337c40791ae8d08e2923d403\"},\"headline\":\"Recado de Leila Pereira para rivais, novos refor\u00e7os e les\u00e3o de Gustavo G\u00f3mez: as \u00faltimas not\u00edcias do Palmeiras\",\"datePublished\":\"2025-03-14T10:35:00+00:00\",\"mainEntityOfPage\":{\"@id\":\"https:\/\/www.gaveanews.com\/index.php\/2025\/03\/14\/recado-de-leila-pereira-para-rivais-novos-reforcos-e-lesao-de-gustavo-gomez-as-ultimas-noticias-do-palmeiras\/\"},\"wordCount\":791,\"commentCount\":0,\"image\":{\"@id\":\"https:\/\/www.gaveanews.com\/index.php\/2025\/03\/14\/recado-de-leila-pereira-para-rivais-novos-reforcos-e-lesao-de-gustavo-gomez-as-ultimas-noticias-do-palmeiras\/#primaryimage\"},\"thumbnailUrl\":\"https:\/\/www.gaveanews.com\/wp-content\/uploads\/Jogadores-do-Palmeiras-reunidos-durante-partida-da-Copa-do-Brasil-2024.webp\",\"articleSection\":[\"Palmeiras\"],\"inLanguage\":\"pt-BR\",\"potentialAction\":[{\"@type\":\"CommentAction\",\"name\":\"Comment\",\"target\":[\"https:\/\/www.gaveanews.com\/index.php\/2025\/03\/14\/recado-de-leila-pereira-para-rivais-novos-reforcos-e-lesao-de-gustavo-gomez-as-ultimas-noticias-do-palmeiras\/#respond\"]}],\"copyrightYear\":\"2025\",\"copyrightHolder\":{\"@id\":\"https:\/\/www.gaveanews.com\/#organization\"}},{\"@type\":\"WebPage\",\"@id\":\"https:\/\/www.gaveanews.com\/index.php\/2025\/03\/14\/recado-de-leila-pereira-para-rivais-novos-reforcos-e-lesao-de-gustavo-gomez-as-ultimas-noticias-do-palmeiras\/\",\"url\":\"https:\/\/www.gaveanews.com\/index.php\/2025\/03\/14\/recado-de-leila-pereira-para-rivais-novos-reforcos-e-lesao-de-gustavo-gomez-as-ultimas-noticias-do-palmeiras\/\",\"name\":\"Recado de Leila Pereira para rivais, novos refor\u00e7os e les\u00e3o de Gustavo G\u00f3mez: as \u00faltimas not\u00edcias do Palmeiras\",\"isPartOf\":{\"@id\":\"https:\/\/www.gaveanews.com\/#website\"},\"primaryImageOfPage\":{\"@id\":\"https:\/\/www.gaveanews.com\/index.php\/2025\/03\/14\/recado-de-leila-pereira-para-rivais-novos-reforcos-e-lesao-de-gustavo-gomez-as-ultimas-noticias-do-palmeiras\/#primaryimage\"},\"image\":{\"@id\":\"https:\/\/www.gaveanews.com\/index.php\/2025\/03\/14\/recado-de-leila-pereira-para-rivais-novos-reforcos-e-lesao-de-gustavo-gomez-as-ultimas-noticias-do-palmeiras\/#primaryimage\"},\"thumbnailUrl\":\"https:\/\/www.gaveanews.com\/wp-content\/uploads\/Jogadores-do-Palmeiras-reunidos-durante-partida-da-Copa-do-Brasil-2024.webp\",\"datePublished\":\"2025-03-14T10:35:00+00:00\",\"author\":{\"@id\":\"https:\/\/www.gaveanews.com\/#\/schema\/person\/c79759ca337c40791ae8d08e2923d403\"},\"breadcrumb\":{\"@id\":\"https:\/\/www.gaveanews.com\/index.php\/2025\/03\/14\/recado-de-leila-pereira-para-rivais-novos-reforcos-e-lesao-de-gustavo-gomez-as-ultimas-noticias-do-palmeiras\/#breadcrumb\"},\"inLanguage\":\"pt-BR\",\"potentialAction\":[{\"@type\":\"ReadAction\",\"target\":[\"https:\/\/www.gaveanews.com\/index.php\/2025\/03\/14\/recado-de-leila-pereira-para-rivais-novos-reforcos-e-lesao-de-gustavo-gomez-as-ultimas-noticias-do-palmeiras\/\"]}]},{\"@type\":\"ImageObject\",\"inLanguage\":\"pt-BR\",\"@id\":\"https:\/\/www.gaveanews.com\/index.php\/2025\/03\/14\/recado-de-leila-pereira-para-rivais-novos-reforcos-e-lesao-de-gustavo-gomez-as-ultimas-noticias-do-palmeiras\/#primaryimage\",\"url\":\"https:\/\/www.gaveanews.com\/wp-content\/uploads\/Jogadores-do-Palmeiras-reunidos-durante-partida-da-Copa-do-Brasil-2024.webp\",\"contentUrl\":\"https:\/\/www.gaveanews.com\/wp-content\/uploads\/Jogadores-do-Palmeiras-reunidos-durante-partida-da-Copa-do-Brasil-2024.webp\",\"width\":1187,\"height\":792,\"caption\":\"Jogadores do Palmeiras reunidos durante partida da Copa do Brasil 2024 (Foto: Reprodu\u00e7\u00e3o\/Palmeiras)\"},{\"@type\":\"BreadcrumbList\",\"@id\":\"https:\/\/www.gaveanews.com\/index.php\/2025\/03\/14\/recado-de-leila-pereira-para-rivais-novos-reforcos-e-lesao-de-gustavo-gomez-as-ultimas-noticias-do-palmeiras\/#breadcrumb\",\"itemListElement\":[{\"@type\":\"ListItem\",\"position\":1,\"name\":\"Home\",\"item\":\"https:\/\/www.gaveanews.com\/\"},{\"@type\":\"ListItem\",\"position\":2,\"name\":\"Recado de Leila Pereira para rivais, novos refor\u00e7os e les\u00e3o de Gustavo G\u00f3mez: as \u00faltimas not\u00edcias do Palmeiras\"}]},{\"@type\":\"WebSite\",\"@id\":\"https:\/\/www.gaveanews.com\/#website\",\"url\":\"https:\/\/www.gaveanews.com\/\",\"name\":\"G\u00e1vea News\",\"description\":\"Veja todas as not\u00edcias sobre o Flamengo: Contrata\u00e7\u00f5es, categorias de base, resultados das partidas, tabela de classifica\u00e7\u00e3o, pr\u00f3ximos jogos!\",\"potentialAction\":[{\"@type\":\"SearchAction\",\"target\":{\"@type\":\"EntryPoint\",\"urlTemplate\":\"https:\/\/www.gaveanews.com\/?s={search_term_string}\"},\"query-input\":{\"@type\":\"PropertyValueSpecification\",\"valueRequired\":true,\"valueName\":\"search_term_string\"}}],\"inLanguage\":\"pt-BR\"},{\"@type\":\"Person\",\"@id\":\"https:\/\/www.gaveanews.com\/#\/schema\/person\/c79759ca337c40791ae8d08e2923d403\",\"name\":\"Brenda Cezillo\",\"image\":{\"@type\":\"ImageObject\",\"inLanguage\":\"pt-BR\",\"@id\":\"https:\/\/www.gaveanews.com\/#\/schema\/person\/image\/\",\"url\":\"https:\/\/secure.gravatar.com\/avatar\/1738d75cee7317f9c29ae61dd67620c5883d80a92e42a6fff88ae5d527af217a?s=96&d=mm&r=g\",\"contentUrl\":\"https:\/\/secure.gravatar.com\/avatar\/1738d75cee7317f9c29ae61dd67620c5883d80a92e42a6fff88ae5d527af217a?s=96&d=mm&r=g\",\"caption\":\"Brenda Cezillo\"}}]}<\/script>\n<!-- \/ Yoast SEO Premium plugin. -->","yoast_head_json":{"title":"Recado de Leila Pereira para rivais, novos refor\u00e7os e les\u00e3o de Gustavo G\u00f3mez: as \u00faltimas not\u00edcias do Palmeiras","robots":{"index":"index","follow":"follow","max-snippet":"max-snippet:-1","max-image-preview":"max-image-preview:large","max-video-preview":"max-video-preview:-1"},"canonical":"https:\/\/www.gaveanews.com\/index.php\/2025\/03\/14\/recado-de-leila-pereira-para-rivais-novos-reforcos-e-lesao-de-gustavo-gomez-as-ultimas-noticias-do-palmeiras\/","og_locale":"pt_BR","og_type":"article","og_title":"Recado de Leila Pereira para rivais, novos refor\u00e7os e les\u00e3o de Gustavo G\u00f3mez: as \u00faltimas not\u00edcias do Palmeiras","og_description":"Nas \u00faltimas horas, o foco das not\u00edcias sobre o Palmeiras se concentram nos bastidores do clube, com destaques do dia a dia do time. Por conta deste contexto, leia abaixo um resumo preparado pela equipe do portal G\u00e1vea News para lhe manter muito bem informado! Les\u00e3o de Gustavo G\u00f3mez O zagueiro Gustavo G\u00f3mez sofreu uma [&hellip;]","og_url":"https:\/\/www.gaveanews.com\/index.php\/2025\/03\/14\/recado-de-leila-pereira-para-rivais-novos-reforcos-e-lesao-de-gustavo-gomez-as-ultimas-noticias-do-palmeiras\/","og_site_name":"G\u00e1vea News","article_publisher":"https:\/\/facebook.com\/gaveaNews\/","article_published_time":"2025-03-14T10:35:00+00:00","og_image":[{"width":1187,"height":792,"url":"https:\/\/www.gaveanews.com\/wp-content\/uploads\/Jogadores-do-Palmeiras-reunidos-durante-partida-da-Copa-do-Brasil-2024.webp","type":"image\/webp"}],"author":"Brenda Cezillo","twitter_card":"summary_large_image","twitter_misc":{"Escrito por":"Brenda Cezillo","Est. tempo de leitura":"5 minutos"},"schema":{"@context":"https:\/\/schema.org","@graph":[{"@type":"NewsArticle","@id":"https:\/\/www.gaveanews.com\/index.php\/2025\/03\/14\/recado-de-leila-pereira-para-rivais-novos-reforcos-e-lesao-de-gustavo-gomez-as-ultimas-noticias-do-palmeiras\/#article","isPartOf":{"@id":"https:\/\/www.gaveanews.com\/index.php\/2025\/03\/14\/recado-de-leila-pereira-para-rivais-novos-reforcos-e-lesao-de-gustavo-gomez-as-ultimas-noticias-do-palmeiras\/"},"author":{"name":"Brenda Cezillo","@id":"https:\/\/www.gaveanews.com\/#\/schema\/person\/c79759ca337c40791ae8d08e2923d403"},"headline":"Recado de Leila Pereira para rivais, novos refor\u00e7os e les\u00e3o de Gustavo G\u00f3mez: as \u00faltimas not\u00edcias do Palmeiras","datePublished":"2025-03-14T10:35:00+00:00","mainEntityOfPage":{"@id":"https:\/\/www.gaveanews.com\/index.php\/2025\/03\/14\/recado-de-leila-pereira-para-rivais-novos-reforcos-e-lesao-de-gustavo-gomez-as-ultimas-noticias-do-palmeiras\/"},"wordCount":791,"commentCount":0,"image":{"@id":"https:\/\/www.gaveanews.com\/index.php\/2025\/03\/14\/recado-de-leila-pereira-para-rivais-novos-reforcos-e-lesao-de-gustavo-gomez-as-ultimas-noticias-do-palmeiras\/#primaryimage"},"thumbnailUrl":"https:\/\/www.gaveanews.com\/wp-content\/uploads\/Jogadores-do-Palmeiras-reunidos-durante-partida-da-Copa-do-Brasil-2024.webp","articleSection":["Palmeiras"],"inLanguage":"pt-BR","potentialAction":[{"@type":"CommentAction","name":"Comment","target":["https:\/\/www.gaveanews.com\/index.php\/2025\/03\/14\/recado-de-leila-pereira-para-rivais-novos-reforcos-e-lesao-de-gustavo-gomez-as-ultimas-noticias-do-palmeiras\/#respond"]}],"copyrightYear":"2025","copyrightHolder":{"@id":"https:\/\/www.gaveanews.com\/#organization"}},{"@type":"WebPage","@id":"https:\/\/www.gaveanews.com\/index.php\/2025\/03\/14\/recado-de-leila-pereira-para-rivais-novos-reforcos-e-lesao-de-gustavo-gomez-as-ultimas-noticias-do-palmeiras\/","url":"https:\/\/www.gaveanews.com\/index.php\/2025\/03\/14\/recado-de-leila-pereira-para-rivais-novos-reforcos-e-lesao-de-gustavo-gomez-as-ultimas-noticias-do-palmeiras\/","name":"Recado de Leila Pereira para rivais, novos refor\u00e7os e les\u00e3o de Gustavo G\u00f3mez: as \u00faltimas not\u00edcias do Palmeiras","isPartOf":{"@id":"https:\/\/www.gaveanews.com\/#website"},"primaryImageOfPage":{"@id":"https:\/\/www.gaveanews.com\/index.php\/2025\/03\/14\/recado-de-leila-pereira-para-rivais-novos-reforcos-e-lesao-de-gustavo-gomez-as-ultimas-noticias-do-palmeiras\/#primaryimage"},"image":{"@id":"https:\/\/www.gaveanews.com\/index.php\/2025\/03\/14\/recado-de-leila-pereira-para-rivais-novos-reforcos-e-lesao-de-gustavo-gomez-as-ultimas-noticias-do-palmeiras\/#primaryimage"},"thumbnailUrl":"https:\/\/www.gaveanews.com\/wp-content\/uploads\/Jogadores-do-Palmeiras-reunidos-durante-partida-da-Copa-do-Brasil-2024.webp","datePublished":"2025-03-14T10:35:00+00:00","author":{"@id":"https:\/\/www.gaveanews.com\/#\/schema\/person\/c79759ca337c40791ae8d08e2923d403"},"breadcrumb":{"@id":"https:\/\/www.gaveanews.com\/index.php\/2025\/03\/14\/recado-de-leila-pereira-para-rivais-novos-reforcos-e-lesao-de-gustavo-gomez-as-ultimas-noticias-do-palmeiras\/#breadcrumb"},"inLanguage":"pt-BR","potentialAction":[{"@type":"ReadAction","target":["https:\/\/www.gaveanews.com\/index.php\/2025\/03\/14\/recado-de-leila-pereira-para-rivais-novos-reforcos-e-lesao-de-gustavo-gomez-as-ultimas-noticias-do-palmeiras\/"]}]},{"@type":"ImageObject","inLanguage":"pt-BR","@id":"https:\/\/www.gaveanews.com\/index.php\/2025\/03\/14\/recado-de-leila-pereira-para-rivais-novos-reforcos-e-lesao-de-gustavo-gomez-as-ultimas-noticias-do-palmeiras\/#primaryimage","url":"https:\/\/www.gaveanews.com\/wp-content\/uploads\/Jogadores-do-Palmeiras-reunidos-durante-partida-da-Copa-do-Brasil-2024.webp","contentUrl":"https:\/\/www.gaveanews.com\/wp-content\/uploads\/Jogadores-do-Palmeiras-reunidos-durante-partida-da-Copa-do-Brasil-2024.webp","width":1187,"height":792,"caption":"Jogadores do Palmeiras reunidos durante partida da Copa do Brasil 2024 (Foto: Reprodu\u00e7\u00e3o\/Palmeiras)"},{"@type":"BreadcrumbList","@id":"https:\/\/www.gaveanews.com\/index.php\/2025\/03\/14\/recado-de-leila-pereira-para-rivais-novos-reforcos-e-lesao-de-gustavo-gomez-as-ultimas-noticias-do-palmeiras\/#breadcrumb","itemListElement":[{"@type":"ListItem","position":1,"name":"Home","item":"https:\/\/www.gaveanews.com\/"},{"@type":"ListItem","position":2,"name":"Recado de Leila Pereira para rivais, novos refor\u00e7os e les\u00e3o de Gustavo G\u00f3mez: as \u00faltimas not\u00edcias do Palmeiras"}]},{"@type":"WebSite","@id":"https:\/\/www.gaveanews.com\/#website","url":"https:\/\/www.gaveanews.com\/","name":"G\u00e1vea News","description":"Veja todas as not\u00edcias sobre o Flamengo: Contrata\u00e7\u00f5es, categorias de base, resultados das partidas, tabela de classifica\u00e7\u00e3o, pr\u00f3ximos jogos!","potentialAction":[{"@type":"SearchAction","target":{"@type":"EntryPoint","urlTemplate":"https:\/\/www.gaveanews.com\/?s={search_term_string}"},"query-input":{"@type":"PropertyValueSpecification","valueRequired":true,"valueName":"search_term_string"}}],"inLanguage":"pt-BR"},{"@type":"Person","@id":"https:\/\/www.gaveanews.com\/#\/schema\/person\/c79759ca337c40791ae8d08e2923d403","name":"Brenda Cezillo","image":{"@type":"ImageObject","inLanguage":"pt-BR","@id":"https:\/\/www.gaveanews.com\/#\/schema\/person\/image\/","url":"https:\/\/secure.gravatar.com\/avatar\/1738d75cee7317f9c29ae61dd67620c5883d80a92e42a6fff88ae5d527af217a?s=96&d=mm&r=g","contentUrl":"https:\/\/secure.gravatar.com\/avatar\/1738d75cee7317f9c29ae61dd67620c5883d80a92e42a6fff88ae5d527af217a?s=96&d=mm&r=g","caption":"Brenda Cezillo"}}]}},"_links":{"self":[{"href":"https:\/\/www.gaveanews.com\/index.php\/wp-json\/wp\/v2\/posts\/239889","targetHints":{"allow":["GET"]}}],"collection":[{"href":"https:\/\/www.gaveanews.com\/index.php\/wp-json\/wp\/v2\/posts"}],"about":[{"href":"https:\/\/www.gaveanews.com\/index.php\/wp-json\/wp\/v2\/types\/post"}],"author":[{"embeddable":true,"href":"https:\/\/www.gaveanews.com\/index.php\/wp-json\/wp\/v2\/users\/33"}],"replies":[{"embeddable":true,"href":"https:\/\/www.gaveanews.com\/index.php\/wp-json\/wp\/v2\/comments?post=239889"}],"version-history":[{"count":1,"href":"https:\/\/www.gaveanews.com\/index.php\/wp-json\/wp\/v2\/posts\/239889\/revisions"}],"predecessor-version":[{"id":239895,"href":"https:\/\/www.gaveanews.com\/index.php\/wp-json\/wp\/v2\/posts\/239889\/revisions\/239895"}],"wp:featuredmedia":[{"embeddable":true,"href":"https:\/\/www.gaveanews.com\/index.php\/wp-json\/wp\/v2\/media\/158317"}],"wp:attachment":[{"href":"https:\/\/www.gaveanews.com\/index.php\/wp-json\/wp\/v2\/media?parent=239889"}],"wp:term":[{"taxonomy":"category","embeddable":true,"href":"https:\/\/www.gaveanews.com\/index.php\/wp-json\/wp\/v2\/categories?post=239889"},{"taxonomy":"post_tag","embeddable":true,"href":"https:\/\/www.gaveanews.com\/index.php\/wp-json\/wp\/v2\/tags?post=239889"}],"curies":[{"name":"wp","href":"https:\/\/api.w.org\/{rel}","templated":true}]}}