{"id":239897,"date":"2025-03-14T07:50:00","date_gmt":"2025-03-14T10:50:00","guid":{"rendered":"https:\/\/www.gaveanews.com\/?p=239897"},"modified":"2025-03-14T01:11:25","modified_gmt":"2025-03-14T04:11:25","slug":"saida-de-calleri-novo-queridinho-de-zubeldia-e-recado-de-ana-thais-matos-as-ultimas-noticias-do-sao-paulo","status":"publish","type":"post","link":"https:\/\/www.gaveanews.com\/index.php\/2025\/03\/14\/saida-de-calleri-novo-queridinho-de-zubeldia-e-recado-de-ana-thais-matos-as-ultimas-noticias-do-sao-paulo\/","title":{"rendered":"Sa\u00edda de Calleri, novo queridinho de Zubeld\u00eda e recado de Ana Tha\u00eds Matos: as \u00faltimas not\u00edcias do S\u00e3o Paulo"},"content":{"rendered":"\n<p>Nas \u00faltimas horas, o foco das not\u00edcias sobre o S\u00e3o Paulo se concentram nos bastidores do clube, com destaques do dia a dia do time.<\/p>\n\n\n\n<p>Por conta deste contexto, leia abaixo um resumo preparado pela equipe do portal G\u00e1vea News para lhe manter muito bem informado!<\/p>\n\n\n\n<h2 class=\"wp-block-heading\" id=\"h-recado-de-ana-thais-matos\">Recado de Ana Tha\u00eds Matos<\/h2>\n\n\n\n<p>A comentarista Ana Tha\u00eds Matos, do Grupo Globo, fez duras cr\u00edticas aos t\u00e9cnicos Ram\u00f3n D\u00edaz, do Corinthians, e Luis Zubeld\u00eda, do S\u00e3o Paulo. Durante sua participa\u00e7\u00e3o no programa <em>Sele\u00e7\u00e3o SporTV<\/em>, ela afirmou que tem &#8220;pavor&#8221; da forma como ambos conduzem suas equipes. A elimina\u00e7\u00e3o do Corinthians na fase preliminar da Libertadores, diante do Barcelona de Guayaquil, foi um dos principais alvos de sua an\u00e1lise, recha\u00e7ando qualquer tentativa de minimizar o fracasso da equipe alvinegra <strong><a href=\"https:\/\/www.gaveanews.com\/index.php\/2025\/03\/13\/a-declaracao-de-ana-thais-matos-direcionada-a-ramon-diaz-do-corinthians-e-zubeldia-do-sao-paulo\/\">(leia a mat\u00e9ria completa).<\/a><\/strong><\/p>\n\n\n\n<figure class=\"wp-block-image size-large\"><img loading=\"lazy\" decoding=\"async\" width=\"1024\" height=\"576\" src=\"http:\/\/www.gaveanews.com\/wp-content\/uploads\/Ana-Thais-Matos-jornalista-do-Sportv-1024x576.webp\" alt=\"\" class=\"wp-image-55460\" srcset=\"https:\/\/www.gaveanews.com\/wp-content\/uploads\/Ana-Thais-Matos-jornalista-do-Sportv-1024x576.webp 1024w, https:\/\/www.gaveanews.com\/wp-content\/uploads\/Ana-Thais-Matos-jornalista-do-Sportv-300x169.webp 300w, https:\/\/www.gaveanews.com\/wp-content\/uploads\/Ana-Thais-Matos-jornalista-do-Sportv-768x432.webp 768w, https:\/\/www.gaveanews.com\/wp-content\/uploads\/Ana-Thais-Matos-jornalista-do-Sportv-746x420.webp 746w, https:\/\/www.gaveanews.com\/wp-content\/uploads\/Ana-Thais-Matos-jornalista-do-Sportv-640x360.webp 640w, https:\/\/www.gaveanews.com\/wp-content\/uploads\/Ana-Thais-Matos-jornalista-do-Sportv-1280x721.webp 1280w, https:\/\/www.gaveanews.com\/wp-content\/uploads\/Ana-Thais-Matos-jornalista-do-Sportv-681x383.webp 681w, https:\/\/www.gaveanews.com\/wp-content\/uploads\/Ana-Thais-Matos-jornalista-do-Sportv-1362x767.webp 1362w, https:\/\/www.gaveanews.com\/wp-content\/uploads\/Ana-Thais-Matos-jornalista-do-Sportv-100x56.webp 100w, https:\/\/www.gaveanews.com\/wp-content\/uploads\/Ana-Thais-Matos-jornalista-do-Sportv.webp 1366w\" sizes=\"auto, (max-width: 1024px) 100vw, 1024px\" \/><figcaption class=\"wp-element-caption\">Ana Thais Mattos, jornalista do Sportv (Foto: Reprodu\u00e7\u00e3o)<\/figcaption><\/figure>\n\n\n\n<p>Ana Tha\u00eds ironizou aqueles que defenderam a tese de que o Corinthians &#8220;caiu de p\u00e9&#8221;, comparando a elimina\u00e7\u00e3o a uma queda de um penhasco. <\/p>\n\n\n\n<p>Al\u00e9m disso, ela criticou a postura dos dois treinadores argentinos, afirmando que ambos costumam reagir apenas quando est\u00e3o sob press\u00e3o, o que, segundo ela, prejudica o desempenho dos times. A comentarista tamb\u00e9m demonstrou descren\u00e7a em rela\u00e7\u00e3o ao futuro do Corinthians na Copa Sul-Americana, argumentando que o clube pode enfrentar dificuldades mesmo em um torneio teoricamente mais acess\u00edvel.<\/p>\n\n\n\n<p>As declara\u00e7\u00f5es repercutiram amplamente entre torcedores e analistas esportivos, destacando o momento conturbado que Corinthians e S\u00e3o Paulo atravessam. Com a press\u00e3o aumentando sobre os treinadores, os pr\u00f3ximos desafios ser\u00e3o cruciais para definir o rumo das equipes na temporada e a perman\u00eancia de D\u00edaz e Zubeld\u00eda em seus respectivos cargos.<\/p>\n\n\n\n<h2 class=\"wp-block-heading\" id=\"h-novo-queridinho-de-zubeldia\">Novo queridinho de Zubeld\u00eda<\/h2>\n\n\n\n<p>O lateral-esquerdo Enzo D\u00edaz tem se destacado no S\u00e3o Paulo e conquistado a confian\u00e7a do t\u00e9cnico Luis Zubeld\u00eda. Contratado em janeiro, o argentino j\u00e1 disputou 11 partidas, sendo 10 como titular, e soma um gol e duas assist\u00eancias. Sua ascens\u00e3o tem sido comparada ao desempenho de Welington, que deixou o clube rumo ao Southampton, abrindo espa\u00e7o para a disputa entre Enzo e Wendell na posi\u00e7\u00e3o<strong><a href=\"https:\/\/www.gaveanews.com\/index.php\/2025\/03\/13\/ele-vem-se-destacando-e-se-tornou-o-novo-queridinho-de-zubeldia-no-sao-paulo\/\"> (leia a mat\u00e9ria completa).<\/a><\/strong><\/p>\n\n\n\n<figure class=\"wp-block-image size-large\"><img loading=\"lazy\" decoding=\"async\" width=\"1024\" height=\"683\" src=\"http:\/\/www.gaveanews.com\/wp-content\/uploads\/Luis-Francisco-Zubeldia-treinador-do-Sao-Paulo-durante-partida-da-Copa-do-Brasil-2024-1024x683.webp\" alt=\"\" class=\"wp-image-155699\" srcset=\"https:\/\/www.gaveanews.com\/wp-content\/uploads\/Luis-Francisco-Zubeldia-treinador-do-Sao-Paulo-durante-partida-da-Copa-do-Brasil-2024-1024x683.webp 1024w, https:\/\/www.gaveanews.com\/wp-content\/uploads\/Luis-Francisco-Zubeldia-treinador-do-Sao-Paulo-durante-partida-da-Copa-do-Brasil-2024-300x200.webp 300w, https:\/\/www.gaveanews.com\/wp-content\/uploads\/Luis-Francisco-Zubeldia-treinador-do-Sao-Paulo-durante-partida-da-Copa-do-Brasil-2024-768x512.webp 768w, https:\/\/www.gaveanews.com\/wp-content\/uploads\/Luis-Francisco-Zubeldia-treinador-do-Sao-Paulo-durante-partida-da-Copa-do-Brasil-2024-630x420.webp 630w, https:\/\/www.gaveanews.com\/wp-content\/uploads\/Luis-Francisco-Zubeldia-treinador-do-Sao-Paulo-durante-partida-da-Copa-do-Brasil-2024-1260x840.webp 1260w, https:\/\/www.gaveanews.com\/wp-content\/uploads\/Luis-Francisco-Zubeldia-treinador-do-Sao-Paulo-durante-partida-da-Copa-do-Brasil-2024-640x427.webp 640w, https:\/\/www.gaveanews.com\/wp-content\/uploads\/Luis-Francisco-Zubeldia-treinador-do-Sao-Paulo-durante-partida-da-Copa-do-Brasil-2024-1280x854.webp 1280w, https:\/\/www.gaveanews.com\/wp-content\/uploads\/Luis-Francisco-Zubeldia-treinador-do-Sao-Paulo-durante-partida-da-Copa-do-Brasil-2024-681x454.webp 681w, https:\/\/www.gaveanews.com\/wp-content\/uploads\/Luis-Francisco-Zubeldia-treinador-do-Sao-Paulo-durante-partida-da-Copa-do-Brasil-2024-100x67.webp 100w, https:\/\/www.gaveanews.com\/wp-content\/uploads\/Luis-Francisco-Zubeldia-treinador-do-Sao-Paulo-durante-partida-da-Copa-do-Brasil-2024.webp 1333w\" sizes=\"auto, (max-width: 1024px) 100vw, 1024px\" \/><figcaption class=\"wp-element-caption\">Luis Francisco Zubeld\u00eda, treinador do S\u00e3o Paulo durante partida da Copa do Brasil 2024 (Foto: Rubens Chiri e Paulo Pinto\/S\u00e3o Paulo)<\/figcaption><\/figure>\n\n\n\n<p>Mesmo com a chegada de Wendell como um dos refor\u00e7os mais esperados da temporada, Zubeld\u00eda optou por manter Enzo D\u00edaz como titular, decis\u00e3o que ficou evidente na semifinal do Campeonato Paulista contra o Palmeiras. O lateral teve a miss\u00e3o de marcar Estev\u00e3o e conseguiu conter algumas investidas do advers\u00e1rio, apesar da elimina\u00e7\u00e3o do Tricolor por 1 a 0.<\/p>\n\n\n\n<p>Agora, Enzo D\u00edaz busca consolidar sua posi\u00e7\u00e3o na equipe principal, especialmente com a proximidade do Campeonato Brasileiro. O S\u00e3o Paulo estreia no torneio contra o Sport, no Morumbi, no dia 30. A disputa pela titularidade e a consist\u00eancia defensiva do time ser\u00e3o fatores decisivos para o desempenho da equipe ao longo da temporada.<\/p>\n\n\n\n<h2 class=\"wp-block-heading\" id=\"h-saida-de-calleri\">Sa\u00edda de Calleri<\/h2>\n\n\n\n<p>O atacante Jonathan Calleri, destaque do S\u00e3o Paulo, entrou na mira do Boca Juniors para refor\u00e7ar o time argentino na disputa do Super Mundial de Clubes. O jogador, que j\u00e1 vestiu a camisa do Boca em 2015, \u00e9 um dos principais alvos de Juan Rom\u00e1n Riquelme, dirigente do clube xeneize. No entanto, apesar do interesse, a negocia\u00e7\u00e3o pode ser complicada, j\u00e1 que Calleri tem forte v\u00ednculo com o S\u00e3o Paulo e sempre demonstrou satisfa\u00e7\u00e3o em atuar no futebol brasileiro <strong><a href=\"https:\/\/www.gaveanews.com\/index.php\/2025\/03\/13\/sao-paulo-calleri-e-alvo-de-clube-que-disputara-o-super-mundial\/\">(leia a mat\u00e9ria completa).<\/a><\/strong><\/p>\n\n\n\n<figure class=\"wp-block-image size-large\"><img loading=\"lazy\" decoding=\"async\" width=\"822\" height=\"1024\" src=\"http:\/\/www.gaveanews.com\/wp-content\/uploads\/Jonathan-Calleri-em-acao-pelo-Sao-Paulo-822x1024.webp\" alt=\"\" class=\"wp-image-148324\" srcset=\"https:\/\/www.gaveanews.com\/wp-content\/uploads\/Jonathan-Calleri-em-acao-pelo-Sao-Paulo-822x1024.webp 822w, https:\/\/www.gaveanews.com\/wp-content\/uploads\/Jonathan-Calleri-em-acao-pelo-Sao-Paulo-241x300.webp 241w, https:\/\/www.gaveanews.com\/wp-content\/uploads\/Jonathan-Calleri-em-acao-pelo-Sao-Paulo-768x957.webp 768w, https:\/\/www.gaveanews.com\/wp-content\/uploads\/Jonathan-Calleri-em-acao-pelo-Sao-Paulo-337x420.webp 337w, https:\/\/www.gaveanews.com\/wp-content\/uploads\/Jonathan-Calleri-em-acao-pelo-Sao-Paulo-674x840.webp 674w, https:\/\/www.gaveanews.com\/wp-content\/uploads\/Jonathan-Calleri-em-acao-pelo-Sao-Paulo-640x798.webp 640w, https:\/\/www.gaveanews.com\/wp-content\/uploads\/Jonathan-Calleri-em-acao-pelo-Sao-Paulo-681x849.webp 681w, https:\/\/www.gaveanews.com\/wp-content\/uploads\/Jonathan-Calleri-em-acao-pelo-Sao-Paulo-100x125.webp 100w, https:\/\/www.gaveanews.com\/wp-content\/uploads\/Jonathan-Calleri-em-acao-pelo-Sao-Paulo.webp 1080w\" sizes=\"auto, (max-width: 822px) 100vw, 822px\" \/><figcaption class=\"wp-element-caption\">Jonathan Calleri em a\u00e7\u00e3o pelo S\u00e3o Paulo (Foto: Reprodu\u00e7\u00e3o\/Instagram)<\/figcaption><\/figure>\n\n\n\n<p>Mesmo com as especula\u00e7\u00f5es, o S\u00e3o Paulo n\u00e3o deve facilitar uma poss\u00edvel sa\u00edda do atacante, que soma 13 partidas, tr\u00eas gols e quatro assist\u00eancias na temporada. Al\u00e9m disso, o clube est\u00e1 focado na prepara\u00e7\u00e3o para o Campeonato Brasileiro, ap\u00f3s a elimina\u00e7\u00e3o pol\u00eamica no Paulist\u00e3o, marcada por reclama\u00e7\u00f5es contra a arbitragem. Calleri foi titular na partida que resultou na queda do time tricolor e segue sendo pe\u00e7a-chave no elenco de Luis Zubeld\u00eda.<\/p>\n\n\n\n<p>Diante do interesse do Boca, a diretoria do S\u00e3o Paulo monitora a situa\u00e7\u00e3o, mas mant\u00e9m o foco na continuidade do jogador para a temporada. Com estreia marcada para 30 de mar\u00e7o contra o Sport Recife, o Tricolor paulista busca refor\u00e7ar seu elenco e evitar perdas significativas, especialmente de atletas fundamentais como Calleri.<\/p>\n","protected":false},"excerpt":{"rendered":"<p>Nas \u00faltimas horas, o foco das not\u00edcias sobre o S\u00e3o Paulo se concentram nos bastidores do clube, com destaques do dia a dia do time. Por conta deste contexto, leia abaixo um resumo preparado pela equipe do portal G\u00e1vea News para lhe manter muito bem informado! Recado de Ana Tha\u00eds Matos A comentarista Ana Tha\u00eds [&hellip;]<\/p>\n","protected":false},"author":33,"featured_media":154249,"comment_status":"open","ping_status":"closed","sticky":false,"template":"","format":"standard","meta":{"footnotes":""},"categories":[151],"tags":[],"class_list":["post-239897","post","type-post","status-publish","format-standard","has-post-thumbnail","hentry","category-sao-paulo"],"yoast_head":"<!-- This site is optimized with the Yoast SEO Premium plugin v24.2 (Yoast SEO v26.9) - https:\/\/yoast.com\/product\/yoast-seo-premium-wordpress\/ -->\n<title>Sa\u00edda de Calleri, novo queridinho de Zubeld\u00eda e recado de Ana Tha\u00eds Matos: as \u00faltimas not\u00edcias do S\u00e3o Paulo<\/title>\n<meta name=\"robots\" content=\"index, follow, max-snippet:-1, max-image-preview:large, max-video-preview:-1\" \/>\n<link rel=\"canonical\" href=\"https:\/\/www.gaveanews.com\/index.php\/2025\/03\/14\/saida-de-calleri-novo-queridinho-de-zubeldia-e-recado-de-ana-thais-matos-as-ultimas-noticias-do-sao-paulo\/\" \/>\n<meta property=\"og:locale\" content=\"pt_BR\" \/>\n<meta property=\"og:type\" content=\"article\" \/>\n<meta property=\"og:title\" content=\"Sa\u00edda de Calleri, novo queridinho de Zubeld\u00eda e recado de Ana Tha\u00eds Matos: as \u00faltimas not\u00edcias do S\u00e3o Paulo\" \/>\n<meta property=\"og:description\" content=\"Nas \u00faltimas horas, o foco das not\u00edcias sobre o S\u00e3o Paulo se concentram nos bastidores do clube, com destaques do dia a dia do time. Por conta deste contexto, leia abaixo um resumo preparado pela equipe do portal G\u00e1vea News para lhe manter muito bem informado! Recado de Ana Tha\u00eds Matos A comentarista Ana Tha\u00eds [&hellip;]\" \/>\n<meta property=\"og:url\" content=\"https:\/\/www.gaveanews.com\/index.php\/2025\/03\/14\/saida-de-calleri-novo-queridinho-de-zubeldia-e-recado-de-ana-thais-matos-as-ultimas-noticias-do-sao-paulo\/\" \/>\n<meta property=\"og:site_name\" content=\"G\u00e1vea News\" \/>\n<meta property=\"article:publisher\" content=\"https:\/\/facebook.com\/gaveaNews\/\" \/>\n<meta property=\"article:published_time\" content=\"2025-03-14T10:50:00+00:00\" \/>\n<meta property=\"og:image\" content=\"https:\/\/www.gaveanews.com\/wp-content\/uploads\/Bandeira-do-Sao-Paulo-no-Morumbis-em-2024.webp\" \/>\n\t<meta property=\"og:image:width\" content=\"1000\" \/>\n\t<meta property=\"og:image:height\" content=\"667\" \/>\n\t<meta property=\"og:image:type\" content=\"image\/webp\" \/>\n<meta name=\"author\" content=\"Brenda Cezillo\" \/>\n<meta name=\"twitter:card\" content=\"summary_large_image\" \/>\n<meta name=\"twitter:label1\" content=\"Escrito por\" \/>\n\t<meta name=\"twitter:data1\" content=\"Brenda Cezillo\" \/>\n\t<meta name=\"twitter:label2\" content=\"Est. tempo de leitura\" \/>\n\t<meta name=\"twitter:data2\" content=\"5 minutos\" \/>\n<script type=\"application\/ld+json\" class=\"yoast-schema-graph\">{\"@context\":\"https:\/\/schema.org\",\"@graph\":[{\"@type\":\"NewsArticle\",\"@id\":\"https:\/\/www.gaveanews.com\/index.php\/2025\/03\/14\/saida-de-calleri-novo-queridinho-de-zubeldia-e-recado-de-ana-thais-matos-as-ultimas-noticias-do-sao-paulo\/#article\",\"isPartOf\":{\"@id\":\"https:\/\/www.gaveanews.com\/index.php\/2025\/03\/14\/saida-de-calleri-novo-queridinho-de-zubeldia-e-recado-de-ana-thais-matos-as-ultimas-noticias-do-sao-paulo\/\"},\"author\":{\"name\":\"Brenda Cezillo\",\"@id\":\"https:\/\/www.gaveanews.com\/#\/schema\/person\/c79759ca337c40791ae8d08e2923d403\"},\"headline\":\"Sa\u00edda de Calleri, novo queridinho de Zubeld\u00eda e recado de Ana Tha\u00eds Matos: as \u00faltimas not\u00edcias do S\u00e3o Paulo\",\"datePublished\":\"2025-03-14T10:50:00+00:00\",\"mainEntityOfPage\":{\"@id\":\"https:\/\/www.gaveanews.com\/index.php\/2025\/03\/14\/saida-de-calleri-novo-queridinho-de-zubeldia-e-recado-de-ana-thais-matos-as-ultimas-noticias-do-sao-paulo\/\"},\"wordCount\":802,\"commentCount\":0,\"image\":{\"@id\":\"https:\/\/www.gaveanews.com\/index.php\/2025\/03\/14\/saida-de-calleri-novo-queridinho-de-zubeldia-e-recado-de-ana-thais-matos-as-ultimas-noticias-do-sao-paulo\/#primaryimage\"},\"thumbnailUrl\":\"https:\/\/www.gaveanews.com\/wp-content\/uploads\/Bandeira-do-Sao-Paulo-no-Morumbis-em-2024.webp\",\"articleSection\":[\"S\u00e3o Paulo\"],\"inLanguage\":\"pt-BR\",\"potentialAction\":[{\"@type\":\"CommentAction\",\"name\":\"Comment\",\"target\":[\"https:\/\/www.gaveanews.com\/index.php\/2025\/03\/14\/saida-de-calleri-novo-queridinho-de-zubeldia-e-recado-de-ana-thais-matos-as-ultimas-noticias-do-sao-paulo\/#respond\"]}],\"copyrightYear\":\"2025\",\"copyrightHolder\":{\"@id\":\"https:\/\/www.gaveanews.com\/#organization\"}},{\"@type\":\"WebPage\",\"@id\":\"https:\/\/www.gaveanews.com\/index.php\/2025\/03\/14\/saida-de-calleri-novo-queridinho-de-zubeldia-e-recado-de-ana-thais-matos-as-ultimas-noticias-do-sao-paulo\/\",\"url\":\"https:\/\/www.gaveanews.com\/index.php\/2025\/03\/14\/saida-de-calleri-novo-queridinho-de-zubeldia-e-recado-de-ana-thais-matos-as-ultimas-noticias-do-sao-paulo\/\",\"name\":\"Sa\u00edda de Calleri, novo queridinho de Zubeld\u00eda e recado de Ana Tha\u00eds Matos: as \u00faltimas not\u00edcias do S\u00e3o Paulo\",\"isPartOf\":{\"@id\":\"https:\/\/www.gaveanews.com\/#website\"},\"primaryImageOfPage\":{\"@id\":\"https:\/\/www.gaveanews.com\/index.php\/2025\/03\/14\/saida-de-calleri-novo-queridinho-de-zubeldia-e-recado-de-ana-thais-matos-as-ultimas-noticias-do-sao-paulo\/#primaryimage\"},\"image\":{\"@id\":\"https:\/\/www.gaveanews.com\/index.php\/2025\/03\/14\/saida-de-calleri-novo-queridinho-de-zubeldia-e-recado-de-ana-thais-matos-as-ultimas-noticias-do-sao-paulo\/#primaryimage\"},\"thumbnailUrl\":\"https:\/\/www.gaveanews.com\/wp-content\/uploads\/Bandeira-do-Sao-Paulo-no-Morumbis-em-2024.webp\",\"datePublished\":\"2025-03-14T10:50:00+00:00\",\"author\":{\"@id\":\"https:\/\/www.gaveanews.com\/#\/schema\/person\/c79759ca337c40791ae8d08e2923d403\"},\"breadcrumb\":{\"@id\":\"https:\/\/www.gaveanews.com\/index.php\/2025\/03\/14\/saida-de-calleri-novo-queridinho-de-zubeldia-e-recado-de-ana-thais-matos-as-ultimas-noticias-do-sao-paulo\/#breadcrumb\"},\"inLanguage\":\"pt-BR\",\"potentialAction\":[{\"@type\":\"ReadAction\",\"target\":[\"https:\/\/www.gaveanews.com\/index.php\/2025\/03\/14\/saida-de-calleri-novo-queridinho-de-zubeldia-e-recado-de-ana-thais-matos-as-ultimas-noticias-do-sao-paulo\/\"]}]},{\"@type\":\"ImageObject\",\"inLanguage\":\"pt-BR\",\"@id\":\"https:\/\/www.gaveanews.com\/index.php\/2025\/03\/14\/saida-de-calleri-novo-queridinho-de-zubeldia-e-recado-de-ana-thais-matos-as-ultimas-noticias-do-sao-paulo\/#primaryimage\",\"url\":\"https:\/\/www.gaveanews.com\/wp-content\/uploads\/Bandeira-do-Sao-Paulo-no-Morumbis-em-2024.webp\",\"contentUrl\":\"https:\/\/www.gaveanews.com\/wp-content\/uploads\/Bandeira-do-Sao-Paulo-no-Morumbis-em-2024.webp\",\"width\":1000,\"height\":667,\"caption\":\"Bandeira do S\u00e3o Paulo no Morumbis em 2024 (Foto: Reprodu\u00e7\u00e3o\/S\u00e3o Paulo)\"},{\"@type\":\"BreadcrumbList\",\"@id\":\"https:\/\/www.gaveanews.com\/index.php\/2025\/03\/14\/saida-de-calleri-novo-queridinho-de-zubeldia-e-recado-de-ana-thais-matos-as-ultimas-noticias-do-sao-paulo\/#breadcrumb\",\"itemListElement\":[{\"@type\":\"ListItem\",\"position\":1,\"name\":\"Home\",\"item\":\"https:\/\/www.gaveanews.com\/\"},{\"@type\":\"ListItem\",\"position\":2,\"name\":\"Sa\u00edda de Calleri, novo queridinho de Zubeld\u00eda e recado de Ana Tha\u00eds Matos: as \u00faltimas not\u00edcias do S\u00e3o Paulo\"}]},{\"@type\":\"WebSite\",\"@id\":\"https:\/\/www.gaveanews.com\/#website\",\"url\":\"https:\/\/www.gaveanews.com\/\",\"name\":\"G\u00e1vea News\",\"description\":\"Veja todas as not\u00edcias sobre o Flamengo: Contrata\u00e7\u00f5es, categorias de base, resultados das partidas, tabela de classifica\u00e7\u00e3o, pr\u00f3ximos jogos!\",\"potentialAction\":[{\"@type\":\"SearchAction\",\"target\":{\"@type\":\"EntryPoint\",\"urlTemplate\":\"https:\/\/www.gaveanews.com\/?s={search_term_string}\"},\"query-input\":{\"@type\":\"PropertyValueSpecification\",\"valueRequired\":true,\"valueName\":\"search_term_string\"}}],\"inLanguage\":\"pt-BR\"},{\"@type\":\"Person\",\"@id\":\"https:\/\/www.gaveanews.com\/#\/schema\/person\/c79759ca337c40791ae8d08e2923d403\",\"name\":\"Brenda Cezillo\",\"image\":{\"@type\":\"ImageObject\",\"inLanguage\":\"pt-BR\",\"@id\":\"https:\/\/www.gaveanews.com\/#\/schema\/person\/image\/\",\"url\":\"https:\/\/secure.gravatar.com\/avatar\/1738d75cee7317f9c29ae61dd67620c5883d80a92e42a6fff88ae5d527af217a?s=96&d=mm&r=g\",\"contentUrl\":\"https:\/\/secure.gravatar.com\/avatar\/1738d75cee7317f9c29ae61dd67620c5883d80a92e42a6fff88ae5d527af217a?s=96&d=mm&r=g\",\"caption\":\"Brenda Cezillo\"}}]}<\/script>\n<!-- \/ Yoast SEO Premium plugin. -->","yoast_head_json":{"title":"Sa\u00edda de Calleri, novo queridinho de Zubeld\u00eda e recado de Ana Tha\u00eds Matos: as \u00faltimas not\u00edcias do S\u00e3o Paulo","robots":{"index":"index","follow":"follow","max-snippet":"max-snippet:-1","max-image-preview":"max-image-preview:large","max-video-preview":"max-video-preview:-1"},"canonical":"https:\/\/www.gaveanews.com\/index.php\/2025\/03\/14\/saida-de-calleri-novo-queridinho-de-zubeldia-e-recado-de-ana-thais-matos-as-ultimas-noticias-do-sao-paulo\/","og_locale":"pt_BR","og_type":"article","og_title":"Sa\u00edda de Calleri, novo queridinho de Zubeld\u00eda e recado de Ana Tha\u00eds Matos: as \u00faltimas not\u00edcias do S\u00e3o Paulo","og_description":"Nas \u00faltimas horas, o foco das not\u00edcias sobre o S\u00e3o Paulo se concentram nos bastidores do clube, com destaques do dia a dia do time. Por conta deste contexto, leia abaixo um resumo preparado pela equipe do portal G\u00e1vea News para lhe manter muito bem informado! Recado de Ana Tha\u00eds Matos A comentarista Ana Tha\u00eds [&hellip;]","og_url":"https:\/\/www.gaveanews.com\/index.php\/2025\/03\/14\/saida-de-calleri-novo-queridinho-de-zubeldia-e-recado-de-ana-thais-matos-as-ultimas-noticias-do-sao-paulo\/","og_site_name":"G\u00e1vea News","article_publisher":"https:\/\/facebook.com\/gaveaNews\/","article_published_time":"2025-03-14T10:50:00+00:00","og_image":[{"width":1000,"height":667,"url":"https:\/\/www.gaveanews.com\/wp-content\/uploads\/Bandeira-do-Sao-Paulo-no-Morumbis-em-2024.webp","type":"image\/webp"}],"author":"Brenda Cezillo","twitter_card":"summary_large_image","twitter_misc":{"Escrito por":"Brenda Cezillo","Est. tempo de leitura":"5 minutos"},"schema":{"@context":"https:\/\/schema.org","@graph":[{"@type":"NewsArticle","@id":"https:\/\/www.gaveanews.com\/index.php\/2025\/03\/14\/saida-de-calleri-novo-queridinho-de-zubeldia-e-recado-de-ana-thais-matos-as-ultimas-noticias-do-sao-paulo\/#article","isPartOf":{"@id":"https:\/\/www.gaveanews.com\/index.php\/2025\/03\/14\/saida-de-calleri-novo-queridinho-de-zubeldia-e-recado-de-ana-thais-matos-as-ultimas-noticias-do-sao-paulo\/"},"author":{"name":"Brenda Cezillo","@id":"https:\/\/www.gaveanews.com\/#\/schema\/person\/c79759ca337c40791ae8d08e2923d403"},"headline":"Sa\u00edda de Calleri, novo queridinho de Zubeld\u00eda e recado de Ana Tha\u00eds Matos: as \u00faltimas not\u00edcias do S\u00e3o Paulo","datePublished":"2025-03-14T10:50:00+00:00","mainEntityOfPage":{"@id":"https:\/\/www.gaveanews.com\/index.php\/2025\/03\/14\/saida-de-calleri-novo-queridinho-de-zubeldia-e-recado-de-ana-thais-matos-as-ultimas-noticias-do-sao-paulo\/"},"wordCount":802,"commentCount":0,"image":{"@id":"https:\/\/www.gaveanews.com\/index.php\/2025\/03\/14\/saida-de-calleri-novo-queridinho-de-zubeldia-e-recado-de-ana-thais-matos-as-ultimas-noticias-do-sao-paulo\/#primaryimage"},"thumbnailUrl":"https:\/\/www.gaveanews.com\/wp-content\/uploads\/Bandeira-do-Sao-Paulo-no-Morumbis-em-2024.webp","articleSection":["S\u00e3o Paulo"],"inLanguage":"pt-BR","potentialAction":[{"@type":"CommentAction","name":"Comment","target":["https:\/\/www.gaveanews.com\/index.php\/2025\/03\/14\/saida-de-calleri-novo-queridinho-de-zubeldia-e-recado-de-ana-thais-matos-as-ultimas-noticias-do-sao-paulo\/#respond"]}],"copyrightYear":"2025","copyrightHolder":{"@id":"https:\/\/www.gaveanews.com\/#organization"}},{"@type":"WebPage","@id":"https:\/\/www.gaveanews.com\/index.php\/2025\/03\/14\/saida-de-calleri-novo-queridinho-de-zubeldia-e-recado-de-ana-thais-matos-as-ultimas-noticias-do-sao-paulo\/","url":"https:\/\/www.gaveanews.com\/index.php\/2025\/03\/14\/saida-de-calleri-novo-queridinho-de-zubeldia-e-recado-de-ana-thais-matos-as-ultimas-noticias-do-sao-paulo\/","name":"Sa\u00edda de Calleri, novo queridinho de Zubeld\u00eda e recado de Ana Tha\u00eds Matos: as \u00faltimas not\u00edcias do S\u00e3o Paulo","isPartOf":{"@id":"https:\/\/www.gaveanews.com\/#website"},"primaryImageOfPage":{"@id":"https:\/\/www.gaveanews.com\/index.php\/2025\/03\/14\/saida-de-calleri-novo-queridinho-de-zubeldia-e-recado-de-ana-thais-matos-as-ultimas-noticias-do-sao-paulo\/#primaryimage"},"image":{"@id":"https:\/\/www.gaveanews.com\/index.php\/2025\/03\/14\/saida-de-calleri-novo-queridinho-de-zubeldia-e-recado-de-ana-thais-matos-as-ultimas-noticias-do-sao-paulo\/#primaryimage"},"thumbnailUrl":"https:\/\/www.gaveanews.com\/wp-content\/uploads\/Bandeira-do-Sao-Paulo-no-Morumbis-em-2024.webp","datePublished":"2025-03-14T10:50:00+00:00","author":{"@id":"https:\/\/www.gaveanews.com\/#\/schema\/person\/c79759ca337c40791ae8d08e2923d403"},"breadcrumb":{"@id":"https:\/\/www.gaveanews.com\/index.php\/2025\/03\/14\/saida-de-calleri-novo-queridinho-de-zubeldia-e-recado-de-ana-thais-matos-as-ultimas-noticias-do-sao-paulo\/#breadcrumb"},"inLanguage":"pt-BR","potentialAction":[{"@type":"ReadAction","target":["https:\/\/www.gaveanews.com\/index.php\/2025\/03\/14\/saida-de-calleri-novo-queridinho-de-zubeldia-e-recado-de-ana-thais-matos-as-ultimas-noticias-do-sao-paulo\/"]}]},{"@type":"ImageObject","inLanguage":"pt-BR","@id":"https:\/\/www.gaveanews.com\/index.php\/2025\/03\/14\/saida-de-calleri-novo-queridinho-de-zubeldia-e-recado-de-ana-thais-matos-as-ultimas-noticias-do-sao-paulo\/#primaryimage","url":"https:\/\/www.gaveanews.com\/wp-content\/uploads\/Bandeira-do-Sao-Paulo-no-Morumbis-em-2024.webp","contentUrl":"https:\/\/www.gaveanews.com\/wp-content\/uploads\/Bandeira-do-Sao-Paulo-no-Morumbis-em-2024.webp","width":1000,"height":667,"caption":"Bandeira do S\u00e3o Paulo no Morumbis em 2024 (Foto: Reprodu\u00e7\u00e3o\/S\u00e3o Paulo)"},{"@type":"BreadcrumbList","@id":"https:\/\/www.gaveanews.com\/index.php\/2025\/03\/14\/saida-de-calleri-novo-queridinho-de-zubeldia-e-recado-de-ana-thais-matos-as-ultimas-noticias-do-sao-paulo\/#breadcrumb","itemListElement":[{"@type":"ListItem","position":1,"name":"Home","item":"https:\/\/www.gaveanews.com\/"},{"@type":"ListItem","position":2,"name":"Sa\u00edda de Calleri, novo queridinho de Zubeld\u00eda e recado de Ana Tha\u00eds Matos: as \u00faltimas not\u00edcias do S\u00e3o Paulo"}]},{"@type":"WebSite","@id":"https:\/\/www.gaveanews.com\/#website","url":"https:\/\/www.gaveanews.com\/","name":"G\u00e1vea News","description":"Veja todas as not\u00edcias sobre o Flamengo: Contrata\u00e7\u00f5es, categorias de base, resultados das partidas, tabela de classifica\u00e7\u00e3o, pr\u00f3ximos jogos!","potentialAction":[{"@type":"SearchAction","target":{"@type":"EntryPoint","urlTemplate":"https:\/\/www.gaveanews.com\/?s={search_term_string}"},"query-input":{"@type":"PropertyValueSpecification","valueRequired":true,"valueName":"search_term_string"}}],"inLanguage":"pt-BR"},{"@type":"Person","@id":"https:\/\/www.gaveanews.com\/#\/schema\/person\/c79759ca337c40791ae8d08e2923d403","name":"Brenda Cezillo","image":{"@type":"ImageObject","inLanguage":"pt-BR","@id":"https:\/\/www.gaveanews.com\/#\/schema\/person\/image\/","url":"https:\/\/secure.gravatar.com\/avatar\/1738d75cee7317f9c29ae61dd67620c5883d80a92e42a6fff88ae5d527af217a?s=96&d=mm&r=g","contentUrl":"https:\/\/secure.gravatar.com\/avatar\/1738d75cee7317f9c29ae61dd67620c5883d80a92e42a6fff88ae5d527af217a?s=96&d=mm&r=g","caption":"Brenda Cezillo"}}]}},"_links":{"self":[{"href":"https:\/\/www.gaveanews.com\/index.php\/wp-json\/wp\/v2\/posts\/239897","targetHints":{"allow":["GET"]}}],"collection":[{"href":"https:\/\/www.gaveanews.com\/index.php\/wp-json\/wp\/v2\/posts"}],"about":[{"href":"https:\/\/www.gaveanews.com\/index.php\/wp-json\/wp\/v2\/types\/post"}],"author":[{"embeddable":true,"href":"https:\/\/www.gaveanews.com\/index.php\/wp-json\/wp\/v2\/users\/33"}],"replies":[{"embeddable":true,"href":"https:\/\/www.gaveanews.com\/index.php\/wp-json\/wp\/v2\/comments?post=239897"}],"version-history":[{"count":1,"href":"https:\/\/www.gaveanews.com\/index.php\/wp-json\/wp\/v2\/posts\/239897\/revisions"}],"predecessor-version":[{"id":239906,"href":"https:\/\/www.gaveanews.com\/index.php\/wp-json\/wp\/v2\/posts\/239897\/revisions\/239906"}],"wp:featuredmedia":[{"embeddable":true,"href":"https:\/\/www.gaveanews.com\/index.php\/wp-json\/wp\/v2\/media\/154249"}],"wp:attachment":[{"href":"https:\/\/www.gaveanews.com\/index.php\/wp-json\/wp\/v2\/media?parent=239897"}],"wp:term":[{"taxonomy":"category","embeddable":true,"href":"https:\/\/www.gaveanews.com\/index.php\/wp-json\/wp\/v2\/categories?post=239897"},{"taxonomy":"post_tag","embeddable":true,"href":"https:\/\/www.gaveanews.com\/index.php\/wp-json\/wp\/v2\/tags?post=239897"}],"curies":[{"name":"wp","href":"https:\/\/api.w.org\/{rel}","templated":true}]}}