{"id":239931,"date":"2025-03-14T09:55:19","date_gmt":"2025-03-14T12:55:19","guid":{"rendered":"https:\/\/www.gaveanews.com\/?p=239931"},"modified":"2025-03-14T09:32:02","modified_gmt":"2025-03-14T12:32:02","slug":"o-que-o-elenco-do-corinthians-pensa-sobre-a-permanencia-de-ramon-diaz","status":"publish","type":"post","link":"https:\/\/www.gaveanews.com\/index.php\/2025\/03\/14\/o-que-o-elenco-do-corinthians-pensa-sobre-a-permanencia-de-ramon-diaz\/","title":{"rendered":"O que o elenco do Corinthians pensa sobre a perman\u00eancia de Ram\u00f3n D\u00edaz?"},"content":{"rendered":"\n<p>O Corinthians deixou a disputa da Copa Libertadores na \u00faltima quarta-feira, ap\u00f3s n\u00e3o conseguir reverter o placar contra o Barcelona de Guayaquil, em partida realizada na Neo Qu\u00edmica Arena. Esse resultado aumentou a tens\u00e3o sobre o trabalho desenvolvido por Ram\u00f3n Diaz no clube.<\/p>\n\n\n\n<p>Nesse sentido, Hugo Souza, goleiro e capit\u00e3o do Tim\u00e3o, manifestou apoio ao treinador argentino durante entrevista coletiva. Ele destacou que os jogadores est\u00e3o alinhados com as orienta\u00e7\u00f5es da comiss\u00e3o t\u00e9cnica. <\/p>\n\n\n\n<p>Al\u00e9m disso, Hugo ressaltou o comprometimento di\u00e1rio do grupo dentro das atividades propostas pelo t\u00e9cnico. &#8220;A gente est\u00e1 totalmente fechado com nosso treinador&#8221;, afirmou Hugo, enfatizando a qualidade do dia a dia conduzido pela equipe.<\/p>\n\n\n\n<h2 class=\"wp-block-heading\" id=\"h-defesa-publica-ao-treinador\">Defesa p\u00fablica ao treinador<\/h2>\n\n\n\n<p>O arqueiro continuou explicando que todos seguiram \u00e0 risca as instru\u00e7\u00f5es passadas pelos profissionais respons\u00e1veis. Mesmo assim, o desfecho esperado n\u00e3o se concretizou. Contudo, Hugo lembrou que o balan\u00e7o geral do trabalho realizado pelo treinador \u00e9 altamente positivo. Ele tamb\u00e9m reconheceu o direito dos torcedores cobrarem resultados, mas pediu uni\u00e3o entre os membros do elenco.<\/p>\n\n\n\n<p>Em outro momento, Hugo refor\u00e7ou que atribuir culpas espec\u00edficas n\u00e3o contribui para o crescimento do time. Todos os envolvidos tiveram suas parcelas de erros ao longo da competi\u00e7\u00e3o. O jogador mencionou especificamente a atua\u00e7\u00e3o ruim na partida inicial contra o Barcelona de Guayaquil. Nesse confronto, os jogadores n\u00e3o demonstraram uma postura ideal, algo que n\u00e3o pode ser creditado apenas ao treinador.<\/p>\n\n\n\n<figure class=\"wp-block-image size-full\"><img loading=\"lazy\" decoding=\"async\" width=\"768\" height=\"458\" src=\"http:\/\/www.gaveanews.com\/wp-content\/uploads\/IMG_0346-768x458-1.webp\" alt=\"\" class=\"wp-image-155879\" srcset=\"https:\/\/www.gaveanews.com\/wp-content\/uploads\/IMG_0346-768x458-1.webp 768w, https:\/\/www.gaveanews.com\/wp-content\/uploads\/IMG_0346-768x458-1-300x179.webp 300w, https:\/\/www.gaveanews.com\/wp-content\/uploads\/IMG_0346-768x458-1-704x420.webp 704w, https:\/\/www.gaveanews.com\/wp-content\/uploads\/IMG_0346-768x458-1-640x382.webp 640w, https:\/\/www.gaveanews.com\/wp-content\/uploads\/IMG_0346-768x458-1-681x406.webp 681w, https:\/\/www.gaveanews.com\/wp-content\/uploads\/IMG_0346-768x458-1-100x60.webp 100w\" sizes=\"auto, (max-width: 768px) 100vw, 768px\" \/><figcaption class=\"wp-element-caption\">Hugo Souza, goleiro do Corinthians &#8211; Instagram \/ @hugosouza<\/figcaption><\/figure>\n\n\n\n<h2 class=\"wp-block-heading\" id=\"h-desempenho-na-temporada\">Desempenho na temporada<\/h2>\n\n\n\n<p>Apesar das cr\u00edticas recentes, Ram\u00f3n Diaz conseguiu a classifica\u00e7\u00e3o do Corinthians para a final do Campeonato Paulista. O time liderou a fase de grupos e agora enfrentar\u00e1 o Palmeiras em busca do t\u00edtulo estadual. A primeira partida desta decis\u00e3o ocorre no pr\u00f3ximo domingo, no Allianz Parque.<\/p>\n\n\n\n<p>Por outro lado, a elimina\u00e7\u00e3o precoce na Libertadores exp\u00f4s dificuldades enfrentadas pelo Corinthians. A equipe teve problemas significativos na eliminat\u00f3ria anterior, quando superou a Universidad Central, da Venezuela, apenas nos minutos finais de um jogo decisivo. Essas atua\u00e7\u00f5es insatisfat\u00f3rias ampliaram as d\u00favidas sobre o desempenho da comiss\u00e3o t\u00e9cnica.<\/p>\n\n\n\n<p>Vale ressaltar que Augusto Melo, presidente corintiano, comentou sobre o futuro da gest\u00e3o esportiva. Ele indicou que priorizar\u00e1 a prepara\u00e7\u00e3o para a final do Estadual antes de qualquer decis\u00e3o definitiva. <\/p>\n\n\n\n<p>Ram\u00f3n Diaz assumiu o comando do clube no meio do ano passado e conseguiu evitar o rebaixamento no Campeonato Brasileiro. Seu contrato vigora at\u00e9 2025, garantindo estabilidade para planejar ciclos futuros.<\/p>\n","protected":false},"excerpt":{"rendered":"<p>O Corinthians deixou a disputa da Copa Libertadores na \u00faltima quarta-feira, ap\u00f3s n\u00e3o conseguir reverter o placar contra o Barcelona de Guayaquil, em partida realizada na Neo Qu\u00edmica Arena. Esse resultado aumentou a tens\u00e3o sobre o trabalho desenvolvido por Ram\u00f3n Diaz no clube. Nesse sentido, Hugo Souza, goleiro e capit\u00e3o do Tim\u00e3o, manifestou apoio ao [&hellip;]<\/p>\n","protected":false},"author":28,"featured_media":152536,"comment_status":"open","ping_status":"closed","sticky":false,"template":"","format":"standard","meta":{"footnotes":""},"categories":[141],"tags":[],"class_list":["post-239931","post","type-post","status-publish","format-standard","has-post-thumbnail","hentry","category-corinthians"],"yoast_head":"<!-- This site is optimized with the Yoast SEO Premium plugin v24.2 (Yoast SEO v26.9) - https:\/\/yoast.com\/product\/yoast-seo-premium-wordpress\/ -->\n<title>O que o elenco do Corinthians pensa sobre a perman\u00eancia de Ram\u00f3n D\u00edaz?<\/title>\n<meta name=\"robots\" content=\"index, follow, max-snippet:-1, max-image-preview:large, max-video-preview:-1\" \/>\n<link rel=\"canonical\" href=\"https:\/\/www.gaveanews.com\/index.php\/2025\/03\/14\/o-que-o-elenco-do-corinthians-pensa-sobre-a-permanencia-de-ramon-diaz\/\" \/>\n<meta property=\"og:locale\" content=\"pt_BR\" \/>\n<meta property=\"og:type\" content=\"article\" \/>\n<meta property=\"og:title\" content=\"O que o elenco do Corinthians pensa sobre a perman\u00eancia de Ram\u00f3n D\u00edaz?\" \/>\n<meta property=\"og:description\" content=\"O Corinthians deixou a disputa da Copa Libertadores na \u00faltima quarta-feira, ap\u00f3s n\u00e3o conseguir reverter o placar contra o Barcelona de Guayaquil, em partida realizada na Neo Qu\u00edmica Arena. Esse resultado aumentou a tens\u00e3o sobre o trabalho desenvolvido por Ram\u00f3n Diaz no clube. Nesse sentido, Hugo Souza, goleiro e capit\u00e3o do Tim\u00e3o, manifestou apoio ao [&hellip;]\" \/>\n<meta property=\"og:url\" content=\"https:\/\/www.gaveanews.com\/index.php\/2025\/03\/14\/o-que-o-elenco-do-corinthians-pensa-sobre-a-permanencia-de-ramon-diaz\/\" \/>\n<meta property=\"og:site_name\" content=\"G\u00e1vea News\" \/>\n<meta property=\"article:publisher\" content=\"https:\/\/facebook.com\/gaveaNews\/\" \/>\n<meta property=\"article:published_time\" content=\"2025-03-14T12:55:19+00:00\" \/>\n<meta property=\"og:image\" content=\"https:\/\/www.gaveanews.com\/wp-content\/uploads\/Ramon-Diaz-pelo-Corinthians-em-2024.webp\" \/>\n\t<meta property=\"og:image:width\" content=\"1346\" \/>\n\t<meta property=\"og:image:height\" content=\"1009\" \/>\n\t<meta property=\"og:image:type\" content=\"image\/webp\" \/>\n<meta name=\"author\" content=\"Hudson Pereira\" \/>\n<meta name=\"twitter:card\" content=\"summary_large_image\" \/>\n<meta name=\"twitter:label1\" content=\"Escrito por\" \/>\n\t<meta name=\"twitter:data1\" content=\"Hudson Pereira\" \/>\n\t<meta name=\"twitter:label2\" content=\"Est. tempo de leitura\" \/>\n\t<meta name=\"twitter:data2\" content=\"3 minutos\" \/>\n<script type=\"application\/ld+json\" class=\"yoast-schema-graph\">{\"@context\":\"https:\/\/schema.org\",\"@graph\":[{\"@type\":\"NewsArticle\",\"@id\":\"https:\/\/www.gaveanews.com\/index.php\/2025\/03\/14\/o-que-o-elenco-do-corinthians-pensa-sobre-a-permanencia-de-ramon-diaz\/#article\",\"isPartOf\":{\"@id\":\"https:\/\/www.gaveanews.com\/index.php\/2025\/03\/14\/o-que-o-elenco-do-corinthians-pensa-sobre-a-permanencia-de-ramon-diaz\/\"},\"author\":{\"name\":\"Hudson Pereira\",\"@id\":\"https:\/\/www.gaveanews.com\/#\/schema\/person\/bd08f00534b403119b92741a6d469ef0\"},\"headline\":\"O que o elenco do Corinthians pensa sobre a perman\u00eancia de Ram\u00f3n D\u00edaz?\",\"datePublished\":\"2025-03-14T12:55:19+00:00\",\"mainEntityOfPage\":{\"@id\":\"https:\/\/www.gaveanews.com\/index.php\/2025\/03\/14\/o-que-o-elenco-do-corinthians-pensa-sobre-a-permanencia-de-ramon-diaz\/\"},\"wordCount\":453,\"commentCount\":0,\"image\":{\"@id\":\"https:\/\/www.gaveanews.com\/index.php\/2025\/03\/14\/o-que-o-elenco-do-corinthians-pensa-sobre-a-permanencia-de-ramon-diaz\/#primaryimage\"},\"thumbnailUrl\":\"https:\/\/www.gaveanews.com\/wp-content\/uploads\/Ramon-Diaz-pelo-Corinthians-em-2024.webp\",\"articleSection\":[\"Corinthians\"],\"inLanguage\":\"pt-BR\",\"potentialAction\":[{\"@type\":\"CommentAction\",\"name\":\"Comment\",\"target\":[\"https:\/\/www.gaveanews.com\/index.php\/2025\/03\/14\/o-que-o-elenco-do-corinthians-pensa-sobre-a-permanencia-de-ramon-diaz\/#respond\"]}],\"copyrightYear\":\"2025\",\"copyrightHolder\":{\"@id\":\"https:\/\/www.gaveanews.com\/#organization\"}},{\"@type\":\"WebPage\",\"@id\":\"https:\/\/www.gaveanews.com\/index.php\/2025\/03\/14\/o-que-o-elenco-do-corinthians-pensa-sobre-a-permanencia-de-ramon-diaz\/\",\"url\":\"https:\/\/www.gaveanews.com\/index.php\/2025\/03\/14\/o-que-o-elenco-do-corinthians-pensa-sobre-a-permanencia-de-ramon-diaz\/\",\"name\":\"O que o elenco do Corinthians pensa sobre a perman\u00eancia de Ram\u00f3n D\u00edaz?\",\"isPartOf\":{\"@id\":\"https:\/\/www.gaveanews.com\/#website\"},\"primaryImageOfPage\":{\"@id\":\"https:\/\/www.gaveanews.com\/index.php\/2025\/03\/14\/o-que-o-elenco-do-corinthians-pensa-sobre-a-permanencia-de-ramon-diaz\/#primaryimage\"},\"image\":{\"@id\":\"https:\/\/www.gaveanews.com\/index.php\/2025\/03\/14\/o-que-o-elenco-do-corinthians-pensa-sobre-a-permanencia-de-ramon-diaz\/#primaryimage\"},\"thumbnailUrl\":\"https:\/\/www.gaveanews.com\/wp-content\/uploads\/Ramon-Diaz-pelo-Corinthians-em-2024.webp\",\"datePublished\":\"2025-03-14T12:55:19+00:00\",\"author\":{\"@id\":\"https:\/\/www.gaveanews.com\/#\/schema\/person\/bd08f00534b403119b92741a6d469ef0\"},\"breadcrumb\":{\"@id\":\"https:\/\/www.gaveanews.com\/index.php\/2025\/03\/14\/o-que-o-elenco-do-corinthians-pensa-sobre-a-permanencia-de-ramon-diaz\/#breadcrumb\"},\"inLanguage\":\"pt-BR\",\"potentialAction\":[{\"@type\":\"ReadAction\",\"target\":[\"https:\/\/www.gaveanews.com\/index.php\/2025\/03\/14\/o-que-o-elenco-do-corinthians-pensa-sobre-a-permanencia-de-ramon-diaz\/\"]}]},{\"@type\":\"ImageObject\",\"inLanguage\":\"pt-BR\",\"@id\":\"https:\/\/www.gaveanews.com\/index.php\/2025\/03\/14\/o-que-o-elenco-do-corinthians-pensa-sobre-a-permanencia-de-ramon-diaz\/#primaryimage\",\"url\":\"https:\/\/www.gaveanews.com\/wp-content\/uploads\/Ramon-Diaz-pelo-Corinthians-em-2024.webp\",\"contentUrl\":\"https:\/\/www.gaveanews.com\/wp-content\/uploads\/Ramon-Diaz-pelo-Corinthians-em-2024.webp\",\"width\":1346,\"height\":1009,\"caption\":\"Ram\u00f3n D\u00edaz pelo Corinthians em 2024 (Foto: Reprodu\u00e7\u00e3o\/Corinthians)\"},{\"@type\":\"BreadcrumbList\",\"@id\":\"https:\/\/www.gaveanews.com\/index.php\/2025\/03\/14\/o-que-o-elenco-do-corinthians-pensa-sobre-a-permanencia-de-ramon-diaz\/#breadcrumb\",\"itemListElement\":[{\"@type\":\"ListItem\",\"position\":1,\"name\":\"Home\",\"item\":\"https:\/\/www.gaveanews.com\/\"},{\"@type\":\"ListItem\",\"position\":2,\"name\":\"O que o elenco do Corinthians pensa sobre a perman\u00eancia de Ram\u00f3n D\u00edaz?\"}]},{\"@type\":\"WebSite\",\"@id\":\"https:\/\/www.gaveanews.com\/#website\",\"url\":\"https:\/\/www.gaveanews.com\/\",\"name\":\"G\u00e1vea News\",\"description\":\"Veja todas as not\u00edcias sobre o Flamengo: Contrata\u00e7\u00f5es, categorias de base, resultados das partidas, tabela de classifica\u00e7\u00e3o, pr\u00f3ximos jogos!\",\"potentialAction\":[{\"@type\":\"SearchAction\",\"target\":{\"@type\":\"EntryPoint\",\"urlTemplate\":\"https:\/\/www.gaveanews.com\/?s={search_term_string}\"},\"query-input\":{\"@type\":\"PropertyValueSpecification\",\"valueRequired\":true,\"valueName\":\"search_term_string\"}}],\"inLanguage\":\"pt-BR\"},{\"@type\":\"Person\",\"@id\":\"https:\/\/www.gaveanews.com\/#\/schema\/person\/bd08f00534b403119b92741a6d469ef0\",\"name\":\"Hudson Pereira\",\"image\":{\"@type\":\"ImageObject\",\"inLanguage\":\"pt-BR\",\"@id\":\"https:\/\/www.gaveanews.com\/#\/schema\/person\/image\/\",\"url\":\"https:\/\/secure.gravatar.com\/avatar\/ecc491b489e454e510efffc9b23c1052ce5fb4f2e05555768ba65819cd55f03e?s=96&d=mm&r=g\",\"contentUrl\":\"https:\/\/secure.gravatar.com\/avatar\/ecc491b489e454e510efffc9b23c1052ce5fb4f2e05555768ba65819cd55f03e?s=96&d=mm&r=g\",\"caption\":\"Hudson Pereira\"}}]}<\/script>\n<!-- \/ Yoast SEO Premium plugin. -->","yoast_head_json":{"title":"O que o elenco do Corinthians pensa sobre a perman\u00eancia de Ram\u00f3n D\u00edaz?","robots":{"index":"index","follow":"follow","max-snippet":"max-snippet:-1","max-image-preview":"max-image-preview:large","max-video-preview":"max-video-preview:-1"},"canonical":"https:\/\/www.gaveanews.com\/index.php\/2025\/03\/14\/o-que-o-elenco-do-corinthians-pensa-sobre-a-permanencia-de-ramon-diaz\/","og_locale":"pt_BR","og_type":"article","og_title":"O que o elenco do Corinthians pensa sobre a perman\u00eancia de Ram\u00f3n D\u00edaz?","og_description":"O Corinthians deixou a disputa da Copa Libertadores na \u00faltima quarta-feira, ap\u00f3s n\u00e3o conseguir reverter o placar contra o Barcelona de Guayaquil, em partida realizada na Neo Qu\u00edmica Arena. Esse resultado aumentou a tens\u00e3o sobre o trabalho desenvolvido por Ram\u00f3n Diaz no clube. Nesse sentido, Hugo Souza, goleiro e capit\u00e3o do Tim\u00e3o, manifestou apoio ao [&hellip;]","og_url":"https:\/\/www.gaveanews.com\/index.php\/2025\/03\/14\/o-que-o-elenco-do-corinthians-pensa-sobre-a-permanencia-de-ramon-diaz\/","og_site_name":"G\u00e1vea News","article_publisher":"https:\/\/facebook.com\/gaveaNews\/","article_published_time":"2025-03-14T12:55:19+00:00","og_image":[{"width":1346,"height":1009,"url":"https:\/\/www.gaveanews.com\/wp-content\/uploads\/Ramon-Diaz-pelo-Corinthians-em-2024.webp","type":"image\/webp"}],"author":"Hudson Pereira","twitter_card":"summary_large_image","twitter_misc":{"Escrito por":"Hudson Pereira","Est. tempo de leitura":"3 minutos"},"schema":{"@context":"https:\/\/schema.org","@graph":[{"@type":"NewsArticle","@id":"https:\/\/www.gaveanews.com\/index.php\/2025\/03\/14\/o-que-o-elenco-do-corinthians-pensa-sobre-a-permanencia-de-ramon-diaz\/#article","isPartOf":{"@id":"https:\/\/www.gaveanews.com\/index.php\/2025\/03\/14\/o-que-o-elenco-do-corinthians-pensa-sobre-a-permanencia-de-ramon-diaz\/"},"author":{"name":"Hudson Pereira","@id":"https:\/\/www.gaveanews.com\/#\/schema\/person\/bd08f00534b403119b92741a6d469ef0"},"headline":"O que o elenco do Corinthians pensa sobre a perman\u00eancia de Ram\u00f3n D\u00edaz?","datePublished":"2025-03-14T12:55:19+00:00","mainEntityOfPage":{"@id":"https:\/\/www.gaveanews.com\/index.php\/2025\/03\/14\/o-que-o-elenco-do-corinthians-pensa-sobre-a-permanencia-de-ramon-diaz\/"},"wordCount":453,"commentCount":0,"image":{"@id":"https:\/\/www.gaveanews.com\/index.php\/2025\/03\/14\/o-que-o-elenco-do-corinthians-pensa-sobre-a-permanencia-de-ramon-diaz\/#primaryimage"},"thumbnailUrl":"https:\/\/www.gaveanews.com\/wp-content\/uploads\/Ramon-Diaz-pelo-Corinthians-em-2024.webp","articleSection":["Corinthians"],"inLanguage":"pt-BR","potentialAction":[{"@type":"CommentAction","name":"Comment","target":["https:\/\/www.gaveanews.com\/index.php\/2025\/03\/14\/o-que-o-elenco-do-corinthians-pensa-sobre-a-permanencia-de-ramon-diaz\/#respond"]}],"copyrightYear":"2025","copyrightHolder":{"@id":"https:\/\/www.gaveanews.com\/#organization"}},{"@type":"WebPage","@id":"https:\/\/www.gaveanews.com\/index.php\/2025\/03\/14\/o-que-o-elenco-do-corinthians-pensa-sobre-a-permanencia-de-ramon-diaz\/","url":"https:\/\/www.gaveanews.com\/index.php\/2025\/03\/14\/o-que-o-elenco-do-corinthians-pensa-sobre-a-permanencia-de-ramon-diaz\/","name":"O que o elenco do Corinthians pensa sobre a perman\u00eancia de Ram\u00f3n D\u00edaz?","isPartOf":{"@id":"https:\/\/www.gaveanews.com\/#website"},"primaryImageOfPage":{"@id":"https:\/\/www.gaveanews.com\/index.php\/2025\/03\/14\/o-que-o-elenco-do-corinthians-pensa-sobre-a-permanencia-de-ramon-diaz\/#primaryimage"},"image":{"@id":"https:\/\/www.gaveanews.com\/index.php\/2025\/03\/14\/o-que-o-elenco-do-corinthians-pensa-sobre-a-permanencia-de-ramon-diaz\/#primaryimage"},"thumbnailUrl":"https:\/\/www.gaveanews.com\/wp-content\/uploads\/Ramon-Diaz-pelo-Corinthians-em-2024.webp","datePublished":"2025-03-14T12:55:19+00:00","author":{"@id":"https:\/\/www.gaveanews.com\/#\/schema\/person\/bd08f00534b403119b92741a6d469ef0"},"breadcrumb":{"@id":"https:\/\/www.gaveanews.com\/index.php\/2025\/03\/14\/o-que-o-elenco-do-corinthians-pensa-sobre-a-permanencia-de-ramon-diaz\/#breadcrumb"},"inLanguage":"pt-BR","potentialAction":[{"@type":"ReadAction","target":["https:\/\/www.gaveanews.com\/index.php\/2025\/03\/14\/o-que-o-elenco-do-corinthians-pensa-sobre-a-permanencia-de-ramon-diaz\/"]}]},{"@type":"ImageObject","inLanguage":"pt-BR","@id":"https:\/\/www.gaveanews.com\/index.php\/2025\/03\/14\/o-que-o-elenco-do-corinthians-pensa-sobre-a-permanencia-de-ramon-diaz\/#primaryimage","url":"https:\/\/www.gaveanews.com\/wp-content\/uploads\/Ramon-Diaz-pelo-Corinthians-em-2024.webp","contentUrl":"https:\/\/www.gaveanews.com\/wp-content\/uploads\/Ramon-Diaz-pelo-Corinthians-em-2024.webp","width":1346,"height":1009,"caption":"Ram\u00f3n D\u00edaz pelo Corinthians em 2024 (Foto: Reprodu\u00e7\u00e3o\/Corinthians)"},{"@type":"BreadcrumbList","@id":"https:\/\/www.gaveanews.com\/index.php\/2025\/03\/14\/o-que-o-elenco-do-corinthians-pensa-sobre-a-permanencia-de-ramon-diaz\/#breadcrumb","itemListElement":[{"@type":"ListItem","position":1,"name":"Home","item":"https:\/\/www.gaveanews.com\/"},{"@type":"ListItem","position":2,"name":"O que o elenco do Corinthians pensa sobre a perman\u00eancia de Ram\u00f3n D\u00edaz?"}]},{"@type":"WebSite","@id":"https:\/\/www.gaveanews.com\/#website","url":"https:\/\/www.gaveanews.com\/","name":"G\u00e1vea News","description":"Veja todas as not\u00edcias sobre o Flamengo: Contrata\u00e7\u00f5es, categorias de base, resultados das partidas, tabela de classifica\u00e7\u00e3o, pr\u00f3ximos jogos!","potentialAction":[{"@type":"SearchAction","target":{"@type":"EntryPoint","urlTemplate":"https:\/\/www.gaveanews.com\/?s={search_term_string}"},"query-input":{"@type":"PropertyValueSpecification","valueRequired":true,"valueName":"search_term_string"}}],"inLanguage":"pt-BR"},{"@type":"Person","@id":"https:\/\/www.gaveanews.com\/#\/schema\/person\/bd08f00534b403119b92741a6d469ef0","name":"Hudson Pereira","image":{"@type":"ImageObject","inLanguage":"pt-BR","@id":"https:\/\/www.gaveanews.com\/#\/schema\/person\/image\/","url":"https:\/\/secure.gravatar.com\/avatar\/ecc491b489e454e510efffc9b23c1052ce5fb4f2e05555768ba65819cd55f03e?s=96&d=mm&r=g","contentUrl":"https:\/\/secure.gravatar.com\/avatar\/ecc491b489e454e510efffc9b23c1052ce5fb4f2e05555768ba65819cd55f03e?s=96&d=mm&r=g","caption":"Hudson Pereira"}}]}},"_links":{"self":[{"href":"https:\/\/www.gaveanews.com\/index.php\/wp-json\/wp\/v2\/posts\/239931","targetHints":{"allow":["GET"]}}],"collection":[{"href":"https:\/\/www.gaveanews.com\/index.php\/wp-json\/wp\/v2\/posts"}],"about":[{"href":"https:\/\/www.gaveanews.com\/index.php\/wp-json\/wp\/v2\/types\/post"}],"author":[{"embeddable":true,"href":"https:\/\/www.gaveanews.com\/index.php\/wp-json\/wp\/v2\/users\/28"}],"replies":[{"embeddable":true,"href":"https:\/\/www.gaveanews.com\/index.php\/wp-json\/wp\/v2\/comments?post=239931"}],"version-history":[{"count":1,"href":"https:\/\/www.gaveanews.com\/index.php\/wp-json\/wp\/v2\/posts\/239931\/revisions"}],"predecessor-version":[{"id":239932,"href":"https:\/\/www.gaveanews.com\/index.php\/wp-json\/wp\/v2\/posts\/239931\/revisions\/239932"}],"wp:featuredmedia":[{"embeddable":true,"href":"https:\/\/www.gaveanews.com\/index.php\/wp-json\/wp\/v2\/media\/152536"}],"wp:attachment":[{"href":"https:\/\/www.gaveanews.com\/index.php\/wp-json\/wp\/v2\/media?parent=239931"}],"wp:term":[{"taxonomy":"category","embeddable":true,"href":"https:\/\/www.gaveanews.com\/index.php\/wp-json\/wp\/v2\/categories?post=239931"},{"taxonomy":"post_tag","embeddable":true,"href":"https:\/\/www.gaveanews.com\/index.php\/wp-json\/wp\/v2\/tags?post=239931"}],"curies":[{"name":"wp","href":"https:\/\/api.w.org\/{rel}","templated":true}]}}