{"id":239936,"date":"2025-03-14T10:15:51","date_gmt":"2025-03-14T13:15:51","guid":{"rendered":"https:\/\/www.gaveanews.com\/?p=239936"},"modified":"2025-03-14T09:36:26","modified_gmt":"2025-03-14T12:36:26","slug":"ana-thais-e-sincera-e-manda-recado-a-abel-ferreira-do-palmeiras","status":"publish","type":"post","link":"https:\/\/www.gaveanews.com\/index.php\/2025\/03\/14\/ana-thais-e-sincera-e-manda-recado-a-abel-ferreira-do-palmeiras\/","title":{"rendered":"Ana Tha\u00eds \u00e9 sincera e manda recado a Abel Ferreira, do Palmeiras"},"content":{"rendered":"\n<p>A comentarista Ana Tha\u00eds Matos destacou o treinador Abel Ferreira como o principal trunfo do Palmeiras na busca por t\u00edtulos. Apesar do desempenho ideal ainda n\u00e3o tenha se concretizado em campo, ela confia plenamente na capacidade do t\u00e9cnico para formar uma equipe competitiva. Nesse contexto, a decis\u00e3o do clube pode come\u00e7ar a ganhar forma j\u00e1 na final do Campeonato Paulista.<\/p>\n\n\n\n<p>Al\u00e9m disso, Ana Tha\u00eds ressaltou o estilo \u00fanico de Abel Ferreira em mobilizar e transformar o elenco. Durante o programa &#8220;T\u00e1 na \u00c1rea&#8221;, do SporTV, ela afirmou que esse poder de lideran\u00e7a representa um diferencial importante neste ano. <\/p>\n\n\n\n<p>\u201cO Abel tem uma carta na manga, esse poder que ele tem sobre o elenco de mudar e mobilizar\u201d, disse a comentarista. Ela tamb\u00e9m mencionou que o treinador sabe disputar cl\u00e1ssicos com efici\u00eancia.<\/p>\n\n\n\n<h2 class=\"wp-block-heading\" id=\"h-mobilizacao-para-a-decisao\">Mobiliza\u00e7\u00e3o para a decis\u00e3o<\/h2>\n\n\n\n<p>Ana Tha\u00eds continuou explicando que o t\u00edtulo paulista est\u00e1 sob responsabilidade direta da fam\u00edlia D\u00edaz, especialmente porque se trata de um campeonato estadual. Apesar disso, ela enfatizou a import\u00e2ncia do confronto contra o Corinthians, considerado o maior rival do Palmeiras. <\/p>\n\n\n\n<p>\u201cTalvez seja o \u00fanico t\u00edtulo que esteja nas m\u00e3os da fam\u00edlia D\u00edaz, embora seja s\u00f3 um campeonato estadual. Mas \u00e9 contra o principal rival e na casa do Corinthians o \u00faltimo jogo\u201d, destacou.<\/p>\n\n\n\n<p>A comentarista acrescentou que a temporada do Palmeiras ter\u00e1 in\u00edcio oficial nesta decis\u00e3o. A primeira fase do Campeonato Paulista serviu como prepara\u00e7\u00e3o para os jogos decisivos. Assim, a mobiliza\u00e7\u00e3o necess\u00e1ria precisa refletir as caracter\u00edsticas marcantes de Abel Ferreira.<\/p>\n\n\n\n<h2 class=\"wp-block-heading\" id=\"h-estrategias-do-treinador\">Estrat\u00e9gias do treinador<\/h2>\n\n\n\n<p>Antes do in\u00edcio das eliminat\u00f3rias, Abel Ferreira optou por implementar um sistema de rod\u00edzio no elenco. Mesmo enfrentando o risco de elimina\u00e7\u00e3o precoce, Ana Tha\u00eds avaliou positivamente essa escolha. Segundo ela, os principais jogadores est\u00e3o prontos fisicamente para encarar as duas partidas decisivas contra o Corinthians.<\/p>\n\n\n\n<p>Ela reconheceu que o time ainda n\u00e3o atingiu o n\u00edvel de entrosamento esperado pelo treinador. \u201cO Palmeiras ainda n\u00e3o \u00e9 aquele time azeitado que o Abel faz sempre. \u00c9 um come\u00e7o de trabalho, ele rodou bastante o elenco e poupou muitos jogadores, principalmente nos cl\u00e1ssicos.\u201d Ao mesmo tempo, ela afirmou que essa estrat\u00e9gia favorecer\u00e1 o desempenho futuro do time.<\/p>\n\n\n\n<figure class=\"wp-block-image size-large\"><img loading=\"lazy\" decoding=\"async\" width=\"1024\" height=\"576\" src=\"http:\/\/www.gaveanews.com\/wp-content\/uploads\/Abel-Ferreira-e-fotografado-passando-instrucoes-durante-um-jogo-do-Palmeiras-1024x576.webp\" alt=\"\" class=\"wp-image-157845\" srcset=\"https:\/\/www.gaveanews.com\/wp-content\/uploads\/Abel-Ferreira-e-fotografado-passando-instrucoes-durante-um-jogo-do-Palmeiras-1024x576.webp 1024w, https:\/\/www.gaveanews.com\/wp-content\/uploads\/Abel-Ferreira-e-fotografado-passando-instrucoes-durante-um-jogo-do-Palmeiras-300x169.webp 300w, https:\/\/www.gaveanews.com\/wp-content\/uploads\/Abel-Ferreira-e-fotografado-passando-instrucoes-durante-um-jogo-do-Palmeiras-768x432.webp 768w, https:\/\/www.gaveanews.com\/wp-content\/uploads\/Abel-Ferreira-e-fotografado-passando-instrucoes-durante-um-jogo-do-Palmeiras-746x420.webp 746w, https:\/\/www.gaveanews.com\/wp-content\/uploads\/Abel-Ferreira-e-fotografado-passando-instrucoes-durante-um-jogo-do-Palmeiras-1493x840.webp 1493w, https:\/\/www.gaveanews.com\/wp-content\/uploads\/Abel-Ferreira-e-fotografado-passando-instrucoes-durante-um-jogo-do-Palmeiras-640x360.webp 640w, https:\/\/www.gaveanews.com\/wp-content\/uploads\/Abel-Ferreira-e-fotografado-passando-instrucoes-durante-um-jogo-do-Palmeiras-1280x720.webp 1280w, https:\/\/www.gaveanews.com\/wp-content\/uploads\/Abel-Ferreira-e-fotografado-passando-instrucoes-durante-um-jogo-do-Palmeiras-681x383.webp 681w, https:\/\/www.gaveanews.com\/wp-content\/uploads\/Abel-Ferreira-e-fotografado-passando-instrucoes-durante-um-jogo-do-Palmeiras-1362x766.webp 1362w, https:\/\/www.gaveanews.com\/wp-content\/uploads\/Abel-Ferreira-e-fotografado-passando-instrucoes-durante-um-jogo-do-Palmeiras-100x56.webp 100w, https:\/\/www.gaveanews.com\/wp-content\/uploads\/Abel-Ferreira-e-fotografado-passando-instrucoes-durante-um-jogo-do-Palmeiras.webp 1500w\" sizes=\"auto, (max-width: 1024px) 100vw, 1024px\" \/><figcaption class=\"wp-element-caption\">Abel Ferreira \u00e9 fotografado passando instru\u00e7\u00f5es durante um jogo do Palmeiras (Foto: Cesar Greco\/Palmeiras)<\/figcaption><\/figure>\n\n\n\n<h2 class=\"wp-block-heading\" id=\"h-expectativa-com-vitor-roque\">Expectativa com Vitor Roque<\/h2>\n\n\n\n<p>Ana Tha\u00eds tamb\u00e9m destacou a estreia de Vitor Roque nas semifinais do Paulist\u00e3o. O jovem atacante pode conquistar seu primeiro trof\u00e9u com a camisa do Palmeiras. Diante da necessidade de um centroavante qualificado, evidente ao longo da temporada, ela projetou o jogador alcan\u00e7ando posi\u00e7\u00f5es de destaque no futebol brasileiro.<\/p>\n\n\n\n<p>\u201cO time precisava dele. \u00c9 uma responsabilidade muito grande porque \u00e9 um time super ajustado. Precisava s\u00f3 desse cara para fazer gol\u201d, declarou a comentarista. Ela tamb\u00e9m comparou o potencial de Vitor Roque com outros nomes da posi\u00e7\u00e3o no Brasil. \u201cJogando no futebol brasileiro, se ele jogar o que jogou quando saiu, ele entra no top-5 de atacantes no Brasil\u201d, apostou.<\/p>\n","protected":false},"excerpt":{"rendered":"<p>A comentarista Ana Tha\u00eds Matos destacou o treinador Abel Ferreira como o principal trunfo do Palmeiras na busca por t\u00edtulos. Apesar do desempenho ideal ainda n\u00e3o tenha se concretizado em campo, ela confia plenamente na capacidade do t\u00e9cnico para formar uma equipe competitiva. Nesse contexto, a decis\u00e3o do clube pode come\u00e7ar a ganhar forma j\u00e1 [&hellip;]<\/p>\n","protected":false},"author":28,"featured_media":55460,"comment_status":"open","ping_status":"closed","sticky":false,"template":"","format":"standard","meta":{"footnotes":""},"categories":[150],"tags":[],"class_list":["post-239936","post","type-post","status-publish","format-standard","has-post-thumbnail","hentry","category-palmeiras"],"yoast_head":"<!-- This site is optimized with the Yoast SEO Premium plugin v24.2 (Yoast SEO v26.9) - https:\/\/yoast.com\/product\/yoast-seo-premium-wordpress\/ -->\n<title>Ana Tha\u00eds \u00e9 sincera e manda recado a Abel Ferreira, do Palmeiras<\/title>\n<meta name=\"robots\" content=\"index, follow, max-snippet:-1, max-image-preview:large, max-video-preview:-1\" \/>\n<link rel=\"canonical\" href=\"https:\/\/www.gaveanews.com\/index.php\/2025\/03\/14\/ana-thais-e-sincera-e-manda-recado-a-abel-ferreira-do-palmeiras\/\" \/>\n<meta property=\"og:locale\" content=\"pt_BR\" \/>\n<meta property=\"og:type\" content=\"article\" \/>\n<meta property=\"og:title\" content=\"Ana Tha\u00eds \u00e9 sincera e manda recado a Abel Ferreira, do Palmeiras\" \/>\n<meta property=\"og:description\" content=\"A comentarista Ana Tha\u00eds Matos destacou o treinador Abel Ferreira como o principal trunfo do Palmeiras na busca por t\u00edtulos. Apesar do desempenho ideal ainda n\u00e3o tenha se concretizado em campo, ela confia plenamente na capacidade do t\u00e9cnico para formar uma equipe competitiva. Nesse contexto, a decis\u00e3o do clube pode come\u00e7ar a ganhar forma j\u00e1 [&hellip;]\" \/>\n<meta property=\"og:url\" content=\"https:\/\/www.gaveanews.com\/index.php\/2025\/03\/14\/ana-thais-e-sincera-e-manda-recado-a-abel-ferreira-do-palmeiras\/\" \/>\n<meta property=\"og:site_name\" content=\"G\u00e1vea News\" \/>\n<meta property=\"article:publisher\" content=\"https:\/\/facebook.com\/gaveaNews\/\" \/>\n<meta property=\"article:published_time\" content=\"2025-03-14T13:15:51+00:00\" \/>\n<meta property=\"og:image\" content=\"https:\/\/www.gaveanews.com\/wp-content\/uploads\/Ana-Thais-Matos-jornalista-do-Sportv.webp\" \/>\n\t<meta property=\"og:image:width\" content=\"1366\" \/>\n\t<meta property=\"og:image:height\" content=\"769\" \/>\n\t<meta property=\"og:image:type\" content=\"image\/jpeg\" \/>\n<meta name=\"author\" content=\"Hudson Pereira\" \/>\n<meta name=\"twitter:card\" content=\"summary_large_image\" \/>\n<meta name=\"twitter:label1\" content=\"Escrito por\" \/>\n\t<meta name=\"twitter:data1\" content=\"Hudson Pereira\" \/>\n\t<meta name=\"twitter:label2\" content=\"Est. tempo de leitura\" \/>\n\t<meta name=\"twitter:data2\" content=\"4 minutos\" \/>\n<script type=\"application\/ld+json\" class=\"yoast-schema-graph\">{\"@context\":\"https:\/\/schema.org\",\"@graph\":[{\"@type\":\"NewsArticle\",\"@id\":\"https:\/\/www.gaveanews.com\/index.php\/2025\/03\/14\/ana-thais-e-sincera-e-manda-recado-a-abel-ferreira-do-palmeiras\/#article\",\"isPartOf\":{\"@id\":\"https:\/\/www.gaveanews.com\/index.php\/2025\/03\/14\/ana-thais-e-sincera-e-manda-recado-a-abel-ferreira-do-palmeiras\/\"},\"author\":{\"name\":\"Hudson Pereira\",\"@id\":\"https:\/\/www.gaveanews.com\/#\/schema\/person\/bd08f00534b403119b92741a6d469ef0\"},\"headline\":\"Ana Tha\u00eds \u00e9 sincera e manda recado a Abel Ferreira, do Palmeiras\",\"datePublished\":\"2025-03-14T13:15:51+00:00\",\"mainEntityOfPage\":{\"@id\":\"https:\/\/www.gaveanews.com\/index.php\/2025\/03\/14\/ana-thais-e-sincera-e-manda-recado-a-abel-ferreira-do-palmeiras\/\"},\"wordCount\":540,\"commentCount\":0,\"image\":{\"@id\":\"https:\/\/www.gaveanews.com\/index.php\/2025\/03\/14\/ana-thais-e-sincera-e-manda-recado-a-abel-ferreira-do-palmeiras\/#primaryimage\"},\"thumbnailUrl\":\"https:\/\/www.gaveanews.com\/wp-content\/uploads\/Ana-Thais-Matos-jornalista-do-Sportv.webp\",\"articleSection\":[\"Palmeiras\"],\"inLanguage\":\"pt-BR\",\"potentialAction\":[{\"@type\":\"CommentAction\",\"name\":\"Comment\",\"target\":[\"https:\/\/www.gaveanews.com\/index.php\/2025\/03\/14\/ana-thais-e-sincera-e-manda-recado-a-abel-ferreira-do-palmeiras\/#respond\"]}],\"copyrightYear\":\"2025\",\"copyrightHolder\":{\"@id\":\"https:\/\/www.gaveanews.com\/#organization\"}},{\"@type\":\"WebPage\",\"@id\":\"https:\/\/www.gaveanews.com\/index.php\/2025\/03\/14\/ana-thais-e-sincera-e-manda-recado-a-abel-ferreira-do-palmeiras\/\",\"url\":\"https:\/\/www.gaveanews.com\/index.php\/2025\/03\/14\/ana-thais-e-sincera-e-manda-recado-a-abel-ferreira-do-palmeiras\/\",\"name\":\"Ana Tha\u00eds \u00e9 sincera e manda recado a Abel Ferreira, do Palmeiras\",\"isPartOf\":{\"@id\":\"https:\/\/www.gaveanews.com\/#website\"},\"primaryImageOfPage\":{\"@id\":\"https:\/\/www.gaveanews.com\/index.php\/2025\/03\/14\/ana-thais-e-sincera-e-manda-recado-a-abel-ferreira-do-palmeiras\/#primaryimage\"},\"image\":{\"@id\":\"https:\/\/www.gaveanews.com\/index.php\/2025\/03\/14\/ana-thais-e-sincera-e-manda-recado-a-abel-ferreira-do-palmeiras\/#primaryimage\"},\"thumbnailUrl\":\"https:\/\/www.gaveanews.com\/wp-content\/uploads\/Ana-Thais-Matos-jornalista-do-Sportv.webp\",\"datePublished\":\"2025-03-14T13:15:51+00:00\",\"author\":{\"@id\":\"https:\/\/www.gaveanews.com\/#\/schema\/person\/bd08f00534b403119b92741a6d469ef0\"},\"breadcrumb\":{\"@id\":\"https:\/\/www.gaveanews.com\/index.php\/2025\/03\/14\/ana-thais-e-sincera-e-manda-recado-a-abel-ferreira-do-palmeiras\/#breadcrumb\"},\"inLanguage\":\"pt-BR\",\"potentialAction\":[{\"@type\":\"ReadAction\",\"target\":[\"https:\/\/www.gaveanews.com\/index.php\/2025\/03\/14\/ana-thais-e-sincera-e-manda-recado-a-abel-ferreira-do-palmeiras\/\"]}]},{\"@type\":\"ImageObject\",\"inLanguage\":\"pt-BR\",\"@id\":\"https:\/\/www.gaveanews.com\/index.php\/2025\/03\/14\/ana-thais-e-sincera-e-manda-recado-a-abel-ferreira-do-palmeiras\/#primaryimage\",\"url\":\"https:\/\/www.gaveanews.com\/wp-content\/uploads\/Ana-Thais-Matos-jornalista-do-Sportv.webp\",\"contentUrl\":\"https:\/\/www.gaveanews.com\/wp-content\/uploads\/Ana-Thais-Matos-jornalista-do-Sportv.webp\",\"width\":1366,\"height\":769,\"caption\":\"Ana Thais Mattos, jornalista do Sportv (Foto: Reprodu\u00e7\u00e3o)\"},{\"@type\":\"BreadcrumbList\",\"@id\":\"https:\/\/www.gaveanews.com\/index.php\/2025\/03\/14\/ana-thais-e-sincera-e-manda-recado-a-abel-ferreira-do-palmeiras\/#breadcrumb\",\"itemListElement\":[{\"@type\":\"ListItem\",\"position\":1,\"name\":\"Home\",\"item\":\"https:\/\/www.gaveanews.com\/\"},{\"@type\":\"ListItem\",\"position\":2,\"name\":\"Ana Tha\u00eds \u00e9 sincera e manda recado a Abel Ferreira, do Palmeiras\"}]},{\"@type\":\"WebSite\",\"@id\":\"https:\/\/www.gaveanews.com\/#website\",\"url\":\"https:\/\/www.gaveanews.com\/\",\"name\":\"G\u00e1vea News\",\"description\":\"Veja todas as not\u00edcias sobre o Flamengo: Contrata\u00e7\u00f5es, categorias de base, resultados das partidas, tabela de classifica\u00e7\u00e3o, pr\u00f3ximos jogos!\",\"potentialAction\":[{\"@type\":\"SearchAction\",\"target\":{\"@type\":\"EntryPoint\",\"urlTemplate\":\"https:\/\/www.gaveanews.com\/?s={search_term_string}\"},\"query-input\":{\"@type\":\"PropertyValueSpecification\",\"valueRequired\":true,\"valueName\":\"search_term_string\"}}],\"inLanguage\":\"pt-BR\"},{\"@type\":\"Person\",\"@id\":\"https:\/\/www.gaveanews.com\/#\/schema\/person\/bd08f00534b403119b92741a6d469ef0\",\"name\":\"Hudson Pereira\",\"image\":{\"@type\":\"ImageObject\",\"inLanguage\":\"pt-BR\",\"@id\":\"https:\/\/www.gaveanews.com\/#\/schema\/person\/image\/\",\"url\":\"https:\/\/secure.gravatar.com\/avatar\/ecc491b489e454e510efffc9b23c1052ce5fb4f2e05555768ba65819cd55f03e?s=96&d=mm&r=g\",\"contentUrl\":\"https:\/\/secure.gravatar.com\/avatar\/ecc491b489e454e510efffc9b23c1052ce5fb4f2e05555768ba65819cd55f03e?s=96&d=mm&r=g\",\"caption\":\"Hudson Pereira\"}}]}<\/script>\n<!-- \/ Yoast SEO Premium plugin. -->","yoast_head_json":{"title":"Ana Tha\u00eds \u00e9 sincera e manda recado a Abel Ferreira, do Palmeiras","robots":{"index":"index","follow":"follow","max-snippet":"max-snippet:-1","max-image-preview":"max-image-preview:large","max-video-preview":"max-video-preview:-1"},"canonical":"https:\/\/www.gaveanews.com\/index.php\/2025\/03\/14\/ana-thais-e-sincera-e-manda-recado-a-abel-ferreira-do-palmeiras\/","og_locale":"pt_BR","og_type":"article","og_title":"Ana Tha\u00eds \u00e9 sincera e manda recado a Abel Ferreira, do Palmeiras","og_description":"A comentarista Ana Tha\u00eds Matos destacou o treinador Abel Ferreira como o principal trunfo do Palmeiras na busca por t\u00edtulos. Apesar do desempenho ideal ainda n\u00e3o tenha se concretizado em campo, ela confia plenamente na capacidade do t\u00e9cnico para formar uma equipe competitiva. Nesse contexto, a decis\u00e3o do clube pode come\u00e7ar a ganhar forma j\u00e1 [&hellip;]","og_url":"https:\/\/www.gaveanews.com\/index.php\/2025\/03\/14\/ana-thais-e-sincera-e-manda-recado-a-abel-ferreira-do-palmeiras\/","og_site_name":"G\u00e1vea News","article_publisher":"https:\/\/facebook.com\/gaveaNews\/","article_published_time":"2025-03-14T13:15:51+00:00","og_image":[{"width":1366,"height":769,"url":"https:\/\/www.gaveanews.com\/wp-content\/uploads\/Ana-Thais-Matos-jornalista-do-Sportv.webp","type":"image\/jpeg"}],"author":"Hudson Pereira","twitter_card":"summary_large_image","twitter_misc":{"Escrito por":"Hudson Pereira","Est. tempo de leitura":"4 minutos"},"schema":{"@context":"https:\/\/schema.org","@graph":[{"@type":"NewsArticle","@id":"https:\/\/www.gaveanews.com\/index.php\/2025\/03\/14\/ana-thais-e-sincera-e-manda-recado-a-abel-ferreira-do-palmeiras\/#article","isPartOf":{"@id":"https:\/\/www.gaveanews.com\/index.php\/2025\/03\/14\/ana-thais-e-sincera-e-manda-recado-a-abel-ferreira-do-palmeiras\/"},"author":{"name":"Hudson Pereira","@id":"https:\/\/www.gaveanews.com\/#\/schema\/person\/bd08f00534b403119b92741a6d469ef0"},"headline":"Ana Tha\u00eds \u00e9 sincera e manda recado a Abel Ferreira, do Palmeiras","datePublished":"2025-03-14T13:15:51+00:00","mainEntityOfPage":{"@id":"https:\/\/www.gaveanews.com\/index.php\/2025\/03\/14\/ana-thais-e-sincera-e-manda-recado-a-abel-ferreira-do-palmeiras\/"},"wordCount":540,"commentCount":0,"image":{"@id":"https:\/\/www.gaveanews.com\/index.php\/2025\/03\/14\/ana-thais-e-sincera-e-manda-recado-a-abel-ferreira-do-palmeiras\/#primaryimage"},"thumbnailUrl":"https:\/\/www.gaveanews.com\/wp-content\/uploads\/Ana-Thais-Matos-jornalista-do-Sportv.webp","articleSection":["Palmeiras"],"inLanguage":"pt-BR","potentialAction":[{"@type":"CommentAction","name":"Comment","target":["https:\/\/www.gaveanews.com\/index.php\/2025\/03\/14\/ana-thais-e-sincera-e-manda-recado-a-abel-ferreira-do-palmeiras\/#respond"]}],"copyrightYear":"2025","copyrightHolder":{"@id":"https:\/\/www.gaveanews.com\/#organization"}},{"@type":"WebPage","@id":"https:\/\/www.gaveanews.com\/index.php\/2025\/03\/14\/ana-thais-e-sincera-e-manda-recado-a-abel-ferreira-do-palmeiras\/","url":"https:\/\/www.gaveanews.com\/index.php\/2025\/03\/14\/ana-thais-e-sincera-e-manda-recado-a-abel-ferreira-do-palmeiras\/","name":"Ana Tha\u00eds \u00e9 sincera e manda recado a Abel Ferreira, do Palmeiras","isPartOf":{"@id":"https:\/\/www.gaveanews.com\/#website"},"primaryImageOfPage":{"@id":"https:\/\/www.gaveanews.com\/index.php\/2025\/03\/14\/ana-thais-e-sincera-e-manda-recado-a-abel-ferreira-do-palmeiras\/#primaryimage"},"image":{"@id":"https:\/\/www.gaveanews.com\/index.php\/2025\/03\/14\/ana-thais-e-sincera-e-manda-recado-a-abel-ferreira-do-palmeiras\/#primaryimage"},"thumbnailUrl":"https:\/\/www.gaveanews.com\/wp-content\/uploads\/Ana-Thais-Matos-jornalista-do-Sportv.webp","datePublished":"2025-03-14T13:15:51+00:00","author":{"@id":"https:\/\/www.gaveanews.com\/#\/schema\/person\/bd08f00534b403119b92741a6d469ef0"},"breadcrumb":{"@id":"https:\/\/www.gaveanews.com\/index.php\/2025\/03\/14\/ana-thais-e-sincera-e-manda-recado-a-abel-ferreira-do-palmeiras\/#breadcrumb"},"inLanguage":"pt-BR","potentialAction":[{"@type":"ReadAction","target":["https:\/\/www.gaveanews.com\/index.php\/2025\/03\/14\/ana-thais-e-sincera-e-manda-recado-a-abel-ferreira-do-palmeiras\/"]}]},{"@type":"ImageObject","inLanguage":"pt-BR","@id":"https:\/\/www.gaveanews.com\/index.php\/2025\/03\/14\/ana-thais-e-sincera-e-manda-recado-a-abel-ferreira-do-palmeiras\/#primaryimage","url":"https:\/\/www.gaveanews.com\/wp-content\/uploads\/Ana-Thais-Matos-jornalista-do-Sportv.webp","contentUrl":"https:\/\/www.gaveanews.com\/wp-content\/uploads\/Ana-Thais-Matos-jornalista-do-Sportv.webp","width":1366,"height":769,"caption":"Ana Thais Mattos, jornalista do Sportv (Foto: Reprodu\u00e7\u00e3o)"},{"@type":"BreadcrumbList","@id":"https:\/\/www.gaveanews.com\/index.php\/2025\/03\/14\/ana-thais-e-sincera-e-manda-recado-a-abel-ferreira-do-palmeiras\/#breadcrumb","itemListElement":[{"@type":"ListItem","position":1,"name":"Home","item":"https:\/\/www.gaveanews.com\/"},{"@type":"ListItem","position":2,"name":"Ana Tha\u00eds \u00e9 sincera e manda recado a Abel Ferreira, do Palmeiras"}]},{"@type":"WebSite","@id":"https:\/\/www.gaveanews.com\/#website","url":"https:\/\/www.gaveanews.com\/","name":"G\u00e1vea News","description":"Veja todas as not\u00edcias sobre o Flamengo: Contrata\u00e7\u00f5es, categorias de base, resultados das partidas, tabela de classifica\u00e7\u00e3o, pr\u00f3ximos jogos!","potentialAction":[{"@type":"SearchAction","target":{"@type":"EntryPoint","urlTemplate":"https:\/\/www.gaveanews.com\/?s={search_term_string}"},"query-input":{"@type":"PropertyValueSpecification","valueRequired":true,"valueName":"search_term_string"}}],"inLanguage":"pt-BR"},{"@type":"Person","@id":"https:\/\/www.gaveanews.com\/#\/schema\/person\/bd08f00534b403119b92741a6d469ef0","name":"Hudson Pereira","image":{"@type":"ImageObject","inLanguage":"pt-BR","@id":"https:\/\/www.gaveanews.com\/#\/schema\/person\/image\/","url":"https:\/\/secure.gravatar.com\/avatar\/ecc491b489e454e510efffc9b23c1052ce5fb4f2e05555768ba65819cd55f03e?s=96&d=mm&r=g","contentUrl":"https:\/\/secure.gravatar.com\/avatar\/ecc491b489e454e510efffc9b23c1052ce5fb4f2e05555768ba65819cd55f03e?s=96&d=mm&r=g","caption":"Hudson Pereira"}}]}},"_links":{"self":[{"href":"https:\/\/www.gaveanews.com\/index.php\/wp-json\/wp\/v2\/posts\/239936","targetHints":{"allow":["GET"]}}],"collection":[{"href":"https:\/\/www.gaveanews.com\/index.php\/wp-json\/wp\/v2\/posts"}],"about":[{"href":"https:\/\/www.gaveanews.com\/index.php\/wp-json\/wp\/v2\/types\/post"}],"author":[{"embeddable":true,"href":"https:\/\/www.gaveanews.com\/index.php\/wp-json\/wp\/v2\/users\/28"}],"replies":[{"embeddable":true,"href":"https:\/\/www.gaveanews.com\/index.php\/wp-json\/wp\/v2\/comments?post=239936"}],"version-history":[{"count":1,"href":"https:\/\/www.gaveanews.com\/index.php\/wp-json\/wp\/v2\/posts\/239936\/revisions"}],"predecessor-version":[{"id":239937,"href":"https:\/\/www.gaveanews.com\/index.php\/wp-json\/wp\/v2\/posts\/239936\/revisions\/239937"}],"wp:featuredmedia":[{"embeddable":true,"href":"https:\/\/www.gaveanews.com\/index.php\/wp-json\/wp\/v2\/media\/55460"}],"wp:attachment":[{"href":"https:\/\/www.gaveanews.com\/index.php\/wp-json\/wp\/v2\/media?parent=239936"}],"wp:term":[{"taxonomy":"category","embeddable":true,"href":"https:\/\/www.gaveanews.com\/index.php\/wp-json\/wp\/v2\/categories?post=239936"},{"taxonomy":"post_tag","embeddable":true,"href":"https:\/\/www.gaveanews.com\/index.php\/wp-json\/wp\/v2\/tags?post=239936"}],"curies":[{"name":"wp","href":"https:\/\/api.w.org\/{rel}","templated":true}]}}