{"id":239947,"date":"2025-03-14T23:35:00","date_gmt":"2025-03-15T02:35:00","guid":{"rendered":"https:\/\/www.gaveanews.com\/?p=239947"},"modified":"2025-03-14T21:29:41","modified_gmt":"2025-03-15T00:29:41","slug":"zagueiro-da-premier-league-trata-lesao-no-sao-paulo","status":"publish","type":"post","link":"https:\/\/www.gaveanews.com\/index.php\/2025\/03\/14\/zagueiro-da-premier-league-trata-lesao-no-sao-paulo\/","title":{"rendered":"Zagueiro da Premier League trata les\u00e3o no S\u00e3o Paulo"},"content":{"rendered":"\n<p>O defensor brasileiro Igor Julio, jogador do Brighton, da Inglaterra, buscou o Reffis Plus, localizado no CT da Barra Funda, para tratar uma les\u00e3o. Ele utilizou as instala\u00e7\u00f5es nas \u00faltimas semanas com o objetivo de acelerar a recupera\u00e7\u00e3o e retomar sua forma f\u00edsica.<\/p>\n\n\n\n<p>No dia 4 de janeiro, durante um confronto contra o Arsenal pelo Campeonato Ingl\u00eas, Igor sofreu uma ruptura no tend\u00e3o do m\u00fasculo posterior da coxa esquerda. Ap\u00f3s passar por cirurgia, ele decidiu buscar tratamento especializado fora do pa\u00eds. Nesse sentido, o S\u00e3o Paulo tornou-se a escolha ideal para a fase inicial da recupera\u00e7\u00e3o.<\/p>\n\n\n\n<p>Com atividades focadas em fisioterapia, o atleta desempenhou exerc\u00edcios espec\u00edficos sob supervis\u00e3o dos profissionais do clube. Paralelamente, ele preparava-se para retornar ao Brighton e iniciar a transi\u00e7\u00e3o f\u00edsica. Durante entrevista oficial, Igor declarou: &#8220;Esta \u00e9 a les\u00e3o mais grave que sofri na minha carreira&#8221;. Al\u00e9m disso, ele destacou a import\u00e2ncia das instala\u00e7\u00f5es s\u00e3o-paulinas.<\/p>\n\n\n\n<blockquote class=\"twitter-tweet\"><p lang=\"pt\" dir=\"ltr\">O REFFIS Plus recebeu nas \u00faltimas semanas o zagueiro Igor Julio, de 27 anos, que atualmente defende o Brighton, da Inglaterra.<br><br>O jogador, que sofreu uma ruptura no tend\u00e3o do m\u00fasculo posterior da coxa esquerda durante o duelo com o Arsenal no dia 4 de janeiro deste ano, pela\u2026 <a href=\"https:\/\/t.co\/wD4p7qDEbT\">pic.twitter.com\/wD4p7qDEbT<\/a><\/p>&mdash; S\u00e3o Paulo FC (@SaoPauloFC) <a href=\"https:\/\/twitter.com\/SaoPauloFC\/status\/1900294144980889928?ref_src=twsrc%5Etfw\">March 13, 2025<\/a><\/blockquote> <script async src=\"https:\/\/platform.twitter.com\/widgets.js\" charset=\"utf-8\"><\/script>\n\n\n\n<h2 class=\"wp-block-heading\" id=\"h-reconhecimento-e-gratidao\">Reconhecimento e gratid\u00e3o<\/h2>\n\n\n\n<p>Igor Julio expressou sua satisfa\u00e7\u00e3o em optar pelo S\u00e3o Paulo para realizar a recupera\u00e7\u00e3o. Ele mencionou: &#8220;Tinha a oportunidade de realizar a recupera\u00e7\u00e3o na Inglaterra ou em outros clubes do Brasil, mas optei pelo S\u00e3o Paulo&#8221;. O zagueiro ressaltou ainda a qualidade dos profissionais do Reffis Plus e o reconhecimento internacional do clube.<\/p>\n\n\n\n<p>Felipe Marques, coordenador de sa\u00fade e performance do S\u00e3o Paulo, comentou sobre o papel do clube nesses casos. Ele afirmou que essa pr\u00e1tica refor\u00e7a uma cultura hist\u00f3rica do Tricolor: \u201cO S\u00e3o Paulo est\u00e1 recuperando uma identidade que sempre foi do clube, que \u00e9 esta cultura de modernidade e pioneirismo do Reffis Plus\u201d.<\/p>\n\n\n\n<p>Vale lembrar que, antes de Igor, Antony, Brenner e Bernardo tamb\u00e9m buscaram as instala\u00e7\u00f5es do S\u00e3o Paulo para tratamentos semelhantes. <\/p>\n\n\n\n<p>Por fim, Igor Julio reiterou seu agradecimento ao S\u00e3o Paulo. Ele concluiu: &#8220;Fui bem recebido por todos. Me senti confiante e seguro na recupera\u00e7\u00e3o desde o primeiro dia aqui, e voltarei para a Inglaterra com este sentimento de gratid\u00e3o&#8221;.<\/p>\n\n\n\n<p>Ap\u00f3s concluir as atividades no Reffis Plus, o zagueiro retorna \u00e0 Inglaterra no pr\u00f3ximo fim de semana. Assim, a expectativa \u00e9 voltar aos gramados no dia 29, quando o Brighton enfrentar\u00e1 o Nottingham Forest pelas quartas de final da Copa da Inglaterra.<\/p>\n","protected":false},"excerpt":{"rendered":"<p>O defensor brasileiro Igor Julio, jogador do Brighton, da Inglaterra, buscou o Reffis Plus, localizado no CT da Barra Funda, para tratar uma les\u00e3o. Ele utilizou as instala\u00e7\u00f5es nas \u00faltimas semanas com o objetivo de acelerar a recupera\u00e7\u00e3o e retomar sua forma f\u00edsica. No dia 4 de janeiro, durante um confronto contra o Arsenal pelo [&hellip;]<\/p>\n","protected":false},"author":28,"featured_media":154451,"comment_status":"open","ping_status":"closed","sticky":false,"template":"","format":"standard","meta":{"footnotes":""},"categories":[151],"tags":[],"class_list":["post-239947","post","type-post","status-publish","format-standard","has-post-thumbnail","hentry","category-sao-paulo"],"yoast_head":"<!-- This site is optimized with the Yoast SEO Premium plugin v24.2 (Yoast SEO v26.9) - https:\/\/yoast.com\/product\/yoast-seo-premium-wordpress\/ -->\n<title>Zagueiro da Premier League trata les\u00e3o no S\u00e3o Paulo<\/title>\n<meta name=\"robots\" content=\"index, follow, max-snippet:-1, max-image-preview:large, max-video-preview:-1\" \/>\n<link rel=\"canonical\" href=\"https:\/\/www.gaveanews.com\/index.php\/2025\/03\/14\/zagueiro-da-premier-league-trata-lesao-no-sao-paulo\/\" \/>\n<meta property=\"og:locale\" content=\"pt_BR\" \/>\n<meta property=\"og:type\" content=\"article\" \/>\n<meta property=\"og:title\" content=\"Zagueiro da Premier League trata les\u00e3o no S\u00e3o Paulo\" \/>\n<meta property=\"og:description\" content=\"O defensor brasileiro Igor Julio, jogador do Brighton, da Inglaterra, buscou o Reffis Plus, localizado no CT da Barra Funda, para tratar uma les\u00e3o. Ele utilizou as instala\u00e7\u00f5es nas \u00faltimas semanas com o objetivo de acelerar a recupera\u00e7\u00e3o e retomar sua forma f\u00edsica. No dia 4 de janeiro, durante um confronto contra o Arsenal pelo [&hellip;]\" \/>\n<meta property=\"og:url\" content=\"https:\/\/www.gaveanews.com\/index.php\/2025\/03\/14\/zagueiro-da-premier-league-trata-lesao-no-sao-paulo\/\" \/>\n<meta property=\"og:site_name\" content=\"G\u00e1vea News\" \/>\n<meta property=\"article:publisher\" content=\"https:\/\/facebook.com\/gaveaNews\/\" \/>\n<meta property=\"article:published_time\" content=\"2025-03-15T02:35:00+00:00\" \/>\n<meta property=\"og:image\" content=\"https:\/\/www.gaveanews.com\/wp-content\/uploads\/Escudo-do-Sao-Paulo.webp\" \/>\n\t<meta property=\"og:image:width\" content=\"977\" \/>\n\t<meta property=\"og:image:height\" content=\"651\" \/>\n\t<meta property=\"og:image:type\" content=\"image\/webp\" \/>\n<meta name=\"author\" content=\"Hudson Pereira\" \/>\n<meta name=\"twitter:card\" content=\"summary_large_image\" \/>\n<meta name=\"twitter:label1\" content=\"Escrito por\" \/>\n\t<meta name=\"twitter:data1\" content=\"Hudson Pereira\" \/>\n\t<meta name=\"twitter:label2\" content=\"Est. tempo de leitura\" \/>\n\t<meta name=\"twitter:data2\" content=\"3 minutos\" \/>\n<script type=\"application\/ld+json\" class=\"yoast-schema-graph\">{\"@context\":\"https:\/\/schema.org\",\"@graph\":[{\"@type\":\"NewsArticle\",\"@id\":\"https:\/\/www.gaveanews.com\/index.php\/2025\/03\/14\/zagueiro-da-premier-league-trata-lesao-no-sao-paulo\/#article\",\"isPartOf\":{\"@id\":\"https:\/\/www.gaveanews.com\/index.php\/2025\/03\/14\/zagueiro-da-premier-league-trata-lesao-no-sao-paulo\/\"},\"author\":{\"name\":\"Hudson Pereira\",\"@id\":\"https:\/\/www.gaveanews.com\/#\/schema\/person\/bd08f00534b403119b92741a6d469ef0\"},\"headline\":\"Zagueiro da Premier League trata les\u00e3o no S\u00e3o Paulo\",\"datePublished\":\"2025-03-15T02:35:00+00:00\",\"mainEntityOfPage\":{\"@id\":\"https:\/\/www.gaveanews.com\/index.php\/2025\/03\/14\/zagueiro-da-premier-league-trata-lesao-no-sao-paulo\/\"},\"wordCount\":466,\"commentCount\":0,\"image\":{\"@id\":\"https:\/\/www.gaveanews.com\/index.php\/2025\/03\/14\/zagueiro-da-premier-league-trata-lesao-no-sao-paulo\/#primaryimage\"},\"thumbnailUrl\":\"https:\/\/www.gaveanews.com\/wp-content\/uploads\/Escudo-do-Sao-Paulo.webp\",\"articleSection\":[\"S\u00e3o Paulo\"],\"inLanguage\":\"pt-BR\",\"potentialAction\":[{\"@type\":\"CommentAction\",\"name\":\"Comment\",\"target\":[\"https:\/\/www.gaveanews.com\/index.php\/2025\/03\/14\/zagueiro-da-premier-league-trata-lesao-no-sao-paulo\/#respond\"]}],\"copyrightYear\":\"2025\",\"copyrightHolder\":{\"@id\":\"https:\/\/www.gaveanews.com\/#organization\"}},{\"@type\":\"WebPage\",\"@id\":\"https:\/\/www.gaveanews.com\/index.php\/2025\/03\/14\/zagueiro-da-premier-league-trata-lesao-no-sao-paulo\/\",\"url\":\"https:\/\/www.gaveanews.com\/index.php\/2025\/03\/14\/zagueiro-da-premier-league-trata-lesao-no-sao-paulo\/\",\"name\":\"Zagueiro da Premier League trata les\u00e3o no S\u00e3o Paulo\",\"isPartOf\":{\"@id\":\"https:\/\/www.gaveanews.com\/#website\"},\"primaryImageOfPage\":{\"@id\":\"https:\/\/www.gaveanews.com\/index.php\/2025\/03\/14\/zagueiro-da-premier-league-trata-lesao-no-sao-paulo\/#primaryimage\"},\"image\":{\"@id\":\"https:\/\/www.gaveanews.com\/index.php\/2025\/03\/14\/zagueiro-da-premier-league-trata-lesao-no-sao-paulo\/#primaryimage\"},\"thumbnailUrl\":\"https:\/\/www.gaveanews.com\/wp-content\/uploads\/Escudo-do-Sao-Paulo.webp\",\"datePublished\":\"2025-03-15T02:35:00+00:00\",\"author\":{\"@id\":\"https:\/\/www.gaveanews.com\/#\/schema\/person\/bd08f00534b403119b92741a6d469ef0\"},\"breadcrumb\":{\"@id\":\"https:\/\/www.gaveanews.com\/index.php\/2025\/03\/14\/zagueiro-da-premier-league-trata-lesao-no-sao-paulo\/#breadcrumb\"},\"inLanguage\":\"pt-BR\",\"potentialAction\":[{\"@type\":\"ReadAction\",\"target\":[\"https:\/\/www.gaveanews.com\/index.php\/2025\/03\/14\/zagueiro-da-premier-league-trata-lesao-no-sao-paulo\/\"]}]},{\"@type\":\"ImageObject\",\"inLanguage\":\"pt-BR\",\"@id\":\"https:\/\/www.gaveanews.com\/index.php\/2025\/03\/14\/zagueiro-da-premier-league-trata-lesao-no-sao-paulo\/#primaryimage\",\"url\":\"https:\/\/www.gaveanews.com\/wp-content\/uploads\/Escudo-do-Sao-Paulo.webp\",\"contentUrl\":\"https:\/\/www.gaveanews.com\/wp-content\/uploads\/Escudo-do-Sao-Paulo.webp\",\"width\":977,\"height\":651,\"caption\":\"Escudo do S\u00e3o Paulo (Foto: Reprodu\u00e7\u00e3o\/S\u00e3o Paulo)\"},{\"@type\":\"BreadcrumbList\",\"@id\":\"https:\/\/www.gaveanews.com\/index.php\/2025\/03\/14\/zagueiro-da-premier-league-trata-lesao-no-sao-paulo\/#breadcrumb\",\"itemListElement\":[{\"@type\":\"ListItem\",\"position\":1,\"name\":\"Home\",\"item\":\"https:\/\/www.gaveanews.com\/\"},{\"@type\":\"ListItem\",\"position\":2,\"name\":\"Zagueiro da Premier League trata les\u00e3o no S\u00e3o Paulo\"}]},{\"@type\":\"WebSite\",\"@id\":\"https:\/\/www.gaveanews.com\/#website\",\"url\":\"https:\/\/www.gaveanews.com\/\",\"name\":\"G\u00e1vea News\",\"description\":\"Veja todas as not\u00edcias sobre o Flamengo: Contrata\u00e7\u00f5es, categorias de base, resultados das partidas, tabela de classifica\u00e7\u00e3o, pr\u00f3ximos jogos!\",\"potentialAction\":[{\"@type\":\"SearchAction\",\"target\":{\"@type\":\"EntryPoint\",\"urlTemplate\":\"https:\/\/www.gaveanews.com\/?s={search_term_string}\"},\"query-input\":{\"@type\":\"PropertyValueSpecification\",\"valueRequired\":true,\"valueName\":\"search_term_string\"}}],\"inLanguage\":\"pt-BR\"},{\"@type\":\"Person\",\"@id\":\"https:\/\/www.gaveanews.com\/#\/schema\/person\/bd08f00534b403119b92741a6d469ef0\",\"name\":\"Hudson Pereira\",\"image\":{\"@type\":\"ImageObject\",\"inLanguage\":\"pt-BR\",\"@id\":\"https:\/\/www.gaveanews.com\/#\/schema\/person\/image\/\",\"url\":\"https:\/\/secure.gravatar.com\/avatar\/ecc491b489e454e510efffc9b23c1052ce5fb4f2e05555768ba65819cd55f03e?s=96&d=mm&r=g\",\"contentUrl\":\"https:\/\/secure.gravatar.com\/avatar\/ecc491b489e454e510efffc9b23c1052ce5fb4f2e05555768ba65819cd55f03e?s=96&d=mm&r=g\",\"caption\":\"Hudson Pereira\"}}]}<\/script>\n<!-- \/ Yoast SEO Premium plugin. -->","yoast_head_json":{"title":"Zagueiro da Premier League trata les\u00e3o no S\u00e3o Paulo","robots":{"index":"index","follow":"follow","max-snippet":"max-snippet:-1","max-image-preview":"max-image-preview:large","max-video-preview":"max-video-preview:-1"},"canonical":"https:\/\/www.gaveanews.com\/index.php\/2025\/03\/14\/zagueiro-da-premier-league-trata-lesao-no-sao-paulo\/","og_locale":"pt_BR","og_type":"article","og_title":"Zagueiro da Premier League trata les\u00e3o no S\u00e3o Paulo","og_description":"O defensor brasileiro Igor Julio, jogador do Brighton, da Inglaterra, buscou o Reffis Plus, localizado no CT da Barra Funda, para tratar uma les\u00e3o. Ele utilizou as instala\u00e7\u00f5es nas \u00faltimas semanas com o objetivo de acelerar a recupera\u00e7\u00e3o e retomar sua forma f\u00edsica. No dia 4 de janeiro, durante um confronto contra o Arsenal pelo [&hellip;]","og_url":"https:\/\/www.gaveanews.com\/index.php\/2025\/03\/14\/zagueiro-da-premier-league-trata-lesao-no-sao-paulo\/","og_site_name":"G\u00e1vea News","article_publisher":"https:\/\/facebook.com\/gaveaNews\/","article_published_time":"2025-03-15T02:35:00+00:00","og_image":[{"width":977,"height":651,"url":"https:\/\/www.gaveanews.com\/wp-content\/uploads\/Escudo-do-Sao-Paulo.webp","type":"image\/webp"}],"author":"Hudson Pereira","twitter_card":"summary_large_image","twitter_misc":{"Escrito por":"Hudson Pereira","Est. tempo de leitura":"3 minutos"},"schema":{"@context":"https:\/\/schema.org","@graph":[{"@type":"NewsArticle","@id":"https:\/\/www.gaveanews.com\/index.php\/2025\/03\/14\/zagueiro-da-premier-league-trata-lesao-no-sao-paulo\/#article","isPartOf":{"@id":"https:\/\/www.gaveanews.com\/index.php\/2025\/03\/14\/zagueiro-da-premier-league-trata-lesao-no-sao-paulo\/"},"author":{"name":"Hudson Pereira","@id":"https:\/\/www.gaveanews.com\/#\/schema\/person\/bd08f00534b403119b92741a6d469ef0"},"headline":"Zagueiro da Premier League trata les\u00e3o no S\u00e3o Paulo","datePublished":"2025-03-15T02:35:00+00:00","mainEntityOfPage":{"@id":"https:\/\/www.gaveanews.com\/index.php\/2025\/03\/14\/zagueiro-da-premier-league-trata-lesao-no-sao-paulo\/"},"wordCount":466,"commentCount":0,"image":{"@id":"https:\/\/www.gaveanews.com\/index.php\/2025\/03\/14\/zagueiro-da-premier-league-trata-lesao-no-sao-paulo\/#primaryimage"},"thumbnailUrl":"https:\/\/www.gaveanews.com\/wp-content\/uploads\/Escudo-do-Sao-Paulo.webp","articleSection":["S\u00e3o Paulo"],"inLanguage":"pt-BR","potentialAction":[{"@type":"CommentAction","name":"Comment","target":["https:\/\/www.gaveanews.com\/index.php\/2025\/03\/14\/zagueiro-da-premier-league-trata-lesao-no-sao-paulo\/#respond"]}],"copyrightYear":"2025","copyrightHolder":{"@id":"https:\/\/www.gaveanews.com\/#organization"}},{"@type":"WebPage","@id":"https:\/\/www.gaveanews.com\/index.php\/2025\/03\/14\/zagueiro-da-premier-league-trata-lesao-no-sao-paulo\/","url":"https:\/\/www.gaveanews.com\/index.php\/2025\/03\/14\/zagueiro-da-premier-league-trata-lesao-no-sao-paulo\/","name":"Zagueiro da Premier League trata les\u00e3o no S\u00e3o Paulo","isPartOf":{"@id":"https:\/\/www.gaveanews.com\/#website"},"primaryImageOfPage":{"@id":"https:\/\/www.gaveanews.com\/index.php\/2025\/03\/14\/zagueiro-da-premier-league-trata-lesao-no-sao-paulo\/#primaryimage"},"image":{"@id":"https:\/\/www.gaveanews.com\/index.php\/2025\/03\/14\/zagueiro-da-premier-league-trata-lesao-no-sao-paulo\/#primaryimage"},"thumbnailUrl":"https:\/\/www.gaveanews.com\/wp-content\/uploads\/Escudo-do-Sao-Paulo.webp","datePublished":"2025-03-15T02:35:00+00:00","author":{"@id":"https:\/\/www.gaveanews.com\/#\/schema\/person\/bd08f00534b403119b92741a6d469ef0"},"breadcrumb":{"@id":"https:\/\/www.gaveanews.com\/index.php\/2025\/03\/14\/zagueiro-da-premier-league-trata-lesao-no-sao-paulo\/#breadcrumb"},"inLanguage":"pt-BR","potentialAction":[{"@type":"ReadAction","target":["https:\/\/www.gaveanews.com\/index.php\/2025\/03\/14\/zagueiro-da-premier-league-trata-lesao-no-sao-paulo\/"]}]},{"@type":"ImageObject","inLanguage":"pt-BR","@id":"https:\/\/www.gaveanews.com\/index.php\/2025\/03\/14\/zagueiro-da-premier-league-trata-lesao-no-sao-paulo\/#primaryimage","url":"https:\/\/www.gaveanews.com\/wp-content\/uploads\/Escudo-do-Sao-Paulo.webp","contentUrl":"https:\/\/www.gaveanews.com\/wp-content\/uploads\/Escudo-do-Sao-Paulo.webp","width":977,"height":651,"caption":"Escudo do S\u00e3o Paulo (Foto: Reprodu\u00e7\u00e3o\/S\u00e3o Paulo)"},{"@type":"BreadcrumbList","@id":"https:\/\/www.gaveanews.com\/index.php\/2025\/03\/14\/zagueiro-da-premier-league-trata-lesao-no-sao-paulo\/#breadcrumb","itemListElement":[{"@type":"ListItem","position":1,"name":"Home","item":"https:\/\/www.gaveanews.com\/"},{"@type":"ListItem","position":2,"name":"Zagueiro da Premier League trata les\u00e3o no S\u00e3o Paulo"}]},{"@type":"WebSite","@id":"https:\/\/www.gaveanews.com\/#website","url":"https:\/\/www.gaveanews.com\/","name":"G\u00e1vea News","description":"Veja todas as not\u00edcias sobre o Flamengo: Contrata\u00e7\u00f5es, categorias de base, resultados das partidas, tabela de classifica\u00e7\u00e3o, pr\u00f3ximos jogos!","potentialAction":[{"@type":"SearchAction","target":{"@type":"EntryPoint","urlTemplate":"https:\/\/www.gaveanews.com\/?s={search_term_string}"},"query-input":{"@type":"PropertyValueSpecification","valueRequired":true,"valueName":"search_term_string"}}],"inLanguage":"pt-BR"},{"@type":"Person","@id":"https:\/\/www.gaveanews.com\/#\/schema\/person\/bd08f00534b403119b92741a6d469ef0","name":"Hudson Pereira","image":{"@type":"ImageObject","inLanguage":"pt-BR","@id":"https:\/\/www.gaveanews.com\/#\/schema\/person\/image\/","url":"https:\/\/secure.gravatar.com\/avatar\/ecc491b489e454e510efffc9b23c1052ce5fb4f2e05555768ba65819cd55f03e?s=96&d=mm&r=g","contentUrl":"https:\/\/secure.gravatar.com\/avatar\/ecc491b489e454e510efffc9b23c1052ce5fb4f2e05555768ba65819cd55f03e?s=96&d=mm&r=g","caption":"Hudson Pereira"}}]}},"_links":{"self":[{"href":"https:\/\/www.gaveanews.com\/index.php\/wp-json\/wp\/v2\/posts\/239947","targetHints":{"allow":["GET"]}}],"collection":[{"href":"https:\/\/www.gaveanews.com\/index.php\/wp-json\/wp\/v2\/posts"}],"about":[{"href":"https:\/\/www.gaveanews.com\/index.php\/wp-json\/wp\/v2\/types\/post"}],"author":[{"embeddable":true,"href":"https:\/\/www.gaveanews.com\/index.php\/wp-json\/wp\/v2\/users\/28"}],"replies":[{"embeddable":true,"href":"https:\/\/www.gaveanews.com\/index.php\/wp-json\/wp\/v2\/comments?post=239947"}],"version-history":[{"count":2,"href":"https:\/\/www.gaveanews.com\/index.php\/wp-json\/wp\/v2\/posts\/239947\/revisions"}],"predecessor-version":[{"id":239950,"href":"https:\/\/www.gaveanews.com\/index.php\/wp-json\/wp\/v2\/posts\/239947\/revisions\/239950"}],"wp:featuredmedia":[{"embeddable":true,"href":"https:\/\/www.gaveanews.com\/index.php\/wp-json\/wp\/v2\/media\/154451"}],"wp:attachment":[{"href":"https:\/\/www.gaveanews.com\/index.php\/wp-json\/wp\/v2\/media?parent=239947"}],"wp:term":[{"taxonomy":"category","embeddable":true,"href":"https:\/\/www.gaveanews.com\/index.php\/wp-json\/wp\/v2\/categories?post=239947"},{"taxonomy":"post_tag","embeddable":true,"href":"https:\/\/www.gaveanews.com\/index.php\/wp-json\/wp\/v2\/tags?post=239947"}],"curies":[{"name":"wp","href":"https:\/\/api.w.org\/{rel}","templated":true}]}}