{"id":239956,"date":"2025-03-14T08:05:00","date_gmt":"2025-03-14T11:05:00","guid":{"rendered":"https:\/\/www.gaveanews.com\/?p=239956"},"modified":"2025-03-14T07:57:17","modified_gmt":"2025-03-14T10:57:17","slug":"hugo-souza-do-corinthians-responde-abel-ferreira-do-palmeiras","status":"publish","type":"post","link":"https:\/\/www.gaveanews.com\/index.php\/2025\/03\/14\/hugo-souza-do-corinthians-responde-abel-ferreira-do-palmeiras\/","title":{"rendered":"Hugo Souza, do Corinthians, responde Abel Ferreira, do Palmeiras"},"content":{"rendered":"\n<p>A final do Campeonato Paulista promete ser intensa dentro e fora de campo. No domingo (16), Palmeiras e Corinthians iniciam a decis\u00e3o \u00e0s 18h30 (hor\u00e1rio de Bras\u00edlia), no Allianz Parque. Por ter feito a melhor campanha na fase inicial, o Corinthians ter\u00e1 a vantagem de decidir o t\u00edtulo em casa.<\/p>\n\n\n\n<p>O clima do cl\u00e1ssico ganhou ainda mais tens\u00e3o ap\u00f3s declara\u00e7\u00f5es do t\u00e9cnico Abel Ferreira. O comandante do Palmeiras afirmou que a conquista do Paulist\u00e3o tem mais relev\u00e2ncia para os rivais do que para sua equipe, que venceu as \u00faltimas tr\u00eas edi\u00e7\u00f5es. A fala gerou repercuss\u00e3o e n\u00e3o foi bem recebida no lado alvinegro.<\/p>\n\n\n\n<figure class=\"wp-block-image size-large\"><img loading=\"lazy\" decoding=\"async\" width=\"1024\" height=\"576\" src=\"http:\/\/www.gaveanews.com\/wp-content\/uploads\/Abel-Ferreira-e-fotografado-passando-instrucoes-durante-um-jogo-do-Palmeiras-1024x576.webp\" alt=\"\" class=\"wp-image-157845\" srcset=\"https:\/\/www.gaveanews.com\/wp-content\/uploads\/Abel-Ferreira-e-fotografado-passando-instrucoes-durante-um-jogo-do-Palmeiras-1024x576.webp 1024w, https:\/\/www.gaveanews.com\/wp-content\/uploads\/Abel-Ferreira-e-fotografado-passando-instrucoes-durante-um-jogo-do-Palmeiras-300x169.webp 300w, https:\/\/www.gaveanews.com\/wp-content\/uploads\/Abel-Ferreira-e-fotografado-passando-instrucoes-durante-um-jogo-do-Palmeiras-768x432.webp 768w, https:\/\/www.gaveanews.com\/wp-content\/uploads\/Abel-Ferreira-e-fotografado-passando-instrucoes-durante-um-jogo-do-Palmeiras-746x420.webp 746w, https:\/\/www.gaveanews.com\/wp-content\/uploads\/Abel-Ferreira-e-fotografado-passando-instrucoes-durante-um-jogo-do-Palmeiras-1493x840.webp 1493w, https:\/\/www.gaveanews.com\/wp-content\/uploads\/Abel-Ferreira-e-fotografado-passando-instrucoes-durante-um-jogo-do-Palmeiras-640x360.webp 640w, https:\/\/www.gaveanews.com\/wp-content\/uploads\/Abel-Ferreira-e-fotografado-passando-instrucoes-durante-um-jogo-do-Palmeiras-1280x720.webp 1280w, https:\/\/www.gaveanews.com\/wp-content\/uploads\/Abel-Ferreira-e-fotografado-passando-instrucoes-durante-um-jogo-do-Palmeiras-681x383.webp 681w, https:\/\/www.gaveanews.com\/wp-content\/uploads\/Abel-Ferreira-e-fotografado-passando-instrucoes-durante-um-jogo-do-Palmeiras-1362x766.webp 1362w, https:\/\/www.gaveanews.com\/wp-content\/uploads\/Abel-Ferreira-e-fotografado-passando-instrucoes-durante-um-jogo-do-Palmeiras-100x56.webp 100w, https:\/\/www.gaveanews.com\/wp-content\/uploads\/Abel-Ferreira-e-fotografado-passando-instrucoes-durante-um-jogo-do-Palmeiras.webp 1500w\" sizes=\"auto, (max-width: 1024px) 100vw, 1024px\" \/><figcaption class=\"wp-element-caption\">Abel Ferreira \u00e9 fotografado passando instru\u00e7\u00f5es durante um jogo do Palmeiras (Foto: Cesar Greco\/Palmeiras)<\/figcaption><\/figure>\n\n\n\n<p>Hugo Souza, goleiro e capit\u00e3o do Corinthians, n\u00e3o deixou a declara\u00e7\u00e3o passar despercebida e rebateu o treinador portugu\u00eas. \u201cPergunta se ele n\u00e3o quer ganhar. N\u00e3o acho que \u00e9 jogar press\u00e3o para o lado de c\u00e1, \u00e9 tirar a press\u00e3o dele. Essa \u00e9 a verdade. S\u00e3o equipes que entrar\u00e3o para vencer e serem campe\u00e3s. A gente quer fazer o Corinthians voltar a ser campe\u00e3o, lutaremos por isso at\u00e9 o final para vencer esse t\u00edtulo Paulista\u201d, disse o jogador.<\/p>\n\n\n\n<p>A postura do goleiro refor\u00e7a o esp\u00edrito do time para a decis\u00e3o. Ele destacou a rivalidade hist\u00f3rica entre as equipes e a import\u00e2ncia de recolocar o Corinthians no cen\u00e1rio de conquistas. \u201cDomingo \u00e9 guerra, contra o nosso maior rival. Final, a gente quer botar o Corinthians no cen\u00e1rio de ser campe\u00e3o novamente. E vamos lutar para dar essa alegria ao torcedor\u201d, completou.<\/p>\n\n\n\n<p>A fala de Abel Ferreira ocorreu antes mesmo da classifica\u00e7\u00e3o do Palmeiras para a fase final do torneio. Na ocasi\u00e3o, o time ainda brigava por vaga contra a Ponte Preta e corria risco de elimina\u00e7\u00e3o. \u201cSe calhar esse t\u00edtulo \u00e9 muito mais importante para equipes como Corinthians ou Santos, que n\u00e3o t\u00eam vencido h\u00e1 muito tempo, do que para o Palmeiras\u201d, afirmou o treinador.<\/p>\n\n\n\n<p>Com a decis\u00e3o se aproximando, as provoca\u00e7\u00f5es fora de campo s\u00f3 aumentam a expectativa para um confronto que promete ser disputado at\u00e9 o \u00faltimo minuto. Palmeiras e Corinthians entrar\u00e3o em campo buscando escrever mais um cap\u00edtulo da intensa rivalidade que marca o futebol paulista.<\/p>\n","protected":false},"excerpt":{"rendered":"<p>A final do Campeonato Paulista promete ser intensa dentro e fora de campo. No domingo (16), Palmeiras e Corinthians iniciam a decis\u00e3o \u00e0s 18h30 (hor\u00e1rio de Bras\u00edlia), no Allianz Parque. Por ter feito a melhor campanha na fase inicial, o Corinthians ter\u00e1 a vantagem de decidir o t\u00edtulo em casa. O clima do cl\u00e1ssico ganhou [&hellip;]<\/p>\n","protected":false},"author":33,"featured_media":160023,"comment_status":"open","ping_status":"closed","sticky":false,"template":"","format":"standard","meta":{"footnotes":""},"categories":[141,150],"tags":[],"class_list":["post-239956","post","type-post","status-publish","format-standard","has-post-thumbnail","hentry","category-corinthians","category-palmeiras"],"yoast_head":"<!-- This site is optimized with the Yoast SEO Premium plugin v24.2 (Yoast SEO v26.9) - https:\/\/yoast.com\/product\/yoast-seo-premium-wordpress\/ -->\n<title>Hugo Souza, do Corinthians, responde Abel Ferreira, do Palmeiras<\/title>\n<meta name=\"robots\" content=\"index, follow, max-snippet:-1, max-image-preview:large, max-video-preview:-1\" \/>\n<link rel=\"canonical\" href=\"https:\/\/www.gaveanews.com\/index.php\/2025\/03\/14\/hugo-souza-do-corinthians-responde-abel-ferreira-do-palmeiras\/\" \/>\n<meta property=\"og:locale\" content=\"pt_BR\" \/>\n<meta property=\"og:type\" content=\"article\" \/>\n<meta property=\"og:title\" content=\"Hugo Souza, do Corinthians, responde Abel Ferreira, do Palmeiras\" \/>\n<meta property=\"og:description\" content=\"A final do Campeonato Paulista promete ser intensa dentro e fora de campo. No domingo (16), Palmeiras e Corinthians iniciam a decis\u00e3o \u00e0s 18h30 (hor\u00e1rio de Bras\u00edlia), no Allianz Parque. Por ter feito a melhor campanha na fase inicial, o Corinthians ter\u00e1 a vantagem de decidir o t\u00edtulo em casa. O clima do cl\u00e1ssico ganhou [&hellip;]\" \/>\n<meta property=\"og:url\" content=\"https:\/\/www.gaveanews.com\/index.php\/2025\/03\/14\/hugo-souza-do-corinthians-responde-abel-ferreira-do-palmeiras\/\" \/>\n<meta property=\"og:site_name\" content=\"G\u00e1vea News\" \/>\n<meta property=\"article:publisher\" content=\"https:\/\/facebook.com\/gaveaNews\/\" \/>\n<meta property=\"article:published_time\" content=\"2025-03-14T11:05:00+00:00\" \/>\n<meta property=\"og:image\" content=\"https:\/\/www.gaveanews.com\/wp-content\/uploads\/image-2024-08-21T141722.256.webp\" \/>\n\t<meta property=\"og:image:width\" content=\"740\" \/>\n\t<meta property=\"og:image:height\" content=\"416\" \/>\n\t<meta property=\"og:image:type\" content=\"image\/webp\" \/>\n<meta name=\"author\" content=\"Brenda Cezillo\" \/>\n<meta name=\"twitter:card\" content=\"summary_large_image\" \/>\n<meta name=\"twitter:label1\" content=\"Escrito por\" \/>\n\t<meta name=\"twitter:data1\" content=\"Brenda Cezillo\" \/>\n\t<meta name=\"twitter:label2\" content=\"Est. tempo de leitura\" \/>\n\t<meta name=\"twitter:data2\" content=\"3 minutos\" \/>\n<script type=\"application\/ld+json\" class=\"yoast-schema-graph\">{\"@context\":\"https:\/\/schema.org\",\"@graph\":[{\"@type\":\"NewsArticle\",\"@id\":\"https:\/\/www.gaveanews.com\/index.php\/2025\/03\/14\/hugo-souza-do-corinthians-responde-abel-ferreira-do-palmeiras\/#article\",\"isPartOf\":{\"@id\":\"https:\/\/www.gaveanews.com\/index.php\/2025\/03\/14\/hugo-souza-do-corinthians-responde-abel-ferreira-do-palmeiras\/\"},\"author\":{\"name\":\"Brenda Cezillo\",\"@id\":\"https:\/\/www.gaveanews.com\/#\/schema\/person\/c79759ca337c40791ae8d08e2923d403\"},\"headline\":\"Hugo Souza, do Corinthians, responde Abel Ferreira, do Palmeiras\",\"datePublished\":\"2025-03-14T11:05:00+00:00\",\"mainEntityOfPage\":{\"@id\":\"https:\/\/www.gaveanews.com\/index.php\/2025\/03\/14\/hugo-souza-do-corinthians-responde-abel-ferreira-do-palmeiras\/\"},\"wordCount\":414,\"commentCount\":0,\"image\":{\"@id\":\"https:\/\/www.gaveanews.com\/index.php\/2025\/03\/14\/hugo-souza-do-corinthians-responde-abel-ferreira-do-palmeiras\/#primaryimage\"},\"thumbnailUrl\":\"https:\/\/www.gaveanews.com\/wp-content\/uploads\/image-2024-08-21T141722.256.webp\",\"articleSection\":[\"Corinthians\",\"Palmeiras\"],\"inLanguage\":\"pt-BR\",\"potentialAction\":[{\"@type\":\"CommentAction\",\"name\":\"Comment\",\"target\":[\"https:\/\/www.gaveanews.com\/index.php\/2025\/03\/14\/hugo-souza-do-corinthians-responde-abel-ferreira-do-palmeiras\/#respond\"]}],\"copyrightYear\":\"2025\",\"copyrightHolder\":{\"@id\":\"https:\/\/www.gaveanews.com\/#organization\"}},{\"@type\":\"WebPage\",\"@id\":\"https:\/\/www.gaveanews.com\/index.php\/2025\/03\/14\/hugo-souza-do-corinthians-responde-abel-ferreira-do-palmeiras\/\",\"url\":\"https:\/\/www.gaveanews.com\/index.php\/2025\/03\/14\/hugo-souza-do-corinthians-responde-abel-ferreira-do-palmeiras\/\",\"name\":\"Hugo Souza, do Corinthians, responde Abel Ferreira, do Palmeiras\",\"isPartOf\":{\"@id\":\"https:\/\/www.gaveanews.com\/#website\"},\"primaryImageOfPage\":{\"@id\":\"https:\/\/www.gaveanews.com\/index.php\/2025\/03\/14\/hugo-souza-do-corinthians-responde-abel-ferreira-do-palmeiras\/#primaryimage\"},\"image\":{\"@id\":\"https:\/\/www.gaveanews.com\/index.php\/2025\/03\/14\/hugo-souza-do-corinthians-responde-abel-ferreira-do-palmeiras\/#primaryimage\"},\"thumbnailUrl\":\"https:\/\/www.gaveanews.com\/wp-content\/uploads\/image-2024-08-21T141722.256.webp\",\"datePublished\":\"2025-03-14T11:05:00+00:00\",\"author\":{\"@id\":\"https:\/\/www.gaveanews.com\/#\/schema\/person\/c79759ca337c40791ae8d08e2923d403\"},\"breadcrumb\":{\"@id\":\"https:\/\/www.gaveanews.com\/index.php\/2025\/03\/14\/hugo-souza-do-corinthians-responde-abel-ferreira-do-palmeiras\/#breadcrumb\"},\"inLanguage\":\"pt-BR\",\"potentialAction\":[{\"@type\":\"ReadAction\",\"target\":[\"https:\/\/www.gaveanews.com\/index.php\/2025\/03\/14\/hugo-souza-do-corinthians-responde-abel-ferreira-do-palmeiras\/\"]}]},{\"@type\":\"ImageObject\",\"inLanguage\":\"pt-BR\",\"@id\":\"https:\/\/www.gaveanews.com\/index.php\/2025\/03\/14\/hugo-souza-do-corinthians-responde-abel-ferreira-do-palmeiras\/#primaryimage\",\"url\":\"https:\/\/www.gaveanews.com\/wp-content\/uploads\/image-2024-08-21T141722.256.webp\",\"contentUrl\":\"https:\/\/www.gaveanews.com\/wp-content\/uploads\/image-2024-08-21T141722.256.webp\",\"width\":740,\"height\":416,\"caption\":\"Foto: Jhony Pinho\/AGIF Hugo Souza falou sobre o Mengo\"},{\"@type\":\"BreadcrumbList\",\"@id\":\"https:\/\/www.gaveanews.com\/index.php\/2025\/03\/14\/hugo-souza-do-corinthians-responde-abel-ferreira-do-palmeiras\/#breadcrumb\",\"itemListElement\":[{\"@type\":\"ListItem\",\"position\":1,\"name\":\"Home\",\"item\":\"https:\/\/www.gaveanews.com\/\"},{\"@type\":\"ListItem\",\"position\":2,\"name\":\"Hugo Souza, do Corinthians, responde Abel Ferreira, do Palmeiras\"}]},{\"@type\":\"WebSite\",\"@id\":\"https:\/\/www.gaveanews.com\/#website\",\"url\":\"https:\/\/www.gaveanews.com\/\",\"name\":\"G\u00e1vea News\",\"description\":\"Veja todas as not\u00edcias sobre o Flamengo: Contrata\u00e7\u00f5es, categorias de base, resultados das partidas, tabela de classifica\u00e7\u00e3o, pr\u00f3ximos jogos!\",\"potentialAction\":[{\"@type\":\"SearchAction\",\"target\":{\"@type\":\"EntryPoint\",\"urlTemplate\":\"https:\/\/www.gaveanews.com\/?s={search_term_string}\"},\"query-input\":{\"@type\":\"PropertyValueSpecification\",\"valueRequired\":true,\"valueName\":\"search_term_string\"}}],\"inLanguage\":\"pt-BR\"},{\"@type\":\"Person\",\"@id\":\"https:\/\/www.gaveanews.com\/#\/schema\/person\/c79759ca337c40791ae8d08e2923d403\",\"name\":\"Brenda Cezillo\",\"image\":{\"@type\":\"ImageObject\",\"inLanguage\":\"pt-BR\",\"@id\":\"https:\/\/www.gaveanews.com\/#\/schema\/person\/image\/\",\"url\":\"https:\/\/secure.gravatar.com\/avatar\/1738d75cee7317f9c29ae61dd67620c5883d80a92e42a6fff88ae5d527af217a?s=96&d=mm&r=g\",\"contentUrl\":\"https:\/\/secure.gravatar.com\/avatar\/1738d75cee7317f9c29ae61dd67620c5883d80a92e42a6fff88ae5d527af217a?s=96&d=mm&r=g\",\"caption\":\"Brenda Cezillo\"}}]}<\/script>\n<!-- \/ Yoast SEO Premium plugin. -->","yoast_head_json":{"title":"Hugo Souza, do Corinthians, responde Abel Ferreira, do Palmeiras","robots":{"index":"index","follow":"follow","max-snippet":"max-snippet:-1","max-image-preview":"max-image-preview:large","max-video-preview":"max-video-preview:-1"},"canonical":"https:\/\/www.gaveanews.com\/index.php\/2025\/03\/14\/hugo-souza-do-corinthians-responde-abel-ferreira-do-palmeiras\/","og_locale":"pt_BR","og_type":"article","og_title":"Hugo Souza, do Corinthians, responde Abel Ferreira, do Palmeiras","og_description":"A final do Campeonato Paulista promete ser intensa dentro e fora de campo. No domingo (16), Palmeiras e Corinthians iniciam a decis\u00e3o \u00e0s 18h30 (hor\u00e1rio de Bras\u00edlia), no Allianz Parque. Por ter feito a melhor campanha na fase inicial, o Corinthians ter\u00e1 a vantagem de decidir o t\u00edtulo em casa. O clima do cl\u00e1ssico ganhou [&hellip;]","og_url":"https:\/\/www.gaveanews.com\/index.php\/2025\/03\/14\/hugo-souza-do-corinthians-responde-abel-ferreira-do-palmeiras\/","og_site_name":"G\u00e1vea News","article_publisher":"https:\/\/facebook.com\/gaveaNews\/","article_published_time":"2025-03-14T11:05:00+00:00","og_image":[{"width":740,"height":416,"url":"https:\/\/www.gaveanews.com\/wp-content\/uploads\/image-2024-08-21T141722.256.webp","type":"image\/webp"}],"author":"Brenda Cezillo","twitter_card":"summary_large_image","twitter_misc":{"Escrito por":"Brenda Cezillo","Est. tempo de leitura":"3 minutos"},"schema":{"@context":"https:\/\/schema.org","@graph":[{"@type":"NewsArticle","@id":"https:\/\/www.gaveanews.com\/index.php\/2025\/03\/14\/hugo-souza-do-corinthians-responde-abel-ferreira-do-palmeiras\/#article","isPartOf":{"@id":"https:\/\/www.gaveanews.com\/index.php\/2025\/03\/14\/hugo-souza-do-corinthians-responde-abel-ferreira-do-palmeiras\/"},"author":{"name":"Brenda Cezillo","@id":"https:\/\/www.gaveanews.com\/#\/schema\/person\/c79759ca337c40791ae8d08e2923d403"},"headline":"Hugo Souza, do Corinthians, responde Abel Ferreira, do Palmeiras","datePublished":"2025-03-14T11:05:00+00:00","mainEntityOfPage":{"@id":"https:\/\/www.gaveanews.com\/index.php\/2025\/03\/14\/hugo-souza-do-corinthians-responde-abel-ferreira-do-palmeiras\/"},"wordCount":414,"commentCount":0,"image":{"@id":"https:\/\/www.gaveanews.com\/index.php\/2025\/03\/14\/hugo-souza-do-corinthians-responde-abel-ferreira-do-palmeiras\/#primaryimage"},"thumbnailUrl":"https:\/\/www.gaveanews.com\/wp-content\/uploads\/image-2024-08-21T141722.256.webp","articleSection":["Corinthians","Palmeiras"],"inLanguage":"pt-BR","potentialAction":[{"@type":"CommentAction","name":"Comment","target":["https:\/\/www.gaveanews.com\/index.php\/2025\/03\/14\/hugo-souza-do-corinthians-responde-abel-ferreira-do-palmeiras\/#respond"]}],"copyrightYear":"2025","copyrightHolder":{"@id":"https:\/\/www.gaveanews.com\/#organization"}},{"@type":"WebPage","@id":"https:\/\/www.gaveanews.com\/index.php\/2025\/03\/14\/hugo-souza-do-corinthians-responde-abel-ferreira-do-palmeiras\/","url":"https:\/\/www.gaveanews.com\/index.php\/2025\/03\/14\/hugo-souza-do-corinthians-responde-abel-ferreira-do-palmeiras\/","name":"Hugo Souza, do Corinthians, responde Abel Ferreira, do Palmeiras","isPartOf":{"@id":"https:\/\/www.gaveanews.com\/#website"},"primaryImageOfPage":{"@id":"https:\/\/www.gaveanews.com\/index.php\/2025\/03\/14\/hugo-souza-do-corinthians-responde-abel-ferreira-do-palmeiras\/#primaryimage"},"image":{"@id":"https:\/\/www.gaveanews.com\/index.php\/2025\/03\/14\/hugo-souza-do-corinthians-responde-abel-ferreira-do-palmeiras\/#primaryimage"},"thumbnailUrl":"https:\/\/www.gaveanews.com\/wp-content\/uploads\/image-2024-08-21T141722.256.webp","datePublished":"2025-03-14T11:05:00+00:00","author":{"@id":"https:\/\/www.gaveanews.com\/#\/schema\/person\/c79759ca337c40791ae8d08e2923d403"},"breadcrumb":{"@id":"https:\/\/www.gaveanews.com\/index.php\/2025\/03\/14\/hugo-souza-do-corinthians-responde-abel-ferreira-do-palmeiras\/#breadcrumb"},"inLanguage":"pt-BR","potentialAction":[{"@type":"ReadAction","target":["https:\/\/www.gaveanews.com\/index.php\/2025\/03\/14\/hugo-souza-do-corinthians-responde-abel-ferreira-do-palmeiras\/"]}]},{"@type":"ImageObject","inLanguage":"pt-BR","@id":"https:\/\/www.gaveanews.com\/index.php\/2025\/03\/14\/hugo-souza-do-corinthians-responde-abel-ferreira-do-palmeiras\/#primaryimage","url":"https:\/\/www.gaveanews.com\/wp-content\/uploads\/image-2024-08-21T141722.256.webp","contentUrl":"https:\/\/www.gaveanews.com\/wp-content\/uploads\/image-2024-08-21T141722.256.webp","width":740,"height":416,"caption":"Foto: Jhony Pinho\/AGIF Hugo Souza falou sobre o Mengo"},{"@type":"BreadcrumbList","@id":"https:\/\/www.gaveanews.com\/index.php\/2025\/03\/14\/hugo-souza-do-corinthians-responde-abel-ferreira-do-palmeiras\/#breadcrumb","itemListElement":[{"@type":"ListItem","position":1,"name":"Home","item":"https:\/\/www.gaveanews.com\/"},{"@type":"ListItem","position":2,"name":"Hugo Souza, do Corinthians, responde Abel Ferreira, do Palmeiras"}]},{"@type":"WebSite","@id":"https:\/\/www.gaveanews.com\/#website","url":"https:\/\/www.gaveanews.com\/","name":"G\u00e1vea News","description":"Veja todas as not\u00edcias sobre o Flamengo: Contrata\u00e7\u00f5es, categorias de base, resultados das partidas, tabela de classifica\u00e7\u00e3o, pr\u00f3ximos jogos!","potentialAction":[{"@type":"SearchAction","target":{"@type":"EntryPoint","urlTemplate":"https:\/\/www.gaveanews.com\/?s={search_term_string}"},"query-input":{"@type":"PropertyValueSpecification","valueRequired":true,"valueName":"search_term_string"}}],"inLanguage":"pt-BR"},{"@type":"Person","@id":"https:\/\/www.gaveanews.com\/#\/schema\/person\/c79759ca337c40791ae8d08e2923d403","name":"Brenda Cezillo","image":{"@type":"ImageObject","inLanguage":"pt-BR","@id":"https:\/\/www.gaveanews.com\/#\/schema\/person\/image\/","url":"https:\/\/secure.gravatar.com\/avatar\/1738d75cee7317f9c29ae61dd67620c5883d80a92e42a6fff88ae5d527af217a?s=96&d=mm&r=g","contentUrl":"https:\/\/secure.gravatar.com\/avatar\/1738d75cee7317f9c29ae61dd67620c5883d80a92e42a6fff88ae5d527af217a?s=96&d=mm&r=g","caption":"Brenda Cezillo"}}]}},"_links":{"self":[{"href":"https:\/\/www.gaveanews.com\/index.php\/wp-json\/wp\/v2\/posts\/239956","targetHints":{"allow":["GET"]}}],"collection":[{"href":"https:\/\/www.gaveanews.com\/index.php\/wp-json\/wp\/v2\/posts"}],"about":[{"href":"https:\/\/www.gaveanews.com\/index.php\/wp-json\/wp\/v2\/types\/post"}],"author":[{"embeddable":true,"href":"https:\/\/www.gaveanews.com\/index.php\/wp-json\/wp\/v2\/users\/33"}],"replies":[{"embeddable":true,"href":"https:\/\/www.gaveanews.com\/index.php\/wp-json\/wp\/v2\/comments?post=239956"}],"version-history":[{"count":1,"href":"https:\/\/www.gaveanews.com\/index.php\/wp-json\/wp\/v2\/posts\/239956\/revisions"}],"predecessor-version":[{"id":239958,"href":"https:\/\/www.gaveanews.com\/index.php\/wp-json\/wp\/v2\/posts\/239956\/revisions\/239958"}],"wp:featuredmedia":[{"embeddable":true,"href":"https:\/\/www.gaveanews.com\/index.php\/wp-json\/wp\/v2\/media\/160023"}],"wp:attachment":[{"href":"https:\/\/www.gaveanews.com\/index.php\/wp-json\/wp\/v2\/media?parent=239956"}],"wp:term":[{"taxonomy":"category","embeddable":true,"href":"https:\/\/www.gaveanews.com\/index.php\/wp-json\/wp\/v2\/categories?post=239956"},{"taxonomy":"post_tag","embeddable":true,"href":"https:\/\/www.gaveanews.com\/index.php\/wp-json\/wp\/v2\/tags?post=239956"}],"curies":[{"name":"wp","href":"https:\/\/api.w.org\/{rel}","templated":true}]}}