{"id":239957,"date":"2025-03-14T08:10:00","date_gmt":"2025-03-14T11:10:00","guid":{"rendered":"https:\/\/www.gaveanews.com\/?p=239957"},"modified":"2025-03-14T08:04:30","modified_gmt":"2025-03-14T11:04:30","slug":"vai-renovar-flamengo-atende-exigencias-de-erick-pulgar","status":"publish","type":"post","link":"https:\/\/www.gaveanews.com\/index.php\/2025\/03\/14\/vai-renovar-flamengo-atende-exigencias-de-erick-pulgar\/","title":{"rendered":"Vai renovar! Flamengo atende exig\u00eancias de Erick Pulgar"},"content":{"rendered":"\n<p>O volante chileno Erick Pulgar permanecer\u00e1 no Flamengo por mais tr\u00eas anos. O jogador acertou sua renova\u00e7\u00e3o contratual com o clube carioca at\u00e9 dezembro de 2028, ap\u00f3s um processo de negocia\u00e7\u00e3o que envolveu discuss\u00f5es sobre valores salariais, luvas e multa rescis\u00f3ria.<\/p>\n\n\n\n<p>O empres\u00e1rio de Pulgar desembarcou no Rio de Janeiro na quinta-feira (13) para uma reuni\u00e3o com Jos\u00e9 Boto, executivo de futebol do Flamengo. O encontro foi decisivo para a conclus\u00e3o das tratativas, que haviam enfrentado alguns impasses, especialmente em rela\u00e7\u00e3o \u00e0 multa rescis\u00f3ria do atleta.<\/p>\n\n\n\n<figure class=\"wp-block-image size-full\"><img loading=\"lazy\" decoding=\"async\" width=\"613\" height=\"490\" src=\"http:\/\/www.gaveanews.com\/wp-content\/uploads\/erick-pulgar-wesley-flamengo-vasco-edited.webp\" alt=\"\" class=\"wp-image-181661\" srcset=\"https:\/\/www.gaveanews.com\/wp-content\/uploads\/erick-pulgar-wesley-flamengo-vasco-edited.webp 613w, https:\/\/www.gaveanews.com\/wp-content\/uploads\/erick-pulgar-wesley-flamengo-vasco-edited-300x240.webp 300w, https:\/\/www.gaveanews.com\/wp-content\/uploads\/erick-pulgar-wesley-flamengo-vasco-edited-525x420.webp 525w, https:\/\/www.gaveanews.com\/wp-content\/uploads\/erick-pulgar-wesley-flamengo-vasco-edited-100x80.webp 100w\" sizes=\"auto, (max-width: 613px) 100vw, 613px\" \/><figcaption class=\"wp-element-caption\">Erick Pulgar em a\u00e7\u00e3o pelo Flamengo contra o Vasco (Foto: Paula Reis\/Flamengo)<\/figcaption><\/figure>\n\n\n\n<p>Titular absoluto sob o comando de Filipe Lu\u00eds, Pulgar tem sido uma pe\u00e7a essencial no meio-campo rubro-negro. O jogador conseguiu uma valoriza\u00e7\u00e3o salarial significativa, em alinhamento com a diretoria do clube, o que refor\u00e7a sua import\u00e2ncia no elenco.<\/p>\n\n\n\n<p>A renova\u00e7\u00e3o do chileno ocorre ap\u00f3s desentendimentos com a antiga gest\u00e3o do Flamengo. Com a chegada de uma nova dire\u00e7\u00e3o, as conversas foram retomadas e chegaram a um consenso que favoreceu ambas as partes.<\/p>\n\n\n\n<p>Com o novo contrato, o Flamengo assegura a perman\u00eancia de um de seus principais jogadores at\u00e9 o fim de 2028. O acordo tamb\u00e9m fortalece o planejamento do clube, que busca manter a base do time para as pr\u00f3ximas temporadas.<\/p>\n\n\n\n<p>O an\u00fancio oficial da renova\u00e7\u00e3o est\u00e1 previsto para esta sexta-feira (14), consolidando a perman\u00eancia de Pulgar e encerrando qualquer especula\u00e7\u00e3o sobre sua sa\u00edda.<\/p>\n\n\n\n<p>Al\u00e9m da perman\u00eancia de Pulgar, a diretoria do Flamengo segue atenta ao mercado e pode anunciar novas movimenta\u00e7\u00f5es em breve. O clube trabalha para refor\u00e7ar o elenco e garantir a competitividade da equipe nas competi\u00e7\u00f5es da temporada.<\/p>\n\n\n\n<p>Internamente, o Flamengo tamb\u00e9m monitora a evolu\u00e7\u00e3o f\u00edsica e t\u00e9cnica de seus atletas, buscando otimizar o desempenho do elenco. A comiss\u00e3o t\u00e9cnica avalia a carga de treinamentos e poss\u00edveis ajustes t\u00e1ticos para manter o alto n\u00edvel de competitividade durante toda a temporada.<\/p>\n","protected":false},"excerpt":{"rendered":"<p>O volante chileno Erick Pulgar permanecer\u00e1 no Flamengo por mais tr\u00eas anos. O jogador acertou sua renova\u00e7\u00e3o contratual com o clube carioca at\u00e9 dezembro de 2028, ap\u00f3s um processo de negocia\u00e7\u00e3o que envolveu discuss\u00f5es sobre valores salariais, luvas e multa rescis\u00f3ria. O empres\u00e1rio de Pulgar desembarcou no Rio de Janeiro na quinta-feira (13) para uma [&hellip;]<\/p>\n","protected":false},"author":33,"featured_media":85566,"comment_status":"open","ping_status":"closed","sticky":false,"template":"","format":"standard","meta":{"footnotes":""},"categories":[1],"tags":[],"class_list":["post-239957","post","type-post","status-publish","format-standard","has-post-thumbnail","hentry","category-flamengo"],"yoast_head":"<!-- This site is optimized with the Yoast SEO Premium plugin v24.2 (Yoast SEO v26.9) - https:\/\/yoast.com\/product\/yoast-seo-premium-wordpress\/ -->\n<title>Vai renovar! Flamengo atende exig\u00eancias de Erick Pulgar<\/title>\n<meta name=\"robots\" content=\"index, follow, max-snippet:-1, max-image-preview:large, max-video-preview:-1\" \/>\n<link rel=\"canonical\" href=\"https:\/\/www.gaveanews.com\/index.php\/2025\/03\/14\/vai-renovar-flamengo-atende-exigencias-de-erick-pulgar\/\" \/>\n<meta property=\"og:locale\" content=\"pt_BR\" \/>\n<meta property=\"og:type\" content=\"article\" \/>\n<meta property=\"og:title\" content=\"Vai renovar! Flamengo atende exig\u00eancias de Erick Pulgar\" \/>\n<meta property=\"og:description\" content=\"O volante chileno Erick Pulgar permanecer\u00e1 no Flamengo por mais tr\u00eas anos. O jogador acertou sua renova\u00e7\u00e3o contratual com o clube carioca at\u00e9 dezembro de 2028, ap\u00f3s um processo de negocia\u00e7\u00e3o que envolveu discuss\u00f5es sobre valores salariais, luvas e multa rescis\u00f3ria. O empres\u00e1rio de Pulgar desembarcou no Rio de Janeiro na quinta-feira (13) para uma [&hellip;]\" \/>\n<meta property=\"og:url\" content=\"https:\/\/www.gaveanews.com\/index.php\/2025\/03\/14\/vai-renovar-flamengo-atende-exigencias-de-erick-pulgar\/\" \/>\n<meta property=\"og:site_name\" content=\"G\u00e1vea News\" \/>\n<meta property=\"article:publisher\" content=\"https:\/\/facebook.com\/gaveaNews\/\" \/>\n<meta property=\"article:published_time\" content=\"2025-03-14T11:10:00+00:00\" \/>\n<meta property=\"og:image\" content=\"https:\/\/www.gaveanews.com\/wp-content\/uploads\/Eirck-Pulgar-em-coletiva-de-apresentacao-no-Flamengo.webp\" \/>\n\t<meta property=\"og:image:width\" content=\"799\" \/>\n\t<meta property=\"og:image:height\" content=\"533\" \/>\n\t<meta property=\"og:image:type\" content=\"image\/jpeg\" \/>\n<meta name=\"author\" content=\"Brenda Cezillo\" \/>\n<meta name=\"twitter:card\" content=\"summary_large_image\" \/>\n<meta name=\"twitter:label1\" content=\"Escrito por\" \/>\n\t<meta name=\"twitter:data1\" content=\"Brenda Cezillo\" \/>\n\t<meta name=\"twitter:label2\" content=\"Est. tempo de leitura\" \/>\n\t<meta name=\"twitter:data2\" content=\"3 minutos\" \/>\n<script type=\"application\/ld+json\" class=\"yoast-schema-graph\">{\"@context\":\"https:\/\/schema.org\",\"@graph\":[{\"@type\":\"NewsArticle\",\"@id\":\"https:\/\/www.gaveanews.com\/index.php\/2025\/03\/14\/vai-renovar-flamengo-atende-exigencias-de-erick-pulgar\/#article\",\"isPartOf\":{\"@id\":\"https:\/\/www.gaveanews.com\/index.php\/2025\/03\/14\/vai-renovar-flamengo-atende-exigencias-de-erick-pulgar\/\"},\"author\":{\"name\":\"Brenda Cezillo\",\"@id\":\"https:\/\/www.gaveanews.com\/#\/schema\/person\/c79759ca337c40791ae8d08e2923d403\"},\"headline\":\"Vai renovar! Flamengo atende exig\u00eancias de Erick Pulgar\",\"datePublished\":\"2025-03-14T11:10:00+00:00\",\"mainEntityOfPage\":{\"@id\":\"https:\/\/www.gaveanews.com\/index.php\/2025\/03\/14\/vai-renovar-flamengo-atende-exigencias-de-erick-pulgar\/\"},\"wordCount\":359,\"commentCount\":0,\"image\":{\"@id\":\"https:\/\/www.gaveanews.com\/index.php\/2025\/03\/14\/vai-renovar-flamengo-atende-exigencias-de-erick-pulgar\/#primaryimage\"},\"thumbnailUrl\":\"https:\/\/www.gaveanews.com\/wp-content\/uploads\/Eirck-Pulgar-em-coletiva-de-apresentacao-no-Flamengo.webp\",\"articleSection\":[\"Flamengo\"],\"inLanguage\":\"pt-BR\",\"potentialAction\":[{\"@type\":\"CommentAction\",\"name\":\"Comment\",\"target\":[\"https:\/\/www.gaveanews.com\/index.php\/2025\/03\/14\/vai-renovar-flamengo-atende-exigencias-de-erick-pulgar\/#respond\"]}],\"copyrightYear\":\"2025\",\"copyrightHolder\":{\"@id\":\"https:\/\/www.gaveanews.com\/#organization\"}},{\"@type\":\"WebPage\",\"@id\":\"https:\/\/www.gaveanews.com\/index.php\/2025\/03\/14\/vai-renovar-flamengo-atende-exigencias-de-erick-pulgar\/\",\"url\":\"https:\/\/www.gaveanews.com\/index.php\/2025\/03\/14\/vai-renovar-flamengo-atende-exigencias-de-erick-pulgar\/\",\"name\":\"Vai renovar! Flamengo atende exig\u00eancias de Erick Pulgar\",\"isPartOf\":{\"@id\":\"https:\/\/www.gaveanews.com\/#website\"},\"primaryImageOfPage\":{\"@id\":\"https:\/\/www.gaveanews.com\/index.php\/2025\/03\/14\/vai-renovar-flamengo-atende-exigencias-de-erick-pulgar\/#primaryimage\"},\"image\":{\"@id\":\"https:\/\/www.gaveanews.com\/index.php\/2025\/03\/14\/vai-renovar-flamengo-atende-exigencias-de-erick-pulgar\/#primaryimage\"},\"thumbnailUrl\":\"https:\/\/www.gaveanews.com\/wp-content\/uploads\/Eirck-Pulgar-em-coletiva-de-apresentacao-no-Flamengo.webp\",\"datePublished\":\"2025-03-14T11:10:00+00:00\",\"author\":{\"@id\":\"https:\/\/www.gaveanews.com\/#\/schema\/person\/c79759ca337c40791ae8d08e2923d403\"},\"breadcrumb\":{\"@id\":\"https:\/\/www.gaveanews.com\/index.php\/2025\/03\/14\/vai-renovar-flamengo-atende-exigencias-de-erick-pulgar\/#breadcrumb\"},\"inLanguage\":\"pt-BR\",\"potentialAction\":[{\"@type\":\"ReadAction\",\"target\":[\"https:\/\/www.gaveanews.com\/index.php\/2025\/03\/14\/vai-renovar-flamengo-atende-exigencias-de-erick-pulgar\/\"]}]},{\"@type\":\"ImageObject\",\"inLanguage\":\"pt-BR\",\"@id\":\"https:\/\/www.gaveanews.com\/index.php\/2025\/03\/14\/vai-renovar-flamengo-atende-exigencias-de-erick-pulgar\/#primaryimage\",\"url\":\"https:\/\/www.gaveanews.com\/wp-content\/uploads\/Eirck-Pulgar-em-coletiva-de-apresentacao-no-Flamengo.webp\",\"contentUrl\":\"https:\/\/www.gaveanews.com\/wp-content\/uploads\/Eirck-Pulgar-em-coletiva-de-apresentacao-no-Flamengo.webp\",\"width\":799,\"height\":533,\"caption\":\"Erick Pulgar em coletiva de apresenta\u00e7\u00e3o no Flamengo (Foto: Gilvan de Souza\/Flamengo)\"},{\"@type\":\"BreadcrumbList\",\"@id\":\"https:\/\/www.gaveanews.com\/index.php\/2025\/03\/14\/vai-renovar-flamengo-atende-exigencias-de-erick-pulgar\/#breadcrumb\",\"itemListElement\":[{\"@type\":\"ListItem\",\"position\":1,\"name\":\"Home\",\"item\":\"https:\/\/www.gaveanews.com\/\"},{\"@type\":\"ListItem\",\"position\":2,\"name\":\"Vai renovar! Flamengo atende exig\u00eancias de Erick Pulgar\"}]},{\"@type\":\"WebSite\",\"@id\":\"https:\/\/www.gaveanews.com\/#website\",\"url\":\"https:\/\/www.gaveanews.com\/\",\"name\":\"G\u00e1vea News\",\"description\":\"Veja todas as not\u00edcias sobre o Flamengo: Contrata\u00e7\u00f5es, categorias de base, resultados das partidas, tabela de classifica\u00e7\u00e3o, pr\u00f3ximos jogos!\",\"potentialAction\":[{\"@type\":\"SearchAction\",\"target\":{\"@type\":\"EntryPoint\",\"urlTemplate\":\"https:\/\/www.gaveanews.com\/?s={search_term_string}\"},\"query-input\":{\"@type\":\"PropertyValueSpecification\",\"valueRequired\":true,\"valueName\":\"search_term_string\"}}],\"inLanguage\":\"pt-BR\"},{\"@type\":\"Person\",\"@id\":\"https:\/\/www.gaveanews.com\/#\/schema\/person\/c79759ca337c40791ae8d08e2923d403\",\"name\":\"Brenda Cezillo\",\"image\":{\"@type\":\"ImageObject\",\"inLanguage\":\"pt-BR\",\"@id\":\"https:\/\/www.gaveanews.com\/#\/schema\/person\/image\/\",\"url\":\"https:\/\/secure.gravatar.com\/avatar\/1738d75cee7317f9c29ae61dd67620c5883d80a92e42a6fff88ae5d527af217a?s=96&d=mm&r=g\",\"contentUrl\":\"https:\/\/secure.gravatar.com\/avatar\/1738d75cee7317f9c29ae61dd67620c5883d80a92e42a6fff88ae5d527af217a?s=96&d=mm&r=g\",\"caption\":\"Brenda Cezillo\"}}]}<\/script>\n<!-- \/ Yoast SEO Premium plugin. -->","yoast_head_json":{"title":"Vai renovar! Flamengo atende exig\u00eancias de Erick Pulgar","robots":{"index":"index","follow":"follow","max-snippet":"max-snippet:-1","max-image-preview":"max-image-preview:large","max-video-preview":"max-video-preview:-1"},"canonical":"https:\/\/www.gaveanews.com\/index.php\/2025\/03\/14\/vai-renovar-flamengo-atende-exigencias-de-erick-pulgar\/","og_locale":"pt_BR","og_type":"article","og_title":"Vai renovar! Flamengo atende exig\u00eancias de Erick Pulgar","og_description":"O volante chileno Erick Pulgar permanecer\u00e1 no Flamengo por mais tr\u00eas anos. O jogador acertou sua renova\u00e7\u00e3o contratual com o clube carioca at\u00e9 dezembro de 2028, ap\u00f3s um processo de negocia\u00e7\u00e3o que envolveu discuss\u00f5es sobre valores salariais, luvas e multa rescis\u00f3ria. O empres\u00e1rio de Pulgar desembarcou no Rio de Janeiro na quinta-feira (13) para uma [&hellip;]","og_url":"https:\/\/www.gaveanews.com\/index.php\/2025\/03\/14\/vai-renovar-flamengo-atende-exigencias-de-erick-pulgar\/","og_site_name":"G\u00e1vea News","article_publisher":"https:\/\/facebook.com\/gaveaNews\/","article_published_time":"2025-03-14T11:10:00+00:00","og_image":[{"width":799,"height":533,"url":"https:\/\/www.gaveanews.com\/wp-content\/uploads\/Eirck-Pulgar-em-coletiva-de-apresentacao-no-Flamengo.webp","type":"image\/jpeg"}],"author":"Brenda Cezillo","twitter_card":"summary_large_image","twitter_misc":{"Escrito por":"Brenda Cezillo","Est. tempo de leitura":"3 minutos"},"schema":{"@context":"https:\/\/schema.org","@graph":[{"@type":"NewsArticle","@id":"https:\/\/www.gaveanews.com\/index.php\/2025\/03\/14\/vai-renovar-flamengo-atende-exigencias-de-erick-pulgar\/#article","isPartOf":{"@id":"https:\/\/www.gaveanews.com\/index.php\/2025\/03\/14\/vai-renovar-flamengo-atende-exigencias-de-erick-pulgar\/"},"author":{"name":"Brenda Cezillo","@id":"https:\/\/www.gaveanews.com\/#\/schema\/person\/c79759ca337c40791ae8d08e2923d403"},"headline":"Vai renovar! Flamengo atende exig\u00eancias de Erick Pulgar","datePublished":"2025-03-14T11:10:00+00:00","mainEntityOfPage":{"@id":"https:\/\/www.gaveanews.com\/index.php\/2025\/03\/14\/vai-renovar-flamengo-atende-exigencias-de-erick-pulgar\/"},"wordCount":359,"commentCount":0,"image":{"@id":"https:\/\/www.gaveanews.com\/index.php\/2025\/03\/14\/vai-renovar-flamengo-atende-exigencias-de-erick-pulgar\/#primaryimage"},"thumbnailUrl":"https:\/\/www.gaveanews.com\/wp-content\/uploads\/Eirck-Pulgar-em-coletiva-de-apresentacao-no-Flamengo.webp","articleSection":["Flamengo"],"inLanguage":"pt-BR","potentialAction":[{"@type":"CommentAction","name":"Comment","target":["https:\/\/www.gaveanews.com\/index.php\/2025\/03\/14\/vai-renovar-flamengo-atende-exigencias-de-erick-pulgar\/#respond"]}],"copyrightYear":"2025","copyrightHolder":{"@id":"https:\/\/www.gaveanews.com\/#organization"}},{"@type":"WebPage","@id":"https:\/\/www.gaveanews.com\/index.php\/2025\/03\/14\/vai-renovar-flamengo-atende-exigencias-de-erick-pulgar\/","url":"https:\/\/www.gaveanews.com\/index.php\/2025\/03\/14\/vai-renovar-flamengo-atende-exigencias-de-erick-pulgar\/","name":"Vai renovar! Flamengo atende exig\u00eancias de Erick Pulgar","isPartOf":{"@id":"https:\/\/www.gaveanews.com\/#website"},"primaryImageOfPage":{"@id":"https:\/\/www.gaveanews.com\/index.php\/2025\/03\/14\/vai-renovar-flamengo-atende-exigencias-de-erick-pulgar\/#primaryimage"},"image":{"@id":"https:\/\/www.gaveanews.com\/index.php\/2025\/03\/14\/vai-renovar-flamengo-atende-exigencias-de-erick-pulgar\/#primaryimage"},"thumbnailUrl":"https:\/\/www.gaveanews.com\/wp-content\/uploads\/Eirck-Pulgar-em-coletiva-de-apresentacao-no-Flamengo.webp","datePublished":"2025-03-14T11:10:00+00:00","author":{"@id":"https:\/\/www.gaveanews.com\/#\/schema\/person\/c79759ca337c40791ae8d08e2923d403"},"breadcrumb":{"@id":"https:\/\/www.gaveanews.com\/index.php\/2025\/03\/14\/vai-renovar-flamengo-atende-exigencias-de-erick-pulgar\/#breadcrumb"},"inLanguage":"pt-BR","potentialAction":[{"@type":"ReadAction","target":["https:\/\/www.gaveanews.com\/index.php\/2025\/03\/14\/vai-renovar-flamengo-atende-exigencias-de-erick-pulgar\/"]}]},{"@type":"ImageObject","inLanguage":"pt-BR","@id":"https:\/\/www.gaveanews.com\/index.php\/2025\/03\/14\/vai-renovar-flamengo-atende-exigencias-de-erick-pulgar\/#primaryimage","url":"https:\/\/www.gaveanews.com\/wp-content\/uploads\/Eirck-Pulgar-em-coletiva-de-apresentacao-no-Flamengo.webp","contentUrl":"https:\/\/www.gaveanews.com\/wp-content\/uploads\/Eirck-Pulgar-em-coletiva-de-apresentacao-no-Flamengo.webp","width":799,"height":533,"caption":"Erick Pulgar em coletiva de apresenta\u00e7\u00e3o no Flamengo (Foto: Gilvan de Souza\/Flamengo)"},{"@type":"BreadcrumbList","@id":"https:\/\/www.gaveanews.com\/index.php\/2025\/03\/14\/vai-renovar-flamengo-atende-exigencias-de-erick-pulgar\/#breadcrumb","itemListElement":[{"@type":"ListItem","position":1,"name":"Home","item":"https:\/\/www.gaveanews.com\/"},{"@type":"ListItem","position":2,"name":"Vai renovar! Flamengo atende exig\u00eancias de Erick Pulgar"}]},{"@type":"WebSite","@id":"https:\/\/www.gaveanews.com\/#website","url":"https:\/\/www.gaveanews.com\/","name":"G\u00e1vea News","description":"Veja todas as not\u00edcias sobre o Flamengo: Contrata\u00e7\u00f5es, categorias de base, resultados das partidas, tabela de classifica\u00e7\u00e3o, pr\u00f3ximos jogos!","potentialAction":[{"@type":"SearchAction","target":{"@type":"EntryPoint","urlTemplate":"https:\/\/www.gaveanews.com\/?s={search_term_string}"},"query-input":{"@type":"PropertyValueSpecification","valueRequired":true,"valueName":"search_term_string"}}],"inLanguage":"pt-BR"},{"@type":"Person","@id":"https:\/\/www.gaveanews.com\/#\/schema\/person\/c79759ca337c40791ae8d08e2923d403","name":"Brenda Cezillo","image":{"@type":"ImageObject","inLanguage":"pt-BR","@id":"https:\/\/www.gaveanews.com\/#\/schema\/person\/image\/","url":"https:\/\/secure.gravatar.com\/avatar\/1738d75cee7317f9c29ae61dd67620c5883d80a92e42a6fff88ae5d527af217a?s=96&d=mm&r=g","contentUrl":"https:\/\/secure.gravatar.com\/avatar\/1738d75cee7317f9c29ae61dd67620c5883d80a92e42a6fff88ae5d527af217a?s=96&d=mm&r=g","caption":"Brenda Cezillo"}}]}},"_links":{"self":[{"href":"https:\/\/www.gaveanews.com\/index.php\/wp-json\/wp\/v2\/posts\/239957","targetHints":{"allow":["GET"]}}],"collection":[{"href":"https:\/\/www.gaveanews.com\/index.php\/wp-json\/wp\/v2\/posts"}],"about":[{"href":"https:\/\/www.gaveanews.com\/index.php\/wp-json\/wp\/v2\/types\/post"}],"author":[{"embeddable":true,"href":"https:\/\/www.gaveanews.com\/index.php\/wp-json\/wp\/v2\/users\/33"}],"replies":[{"embeddable":true,"href":"https:\/\/www.gaveanews.com\/index.php\/wp-json\/wp\/v2\/comments?post=239957"}],"version-history":[{"count":1,"href":"https:\/\/www.gaveanews.com\/index.php\/wp-json\/wp\/v2\/posts\/239957\/revisions"}],"predecessor-version":[{"id":239960,"href":"https:\/\/www.gaveanews.com\/index.php\/wp-json\/wp\/v2\/posts\/239957\/revisions\/239960"}],"wp:featuredmedia":[{"embeddable":true,"href":"https:\/\/www.gaveanews.com\/index.php\/wp-json\/wp\/v2\/media\/85566"}],"wp:attachment":[{"href":"https:\/\/www.gaveanews.com\/index.php\/wp-json\/wp\/v2\/media?parent=239957"}],"wp:term":[{"taxonomy":"category","embeddable":true,"href":"https:\/\/www.gaveanews.com\/index.php\/wp-json\/wp\/v2\/categories?post=239957"},{"taxonomy":"post_tag","embeddable":true,"href":"https:\/\/www.gaveanews.com\/index.php\/wp-json\/wp\/v2\/tags?post=239957"}],"curies":[{"name":"wp","href":"https:\/\/api.w.org\/{rel}","templated":true}]}}