{"id":239979,"date":"2025-03-14T10:30:00","date_gmt":"2025-03-14T13:30:00","guid":{"rendered":"https:\/\/www.gaveanews.com\/?p=239979"},"modified":"2025-03-14T10:55:36","modified_gmt":"2025-03-14T13:55:36","slug":"veja-os-possiveis-adversarios-do-palmeiras-na-3a-fase-da-copa-do-brasil","status":"publish","type":"post","link":"https:\/\/www.gaveanews.com\/index.php\/2025\/03\/14\/veja-os-possiveis-adversarios-do-palmeiras-na-3a-fase-da-copa-do-brasil\/","title":{"rendered":"Veja os poss\u00edveis advers\u00e1rios do Palmeiras na 3\u00aa fase da Copa do Brasil"},"content":{"rendered":"\n<p>A Copa do Brasil finalmente chega \u00e0 terceira fase, e agora os times da Libertadores entram na disputa. Isso significa que o Palmeiras inicia sua caminhada no torneio.\u00a0<\/p>\n\n\n\n<p>A competi\u00e7\u00e3o ganhou novos contornos nesta quinta-feira (13), com a defini\u00e7\u00e3o dos 32 clubes classificados. Sendo assim, j\u00e1 \u00e9 poss\u00edvel projetar os poss\u00edveis advers\u00e1rios do Verd\u00e3o.<\/p>\n\n\n\n<h2 class=\"wp-block-heading\" id=\"h-sorteio-definira-os-confrontos\">Sorteio definir\u00e1 os confrontos<\/h2>\n\n\n\n<p>Como de costume, a Confedera\u00e7\u00e3o Brasileira de Futebol (CBF) realizar\u00e1 um sorteio para determinar os duelos da terceira fase. Os times foram divididos em dois potes: no primeiro, est\u00e3o as equipes de maior relev\u00e2ncia no cen\u00e1rio nacional, como Palmeiras, Flamengo e Atl\u00e9tico-MG. J\u00e1 no pote 2, figuram clubes de menor express\u00e3o, como Botafogo-PB e Aparecidense.<\/p>\n\n\n\n<p>O regulamento da Copa do Brasil estabelece que um time do pote 1 enfrentar\u00e1 um do pote 2. Portanto, o Palmeiras pode encarar qualquer advers\u00e1rio do segundo grupo.&nbsp;<\/p>\n\n\n\n<p>Vale destacar que a terceira fase j\u00e1 conta com partidas de ida e volta, diferentemente das etapas anteriores, que foram disputadas em jogo \u00fanico.<\/p>\n\n\n\n<h2 class=\"wp-block-heading\" id=\"h-quem-pode-cruzar-o-caminho-do-verdao\">Quem pode cruzar o caminho do Verd\u00e3o?<\/h2>\n\n\n\n<p>Dessa maneira, o Palmeiras pode ter pela frente equipes como Cear\u00e1, Crici\u00fama, Vila Nova e at\u00e9 mesmo o surpreendente Maracan\u00e3, que eliminou o Amazonas. Veja os times que est\u00e3o no pote 2 e que podem ser rivais do Palmeiras:<\/p>\n\n\n\n<ul class=\"wp-block-list\">\n<li><strong>Cear\u00e1<\/strong><\/li>\n\n\n\n<li><strong>Crici\u00fama<\/strong><\/li>\n\n\n\n<li><strong>CRB<\/strong><\/li>\n\n\n\n<li><strong>Oper\u00e1rio-PR<\/strong><\/li>\n\n\n\n<li><strong>Brusque<\/strong><\/li>\n\n\n\n<li><strong>Novorizontino<\/strong><\/li>\n\n\n\n<li><strong>Paysandu<\/strong><\/li>\n\n\n\n<li><strong>N\u00e1utico<\/strong><\/li>\n\n\n\n<li><strong>Botafogo-PB<\/strong><\/li>\n\n\n\n<li><strong>Aparecidense<\/strong><\/li>\n\n\n\n<li><strong>Retr\u00f4<\/strong><\/li>\n\n\n\n<li><strong>Maring\u00e1<\/strong><\/li>\n\n\n\n<li><strong>Maracan\u00e3<\/strong><\/li>\n\n\n\n<li><strong>Vila Nova<\/strong><\/li>\n\n\n\n<li><strong>CSA<\/strong><\/li>\n\n\n\n<li><strong>Capital<\/strong><\/li>\n<\/ul>\n\n\n\n<p>Cabe ressaltar que, apesar da diferen\u00e7a t\u00e9cnica entre os potes, a Copa do Brasil costuma reservar surpresas, como a elimina\u00e7\u00e3o do Vit\u00f3ria para o N\u00e1utico.<\/p>\n\n\n\n<h2 class=\"wp-block-heading\" id=\"h-quando-o-palmeiras-estreia-no-torneio\">Quando o Palmeiras estreia no torneio?<\/h2>\n\n\n\n<p>O Verd\u00e3o deve entrar em campo pela Copa do Brasil no m\u00eas de abril, mas a CBF ainda n\u00e3o confirmou as datas exatas dos confrontos. Com isso, a equipe comandada por Abel Ferreira segue focada nos compromissos do in\u00edcio da temporada.<\/p>\n\n\n\n<p>Al\u00e9m disso, antes de estrear na competi\u00e7\u00e3o nacional, o Palmeiras ter\u00e1 jogos importantes pelo Campeonato Paulista e a estreia na fase de grupos da Libertadores. Por isso, a comiss\u00e3o t\u00e9cnica precisar\u00e1 administrar bem o elenco para evitar desgaste e manter o alto n\u00edvel de desempenho.<\/p>\n","protected":false},"excerpt":{"rendered":"<p>A Copa do Brasil finalmente chega \u00e0 terceira fase, e agora os times da Libertadores entram na disputa. Isso significa que o Palmeiras inicia sua caminhada no torneio.\u00a0 A competi\u00e7\u00e3o ganhou novos contornos nesta quinta-feira (13), com a defini\u00e7\u00e3o dos 32 clubes classificados. Sendo assim, j\u00e1 \u00e9 poss\u00edvel projetar os poss\u00edveis advers\u00e1rios do Verd\u00e3o. Sorteio [&hellip;]<\/p>\n","protected":false},"author":25,"featured_media":155182,"comment_status":"open","ping_status":"closed","sticky":false,"template":"","format":"standard","meta":{"footnotes":""},"categories":[150],"tags":[],"class_list":["post-239979","post","type-post","status-publish","format-standard","has-post-thumbnail","hentry","category-palmeiras"],"yoast_head":"<!-- This site is optimized with the Yoast SEO Premium plugin v24.2 (Yoast SEO v26.9) - https:\/\/yoast.com\/product\/yoast-seo-premium-wordpress\/ -->\n<title>Veja os poss\u00edveis advers\u00e1rios do Palmeiras na 3\u00aa fase da Copa do Brasil<\/title>\n<meta name=\"robots\" content=\"index, follow, max-snippet:-1, max-image-preview:large, max-video-preview:-1\" \/>\n<link rel=\"canonical\" href=\"https:\/\/www.gaveanews.com\/index.php\/2025\/03\/14\/veja-os-possiveis-adversarios-do-palmeiras-na-3a-fase-da-copa-do-brasil\/\" \/>\n<meta property=\"og:locale\" content=\"pt_BR\" \/>\n<meta property=\"og:type\" content=\"article\" \/>\n<meta property=\"og:title\" content=\"Veja os poss\u00edveis advers\u00e1rios do Palmeiras na 3\u00aa fase da Copa do Brasil\" \/>\n<meta property=\"og:description\" content=\"A Copa do Brasil finalmente chega \u00e0 terceira fase, e agora os times da Libertadores entram na disputa. Isso significa que o Palmeiras inicia sua caminhada no torneio.\u00a0 A competi\u00e7\u00e3o ganhou novos contornos nesta quinta-feira (13), com a defini\u00e7\u00e3o dos 32 clubes classificados. Sendo assim, j\u00e1 \u00e9 poss\u00edvel projetar os poss\u00edveis advers\u00e1rios do Verd\u00e3o. Sorteio [&hellip;]\" \/>\n<meta property=\"og:url\" content=\"https:\/\/www.gaveanews.com\/index.php\/2025\/03\/14\/veja-os-possiveis-adversarios-do-palmeiras-na-3a-fase-da-copa-do-brasil\/\" \/>\n<meta property=\"og:site_name\" content=\"G\u00e1vea News\" \/>\n<meta property=\"article:publisher\" content=\"https:\/\/facebook.com\/gaveaNews\/\" \/>\n<meta property=\"article:published_time\" content=\"2025-03-14T13:30:00+00:00\" \/>\n<meta property=\"article:modified_time\" content=\"2025-03-14T13:55:36+00:00\" \/>\n<meta property=\"og:image\" content=\"http:\/\/www.gaveanews.com\/wp-content\/uploads\/Allianz-Parque-estadio-do-Palmeiras.webp\" \/>\n\t<meta property=\"og:image:width\" content=\"1023\" \/>\n\t<meta property=\"og:image:height\" content=\"767\" \/>\n\t<meta property=\"og:image:type\" content=\"image\/webp\" \/>\n<meta name=\"author\" content=\"Rafaela Ladeira\" \/>\n<meta name=\"twitter:card\" content=\"summary_large_image\" \/>\n<meta name=\"twitter:label1\" content=\"Escrito por\" \/>\n\t<meta name=\"twitter:data1\" content=\"Rafaela Ladeira\" \/>\n\t<meta name=\"twitter:label2\" content=\"Est. tempo de leitura\" \/>\n\t<meta name=\"twitter:data2\" content=\"3 minutos\" \/>\n<script type=\"application\/ld+json\" class=\"yoast-schema-graph\">{\"@context\":\"https:\/\/schema.org\",\"@graph\":[{\"@type\":\"NewsArticle\",\"@id\":\"https:\/\/www.gaveanews.com\/index.php\/2025\/03\/14\/veja-os-possiveis-adversarios-do-palmeiras-na-3a-fase-da-copa-do-brasil\/#article\",\"isPartOf\":{\"@id\":\"https:\/\/www.gaveanews.com\/index.php\/2025\/03\/14\/veja-os-possiveis-adversarios-do-palmeiras-na-3a-fase-da-copa-do-brasil\/\"},\"author\":{\"name\":\"Rafaela Ladeira\",\"@id\":\"https:\/\/www.gaveanews.com\/#\/schema\/person\/0eb3e3fe1754f0205218538adbe8f5ed\"},\"headline\":\"Veja os poss\u00edveis advers\u00e1rios do Palmeiras na 3\u00aa fase da Copa do Brasil\",\"datePublished\":\"2025-03-14T13:30:00+00:00\",\"dateModified\":\"2025-03-14T13:55:36+00:00\",\"mainEntityOfPage\":{\"@id\":\"https:\/\/www.gaveanews.com\/index.php\/2025\/03\/14\/veja-os-possiveis-adversarios-do-palmeiras-na-3a-fase-da-copa-do-brasil\/\"},\"wordCount\":385,\"commentCount\":0,\"image\":{\"@id\":\"https:\/\/www.gaveanews.com\/index.php\/2025\/03\/14\/veja-os-possiveis-adversarios-do-palmeiras-na-3a-fase-da-copa-do-brasil\/#primaryimage\"},\"thumbnailUrl\":\"https:\/\/www.gaveanews.com\/wp-content\/uploads\/Allianz-Parque-estadio-do-Palmeiras.webp\",\"articleSection\":[\"Palmeiras\"],\"inLanguage\":\"pt-BR\",\"potentialAction\":[{\"@type\":\"CommentAction\",\"name\":\"Comment\",\"target\":[\"https:\/\/www.gaveanews.com\/index.php\/2025\/03\/14\/veja-os-possiveis-adversarios-do-palmeiras-na-3a-fase-da-copa-do-brasil\/#respond\"]}],\"copyrightYear\":\"2025\",\"copyrightHolder\":{\"@id\":\"https:\/\/www.gaveanews.com\/#organization\"}},{\"@type\":\"WebPage\",\"@id\":\"https:\/\/www.gaveanews.com\/index.php\/2025\/03\/14\/veja-os-possiveis-adversarios-do-palmeiras-na-3a-fase-da-copa-do-brasil\/\",\"url\":\"https:\/\/www.gaveanews.com\/index.php\/2025\/03\/14\/veja-os-possiveis-adversarios-do-palmeiras-na-3a-fase-da-copa-do-brasil\/\",\"name\":\"Veja os poss\u00edveis advers\u00e1rios do Palmeiras na 3\u00aa fase da Copa do Brasil\",\"isPartOf\":{\"@id\":\"https:\/\/www.gaveanews.com\/#website\"},\"primaryImageOfPage\":{\"@id\":\"https:\/\/www.gaveanews.com\/index.php\/2025\/03\/14\/veja-os-possiveis-adversarios-do-palmeiras-na-3a-fase-da-copa-do-brasil\/#primaryimage\"},\"image\":{\"@id\":\"https:\/\/www.gaveanews.com\/index.php\/2025\/03\/14\/veja-os-possiveis-adversarios-do-palmeiras-na-3a-fase-da-copa-do-brasil\/#primaryimage\"},\"thumbnailUrl\":\"https:\/\/www.gaveanews.com\/wp-content\/uploads\/Allianz-Parque-estadio-do-Palmeiras.webp\",\"datePublished\":\"2025-03-14T13:30:00+00:00\",\"dateModified\":\"2025-03-14T13:55:36+00:00\",\"author\":{\"@id\":\"https:\/\/www.gaveanews.com\/#\/schema\/person\/0eb3e3fe1754f0205218538adbe8f5ed\"},\"breadcrumb\":{\"@id\":\"https:\/\/www.gaveanews.com\/index.php\/2025\/03\/14\/veja-os-possiveis-adversarios-do-palmeiras-na-3a-fase-da-copa-do-brasil\/#breadcrumb\"},\"inLanguage\":\"pt-BR\",\"potentialAction\":[{\"@type\":\"ReadAction\",\"target\":[\"https:\/\/www.gaveanews.com\/index.php\/2025\/03\/14\/veja-os-possiveis-adversarios-do-palmeiras-na-3a-fase-da-copa-do-brasil\/\"]}]},{\"@type\":\"ImageObject\",\"inLanguage\":\"pt-BR\",\"@id\":\"https:\/\/www.gaveanews.com\/index.php\/2025\/03\/14\/veja-os-possiveis-adversarios-do-palmeiras-na-3a-fase-da-copa-do-brasil\/#primaryimage\",\"url\":\"https:\/\/www.gaveanews.com\/wp-content\/uploads\/Allianz-Parque-estadio-do-Palmeiras.webp\",\"contentUrl\":\"https:\/\/www.gaveanews.com\/wp-content\/uploads\/Allianz-Parque-estadio-do-Palmeiras.webp\",\"width\":1023,\"height\":767,\"caption\":\"Allianz Parque, est\u00e1dio do Palmeiras (Foto: Reprodu\u00e7\u00e3o\/Palmeiras)\"},{\"@type\":\"BreadcrumbList\",\"@id\":\"https:\/\/www.gaveanews.com\/index.php\/2025\/03\/14\/veja-os-possiveis-adversarios-do-palmeiras-na-3a-fase-da-copa-do-brasil\/#breadcrumb\",\"itemListElement\":[{\"@type\":\"ListItem\",\"position\":1,\"name\":\"Home\",\"item\":\"https:\/\/www.gaveanews.com\/\"},{\"@type\":\"ListItem\",\"position\":2,\"name\":\"Veja os poss\u00edveis advers\u00e1rios do Palmeiras na 3\u00aa fase da Copa do Brasil\"}]},{\"@type\":\"WebSite\",\"@id\":\"https:\/\/www.gaveanews.com\/#website\",\"url\":\"https:\/\/www.gaveanews.com\/\",\"name\":\"G\u00e1vea News\",\"description\":\"Veja todas as not\u00edcias sobre o Flamengo: Contrata\u00e7\u00f5es, categorias de base, resultados das partidas, tabela de classifica\u00e7\u00e3o, pr\u00f3ximos jogos!\",\"potentialAction\":[{\"@type\":\"SearchAction\",\"target\":{\"@type\":\"EntryPoint\",\"urlTemplate\":\"https:\/\/www.gaveanews.com\/?s={search_term_string}\"},\"query-input\":{\"@type\":\"PropertyValueSpecification\",\"valueRequired\":true,\"valueName\":\"search_term_string\"}}],\"inLanguage\":\"pt-BR\"},{\"@type\":\"Person\",\"@id\":\"https:\/\/www.gaveanews.com\/#\/schema\/person\/0eb3e3fe1754f0205218538adbe8f5ed\",\"name\":\"Rafaela Ladeira\",\"image\":{\"@type\":\"ImageObject\",\"inLanguage\":\"pt-BR\",\"@id\":\"https:\/\/www.gaveanews.com\/#\/schema\/person\/image\/\",\"url\":\"https:\/\/secure.gravatar.com\/avatar\/c31f513acffd85eacab5730cbdfdbbf59f21ba5aeada8cd890acea879fbb2455?s=96&d=mm&r=g\",\"contentUrl\":\"https:\/\/secure.gravatar.com\/avatar\/c31f513acffd85eacab5730cbdfdbbf59f21ba5aeada8cd890acea879fbb2455?s=96&d=mm&r=g\",\"caption\":\"Rafaela Ladeira\"}}]}<\/script>\n<!-- \/ Yoast SEO Premium plugin. -->","yoast_head_json":{"title":"Veja os poss\u00edveis advers\u00e1rios do Palmeiras na 3\u00aa fase da Copa do Brasil","robots":{"index":"index","follow":"follow","max-snippet":"max-snippet:-1","max-image-preview":"max-image-preview:large","max-video-preview":"max-video-preview:-1"},"canonical":"https:\/\/www.gaveanews.com\/index.php\/2025\/03\/14\/veja-os-possiveis-adversarios-do-palmeiras-na-3a-fase-da-copa-do-brasil\/","og_locale":"pt_BR","og_type":"article","og_title":"Veja os poss\u00edveis advers\u00e1rios do Palmeiras na 3\u00aa fase da Copa do Brasil","og_description":"A Copa do Brasil finalmente chega \u00e0 terceira fase, e agora os times da Libertadores entram na disputa. Isso significa que o Palmeiras inicia sua caminhada no torneio.\u00a0 A competi\u00e7\u00e3o ganhou novos contornos nesta quinta-feira (13), com a defini\u00e7\u00e3o dos 32 clubes classificados. Sendo assim, j\u00e1 \u00e9 poss\u00edvel projetar os poss\u00edveis advers\u00e1rios do Verd\u00e3o. Sorteio [&hellip;]","og_url":"https:\/\/www.gaveanews.com\/index.php\/2025\/03\/14\/veja-os-possiveis-adversarios-do-palmeiras-na-3a-fase-da-copa-do-brasil\/","og_site_name":"G\u00e1vea News","article_publisher":"https:\/\/facebook.com\/gaveaNews\/","article_published_time":"2025-03-14T13:30:00+00:00","article_modified_time":"2025-03-14T13:55:36+00:00","og_image":[{"width":1023,"height":767,"url":"http:\/\/www.gaveanews.com\/wp-content\/uploads\/Allianz-Parque-estadio-do-Palmeiras.webp","type":"image\/webp"}],"author":"Rafaela Ladeira","twitter_card":"summary_large_image","twitter_misc":{"Escrito por":"Rafaela Ladeira","Est. tempo de leitura":"3 minutos"},"schema":{"@context":"https:\/\/schema.org","@graph":[{"@type":"NewsArticle","@id":"https:\/\/www.gaveanews.com\/index.php\/2025\/03\/14\/veja-os-possiveis-adversarios-do-palmeiras-na-3a-fase-da-copa-do-brasil\/#article","isPartOf":{"@id":"https:\/\/www.gaveanews.com\/index.php\/2025\/03\/14\/veja-os-possiveis-adversarios-do-palmeiras-na-3a-fase-da-copa-do-brasil\/"},"author":{"name":"Rafaela Ladeira","@id":"https:\/\/www.gaveanews.com\/#\/schema\/person\/0eb3e3fe1754f0205218538adbe8f5ed"},"headline":"Veja os poss\u00edveis advers\u00e1rios do Palmeiras na 3\u00aa fase da Copa do Brasil","datePublished":"2025-03-14T13:30:00+00:00","dateModified":"2025-03-14T13:55:36+00:00","mainEntityOfPage":{"@id":"https:\/\/www.gaveanews.com\/index.php\/2025\/03\/14\/veja-os-possiveis-adversarios-do-palmeiras-na-3a-fase-da-copa-do-brasil\/"},"wordCount":385,"commentCount":0,"image":{"@id":"https:\/\/www.gaveanews.com\/index.php\/2025\/03\/14\/veja-os-possiveis-adversarios-do-palmeiras-na-3a-fase-da-copa-do-brasil\/#primaryimage"},"thumbnailUrl":"https:\/\/www.gaveanews.com\/wp-content\/uploads\/Allianz-Parque-estadio-do-Palmeiras.webp","articleSection":["Palmeiras"],"inLanguage":"pt-BR","potentialAction":[{"@type":"CommentAction","name":"Comment","target":["https:\/\/www.gaveanews.com\/index.php\/2025\/03\/14\/veja-os-possiveis-adversarios-do-palmeiras-na-3a-fase-da-copa-do-brasil\/#respond"]}],"copyrightYear":"2025","copyrightHolder":{"@id":"https:\/\/www.gaveanews.com\/#organization"}},{"@type":"WebPage","@id":"https:\/\/www.gaveanews.com\/index.php\/2025\/03\/14\/veja-os-possiveis-adversarios-do-palmeiras-na-3a-fase-da-copa-do-brasil\/","url":"https:\/\/www.gaveanews.com\/index.php\/2025\/03\/14\/veja-os-possiveis-adversarios-do-palmeiras-na-3a-fase-da-copa-do-brasil\/","name":"Veja os poss\u00edveis advers\u00e1rios do Palmeiras na 3\u00aa fase da Copa do Brasil","isPartOf":{"@id":"https:\/\/www.gaveanews.com\/#website"},"primaryImageOfPage":{"@id":"https:\/\/www.gaveanews.com\/index.php\/2025\/03\/14\/veja-os-possiveis-adversarios-do-palmeiras-na-3a-fase-da-copa-do-brasil\/#primaryimage"},"image":{"@id":"https:\/\/www.gaveanews.com\/index.php\/2025\/03\/14\/veja-os-possiveis-adversarios-do-palmeiras-na-3a-fase-da-copa-do-brasil\/#primaryimage"},"thumbnailUrl":"https:\/\/www.gaveanews.com\/wp-content\/uploads\/Allianz-Parque-estadio-do-Palmeiras.webp","datePublished":"2025-03-14T13:30:00+00:00","dateModified":"2025-03-14T13:55:36+00:00","author":{"@id":"https:\/\/www.gaveanews.com\/#\/schema\/person\/0eb3e3fe1754f0205218538adbe8f5ed"},"breadcrumb":{"@id":"https:\/\/www.gaveanews.com\/index.php\/2025\/03\/14\/veja-os-possiveis-adversarios-do-palmeiras-na-3a-fase-da-copa-do-brasil\/#breadcrumb"},"inLanguage":"pt-BR","potentialAction":[{"@type":"ReadAction","target":["https:\/\/www.gaveanews.com\/index.php\/2025\/03\/14\/veja-os-possiveis-adversarios-do-palmeiras-na-3a-fase-da-copa-do-brasil\/"]}]},{"@type":"ImageObject","inLanguage":"pt-BR","@id":"https:\/\/www.gaveanews.com\/index.php\/2025\/03\/14\/veja-os-possiveis-adversarios-do-palmeiras-na-3a-fase-da-copa-do-brasil\/#primaryimage","url":"https:\/\/www.gaveanews.com\/wp-content\/uploads\/Allianz-Parque-estadio-do-Palmeiras.webp","contentUrl":"https:\/\/www.gaveanews.com\/wp-content\/uploads\/Allianz-Parque-estadio-do-Palmeiras.webp","width":1023,"height":767,"caption":"Allianz Parque, est\u00e1dio do Palmeiras (Foto: Reprodu\u00e7\u00e3o\/Palmeiras)"},{"@type":"BreadcrumbList","@id":"https:\/\/www.gaveanews.com\/index.php\/2025\/03\/14\/veja-os-possiveis-adversarios-do-palmeiras-na-3a-fase-da-copa-do-brasil\/#breadcrumb","itemListElement":[{"@type":"ListItem","position":1,"name":"Home","item":"https:\/\/www.gaveanews.com\/"},{"@type":"ListItem","position":2,"name":"Veja os poss\u00edveis advers\u00e1rios do Palmeiras na 3\u00aa fase da Copa do Brasil"}]},{"@type":"WebSite","@id":"https:\/\/www.gaveanews.com\/#website","url":"https:\/\/www.gaveanews.com\/","name":"G\u00e1vea News","description":"Veja todas as not\u00edcias sobre o Flamengo: Contrata\u00e7\u00f5es, categorias de base, resultados das partidas, tabela de classifica\u00e7\u00e3o, pr\u00f3ximos jogos!","potentialAction":[{"@type":"SearchAction","target":{"@type":"EntryPoint","urlTemplate":"https:\/\/www.gaveanews.com\/?s={search_term_string}"},"query-input":{"@type":"PropertyValueSpecification","valueRequired":true,"valueName":"search_term_string"}}],"inLanguage":"pt-BR"},{"@type":"Person","@id":"https:\/\/www.gaveanews.com\/#\/schema\/person\/0eb3e3fe1754f0205218538adbe8f5ed","name":"Rafaela Ladeira","image":{"@type":"ImageObject","inLanguage":"pt-BR","@id":"https:\/\/www.gaveanews.com\/#\/schema\/person\/image\/","url":"https:\/\/secure.gravatar.com\/avatar\/c31f513acffd85eacab5730cbdfdbbf59f21ba5aeada8cd890acea879fbb2455?s=96&d=mm&r=g","contentUrl":"https:\/\/secure.gravatar.com\/avatar\/c31f513acffd85eacab5730cbdfdbbf59f21ba5aeada8cd890acea879fbb2455?s=96&d=mm&r=g","caption":"Rafaela Ladeira"}}]}},"_links":{"self":[{"href":"https:\/\/www.gaveanews.com\/index.php\/wp-json\/wp\/v2\/posts\/239979","targetHints":{"allow":["GET"]}}],"collection":[{"href":"https:\/\/www.gaveanews.com\/index.php\/wp-json\/wp\/v2\/posts"}],"about":[{"href":"https:\/\/www.gaveanews.com\/index.php\/wp-json\/wp\/v2\/types\/post"}],"author":[{"embeddable":true,"href":"https:\/\/www.gaveanews.com\/index.php\/wp-json\/wp\/v2\/users\/25"}],"replies":[{"embeddable":true,"href":"https:\/\/www.gaveanews.com\/index.php\/wp-json\/wp\/v2\/comments?post=239979"}],"version-history":[{"count":2,"href":"https:\/\/www.gaveanews.com\/index.php\/wp-json\/wp\/v2\/posts\/239979\/revisions"}],"predecessor-version":[{"id":240013,"href":"https:\/\/www.gaveanews.com\/index.php\/wp-json\/wp\/v2\/posts\/239979\/revisions\/240013"}],"wp:featuredmedia":[{"embeddable":true,"href":"https:\/\/www.gaveanews.com\/index.php\/wp-json\/wp\/v2\/media\/155182"}],"wp:attachment":[{"href":"https:\/\/www.gaveanews.com\/index.php\/wp-json\/wp\/v2\/media?parent=239979"}],"wp:term":[{"taxonomy":"category","embeddable":true,"href":"https:\/\/www.gaveanews.com\/index.php\/wp-json\/wp\/v2\/categories?post=239979"},{"taxonomy":"post_tag","embeddable":true,"href":"https:\/\/www.gaveanews.com\/index.php\/wp-json\/wp\/v2\/tags?post=239979"}],"curies":[{"name":"wp","href":"https:\/\/api.w.org\/{rel}","templated":true}]}}