{"id":239983,"date":"2025-03-14T10:35:00","date_gmt":"2025-03-14T13:35:00","guid":{"rendered":"https:\/\/www.gaveanews.com\/?p=239983"},"modified":"2025-03-14T10:11:20","modified_gmt":"2025-03-14T13:11:20","slug":"flamengo-x-fluminense-mano-menezes-ganha-reforco-para-final","status":"publish","type":"post","link":"https:\/\/www.gaveanews.com\/index.php\/2025\/03\/14\/flamengo-x-fluminense-mano-menezes-ganha-reforco-para-final\/","title":{"rendered":"Flamengo x Fluminense: Mano Menezes ganha refor\u00e7o para final"},"content":{"rendered":"\n<p>A decis\u00e3o do Campeonato Carioca promete mais emo\u00e7\u00f5es neste domingo (16). Flamengo e Fluminense entram em campo no Maracan\u00e3 para definir quem ser\u00e1 o campe\u00e3o estadual de 2024. O Rubro-Negro tem vantagem ap\u00f3s vencer a primeira partida por 2 a 1, mas o Tricolor das Laranjeiras conta com um refor\u00e7o importante para tentar reverter o cen\u00e1rio.<\/p>\n\n\n\n<h2 class=\"wp-block-heading\" id=\"h-lima-volta-a-ficar-a-disposicao-do-fluminense\">Lima volta a ficar \u00e0 disposi\u00e7\u00e3o do Fluminense<\/h2>\n\n\n\n<figure class=\"wp-block-image size-large\"><img loading=\"lazy\" decoding=\"async\" width=\"1024\" height=\"576\" src=\"http:\/\/www.gaveanews.com\/wp-content\/uploads\/Lima-pelo-Fluminense-1024x576.webp\" alt=\"\" class=\"wp-image-169793\" srcset=\"https:\/\/www.gaveanews.com\/wp-content\/uploads\/Lima-pelo-Fluminense-1024x576.webp 1024w, https:\/\/www.gaveanews.com\/wp-content\/uploads\/Lima-pelo-Fluminense-300x169.webp 300w, https:\/\/www.gaveanews.com\/wp-content\/uploads\/Lima-pelo-Fluminense-768x432.webp 768w, https:\/\/www.gaveanews.com\/wp-content\/uploads\/Lima-pelo-Fluminense-1536x864.webp 1536w, https:\/\/www.gaveanews.com\/wp-content\/uploads\/Lima-pelo-Fluminense-747x420.webp 747w, https:\/\/www.gaveanews.com\/wp-content\/uploads\/Lima-pelo-Fluminense-1493x840.webp 1493w, https:\/\/www.gaveanews.com\/wp-content\/uploads\/Lima-pelo-Fluminense-640x360.webp 640w, https:\/\/www.gaveanews.com\/wp-content\/uploads\/Lima-pelo-Fluminense-1280x720.webp 1280w, https:\/\/www.gaveanews.com\/wp-content\/uploads\/Lima-pelo-Fluminense-681x383.webp 681w, https:\/\/www.gaveanews.com\/wp-content\/uploads\/Lima-pelo-Fluminense-1362x766.webp 1362w, https:\/\/www.gaveanews.com\/wp-content\/uploads\/Lima-pelo-Fluminense-100x56.webp 100w, https:\/\/www.gaveanews.com\/wp-content\/uploads\/Lima-pelo-Fluminense.webp 1600w\" sizes=\"auto, (max-width: 1024px) 100vw, 1024px\" \/><figcaption class=\"wp-element-caption\">Lima pelo Fluminense (Foto: Mailson Santana\/Fluminense)<\/figcaption><\/figure>\n\n\n\n<p>O meio-campista Lima est\u00e1 pronto para atuar na final. O jogador ficou fora da primeira partida contra o Flamengo por conta de dores na panturrilha da coxa direita, mas j\u00e1 est\u00e1 recuperado e treinando normalmente. Sendo assim, Mano Menezes ter\u00e1 mais uma op\u00e7\u00e3o no setor ofensivo para buscar a virada no segundo jogo.<\/p>\n\n\n\n<p>Vale destacar que Lima j\u00e1 havia retornado aos treinos na ter\u00e7a-feira (11), por\u00e9m, como ainda estava em transi\u00e7\u00e3o f\u00edsica, a comiss\u00e3o t\u00e9cnica preferiu poup\u00e1-lo na partida de ida. Agora, com isso, o meia estar\u00e1 \u00e0 disposi\u00e7\u00e3o para ajudar o Fluminense a tentar conquistar o t\u00edtulo.<\/p>\n\n\n\n<h2 class=\"wp-block-heading\" id=\"h-desfalque-no-flu-e-vantagem-do-flamengo\">Desfalque no Flu e vantagem do Flamengo<\/h2>\n\n\n\n<p>Enquanto Lima refor\u00e7a o Fluminense, o zagueiro Juan Freytes ser\u00e1 aus\u00eancia importante. Isso porque o defensor foi expulso ap\u00f3s o apito final do primeiro jogo, depois de se envolver em uma confus\u00e3o com Luiz Ara\u00fajo. Dessa maneira, Mano Menezes precisar\u00e1 encontrar um substituto para a defesa.<\/p>\n\n\n\n<p>J\u00e1 o Flamengo entra em campo com a vantagem de poder empatar para levantar a ta\u00e7a. Por isso, o Rubro-Negro pode adotar uma postura mais estrat\u00e9gica para controlar o jogo. Caso o Fluminense ven\u00e7a por um gol de diferen\u00e7a, a decis\u00e3o ir\u00e1 para os p\u00eanaltis.<\/p>\n\n\n\n<h2 class=\"wp-block-heading\" id=\"h-quando-e-onde-assistir-a-final-do-carioca\">Quando e onde assistir \u00e0 final do Carioca<\/h2>\n\n\n\n<p>O jogo de volta entre Flamengo e Fluminense acontece neste domingo (16), \u00e0s 16h (hor\u00e1rio de Bras\u00edlia), no Maracan\u00e3. A expectativa \u00e9 de casa cheia para mais um cap\u00edtulo da rivalidade entre os clubes. Afinal, al\u00e9m do t\u00edtulo, est\u00e1 em jogo a supremacia no futebol carioca.<\/p>\n","protected":false},"excerpt":{"rendered":"<p>A decis\u00e3o do Campeonato Carioca promete mais emo\u00e7\u00f5es neste domingo (16). Flamengo e Fluminense entram em campo no Maracan\u00e3 para definir quem ser\u00e1 o campe\u00e3o estadual de 2024. O Rubro-Negro tem vantagem ap\u00f3s vencer a primeira partida por 2 a 1, mas o Tricolor das Laranjeiras conta com um refor\u00e7o importante para tentar reverter o [&hellip;]<\/p>\n","protected":false},"author":25,"featured_media":150636,"comment_status":"open","ping_status":"closed","sticky":false,"template":"","format":"standard","meta":{"footnotes":""},"categories":[145],"tags":[],"class_list":["post-239983","post","type-post","status-publish","format-standard","has-post-thumbnail","hentry","category-fluminense"],"yoast_head":"<!-- This site is optimized with the Yoast SEO Premium plugin v24.2 (Yoast SEO v26.9) - https:\/\/yoast.com\/product\/yoast-seo-premium-wordpress\/ -->\n<title>Flamengo x Fluminense: Mano Menezes ganha refor\u00e7o para final<\/title>\n<meta name=\"robots\" content=\"index, follow, max-snippet:-1, max-image-preview:large, max-video-preview:-1\" \/>\n<link rel=\"canonical\" href=\"https:\/\/www.gaveanews.com\/index.php\/2025\/03\/14\/flamengo-x-fluminense-mano-menezes-ganha-reforco-para-final\/\" \/>\n<meta property=\"og:locale\" content=\"pt_BR\" \/>\n<meta property=\"og:type\" content=\"article\" \/>\n<meta property=\"og:title\" content=\"Flamengo x Fluminense: Mano Menezes ganha refor\u00e7o para final\" \/>\n<meta property=\"og:description\" content=\"A decis\u00e3o do Campeonato Carioca promete mais emo\u00e7\u00f5es neste domingo (16). Flamengo e Fluminense entram em campo no Maracan\u00e3 para definir quem ser\u00e1 o campe\u00e3o estadual de 2024. O Rubro-Negro tem vantagem ap\u00f3s vencer a primeira partida por 2 a 1, mas o Tricolor das Laranjeiras conta com um refor\u00e7o importante para tentar reverter o [&hellip;]\" \/>\n<meta property=\"og:url\" content=\"https:\/\/www.gaveanews.com\/index.php\/2025\/03\/14\/flamengo-x-fluminense-mano-menezes-ganha-reforco-para-final\/\" \/>\n<meta property=\"og:site_name\" content=\"G\u00e1vea News\" \/>\n<meta property=\"article:publisher\" content=\"https:\/\/facebook.com\/gaveaNews\/\" \/>\n<meta property=\"article:published_time\" content=\"2025-03-14T13:35:00+00:00\" \/>\n<meta property=\"og:image\" content=\"https:\/\/www.gaveanews.com\/wp-content\/uploads\/image-2024-07-03T203303.359.webp\" \/>\n\t<meta property=\"og:image:width\" content=\"740\" \/>\n\t<meta property=\"og:image:height\" content=\"416\" \/>\n\t<meta property=\"og:image:type\" content=\"image\/webp\" \/>\n<meta name=\"author\" content=\"Rafaela Ladeira\" \/>\n<meta name=\"twitter:card\" content=\"summary_large_image\" \/>\n<meta name=\"twitter:label1\" content=\"Escrito por\" \/>\n\t<meta name=\"twitter:data1\" content=\"Rafaela Ladeira\" \/>\n\t<meta name=\"twitter:label2\" content=\"Est. tempo de leitura\" \/>\n\t<meta name=\"twitter:data2\" content=\"3 minutos\" \/>\n<script type=\"application\/ld+json\" class=\"yoast-schema-graph\">{\"@context\":\"https:\/\/schema.org\",\"@graph\":[{\"@type\":\"NewsArticle\",\"@id\":\"https:\/\/www.gaveanews.com\/index.php\/2025\/03\/14\/flamengo-x-fluminense-mano-menezes-ganha-reforco-para-final\/#article\",\"isPartOf\":{\"@id\":\"https:\/\/www.gaveanews.com\/index.php\/2025\/03\/14\/flamengo-x-fluminense-mano-menezes-ganha-reforco-para-final\/\"},\"author\":{\"name\":\"Rafaela Ladeira\",\"@id\":\"https:\/\/www.gaveanews.com\/#\/schema\/person\/0eb3e3fe1754f0205218538adbe8f5ed\"},\"headline\":\"Flamengo x Fluminense: Mano Menezes ganha refor\u00e7o para final\",\"datePublished\":\"2025-03-14T13:35:00+00:00\",\"mainEntityOfPage\":{\"@id\":\"https:\/\/www.gaveanews.com\/index.php\/2025\/03\/14\/flamengo-x-fluminense-mano-menezes-ganha-reforco-para-final\/\"},\"wordCount\":354,\"commentCount\":0,\"image\":{\"@id\":\"https:\/\/www.gaveanews.com\/index.php\/2025\/03\/14\/flamengo-x-fluminense-mano-menezes-ganha-reforco-para-final\/#primaryimage\"},\"thumbnailUrl\":\"https:\/\/www.gaveanews.com\/wp-content\/uploads\/image-2024-07-03T203303.359.webp\",\"articleSection\":[\"Fluminense\"],\"inLanguage\":\"pt-BR\",\"potentialAction\":[{\"@type\":\"CommentAction\",\"name\":\"Comment\",\"target\":[\"https:\/\/www.gaveanews.com\/index.php\/2025\/03\/14\/flamengo-x-fluminense-mano-menezes-ganha-reforco-para-final\/#respond\"]}],\"copyrightYear\":\"2025\",\"copyrightHolder\":{\"@id\":\"https:\/\/www.gaveanews.com\/#organization\"}},{\"@type\":\"WebPage\",\"@id\":\"https:\/\/www.gaveanews.com\/index.php\/2025\/03\/14\/flamengo-x-fluminense-mano-menezes-ganha-reforco-para-final\/\",\"url\":\"https:\/\/www.gaveanews.com\/index.php\/2025\/03\/14\/flamengo-x-fluminense-mano-menezes-ganha-reforco-para-final\/\",\"name\":\"Flamengo x Fluminense: Mano Menezes ganha refor\u00e7o para final\",\"isPartOf\":{\"@id\":\"https:\/\/www.gaveanews.com\/#website\"},\"primaryImageOfPage\":{\"@id\":\"https:\/\/www.gaveanews.com\/index.php\/2025\/03\/14\/flamengo-x-fluminense-mano-menezes-ganha-reforco-para-final\/#primaryimage\"},\"image\":{\"@id\":\"https:\/\/www.gaveanews.com\/index.php\/2025\/03\/14\/flamengo-x-fluminense-mano-menezes-ganha-reforco-para-final\/#primaryimage\"},\"thumbnailUrl\":\"https:\/\/www.gaveanews.com\/wp-content\/uploads\/image-2024-07-03T203303.359.webp\",\"datePublished\":\"2025-03-14T13:35:00+00:00\",\"author\":{\"@id\":\"https:\/\/www.gaveanews.com\/#\/schema\/person\/0eb3e3fe1754f0205218538adbe8f5ed\"},\"breadcrumb\":{\"@id\":\"https:\/\/www.gaveanews.com\/index.php\/2025\/03\/14\/flamengo-x-fluminense-mano-menezes-ganha-reforco-para-final\/#breadcrumb\"},\"inLanguage\":\"pt-BR\",\"potentialAction\":[{\"@type\":\"ReadAction\",\"target\":[\"https:\/\/www.gaveanews.com\/index.php\/2025\/03\/14\/flamengo-x-fluminense-mano-menezes-ganha-reforco-para-final\/\"]}]},{\"@type\":\"ImageObject\",\"inLanguage\":\"pt-BR\",\"@id\":\"https:\/\/www.gaveanews.com\/index.php\/2025\/03\/14\/flamengo-x-fluminense-mano-menezes-ganha-reforco-para-final\/#primaryimage\",\"url\":\"https:\/\/www.gaveanews.com\/wp-content\/uploads\/image-2024-07-03T203303.359.webp\",\"contentUrl\":\"https:\/\/www.gaveanews.com\/wp-content\/uploads\/image-2024-07-03T203303.359.webp\",\"width\":740,\"height\":416,\"caption\":\"Mano Menezes, t\u00e9cnico do Fluminense. Foto: Marcelo Gon\u00e7alves\/Fluminense\"},{\"@type\":\"BreadcrumbList\",\"@id\":\"https:\/\/www.gaveanews.com\/index.php\/2025\/03\/14\/flamengo-x-fluminense-mano-menezes-ganha-reforco-para-final\/#breadcrumb\",\"itemListElement\":[{\"@type\":\"ListItem\",\"position\":1,\"name\":\"Home\",\"item\":\"https:\/\/www.gaveanews.com\/\"},{\"@type\":\"ListItem\",\"position\":2,\"name\":\"Flamengo x Fluminense: Mano Menezes ganha refor\u00e7o para final\"}]},{\"@type\":\"WebSite\",\"@id\":\"https:\/\/www.gaveanews.com\/#website\",\"url\":\"https:\/\/www.gaveanews.com\/\",\"name\":\"G\u00e1vea News\",\"description\":\"Veja todas as not\u00edcias sobre o Flamengo: Contrata\u00e7\u00f5es, categorias de base, resultados das partidas, tabela de classifica\u00e7\u00e3o, pr\u00f3ximos jogos!\",\"potentialAction\":[{\"@type\":\"SearchAction\",\"target\":{\"@type\":\"EntryPoint\",\"urlTemplate\":\"https:\/\/www.gaveanews.com\/?s={search_term_string}\"},\"query-input\":{\"@type\":\"PropertyValueSpecification\",\"valueRequired\":true,\"valueName\":\"search_term_string\"}}],\"inLanguage\":\"pt-BR\"},{\"@type\":\"Person\",\"@id\":\"https:\/\/www.gaveanews.com\/#\/schema\/person\/0eb3e3fe1754f0205218538adbe8f5ed\",\"name\":\"Rafaela Ladeira\",\"image\":{\"@type\":\"ImageObject\",\"inLanguage\":\"pt-BR\",\"@id\":\"https:\/\/www.gaveanews.com\/#\/schema\/person\/image\/\",\"url\":\"https:\/\/secure.gravatar.com\/avatar\/c31f513acffd85eacab5730cbdfdbbf59f21ba5aeada8cd890acea879fbb2455?s=96&d=mm&r=g\",\"contentUrl\":\"https:\/\/secure.gravatar.com\/avatar\/c31f513acffd85eacab5730cbdfdbbf59f21ba5aeada8cd890acea879fbb2455?s=96&d=mm&r=g\",\"caption\":\"Rafaela Ladeira\"}}]}<\/script>\n<!-- \/ Yoast SEO Premium plugin. -->","yoast_head_json":{"title":"Flamengo x Fluminense: Mano Menezes ganha refor\u00e7o para final","robots":{"index":"index","follow":"follow","max-snippet":"max-snippet:-1","max-image-preview":"max-image-preview:large","max-video-preview":"max-video-preview:-1"},"canonical":"https:\/\/www.gaveanews.com\/index.php\/2025\/03\/14\/flamengo-x-fluminense-mano-menezes-ganha-reforco-para-final\/","og_locale":"pt_BR","og_type":"article","og_title":"Flamengo x Fluminense: Mano Menezes ganha refor\u00e7o para final","og_description":"A decis\u00e3o do Campeonato Carioca promete mais emo\u00e7\u00f5es neste domingo (16). Flamengo e Fluminense entram em campo no Maracan\u00e3 para definir quem ser\u00e1 o campe\u00e3o estadual de 2024. O Rubro-Negro tem vantagem ap\u00f3s vencer a primeira partida por 2 a 1, mas o Tricolor das Laranjeiras conta com um refor\u00e7o importante para tentar reverter o [&hellip;]","og_url":"https:\/\/www.gaveanews.com\/index.php\/2025\/03\/14\/flamengo-x-fluminense-mano-menezes-ganha-reforco-para-final\/","og_site_name":"G\u00e1vea News","article_publisher":"https:\/\/facebook.com\/gaveaNews\/","article_published_time":"2025-03-14T13:35:00+00:00","og_image":[{"width":740,"height":416,"url":"https:\/\/www.gaveanews.com\/wp-content\/uploads\/image-2024-07-03T203303.359.webp","type":"image\/webp"}],"author":"Rafaela Ladeira","twitter_card":"summary_large_image","twitter_misc":{"Escrito por":"Rafaela Ladeira","Est. tempo de leitura":"3 minutos"},"schema":{"@context":"https:\/\/schema.org","@graph":[{"@type":"NewsArticle","@id":"https:\/\/www.gaveanews.com\/index.php\/2025\/03\/14\/flamengo-x-fluminense-mano-menezes-ganha-reforco-para-final\/#article","isPartOf":{"@id":"https:\/\/www.gaveanews.com\/index.php\/2025\/03\/14\/flamengo-x-fluminense-mano-menezes-ganha-reforco-para-final\/"},"author":{"name":"Rafaela Ladeira","@id":"https:\/\/www.gaveanews.com\/#\/schema\/person\/0eb3e3fe1754f0205218538adbe8f5ed"},"headline":"Flamengo x Fluminense: Mano Menezes ganha refor\u00e7o para final","datePublished":"2025-03-14T13:35:00+00:00","mainEntityOfPage":{"@id":"https:\/\/www.gaveanews.com\/index.php\/2025\/03\/14\/flamengo-x-fluminense-mano-menezes-ganha-reforco-para-final\/"},"wordCount":354,"commentCount":0,"image":{"@id":"https:\/\/www.gaveanews.com\/index.php\/2025\/03\/14\/flamengo-x-fluminense-mano-menezes-ganha-reforco-para-final\/#primaryimage"},"thumbnailUrl":"https:\/\/www.gaveanews.com\/wp-content\/uploads\/image-2024-07-03T203303.359.webp","articleSection":["Fluminense"],"inLanguage":"pt-BR","potentialAction":[{"@type":"CommentAction","name":"Comment","target":["https:\/\/www.gaveanews.com\/index.php\/2025\/03\/14\/flamengo-x-fluminense-mano-menezes-ganha-reforco-para-final\/#respond"]}],"copyrightYear":"2025","copyrightHolder":{"@id":"https:\/\/www.gaveanews.com\/#organization"}},{"@type":"WebPage","@id":"https:\/\/www.gaveanews.com\/index.php\/2025\/03\/14\/flamengo-x-fluminense-mano-menezes-ganha-reforco-para-final\/","url":"https:\/\/www.gaveanews.com\/index.php\/2025\/03\/14\/flamengo-x-fluminense-mano-menezes-ganha-reforco-para-final\/","name":"Flamengo x Fluminense: Mano Menezes ganha refor\u00e7o para final","isPartOf":{"@id":"https:\/\/www.gaveanews.com\/#website"},"primaryImageOfPage":{"@id":"https:\/\/www.gaveanews.com\/index.php\/2025\/03\/14\/flamengo-x-fluminense-mano-menezes-ganha-reforco-para-final\/#primaryimage"},"image":{"@id":"https:\/\/www.gaveanews.com\/index.php\/2025\/03\/14\/flamengo-x-fluminense-mano-menezes-ganha-reforco-para-final\/#primaryimage"},"thumbnailUrl":"https:\/\/www.gaveanews.com\/wp-content\/uploads\/image-2024-07-03T203303.359.webp","datePublished":"2025-03-14T13:35:00+00:00","author":{"@id":"https:\/\/www.gaveanews.com\/#\/schema\/person\/0eb3e3fe1754f0205218538adbe8f5ed"},"breadcrumb":{"@id":"https:\/\/www.gaveanews.com\/index.php\/2025\/03\/14\/flamengo-x-fluminense-mano-menezes-ganha-reforco-para-final\/#breadcrumb"},"inLanguage":"pt-BR","potentialAction":[{"@type":"ReadAction","target":["https:\/\/www.gaveanews.com\/index.php\/2025\/03\/14\/flamengo-x-fluminense-mano-menezes-ganha-reforco-para-final\/"]}]},{"@type":"ImageObject","inLanguage":"pt-BR","@id":"https:\/\/www.gaveanews.com\/index.php\/2025\/03\/14\/flamengo-x-fluminense-mano-menezes-ganha-reforco-para-final\/#primaryimage","url":"https:\/\/www.gaveanews.com\/wp-content\/uploads\/image-2024-07-03T203303.359.webp","contentUrl":"https:\/\/www.gaveanews.com\/wp-content\/uploads\/image-2024-07-03T203303.359.webp","width":740,"height":416,"caption":"Mano Menezes, t\u00e9cnico do Fluminense. Foto: Marcelo Gon\u00e7alves\/Fluminense"},{"@type":"BreadcrumbList","@id":"https:\/\/www.gaveanews.com\/index.php\/2025\/03\/14\/flamengo-x-fluminense-mano-menezes-ganha-reforco-para-final\/#breadcrumb","itemListElement":[{"@type":"ListItem","position":1,"name":"Home","item":"https:\/\/www.gaveanews.com\/"},{"@type":"ListItem","position":2,"name":"Flamengo x Fluminense: Mano Menezes ganha refor\u00e7o para final"}]},{"@type":"WebSite","@id":"https:\/\/www.gaveanews.com\/#website","url":"https:\/\/www.gaveanews.com\/","name":"G\u00e1vea News","description":"Veja todas as not\u00edcias sobre o Flamengo: Contrata\u00e7\u00f5es, categorias de base, resultados das partidas, tabela de classifica\u00e7\u00e3o, pr\u00f3ximos jogos!","potentialAction":[{"@type":"SearchAction","target":{"@type":"EntryPoint","urlTemplate":"https:\/\/www.gaveanews.com\/?s={search_term_string}"},"query-input":{"@type":"PropertyValueSpecification","valueRequired":true,"valueName":"search_term_string"}}],"inLanguage":"pt-BR"},{"@type":"Person","@id":"https:\/\/www.gaveanews.com\/#\/schema\/person\/0eb3e3fe1754f0205218538adbe8f5ed","name":"Rafaela Ladeira","image":{"@type":"ImageObject","inLanguage":"pt-BR","@id":"https:\/\/www.gaveanews.com\/#\/schema\/person\/image\/","url":"https:\/\/secure.gravatar.com\/avatar\/c31f513acffd85eacab5730cbdfdbbf59f21ba5aeada8cd890acea879fbb2455?s=96&d=mm&r=g","contentUrl":"https:\/\/secure.gravatar.com\/avatar\/c31f513acffd85eacab5730cbdfdbbf59f21ba5aeada8cd890acea879fbb2455?s=96&d=mm&r=g","caption":"Rafaela Ladeira"}}]}},"_links":{"self":[{"href":"https:\/\/www.gaveanews.com\/index.php\/wp-json\/wp\/v2\/posts\/239983","targetHints":{"allow":["GET"]}}],"collection":[{"href":"https:\/\/www.gaveanews.com\/index.php\/wp-json\/wp\/v2\/posts"}],"about":[{"href":"https:\/\/www.gaveanews.com\/index.php\/wp-json\/wp\/v2\/types\/post"}],"author":[{"embeddable":true,"href":"https:\/\/www.gaveanews.com\/index.php\/wp-json\/wp\/v2\/users\/25"}],"replies":[{"embeddable":true,"href":"https:\/\/www.gaveanews.com\/index.php\/wp-json\/wp\/v2\/comments?post=239983"}],"version-history":[{"count":1,"href":"https:\/\/www.gaveanews.com\/index.php\/wp-json\/wp\/v2\/posts\/239983\/revisions"}],"predecessor-version":[{"id":239984,"href":"https:\/\/www.gaveanews.com\/index.php\/wp-json\/wp\/v2\/posts\/239983\/revisions\/239984"}],"wp:featuredmedia":[{"embeddable":true,"href":"https:\/\/www.gaveanews.com\/index.php\/wp-json\/wp\/v2\/media\/150636"}],"wp:attachment":[{"href":"https:\/\/www.gaveanews.com\/index.php\/wp-json\/wp\/v2\/media?parent=239983"}],"wp:term":[{"taxonomy":"category","embeddable":true,"href":"https:\/\/www.gaveanews.com\/index.php\/wp-json\/wp\/v2\/categories?post=239983"},{"taxonomy":"post_tag","embeddable":true,"href":"https:\/\/www.gaveanews.com\/index.php\/wp-json\/wp\/v2\/tags?post=239983"}],"curies":[{"name":"wp","href":"https:\/\/api.w.org\/{rel}","templated":true}]}}