{"id":239985,"date":"2025-03-14T10:40:00","date_gmt":"2025-03-14T13:40:00","guid":{"rendered":"https:\/\/www.gaveanews.com\/?p=239985"},"modified":"2025-03-14T10:18:51","modified_gmt":"2025-03-14T13:18:51","slug":"multicampeao-flamengo-vai-disputar-duas-finais-no-domingo","status":"publish","type":"post","link":"https:\/\/www.gaveanews.com\/index.php\/2025\/03\/14\/multicampeao-flamengo-vai-disputar-duas-finais-no-domingo\/","title":{"rendered":"Multicampe\u00e3o? Flamengo vai disputar duas finais no domingo"},"content":{"rendered":"\n<p>O pr\u00f3ximo domingo (16) ser\u00e1 de agenda cheia para o Flamengo, que pode encerrar o dia com dois t\u00edtulos importantes. Enquanto o time principal decide o Campeonato Carioca contra o Fluminense, os Garotos do Ninho entram em campo na final da Libertadores Sub-20 diante do Palmeiras.&nbsp;<\/p>\n\n\n\n<p>Dessa maneira, a torcida rubro-negra viver\u00e1 uma jornada intensa, com expectativas de conquistas tanto no futebol profissional quanto na base.<\/p>\n\n\n\n<h2 class=\"wp-block-heading\" id=\"h-flamengo-tem-vantagem-na-decisao-do-carioca\">Flamengo tem vantagem na decis\u00e3o do Carioca<\/h2>\n\n\n\n<p>A primeira grande final do dia acontece \u00e0s 16h (hor\u00e1rio de Bras\u00edlia), no Maracan\u00e3. O Flamengo encara o Fluminense pelo jogo de volta do Campeonato Carioca, com a vantagem do empate, j\u00e1 que venceu a ida por 2 a 1.<\/p>\n\n\n\n<p>Vale destacar que o Rubro-Negro tem demonstrado um desempenho s\u00f3lido na competi\u00e7\u00e3o e busca mais um t\u00edtulo estadual para a sua vasta galeria. Por isso, os comandados de Filipe Lu\u00eds entrar\u00e3o em campo com um \u00fanico objetivo: levantar mais uma ta\u00e7a.<\/p>\n\n\n\n<h2 class=\"wp-block-heading\" id=\"h-crias-do-ninho-em-busca-da-america\">Crias do Ninho em busca da Am\u00e9rica<\/h2>\n\n\n\n<p>Al\u00e9m da final do profissional, o Flamengo tamb\u00e9m disputa a decis\u00e3o da Libertadores Sub-20 no mesmo domingo. A equipe comandada por Cleber dos Santos venceu o Danubio (URU) por 1 a 0 na semifinal e agora enfrenta o Palmeiras na luta pelo t\u00edtulo continental.<\/p>\n\n\n\n<p>Dessa maneira, os jovens talentos do Meng\u00e3o t\u00eam a chance de conquistar a Am\u00e9rica e refor\u00e7ar a tradi\u00e7\u00e3o do clube na base. Cabe ressaltar que o Flamengo chega invicto \u00e0 decis\u00e3o, com tr\u00eas vit\u00f3rias e um empate, enquanto o Palmeiras venceu todos os jogos do torneio at\u00e9 aqui.<\/p>\n\n\n\n<h2 class=\"wp-block-heading\" id=\"h-expectativa-de-um-dia-historico-para-o-flamengo\">Expectativa de um dia hist\u00f3rico para o Flamengo<\/h2>\n\n\n\n<p>Com isso, o domingo pode marcar um momento inesquec\u00edvel para o clube e sua torcida. Afinal, al\u00e9m de poder conquistar o Campeonato Carioca, o Flamengo tem a chance de erguer a ta\u00e7a da Libertadores Sub-20.<\/p>\n\n\n\n<p>Portanto, os rubro-negros j\u00e1 se preparam para uma verdadeira maratona de emo\u00e7\u00f5es. Caso tudo saia conforme o planejado, o dia 16 de mar\u00e7o pode entrar para a hist\u00f3ria como mais uma data gloriosa para o Flamengo.<\/p>\n","protected":false},"excerpt":{"rendered":"<p>O pr\u00f3ximo domingo (16) ser\u00e1 de agenda cheia para o Flamengo, que pode encerrar o dia com dois t\u00edtulos importantes. Enquanto o time principal decide o Campeonato Carioca contra o Fluminense, os Garotos do Ninho entram em campo na final da Libertadores Sub-20 diante do Palmeiras.&nbsp; Dessa maneira, a torcida rubro-negra viver\u00e1 uma jornada intensa, [&hellip;]<\/p>\n","protected":false},"author":25,"featured_media":171103,"comment_status":"open","ping_status":"closed","sticky":false,"template":"","format":"standard","meta":{"footnotes":""},"categories":[1],"tags":[],"class_list":["post-239985","post","type-post","status-publish","format-standard","has-post-thumbnail","hentry","category-flamengo"],"yoast_head":"<!-- This site is optimized with the Yoast SEO Premium plugin v24.2 (Yoast SEO v26.9) - https:\/\/yoast.com\/product\/yoast-seo-premium-wordpress\/ -->\n<title>Multicampe\u00e3o? Flamengo vai disputar duas finais no domingo<\/title>\n<meta name=\"robots\" content=\"index, follow, max-snippet:-1, max-image-preview:large, max-video-preview:-1\" \/>\n<link rel=\"canonical\" href=\"https:\/\/www.gaveanews.com\/index.php\/2025\/03\/14\/multicampeao-flamengo-vai-disputar-duas-finais-no-domingo\/\" \/>\n<meta property=\"og:locale\" content=\"pt_BR\" \/>\n<meta property=\"og:type\" content=\"article\" \/>\n<meta property=\"og:title\" content=\"Multicampe\u00e3o? Flamengo vai disputar duas finais no domingo\" \/>\n<meta property=\"og:description\" content=\"O pr\u00f3ximo domingo (16) ser\u00e1 de agenda cheia para o Flamengo, que pode encerrar o dia com dois t\u00edtulos importantes. Enquanto o time principal decide o Campeonato Carioca contra o Fluminense, os Garotos do Ninho entram em campo na final da Libertadores Sub-20 diante do Palmeiras.&nbsp; Dessa maneira, a torcida rubro-negra viver\u00e1 uma jornada intensa, [&hellip;]\" \/>\n<meta property=\"og:url\" content=\"https:\/\/www.gaveanews.com\/index.php\/2025\/03\/14\/multicampeao-flamengo-vai-disputar-duas-finais-no-domingo\/\" \/>\n<meta property=\"og:site_name\" content=\"G\u00e1vea News\" \/>\n<meta property=\"article:publisher\" content=\"https:\/\/facebook.com\/gaveaNews\/\" \/>\n<meta property=\"article:published_time\" content=\"2025-03-14T13:40:00+00:00\" \/>\n<meta property=\"og:image\" content=\"https:\/\/www.gaveanews.com\/wp-content\/uploads\/Filipe-Luis-durante-jogo-entre-Flamengo-e-Corinthians-pela-semifinal-da-Copa-do-Brasil-no-Maracana.webp\" \/>\n\t<meta property=\"og:image:width\" content=\"742\" \/>\n\t<meta property=\"og:image:height\" content=\"493\" \/>\n\t<meta property=\"og:image:type\" content=\"image\/jpeg\" \/>\n<meta name=\"author\" content=\"Rafaela Ladeira\" \/>\n<meta name=\"twitter:card\" content=\"summary_large_image\" \/>\n<meta name=\"twitter:label1\" content=\"Escrito por\" \/>\n\t<meta name=\"twitter:data1\" content=\"Rafaela Ladeira\" \/>\n\t<meta name=\"twitter:label2\" content=\"Est. tempo de leitura\" \/>\n\t<meta name=\"twitter:data2\" content=\"3 minutos\" \/>\n<script type=\"application\/ld+json\" class=\"yoast-schema-graph\">{\"@context\":\"https:\/\/schema.org\",\"@graph\":[{\"@type\":\"NewsArticle\",\"@id\":\"https:\/\/www.gaveanews.com\/index.php\/2025\/03\/14\/multicampeao-flamengo-vai-disputar-duas-finais-no-domingo\/#article\",\"isPartOf\":{\"@id\":\"https:\/\/www.gaveanews.com\/index.php\/2025\/03\/14\/multicampeao-flamengo-vai-disputar-duas-finais-no-domingo\/\"},\"author\":{\"name\":\"Rafaela Ladeira\",\"@id\":\"https:\/\/www.gaveanews.com\/#\/schema\/person\/0eb3e3fe1754f0205218538adbe8f5ed\"},\"headline\":\"Multicampe\u00e3o? Flamengo vai disputar duas finais no domingo\",\"datePublished\":\"2025-03-14T13:40:00+00:00\",\"mainEntityOfPage\":{\"@id\":\"https:\/\/www.gaveanews.com\/index.php\/2025\/03\/14\/multicampeao-flamengo-vai-disputar-duas-finais-no-domingo\/\"},\"wordCount\":366,\"commentCount\":0,\"image\":{\"@id\":\"https:\/\/www.gaveanews.com\/index.php\/2025\/03\/14\/multicampeao-flamengo-vai-disputar-duas-finais-no-domingo\/#primaryimage\"},\"thumbnailUrl\":\"https:\/\/www.gaveanews.com\/wp-content\/uploads\/Filipe-Luis-durante-jogo-entre-Flamengo-e-Corinthians-pela-semifinal-da-Copa-do-Brasil-no-Maracana.webp\",\"articleSection\":[\"Flamengo\"],\"inLanguage\":\"pt-BR\",\"potentialAction\":[{\"@type\":\"CommentAction\",\"name\":\"Comment\",\"target\":[\"https:\/\/www.gaveanews.com\/index.php\/2025\/03\/14\/multicampeao-flamengo-vai-disputar-duas-finais-no-domingo\/#respond\"]}],\"copyrightYear\":\"2025\",\"copyrightHolder\":{\"@id\":\"https:\/\/www.gaveanews.com\/#organization\"}},{\"@type\":\"WebPage\",\"@id\":\"https:\/\/www.gaveanews.com\/index.php\/2025\/03\/14\/multicampeao-flamengo-vai-disputar-duas-finais-no-domingo\/\",\"url\":\"https:\/\/www.gaveanews.com\/index.php\/2025\/03\/14\/multicampeao-flamengo-vai-disputar-duas-finais-no-domingo\/\",\"name\":\"Multicampe\u00e3o? Flamengo vai disputar duas finais no domingo\",\"isPartOf\":{\"@id\":\"https:\/\/www.gaveanews.com\/#website\"},\"primaryImageOfPage\":{\"@id\":\"https:\/\/www.gaveanews.com\/index.php\/2025\/03\/14\/multicampeao-flamengo-vai-disputar-duas-finais-no-domingo\/#primaryimage\"},\"image\":{\"@id\":\"https:\/\/www.gaveanews.com\/index.php\/2025\/03\/14\/multicampeao-flamengo-vai-disputar-duas-finais-no-domingo\/#primaryimage\"},\"thumbnailUrl\":\"https:\/\/www.gaveanews.com\/wp-content\/uploads\/Filipe-Luis-durante-jogo-entre-Flamengo-e-Corinthians-pela-semifinal-da-Copa-do-Brasil-no-Maracana.webp\",\"datePublished\":\"2025-03-14T13:40:00+00:00\",\"author\":{\"@id\":\"https:\/\/www.gaveanews.com\/#\/schema\/person\/0eb3e3fe1754f0205218538adbe8f5ed\"},\"breadcrumb\":{\"@id\":\"https:\/\/www.gaveanews.com\/index.php\/2025\/03\/14\/multicampeao-flamengo-vai-disputar-duas-finais-no-domingo\/#breadcrumb\"},\"inLanguage\":\"pt-BR\",\"potentialAction\":[{\"@type\":\"ReadAction\",\"target\":[\"https:\/\/www.gaveanews.com\/index.php\/2025\/03\/14\/multicampeao-flamengo-vai-disputar-duas-finais-no-domingo\/\"]}]},{\"@type\":\"ImageObject\",\"inLanguage\":\"pt-BR\",\"@id\":\"https:\/\/www.gaveanews.com\/index.php\/2025\/03\/14\/multicampeao-flamengo-vai-disputar-duas-finais-no-domingo\/#primaryimage\",\"url\":\"https:\/\/www.gaveanews.com\/wp-content\/uploads\/Filipe-Luis-durante-jogo-entre-Flamengo-e-Corinthians-pela-semifinal-da-Copa-do-Brasil-no-Maracana.webp\",\"contentUrl\":\"https:\/\/www.gaveanews.com\/wp-content\/uploads\/Filipe-Luis-durante-jogo-entre-Flamengo-e-Corinthians-pela-semifinal-da-Copa-do-Brasil-no-Maracana.webp\",\"width\":742,\"height\":493,\"caption\":\"Filipe Lu\u00eds durante jogo entre Flamengo e Corinthians, pela semifinal da Copa do Brasil, no Maracan\u00e3 (Foto: Gilvan de Souza\/Flamengo)\"},{\"@type\":\"BreadcrumbList\",\"@id\":\"https:\/\/www.gaveanews.com\/index.php\/2025\/03\/14\/multicampeao-flamengo-vai-disputar-duas-finais-no-domingo\/#breadcrumb\",\"itemListElement\":[{\"@type\":\"ListItem\",\"position\":1,\"name\":\"Home\",\"item\":\"https:\/\/www.gaveanews.com\/\"},{\"@type\":\"ListItem\",\"position\":2,\"name\":\"Multicampe\u00e3o? Flamengo vai disputar duas finais no domingo\"}]},{\"@type\":\"WebSite\",\"@id\":\"https:\/\/www.gaveanews.com\/#website\",\"url\":\"https:\/\/www.gaveanews.com\/\",\"name\":\"G\u00e1vea News\",\"description\":\"Veja todas as not\u00edcias sobre o Flamengo: Contrata\u00e7\u00f5es, categorias de base, resultados das partidas, tabela de classifica\u00e7\u00e3o, pr\u00f3ximos jogos!\",\"potentialAction\":[{\"@type\":\"SearchAction\",\"target\":{\"@type\":\"EntryPoint\",\"urlTemplate\":\"https:\/\/www.gaveanews.com\/?s={search_term_string}\"},\"query-input\":{\"@type\":\"PropertyValueSpecification\",\"valueRequired\":true,\"valueName\":\"search_term_string\"}}],\"inLanguage\":\"pt-BR\"},{\"@type\":\"Person\",\"@id\":\"https:\/\/www.gaveanews.com\/#\/schema\/person\/0eb3e3fe1754f0205218538adbe8f5ed\",\"name\":\"Rafaela Ladeira\",\"image\":{\"@type\":\"ImageObject\",\"inLanguage\":\"pt-BR\",\"@id\":\"https:\/\/www.gaveanews.com\/#\/schema\/person\/image\/\",\"url\":\"https:\/\/secure.gravatar.com\/avatar\/c31f513acffd85eacab5730cbdfdbbf59f21ba5aeada8cd890acea879fbb2455?s=96&d=mm&r=g\",\"contentUrl\":\"https:\/\/secure.gravatar.com\/avatar\/c31f513acffd85eacab5730cbdfdbbf59f21ba5aeada8cd890acea879fbb2455?s=96&d=mm&r=g\",\"caption\":\"Rafaela Ladeira\"}}]}<\/script>\n<!-- \/ Yoast SEO Premium plugin. -->","yoast_head_json":{"title":"Multicampe\u00e3o? Flamengo vai disputar duas finais no domingo","robots":{"index":"index","follow":"follow","max-snippet":"max-snippet:-1","max-image-preview":"max-image-preview:large","max-video-preview":"max-video-preview:-1"},"canonical":"https:\/\/www.gaveanews.com\/index.php\/2025\/03\/14\/multicampeao-flamengo-vai-disputar-duas-finais-no-domingo\/","og_locale":"pt_BR","og_type":"article","og_title":"Multicampe\u00e3o? Flamengo vai disputar duas finais no domingo","og_description":"O pr\u00f3ximo domingo (16) ser\u00e1 de agenda cheia para o Flamengo, que pode encerrar o dia com dois t\u00edtulos importantes. Enquanto o time principal decide o Campeonato Carioca contra o Fluminense, os Garotos do Ninho entram em campo na final da Libertadores Sub-20 diante do Palmeiras.&nbsp; Dessa maneira, a torcida rubro-negra viver\u00e1 uma jornada intensa, [&hellip;]","og_url":"https:\/\/www.gaveanews.com\/index.php\/2025\/03\/14\/multicampeao-flamengo-vai-disputar-duas-finais-no-domingo\/","og_site_name":"G\u00e1vea News","article_publisher":"https:\/\/facebook.com\/gaveaNews\/","article_published_time":"2025-03-14T13:40:00+00:00","og_image":[{"width":742,"height":493,"url":"https:\/\/www.gaveanews.com\/wp-content\/uploads\/Filipe-Luis-durante-jogo-entre-Flamengo-e-Corinthians-pela-semifinal-da-Copa-do-Brasil-no-Maracana.webp","type":"image\/jpeg"}],"author":"Rafaela Ladeira","twitter_card":"summary_large_image","twitter_misc":{"Escrito por":"Rafaela Ladeira","Est. tempo de leitura":"3 minutos"},"schema":{"@context":"https:\/\/schema.org","@graph":[{"@type":"NewsArticle","@id":"https:\/\/www.gaveanews.com\/index.php\/2025\/03\/14\/multicampeao-flamengo-vai-disputar-duas-finais-no-domingo\/#article","isPartOf":{"@id":"https:\/\/www.gaveanews.com\/index.php\/2025\/03\/14\/multicampeao-flamengo-vai-disputar-duas-finais-no-domingo\/"},"author":{"name":"Rafaela Ladeira","@id":"https:\/\/www.gaveanews.com\/#\/schema\/person\/0eb3e3fe1754f0205218538adbe8f5ed"},"headline":"Multicampe\u00e3o? Flamengo vai disputar duas finais no domingo","datePublished":"2025-03-14T13:40:00+00:00","mainEntityOfPage":{"@id":"https:\/\/www.gaveanews.com\/index.php\/2025\/03\/14\/multicampeao-flamengo-vai-disputar-duas-finais-no-domingo\/"},"wordCount":366,"commentCount":0,"image":{"@id":"https:\/\/www.gaveanews.com\/index.php\/2025\/03\/14\/multicampeao-flamengo-vai-disputar-duas-finais-no-domingo\/#primaryimage"},"thumbnailUrl":"https:\/\/www.gaveanews.com\/wp-content\/uploads\/Filipe-Luis-durante-jogo-entre-Flamengo-e-Corinthians-pela-semifinal-da-Copa-do-Brasil-no-Maracana.webp","articleSection":["Flamengo"],"inLanguage":"pt-BR","potentialAction":[{"@type":"CommentAction","name":"Comment","target":["https:\/\/www.gaveanews.com\/index.php\/2025\/03\/14\/multicampeao-flamengo-vai-disputar-duas-finais-no-domingo\/#respond"]}],"copyrightYear":"2025","copyrightHolder":{"@id":"https:\/\/www.gaveanews.com\/#organization"}},{"@type":"WebPage","@id":"https:\/\/www.gaveanews.com\/index.php\/2025\/03\/14\/multicampeao-flamengo-vai-disputar-duas-finais-no-domingo\/","url":"https:\/\/www.gaveanews.com\/index.php\/2025\/03\/14\/multicampeao-flamengo-vai-disputar-duas-finais-no-domingo\/","name":"Multicampe\u00e3o? Flamengo vai disputar duas finais no domingo","isPartOf":{"@id":"https:\/\/www.gaveanews.com\/#website"},"primaryImageOfPage":{"@id":"https:\/\/www.gaveanews.com\/index.php\/2025\/03\/14\/multicampeao-flamengo-vai-disputar-duas-finais-no-domingo\/#primaryimage"},"image":{"@id":"https:\/\/www.gaveanews.com\/index.php\/2025\/03\/14\/multicampeao-flamengo-vai-disputar-duas-finais-no-domingo\/#primaryimage"},"thumbnailUrl":"https:\/\/www.gaveanews.com\/wp-content\/uploads\/Filipe-Luis-durante-jogo-entre-Flamengo-e-Corinthians-pela-semifinal-da-Copa-do-Brasil-no-Maracana.webp","datePublished":"2025-03-14T13:40:00+00:00","author":{"@id":"https:\/\/www.gaveanews.com\/#\/schema\/person\/0eb3e3fe1754f0205218538adbe8f5ed"},"breadcrumb":{"@id":"https:\/\/www.gaveanews.com\/index.php\/2025\/03\/14\/multicampeao-flamengo-vai-disputar-duas-finais-no-domingo\/#breadcrumb"},"inLanguage":"pt-BR","potentialAction":[{"@type":"ReadAction","target":["https:\/\/www.gaveanews.com\/index.php\/2025\/03\/14\/multicampeao-flamengo-vai-disputar-duas-finais-no-domingo\/"]}]},{"@type":"ImageObject","inLanguage":"pt-BR","@id":"https:\/\/www.gaveanews.com\/index.php\/2025\/03\/14\/multicampeao-flamengo-vai-disputar-duas-finais-no-domingo\/#primaryimage","url":"https:\/\/www.gaveanews.com\/wp-content\/uploads\/Filipe-Luis-durante-jogo-entre-Flamengo-e-Corinthians-pela-semifinal-da-Copa-do-Brasil-no-Maracana.webp","contentUrl":"https:\/\/www.gaveanews.com\/wp-content\/uploads\/Filipe-Luis-durante-jogo-entre-Flamengo-e-Corinthians-pela-semifinal-da-Copa-do-Brasil-no-Maracana.webp","width":742,"height":493,"caption":"Filipe Lu\u00eds durante jogo entre Flamengo e Corinthians, pela semifinal da Copa do Brasil, no Maracan\u00e3 (Foto: Gilvan de Souza\/Flamengo)"},{"@type":"BreadcrumbList","@id":"https:\/\/www.gaveanews.com\/index.php\/2025\/03\/14\/multicampeao-flamengo-vai-disputar-duas-finais-no-domingo\/#breadcrumb","itemListElement":[{"@type":"ListItem","position":1,"name":"Home","item":"https:\/\/www.gaveanews.com\/"},{"@type":"ListItem","position":2,"name":"Multicampe\u00e3o? Flamengo vai disputar duas finais no domingo"}]},{"@type":"WebSite","@id":"https:\/\/www.gaveanews.com\/#website","url":"https:\/\/www.gaveanews.com\/","name":"G\u00e1vea News","description":"Veja todas as not\u00edcias sobre o Flamengo: Contrata\u00e7\u00f5es, categorias de base, resultados das partidas, tabela de classifica\u00e7\u00e3o, pr\u00f3ximos jogos!","potentialAction":[{"@type":"SearchAction","target":{"@type":"EntryPoint","urlTemplate":"https:\/\/www.gaveanews.com\/?s={search_term_string}"},"query-input":{"@type":"PropertyValueSpecification","valueRequired":true,"valueName":"search_term_string"}}],"inLanguage":"pt-BR"},{"@type":"Person","@id":"https:\/\/www.gaveanews.com\/#\/schema\/person\/0eb3e3fe1754f0205218538adbe8f5ed","name":"Rafaela Ladeira","image":{"@type":"ImageObject","inLanguage":"pt-BR","@id":"https:\/\/www.gaveanews.com\/#\/schema\/person\/image\/","url":"https:\/\/secure.gravatar.com\/avatar\/c31f513acffd85eacab5730cbdfdbbf59f21ba5aeada8cd890acea879fbb2455?s=96&d=mm&r=g","contentUrl":"https:\/\/secure.gravatar.com\/avatar\/c31f513acffd85eacab5730cbdfdbbf59f21ba5aeada8cd890acea879fbb2455?s=96&d=mm&r=g","caption":"Rafaela Ladeira"}}]}},"_links":{"self":[{"href":"https:\/\/www.gaveanews.com\/index.php\/wp-json\/wp\/v2\/posts\/239985","targetHints":{"allow":["GET"]}}],"collection":[{"href":"https:\/\/www.gaveanews.com\/index.php\/wp-json\/wp\/v2\/posts"}],"about":[{"href":"https:\/\/www.gaveanews.com\/index.php\/wp-json\/wp\/v2\/types\/post"}],"author":[{"embeddable":true,"href":"https:\/\/www.gaveanews.com\/index.php\/wp-json\/wp\/v2\/users\/25"}],"replies":[{"embeddable":true,"href":"https:\/\/www.gaveanews.com\/index.php\/wp-json\/wp\/v2\/comments?post=239985"}],"version-history":[{"count":1,"href":"https:\/\/www.gaveanews.com\/index.php\/wp-json\/wp\/v2\/posts\/239985\/revisions"}],"predecessor-version":[{"id":239986,"href":"https:\/\/www.gaveanews.com\/index.php\/wp-json\/wp\/v2\/posts\/239985\/revisions\/239986"}],"wp:featuredmedia":[{"embeddable":true,"href":"https:\/\/www.gaveanews.com\/index.php\/wp-json\/wp\/v2\/media\/171103"}],"wp:attachment":[{"href":"https:\/\/www.gaveanews.com\/index.php\/wp-json\/wp\/v2\/media?parent=239985"}],"wp:term":[{"taxonomy":"category","embeddable":true,"href":"https:\/\/www.gaveanews.com\/index.php\/wp-json\/wp\/v2\/categories?post=239985"},{"taxonomy":"post_tag","embeddable":true,"href":"https:\/\/www.gaveanews.com\/index.php\/wp-json\/wp\/v2\/tags?post=239985"}],"curies":[{"name":"wp","href":"https:\/\/api.w.org\/{rel}","templated":true}]}}