{"id":239994,"date":"2025-03-14T11:00:00","date_gmt":"2025-03-14T14:00:00","guid":{"rendered":"https:\/\/www.gaveanews.com\/?p=239994"},"modified":"2025-03-14T10:33:57","modified_gmt":"2025-03-14T13:33:57","slug":"titular-absoluto-do-botafogo-renova-ate-2028","status":"publish","type":"post","link":"https:\/\/www.gaveanews.com\/index.php\/2025\/03\/14\/titular-absoluto-do-botafogo-renova-ate-2028\/","title":{"rendered":"Titular absoluto do Botafogo renova at\u00e9 2028"},"content":{"rendered":"\n<p>O Botafogo acertou a renova\u00e7\u00e3o de contrato com o goleiro John, estendendo seu v\u00ednculo com o clube at\u00e9 2028. A negocia\u00e7\u00e3o foi conclu\u00edda na \u00faltima quinta-feira (13) e inclui uma valoriza\u00e7\u00e3o salarial para o atleta, al\u00e9m de um reajuste no valor da multa rescis\u00f3ria. No entanto, os n\u00fameros exatos do novo acordo n\u00e3o foram divulgados.<\/p>\n\n\n\n<p>A decis\u00e3o do Botafogo de renovar com John foi motivada por seu desempenho destacado na \u00faltima temporada. O goleiro foi eleito o melhor da Libertadores e do Campeonato Brasileiro, sendo pe\u00e7a fundamental nas conquistas do clube. Al\u00e9m disso, a diretoria alvinegra buscou garantir mais seguran\u00e7a diante do crescente interesse de outras equipes no jogador.<\/p>\n\n\n\n<figure class=\"wp-block-image size-large\"><img loading=\"lazy\" decoding=\"async\" width=\"819\" height=\"1024\" src=\"http:\/\/www.gaveanews.com\/wp-content\/uploads\/johnvictor_1707255982338-819x1024.webp\" alt=\"John, goleiro do Botafogo (Foto: Reprodu\u00e7\u00e3o\/Instagram)\" class=\"wp-image-125909\" srcset=\"https:\/\/www.gaveanews.com\/wp-content\/uploads\/johnvictor_1707255982338-819x1024.webp 819w, https:\/\/www.gaveanews.com\/wp-content\/uploads\/johnvictor_1707255982338-240x300.webp 240w, https:\/\/www.gaveanews.com\/wp-content\/uploads\/johnvictor_1707255982338-768x960.webp 768w, https:\/\/www.gaveanews.com\/wp-content\/uploads\/johnvictor_1707255982338-1229x1536.webp 1229w, https:\/\/www.gaveanews.com\/wp-content\/uploads\/johnvictor_1707255982338-336x420.webp 336w, https:\/\/www.gaveanews.com\/wp-content\/uploads\/johnvictor_1707255982338-672x840.webp 672w, https:\/\/www.gaveanews.com\/wp-content\/uploads\/johnvictor_1707255982338-640x800.webp 640w, https:\/\/www.gaveanews.com\/wp-content\/uploads\/johnvictor_1707255982338-1280x1600.webp 1280w, https:\/\/www.gaveanews.com\/wp-content\/uploads\/johnvictor_1707255982338-681x851.webp 681w, https:\/\/www.gaveanews.com\/wp-content\/uploads\/johnvictor_1707255982338-1362x1703.webp 1362w, https:\/\/www.gaveanews.com\/wp-content\/uploads\/johnvictor_1707255982338-100x125.webp 100w, https:\/\/www.gaveanews.com\/wp-content\/uploads\/johnvictor_1707255982338.webp 1440w\" sizes=\"auto, (max-width: 819px) 100vw, 819px\" \/><figcaption class=\"wp-element-caption\">John, goleiro do Botafogo (Foto: Reprodu\u00e7\u00e3o\/Instagram)<\/figcaption><\/figure>\n\n\n\n<p>John chegou ao Botafogo em janeiro de 2024, contratado junto ao Santos por US$ 1,5 milh\u00e3o (cerca de R$ 7 milh\u00f5es na \u00e9poca). O goleiro foi adquirido ap\u00f3s a sa\u00edda de Lucas Perri para o Lyon e iniciou sua trajet\u00f3ria no clube disputando posi\u00e7\u00e3o com Gatito Fern\u00e1ndez. Sob o comando do t\u00e9cnico Artur Jorge, ele conquistou a titularidade e se tornou um dos pilares da equipe.<\/p>\n\n\n\n<p>Ao longo de sua passagem pelo Botafogo, John acumulou 58 partidas entre 2024 e 2025. Sua seguran\u00e7a no gol foi determinante para as campanhas vitoriosas na Libertadores e no Campeonato Brasileiro, refor\u00e7ando sua import\u00e2ncia para o elenco. Al\u00e9m dos t\u00edtulos, ele tem sido um dos destaques do clube neste in\u00edcio de temporada.<\/p>\n\n\n\n<p>O goleiro demonstrou grande identifica\u00e7\u00e3o com o Botafogo e revelou sua inspira\u00e7\u00e3o em Jefferson, ex-goleiro e \u00eddolo do clube. &#8220;Me inspiro muito no Jefferson. \u00c9 um \u00eddolo do clube. Espero poder fazer uma trajet\u00f3ria boa aqui dentro tamb\u00e9m&#8221;, afirmou John em entrevista concedida no ano passado.<\/p>\n\n\n\n<p>A renova\u00e7\u00e3o ser\u00e1 anunciada oficialmente nos pr\u00f3ximos dias, assim como a do volante Gregore, que tamb\u00e9m teve seu contrato estendido. O clube segue focado na manuten\u00e7\u00e3o de pe\u00e7as-chave do elenco para os pr\u00f3ximos desafios da temporada.<\/p>\n","protected":false},"excerpt":{"rendered":"<p>O Botafogo acertou a renova\u00e7\u00e3o de contrato com o goleiro John, estendendo seu v\u00ednculo com o clube at\u00e9 2028. A negocia\u00e7\u00e3o foi conclu\u00edda na \u00faltima quinta-feira (13) e inclui uma valoriza\u00e7\u00e3o salarial para o atleta, al\u00e9m de um reajuste no valor da multa rescis\u00f3ria. No entanto, os n\u00fameros exatos do novo acordo n\u00e3o foram divulgados. [&hellip;]<\/p>\n","protected":false},"author":27,"featured_media":182060,"comment_status":"open","ping_status":"closed","sticky":false,"template":"","format":"standard","meta":{"footnotes":""},"categories":[138],"tags":[],"class_list":["post-239994","post","type-post","status-publish","format-standard","has-post-thumbnail","hentry","category-botafogo"],"yoast_head":"<!-- This site is optimized with the Yoast SEO Premium plugin v24.2 (Yoast SEO v26.9) - https:\/\/yoast.com\/product\/yoast-seo-premium-wordpress\/ -->\n<title>Titular absoluto do Botafogo renova at\u00e9 2028<\/title>\n<meta name=\"robots\" content=\"index, follow, max-snippet:-1, max-image-preview:large, max-video-preview:-1\" \/>\n<link rel=\"canonical\" href=\"https:\/\/www.gaveanews.com\/index.php\/2025\/03\/14\/titular-absoluto-do-botafogo-renova-ate-2028\/\" \/>\n<meta property=\"og:locale\" content=\"pt_BR\" \/>\n<meta property=\"og:type\" content=\"article\" \/>\n<meta property=\"og:title\" content=\"Titular absoluto do Botafogo renova at\u00e9 2028\" \/>\n<meta property=\"og:description\" content=\"O Botafogo acertou a renova\u00e7\u00e3o de contrato com o goleiro John, estendendo seu v\u00ednculo com o clube at\u00e9 2028. A negocia\u00e7\u00e3o foi conclu\u00edda na \u00faltima quinta-feira (13) e inclui uma valoriza\u00e7\u00e3o salarial para o atleta, al\u00e9m de um reajuste no valor da multa rescis\u00f3ria. No entanto, os n\u00fameros exatos do novo acordo n\u00e3o foram divulgados. [&hellip;]\" \/>\n<meta property=\"og:url\" content=\"https:\/\/www.gaveanews.com\/index.php\/2025\/03\/14\/titular-absoluto-do-botafogo-renova-ate-2028\/\" \/>\n<meta property=\"og:site_name\" content=\"G\u00e1vea News\" \/>\n<meta property=\"article:publisher\" content=\"https:\/\/facebook.com\/gaveaNews\/\" \/>\n<meta property=\"article:published_time\" content=\"2025-03-14T14:00:00+00:00\" \/>\n<meta property=\"og:image\" content=\"https:\/\/www.gaveanews.com\/wp-content\/uploads\/Escudo-do-Botafogo-1.webp\" \/>\n\t<meta property=\"og:image:width\" content=\"787\" \/>\n\t<meta property=\"og:image:height\" content=\"525\" \/>\n\t<meta property=\"og:image:type\" content=\"image\/webp\" \/>\n<meta name=\"author\" content=\"Matheus Felipe\" \/>\n<meta name=\"twitter:card\" content=\"summary_large_image\" \/>\n<meta name=\"twitter:label1\" content=\"Escrito por\" \/>\n\t<meta name=\"twitter:data1\" content=\"Matheus Felipe\" \/>\n\t<meta name=\"twitter:label2\" content=\"Est. tempo de leitura\" \/>\n\t<meta name=\"twitter:data2\" content=\"3 minutos\" \/>\n<script type=\"application\/ld+json\" class=\"yoast-schema-graph\">{\"@context\":\"https:\/\/schema.org\",\"@graph\":[{\"@type\":\"NewsArticle\",\"@id\":\"https:\/\/www.gaveanews.com\/index.php\/2025\/03\/14\/titular-absoluto-do-botafogo-renova-ate-2028\/#article\",\"isPartOf\":{\"@id\":\"https:\/\/www.gaveanews.com\/index.php\/2025\/03\/14\/titular-absoluto-do-botafogo-renova-ate-2028\/\"},\"author\":{\"name\":\"Matheus Felipe\",\"@id\":\"https:\/\/www.gaveanews.com\/#\/schema\/person\/8207cd4627f56151707418bfc835b2fb\"},\"headline\":\"Titular absoluto do Botafogo renova at\u00e9 2028\",\"datePublished\":\"2025-03-14T14:00:00+00:00\",\"mainEntityOfPage\":{\"@id\":\"https:\/\/www.gaveanews.com\/index.php\/2025\/03\/14\/titular-absoluto-do-botafogo-renova-ate-2028\/\"},\"wordCount\":351,\"commentCount\":0,\"image\":{\"@id\":\"https:\/\/www.gaveanews.com\/index.php\/2025\/03\/14\/titular-absoluto-do-botafogo-renova-ate-2028\/#primaryimage\"},\"thumbnailUrl\":\"https:\/\/www.gaveanews.com\/wp-content\/uploads\/Escudo-do-Botafogo-1.webp\",\"articleSection\":[\"Botafogo\"],\"inLanguage\":\"pt-BR\",\"potentialAction\":[{\"@type\":\"CommentAction\",\"name\":\"Comment\",\"target\":[\"https:\/\/www.gaveanews.com\/index.php\/2025\/03\/14\/titular-absoluto-do-botafogo-renova-ate-2028\/#respond\"]}],\"copyrightYear\":\"2025\",\"copyrightHolder\":{\"@id\":\"https:\/\/www.gaveanews.com\/#organization\"}},{\"@type\":\"WebPage\",\"@id\":\"https:\/\/www.gaveanews.com\/index.php\/2025\/03\/14\/titular-absoluto-do-botafogo-renova-ate-2028\/\",\"url\":\"https:\/\/www.gaveanews.com\/index.php\/2025\/03\/14\/titular-absoluto-do-botafogo-renova-ate-2028\/\",\"name\":\"Titular absoluto do Botafogo renova at\u00e9 2028\",\"isPartOf\":{\"@id\":\"https:\/\/www.gaveanews.com\/#website\"},\"primaryImageOfPage\":{\"@id\":\"https:\/\/www.gaveanews.com\/index.php\/2025\/03\/14\/titular-absoluto-do-botafogo-renova-ate-2028\/#primaryimage\"},\"image\":{\"@id\":\"https:\/\/www.gaveanews.com\/index.php\/2025\/03\/14\/titular-absoluto-do-botafogo-renova-ate-2028\/#primaryimage\"},\"thumbnailUrl\":\"https:\/\/www.gaveanews.com\/wp-content\/uploads\/Escudo-do-Botafogo-1.webp\",\"datePublished\":\"2025-03-14T14:00:00+00:00\",\"author\":{\"@id\":\"https:\/\/www.gaveanews.com\/#\/schema\/person\/8207cd4627f56151707418bfc835b2fb\"},\"breadcrumb\":{\"@id\":\"https:\/\/www.gaveanews.com\/index.php\/2025\/03\/14\/titular-absoluto-do-botafogo-renova-ate-2028\/#breadcrumb\"},\"inLanguage\":\"pt-BR\",\"potentialAction\":[{\"@type\":\"ReadAction\",\"target\":[\"https:\/\/www.gaveanews.com\/index.php\/2025\/03\/14\/titular-absoluto-do-botafogo-renova-ate-2028\/\"]}]},{\"@type\":\"ImageObject\",\"inLanguage\":\"pt-BR\",\"@id\":\"https:\/\/www.gaveanews.com\/index.php\/2025\/03\/14\/titular-absoluto-do-botafogo-renova-ate-2028\/#primaryimage\",\"url\":\"https:\/\/www.gaveanews.com\/wp-content\/uploads\/Escudo-do-Botafogo-1.webp\",\"contentUrl\":\"https:\/\/www.gaveanews.com\/wp-content\/uploads\/Escudo-do-Botafogo-1.webp\",\"width\":787,\"height\":525,\"caption\":\"Escudo do Botafogo (Foto: Reprodu\u00e7\u00e3o\/Botafogo)\"},{\"@type\":\"BreadcrumbList\",\"@id\":\"https:\/\/www.gaveanews.com\/index.php\/2025\/03\/14\/titular-absoluto-do-botafogo-renova-ate-2028\/#breadcrumb\",\"itemListElement\":[{\"@type\":\"ListItem\",\"position\":1,\"name\":\"Home\",\"item\":\"https:\/\/www.gaveanews.com\/\"},{\"@type\":\"ListItem\",\"position\":2,\"name\":\"Titular absoluto do Botafogo renova at\u00e9 2028\"}]},{\"@type\":\"WebSite\",\"@id\":\"https:\/\/www.gaveanews.com\/#website\",\"url\":\"https:\/\/www.gaveanews.com\/\",\"name\":\"G\u00e1vea News\",\"description\":\"Veja todas as not\u00edcias sobre o Flamengo: Contrata\u00e7\u00f5es, categorias de base, resultados das partidas, tabela de classifica\u00e7\u00e3o, pr\u00f3ximos jogos!\",\"potentialAction\":[{\"@type\":\"SearchAction\",\"target\":{\"@type\":\"EntryPoint\",\"urlTemplate\":\"https:\/\/www.gaveanews.com\/?s={search_term_string}\"},\"query-input\":{\"@type\":\"PropertyValueSpecification\",\"valueRequired\":true,\"valueName\":\"search_term_string\"}}],\"inLanguage\":\"pt-BR\"},{\"@type\":\"Person\",\"@id\":\"https:\/\/www.gaveanews.com\/#\/schema\/person\/8207cd4627f56151707418bfc835b2fb\",\"name\":\"Matheus Felipe\",\"image\":{\"@type\":\"ImageObject\",\"inLanguage\":\"pt-BR\",\"@id\":\"https:\/\/www.gaveanews.com\/#\/schema\/person\/image\/\",\"url\":\"https:\/\/secure.gravatar.com\/avatar\/a452ffbed9130f726358b298bb3a99ce4bd3c5338411f8440e87e14d74c7c087?s=96&d=mm&r=g\",\"contentUrl\":\"https:\/\/secure.gravatar.com\/avatar\/a452ffbed9130f726358b298bb3a99ce4bd3c5338411f8440e87e14d74c7c087?s=96&d=mm&r=g\",\"caption\":\"Matheus Felipe\"}}]}<\/script>\n<!-- \/ Yoast SEO Premium plugin. -->","yoast_head_json":{"title":"Titular absoluto do Botafogo renova at\u00e9 2028","robots":{"index":"index","follow":"follow","max-snippet":"max-snippet:-1","max-image-preview":"max-image-preview:large","max-video-preview":"max-video-preview:-1"},"canonical":"https:\/\/www.gaveanews.com\/index.php\/2025\/03\/14\/titular-absoluto-do-botafogo-renova-ate-2028\/","og_locale":"pt_BR","og_type":"article","og_title":"Titular absoluto do Botafogo renova at\u00e9 2028","og_description":"O Botafogo acertou a renova\u00e7\u00e3o de contrato com o goleiro John, estendendo seu v\u00ednculo com o clube at\u00e9 2028. A negocia\u00e7\u00e3o foi conclu\u00edda na \u00faltima quinta-feira (13) e inclui uma valoriza\u00e7\u00e3o salarial para o atleta, al\u00e9m de um reajuste no valor da multa rescis\u00f3ria. No entanto, os n\u00fameros exatos do novo acordo n\u00e3o foram divulgados. [&hellip;]","og_url":"https:\/\/www.gaveanews.com\/index.php\/2025\/03\/14\/titular-absoluto-do-botafogo-renova-ate-2028\/","og_site_name":"G\u00e1vea News","article_publisher":"https:\/\/facebook.com\/gaveaNews\/","article_published_time":"2025-03-14T14:00:00+00:00","og_image":[{"width":787,"height":525,"url":"https:\/\/www.gaveanews.com\/wp-content\/uploads\/Escudo-do-Botafogo-1.webp","type":"image\/webp"}],"author":"Matheus Felipe","twitter_card":"summary_large_image","twitter_misc":{"Escrito por":"Matheus Felipe","Est. tempo de leitura":"3 minutos"},"schema":{"@context":"https:\/\/schema.org","@graph":[{"@type":"NewsArticle","@id":"https:\/\/www.gaveanews.com\/index.php\/2025\/03\/14\/titular-absoluto-do-botafogo-renova-ate-2028\/#article","isPartOf":{"@id":"https:\/\/www.gaveanews.com\/index.php\/2025\/03\/14\/titular-absoluto-do-botafogo-renova-ate-2028\/"},"author":{"name":"Matheus Felipe","@id":"https:\/\/www.gaveanews.com\/#\/schema\/person\/8207cd4627f56151707418bfc835b2fb"},"headline":"Titular absoluto do Botafogo renova at\u00e9 2028","datePublished":"2025-03-14T14:00:00+00:00","mainEntityOfPage":{"@id":"https:\/\/www.gaveanews.com\/index.php\/2025\/03\/14\/titular-absoluto-do-botafogo-renova-ate-2028\/"},"wordCount":351,"commentCount":0,"image":{"@id":"https:\/\/www.gaveanews.com\/index.php\/2025\/03\/14\/titular-absoluto-do-botafogo-renova-ate-2028\/#primaryimage"},"thumbnailUrl":"https:\/\/www.gaveanews.com\/wp-content\/uploads\/Escudo-do-Botafogo-1.webp","articleSection":["Botafogo"],"inLanguage":"pt-BR","potentialAction":[{"@type":"CommentAction","name":"Comment","target":["https:\/\/www.gaveanews.com\/index.php\/2025\/03\/14\/titular-absoluto-do-botafogo-renova-ate-2028\/#respond"]}],"copyrightYear":"2025","copyrightHolder":{"@id":"https:\/\/www.gaveanews.com\/#organization"}},{"@type":"WebPage","@id":"https:\/\/www.gaveanews.com\/index.php\/2025\/03\/14\/titular-absoluto-do-botafogo-renova-ate-2028\/","url":"https:\/\/www.gaveanews.com\/index.php\/2025\/03\/14\/titular-absoluto-do-botafogo-renova-ate-2028\/","name":"Titular absoluto do Botafogo renova at\u00e9 2028","isPartOf":{"@id":"https:\/\/www.gaveanews.com\/#website"},"primaryImageOfPage":{"@id":"https:\/\/www.gaveanews.com\/index.php\/2025\/03\/14\/titular-absoluto-do-botafogo-renova-ate-2028\/#primaryimage"},"image":{"@id":"https:\/\/www.gaveanews.com\/index.php\/2025\/03\/14\/titular-absoluto-do-botafogo-renova-ate-2028\/#primaryimage"},"thumbnailUrl":"https:\/\/www.gaveanews.com\/wp-content\/uploads\/Escudo-do-Botafogo-1.webp","datePublished":"2025-03-14T14:00:00+00:00","author":{"@id":"https:\/\/www.gaveanews.com\/#\/schema\/person\/8207cd4627f56151707418bfc835b2fb"},"breadcrumb":{"@id":"https:\/\/www.gaveanews.com\/index.php\/2025\/03\/14\/titular-absoluto-do-botafogo-renova-ate-2028\/#breadcrumb"},"inLanguage":"pt-BR","potentialAction":[{"@type":"ReadAction","target":["https:\/\/www.gaveanews.com\/index.php\/2025\/03\/14\/titular-absoluto-do-botafogo-renova-ate-2028\/"]}]},{"@type":"ImageObject","inLanguage":"pt-BR","@id":"https:\/\/www.gaveanews.com\/index.php\/2025\/03\/14\/titular-absoluto-do-botafogo-renova-ate-2028\/#primaryimage","url":"https:\/\/www.gaveanews.com\/wp-content\/uploads\/Escudo-do-Botafogo-1.webp","contentUrl":"https:\/\/www.gaveanews.com\/wp-content\/uploads\/Escudo-do-Botafogo-1.webp","width":787,"height":525,"caption":"Escudo do Botafogo (Foto: Reprodu\u00e7\u00e3o\/Botafogo)"},{"@type":"BreadcrumbList","@id":"https:\/\/www.gaveanews.com\/index.php\/2025\/03\/14\/titular-absoluto-do-botafogo-renova-ate-2028\/#breadcrumb","itemListElement":[{"@type":"ListItem","position":1,"name":"Home","item":"https:\/\/www.gaveanews.com\/"},{"@type":"ListItem","position":2,"name":"Titular absoluto do Botafogo renova at\u00e9 2028"}]},{"@type":"WebSite","@id":"https:\/\/www.gaveanews.com\/#website","url":"https:\/\/www.gaveanews.com\/","name":"G\u00e1vea News","description":"Veja todas as not\u00edcias sobre o Flamengo: Contrata\u00e7\u00f5es, categorias de base, resultados das partidas, tabela de classifica\u00e7\u00e3o, pr\u00f3ximos jogos!","potentialAction":[{"@type":"SearchAction","target":{"@type":"EntryPoint","urlTemplate":"https:\/\/www.gaveanews.com\/?s={search_term_string}"},"query-input":{"@type":"PropertyValueSpecification","valueRequired":true,"valueName":"search_term_string"}}],"inLanguage":"pt-BR"},{"@type":"Person","@id":"https:\/\/www.gaveanews.com\/#\/schema\/person\/8207cd4627f56151707418bfc835b2fb","name":"Matheus Felipe","image":{"@type":"ImageObject","inLanguage":"pt-BR","@id":"https:\/\/www.gaveanews.com\/#\/schema\/person\/image\/","url":"https:\/\/secure.gravatar.com\/avatar\/a452ffbed9130f726358b298bb3a99ce4bd3c5338411f8440e87e14d74c7c087?s=96&d=mm&r=g","contentUrl":"https:\/\/secure.gravatar.com\/avatar\/a452ffbed9130f726358b298bb3a99ce4bd3c5338411f8440e87e14d74c7c087?s=96&d=mm&r=g","caption":"Matheus Felipe"}}]}},"_links":{"self":[{"href":"https:\/\/www.gaveanews.com\/index.php\/wp-json\/wp\/v2\/posts\/239994","targetHints":{"allow":["GET"]}}],"collection":[{"href":"https:\/\/www.gaveanews.com\/index.php\/wp-json\/wp\/v2\/posts"}],"about":[{"href":"https:\/\/www.gaveanews.com\/index.php\/wp-json\/wp\/v2\/types\/post"}],"author":[{"embeddable":true,"href":"https:\/\/www.gaveanews.com\/index.php\/wp-json\/wp\/v2\/users\/27"}],"replies":[{"embeddable":true,"href":"https:\/\/www.gaveanews.com\/index.php\/wp-json\/wp\/v2\/comments?post=239994"}],"version-history":[{"count":1,"href":"https:\/\/www.gaveanews.com\/index.php\/wp-json\/wp\/v2\/posts\/239994\/revisions"}],"predecessor-version":[{"id":239997,"href":"https:\/\/www.gaveanews.com\/index.php\/wp-json\/wp\/v2\/posts\/239994\/revisions\/239997"}],"wp:featuredmedia":[{"embeddable":true,"href":"https:\/\/www.gaveanews.com\/index.php\/wp-json\/wp\/v2\/media\/182060"}],"wp:attachment":[{"href":"https:\/\/www.gaveanews.com\/index.php\/wp-json\/wp\/v2\/media?parent=239994"}],"wp:term":[{"taxonomy":"category","embeddable":true,"href":"https:\/\/www.gaveanews.com\/index.php\/wp-json\/wp\/v2\/categories?post=239994"},{"taxonomy":"post_tag","embeddable":true,"href":"https:\/\/www.gaveanews.com\/index.php\/wp-json\/wp\/v2\/tags?post=239994"}],"curies":[{"name":"wp","href":"https:\/\/api.w.org\/{rel}","templated":true}]}}