{"id":239995,"date":"2025-03-14T11:05:00","date_gmt":"2025-03-14T14:05:00","guid":{"rendered":"https:\/\/www.gaveanews.com\/?p=239995"},"modified":"2025-03-14T10:32:00","modified_gmt":"2025-03-14T13:32:00","slug":"felipe-melo-aponta-diferencial-do-time-do-flamengo-acho-muito-bom","status":"publish","type":"post","link":"https:\/\/www.gaveanews.com\/index.php\/2025\/03\/14\/felipe-melo-aponta-diferencial-do-time-do-flamengo-acho-muito-bom\/","title":{"rendered":"Felipe Melo aponta diferencial do time do Flamengo: &#8220;Acho muito bom&#8230;&#8221;"},"content":{"rendered":"\n<p>A vit\u00f3ria do Flamengo sobre o Fluminense por 2 a 1 no Maracan\u00e3, na primeira partida da final do Campeonato Carioca, trouxe \u00e0 tona os destaques do time rubro-negro.&nbsp;<\/p>\n\n\n\n<p>Durante o programa Sele\u00e7\u00e3o SporTV, Felipe Melo, ex-jogador que j\u00e1 defendeu ambos os clubes, analisou o desempenho das equipes e n\u00e3o poupou elogios ao Flamengo, destacando pontos importantes que podem ser determinantes para o t\u00edtulo.<\/p>\n\n\n\n<h2 class=\"wp-block-heading\" id=\"h-o-dominio-rubro-negro-e-o-papel-do-goleiro\">O dom\u00ednio rubro-negro e o papel do goleiro<\/h2>\n\n\n\n<p>&#8220;\u00c9 um abismo de coisas que o Flamengo faz&#8221;, afirmou Felipe Melo, apontando o dom\u00ednio do time na segunda etapa como fundamental para o sucesso da vit\u00f3ria. O ex-jogador ressaltou a qualidade da sa\u00edda de bola do time, que conta com um goleiro que se destaca com os p\u00e9s.&nbsp;<\/p>\n\n\n\n<p>\u201cEu comecei a analisar ele ontem, e todas as bolas que iam no p\u00e9 ele sempre olhava antes de dominar, para ver qual seria o primeiro passo ou o dom\u00ednio&#8221;, explicou.&nbsp;<\/p>\n\n\n\n<p>Melo destacou que, para uma boa sa\u00edda de bola, ter um goleiro habilidoso \u00e9 um grande diferencial, algo que o Flamengo tem em abund\u00e2ncia.<\/p>\n\n\n\n<h2 class=\"wp-block-heading\" id=\"h-felipe-melo-rasga-elogios-a-zaga-do-flamengo\">Felipe Melo rasga elogios \u00e0 zaga do Flamengo<\/h2>\n\n\n\n<p>Felipe Melo tamb\u00e9m elogiou a dupla de zaga do Flamengo, formada por L\u00e9o Pereira e L\u00e9o Ortiz. Para ele, ambos t\u00eam qualidades t\u00e9cnicas que fazem a diferen\u00e7a.&nbsp;<\/p>\n\n\n\n<p>&#8220;Eu vejo esse jogador [L\u00e9o Pereira] desde a \u00e9poca do Athletico-PR, que muitas vezes d\u00e1 passe entre linhas, quando tem que cortar, corta e sai jogando&#8221;, afirmou.<\/p>\n\n\n\n<p>Al\u00e9m disso, ele reconheceu a versatilidade e qualidade de L\u00e9o Ortiz, que j\u00e1 foi convocado para a Sele\u00e7\u00e3o Brasileira e \u00e9 habituado a jogar de volante. Dessa maneira, a dupla se complementa bem, proporcionando uma defesa forte e uma sa\u00edda de bola eficiente.<\/p>\n\n\n\n<p>O ex-jogador n\u00e3o deixou de destacar a qualidade do time rubro-negro como um todo. &#8220;O Flamengo tem esse tanto de sa\u00edda de bola, porque \u00e9 um bom goleiro com o p\u00e9; uma dupla de centrais bons tecnicamente; o lateral-esquerdo (Alex Sandro) n\u00e3o precisa falar, um cara que tem tantas Copas do Mundo; o lateral-direito (Wesley) \u00e9 o atual da Sele\u00e7\u00e3o&#8221;, afirmou, mencionando ainda a qualidade do meio-campo.&nbsp;<\/p>\n\n\n\n<p>Por isso, o Flamengo se mostra como uma equipe muito bem estruturada, com qualidade t\u00e9cnica e f\u00edsica em todos os setores.<\/p>\n\n\n\n<h2 class=\"wp-block-heading\" id=\"h-filipe-luis-e-a-influencia-no-futuro-do-futebol-brasileiro\">Filipe Lu\u00eds e a influ\u00eancia no futuro do futebol brasileiro<\/h2>\n\n\n\n<p>Felipe Melo tamb\u00e9m se mostrou entusiasta da trajet\u00f3ria de Filipe Lu\u00eds, atual t\u00e9cnico do Flamengo, e acredita que ele tem potencial para abrir portas para treinadores brasileiros no futebol europeu.&nbsp;<\/p>\n\n\n\n<p>&#8220;Tor\u00e7o que d\u00ea muito certo para que ele possa abrir portas tamb\u00e9m&#8221;, disse o ex-jogador. Isso porque ele enxerga Filipe Lu\u00eds como uma pessoa capaz de trazer inova\u00e7\u00e3o ao futebol brasileiro e tamb\u00e9m levar o pa\u00eds a novos patamares no cen\u00e1rio europeu.<\/p>\n","protected":false},"excerpt":{"rendered":"<p>A vit\u00f3ria do Flamengo sobre o Fluminense por 2 a 1 no Maracan\u00e3, na primeira partida da final do Campeonato Carioca, trouxe \u00e0 tona os destaques do time rubro-negro.&nbsp; Durante o programa Sele\u00e7\u00e3o SporTV, Felipe Melo, ex-jogador que j\u00e1 defendeu ambos os clubes, analisou o desempenho das equipes e n\u00e3o poupou elogios ao Flamengo, destacando [&hellip;]<\/p>\n","protected":false},"author":25,"featured_media":69565,"comment_status":"open","ping_status":"closed","sticky":false,"template":"","format":"standard","meta":{"footnotes":""},"categories":[1],"tags":[],"class_list":["post-239995","post","type-post","status-publish","format-standard","has-post-thumbnail","hentry","category-flamengo"],"yoast_head":"<!-- This site is optimized with the Yoast SEO Premium plugin v24.2 (Yoast SEO v26.9) - https:\/\/yoast.com\/product\/yoast-seo-premium-wordpress\/ -->\n<title>Felipe Melo aponta diferencial do time do Flamengo: &quot;Acho muito bom...&quot;<\/title>\n<meta name=\"robots\" content=\"index, follow, max-snippet:-1, max-image-preview:large, max-video-preview:-1\" \/>\n<link rel=\"canonical\" href=\"https:\/\/www.gaveanews.com\/index.php\/2025\/03\/14\/felipe-melo-aponta-diferencial-do-time-do-flamengo-acho-muito-bom\/\" \/>\n<meta property=\"og:locale\" content=\"pt_BR\" \/>\n<meta property=\"og:type\" content=\"article\" \/>\n<meta property=\"og:title\" content=\"Felipe Melo aponta diferencial do time do Flamengo: &quot;Acho muito bom...&quot;\" \/>\n<meta property=\"og:description\" content=\"A vit\u00f3ria do Flamengo sobre o Fluminense por 2 a 1 no Maracan\u00e3, na primeira partida da final do Campeonato Carioca, trouxe \u00e0 tona os destaques do time rubro-negro.&nbsp; Durante o programa Sele\u00e7\u00e3o SporTV, Felipe Melo, ex-jogador que j\u00e1 defendeu ambos os clubes, analisou o desempenho das equipes e n\u00e3o poupou elogios ao Flamengo, destacando [&hellip;]\" \/>\n<meta property=\"og:url\" content=\"https:\/\/www.gaveanews.com\/index.php\/2025\/03\/14\/felipe-melo-aponta-diferencial-do-time-do-flamengo-acho-muito-bom\/\" \/>\n<meta property=\"og:site_name\" content=\"G\u00e1vea News\" \/>\n<meta property=\"article:publisher\" content=\"https:\/\/facebook.com\/gaveaNews\/\" \/>\n<meta property=\"article:published_time\" content=\"2025-03-14T14:05:00+00:00\" \/>\n<meta property=\"og:image\" content=\"https:\/\/www.gaveanews.com\/wp-content\/uploads\/Felipe-Melo-em-acao-pelo-Palmeiras.webp\" \/>\n\t<meta property=\"og:image:width\" content=\"829\" \/>\n\t<meta property=\"og:image:height\" content=\"397\" \/>\n\t<meta property=\"og:image:type\" content=\"image\/png\" \/>\n<meta name=\"author\" content=\"Rafaela Ladeira\" \/>\n<meta name=\"twitter:card\" content=\"summary_large_image\" \/>\n<meta name=\"twitter:label1\" content=\"Escrito por\" \/>\n\t<meta name=\"twitter:data1\" content=\"Rafaela Ladeira\" \/>\n\t<meta name=\"twitter:label2\" content=\"Est. tempo de leitura\" \/>\n\t<meta name=\"twitter:data2\" content=\"3 minutos\" \/>\n<script type=\"application\/ld+json\" class=\"yoast-schema-graph\">{\"@context\":\"https:\/\/schema.org\",\"@graph\":[{\"@type\":\"NewsArticle\",\"@id\":\"https:\/\/www.gaveanews.com\/index.php\/2025\/03\/14\/felipe-melo-aponta-diferencial-do-time-do-flamengo-acho-muito-bom\/#article\",\"isPartOf\":{\"@id\":\"https:\/\/www.gaveanews.com\/index.php\/2025\/03\/14\/felipe-melo-aponta-diferencial-do-time-do-flamengo-acho-muito-bom\/\"},\"author\":{\"name\":\"Rafaela Ladeira\",\"@id\":\"https:\/\/www.gaveanews.com\/#\/schema\/person\/0eb3e3fe1754f0205218538adbe8f5ed\"},\"headline\":\"Felipe Melo aponta diferencial do time do Flamengo: &#8220;Acho muito bom&#8230;&#8221;\",\"datePublished\":\"2025-03-14T14:05:00+00:00\",\"mainEntityOfPage\":{\"@id\":\"https:\/\/www.gaveanews.com\/index.php\/2025\/03\/14\/felipe-melo-aponta-diferencial-do-time-do-flamengo-acho-muito-bom\/\"},\"wordCount\":501,\"commentCount\":0,\"image\":{\"@id\":\"https:\/\/www.gaveanews.com\/index.php\/2025\/03\/14\/felipe-melo-aponta-diferencial-do-time-do-flamengo-acho-muito-bom\/#primaryimage\"},\"thumbnailUrl\":\"https:\/\/www.gaveanews.com\/wp-content\/uploads\/Felipe-Melo-em-acao-pelo-Palmeiras.webp\",\"articleSection\":[\"Flamengo\"],\"inLanguage\":\"pt-BR\",\"potentialAction\":[{\"@type\":\"CommentAction\",\"name\":\"Comment\",\"target\":[\"https:\/\/www.gaveanews.com\/index.php\/2025\/03\/14\/felipe-melo-aponta-diferencial-do-time-do-flamengo-acho-muito-bom\/#respond\"]}],\"copyrightYear\":\"2025\",\"copyrightHolder\":{\"@id\":\"https:\/\/www.gaveanews.com\/#organization\"}},{\"@type\":\"WebPage\",\"@id\":\"https:\/\/www.gaveanews.com\/index.php\/2025\/03\/14\/felipe-melo-aponta-diferencial-do-time-do-flamengo-acho-muito-bom\/\",\"url\":\"https:\/\/www.gaveanews.com\/index.php\/2025\/03\/14\/felipe-melo-aponta-diferencial-do-time-do-flamengo-acho-muito-bom\/\",\"name\":\"Felipe Melo aponta diferencial do time do Flamengo: \\\"Acho muito bom...\\\"\",\"isPartOf\":{\"@id\":\"https:\/\/www.gaveanews.com\/#website\"},\"primaryImageOfPage\":{\"@id\":\"https:\/\/www.gaveanews.com\/index.php\/2025\/03\/14\/felipe-melo-aponta-diferencial-do-time-do-flamengo-acho-muito-bom\/#primaryimage\"},\"image\":{\"@id\":\"https:\/\/www.gaveanews.com\/index.php\/2025\/03\/14\/felipe-melo-aponta-diferencial-do-time-do-flamengo-acho-muito-bom\/#primaryimage\"},\"thumbnailUrl\":\"https:\/\/www.gaveanews.com\/wp-content\/uploads\/Felipe-Melo-em-acao-pelo-Palmeiras.webp\",\"datePublished\":\"2025-03-14T14:05:00+00:00\",\"author\":{\"@id\":\"https:\/\/www.gaveanews.com\/#\/schema\/person\/0eb3e3fe1754f0205218538adbe8f5ed\"},\"breadcrumb\":{\"@id\":\"https:\/\/www.gaveanews.com\/index.php\/2025\/03\/14\/felipe-melo-aponta-diferencial-do-time-do-flamengo-acho-muito-bom\/#breadcrumb\"},\"inLanguage\":\"pt-BR\",\"potentialAction\":[{\"@type\":\"ReadAction\",\"target\":[\"https:\/\/www.gaveanews.com\/index.php\/2025\/03\/14\/felipe-melo-aponta-diferencial-do-time-do-flamengo-acho-muito-bom\/\"]}]},{\"@type\":\"ImageObject\",\"inLanguage\":\"pt-BR\",\"@id\":\"https:\/\/www.gaveanews.com\/index.php\/2025\/03\/14\/felipe-melo-aponta-diferencial-do-time-do-flamengo-acho-muito-bom\/#primaryimage\",\"url\":\"https:\/\/www.gaveanews.com\/wp-content\/uploads\/Felipe-Melo-em-acao-pelo-Palmeiras.webp\",\"contentUrl\":\"https:\/\/www.gaveanews.com\/wp-content\/uploads\/Felipe-Melo-em-acao-pelo-Palmeiras.webp\",\"width\":829,\"height\":397,\"caption\":\"Felipe Melo em a\u00e7\u00e3o pelo Palmeiras (Foto: Marcelo Endelli\/Getty Images)\"},{\"@type\":\"BreadcrumbList\",\"@id\":\"https:\/\/www.gaveanews.com\/index.php\/2025\/03\/14\/felipe-melo-aponta-diferencial-do-time-do-flamengo-acho-muito-bom\/#breadcrumb\",\"itemListElement\":[{\"@type\":\"ListItem\",\"position\":1,\"name\":\"Home\",\"item\":\"https:\/\/www.gaveanews.com\/\"},{\"@type\":\"ListItem\",\"position\":2,\"name\":\"Felipe Melo aponta diferencial do time do Flamengo: &#8220;Acho muito bom&#8230;&#8221;\"}]},{\"@type\":\"WebSite\",\"@id\":\"https:\/\/www.gaveanews.com\/#website\",\"url\":\"https:\/\/www.gaveanews.com\/\",\"name\":\"G\u00e1vea News\",\"description\":\"Veja todas as not\u00edcias sobre o Flamengo: Contrata\u00e7\u00f5es, categorias de base, resultados das partidas, tabela de classifica\u00e7\u00e3o, pr\u00f3ximos jogos!\",\"potentialAction\":[{\"@type\":\"SearchAction\",\"target\":{\"@type\":\"EntryPoint\",\"urlTemplate\":\"https:\/\/www.gaveanews.com\/?s={search_term_string}\"},\"query-input\":{\"@type\":\"PropertyValueSpecification\",\"valueRequired\":true,\"valueName\":\"search_term_string\"}}],\"inLanguage\":\"pt-BR\"},{\"@type\":\"Person\",\"@id\":\"https:\/\/www.gaveanews.com\/#\/schema\/person\/0eb3e3fe1754f0205218538adbe8f5ed\",\"name\":\"Rafaela Ladeira\",\"image\":{\"@type\":\"ImageObject\",\"inLanguage\":\"pt-BR\",\"@id\":\"https:\/\/www.gaveanews.com\/#\/schema\/person\/image\/\",\"url\":\"https:\/\/secure.gravatar.com\/avatar\/c31f513acffd85eacab5730cbdfdbbf59f21ba5aeada8cd890acea879fbb2455?s=96&d=mm&r=g\",\"contentUrl\":\"https:\/\/secure.gravatar.com\/avatar\/c31f513acffd85eacab5730cbdfdbbf59f21ba5aeada8cd890acea879fbb2455?s=96&d=mm&r=g\",\"caption\":\"Rafaela Ladeira\"}}]}<\/script>\n<!-- \/ Yoast SEO Premium plugin. -->","yoast_head_json":{"title":"Felipe Melo aponta diferencial do time do Flamengo: \"Acho muito bom...\"","robots":{"index":"index","follow":"follow","max-snippet":"max-snippet:-1","max-image-preview":"max-image-preview:large","max-video-preview":"max-video-preview:-1"},"canonical":"https:\/\/www.gaveanews.com\/index.php\/2025\/03\/14\/felipe-melo-aponta-diferencial-do-time-do-flamengo-acho-muito-bom\/","og_locale":"pt_BR","og_type":"article","og_title":"Felipe Melo aponta diferencial do time do Flamengo: \"Acho muito bom...\"","og_description":"A vit\u00f3ria do Flamengo sobre o Fluminense por 2 a 1 no Maracan\u00e3, na primeira partida da final do Campeonato Carioca, trouxe \u00e0 tona os destaques do time rubro-negro.&nbsp; Durante o programa Sele\u00e7\u00e3o SporTV, Felipe Melo, ex-jogador que j\u00e1 defendeu ambos os clubes, analisou o desempenho das equipes e n\u00e3o poupou elogios ao Flamengo, destacando [&hellip;]","og_url":"https:\/\/www.gaveanews.com\/index.php\/2025\/03\/14\/felipe-melo-aponta-diferencial-do-time-do-flamengo-acho-muito-bom\/","og_site_name":"G\u00e1vea News","article_publisher":"https:\/\/facebook.com\/gaveaNews\/","article_published_time":"2025-03-14T14:05:00+00:00","og_image":[{"width":829,"height":397,"url":"https:\/\/www.gaveanews.com\/wp-content\/uploads\/Felipe-Melo-em-acao-pelo-Palmeiras.webp","type":"image\/png"}],"author":"Rafaela Ladeira","twitter_card":"summary_large_image","twitter_misc":{"Escrito por":"Rafaela Ladeira","Est. tempo de leitura":"3 minutos"},"schema":{"@context":"https:\/\/schema.org","@graph":[{"@type":"NewsArticle","@id":"https:\/\/www.gaveanews.com\/index.php\/2025\/03\/14\/felipe-melo-aponta-diferencial-do-time-do-flamengo-acho-muito-bom\/#article","isPartOf":{"@id":"https:\/\/www.gaveanews.com\/index.php\/2025\/03\/14\/felipe-melo-aponta-diferencial-do-time-do-flamengo-acho-muito-bom\/"},"author":{"name":"Rafaela Ladeira","@id":"https:\/\/www.gaveanews.com\/#\/schema\/person\/0eb3e3fe1754f0205218538adbe8f5ed"},"headline":"Felipe Melo aponta diferencial do time do Flamengo: &#8220;Acho muito bom&#8230;&#8221;","datePublished":"2025-03-14T14:05:00+00:00","mainEntityOfPage":{"@id":"https:\/\/www.gaveanews.com\/index.php\/2025\/03\/14\/felipe-melo-aponta-diferencial-do-time-do-flamengo-acho-muito-bom\/"},"wordCount":501,"commentCount":0,"image":{"@id":"https:\/\/www.gaveanews.com\/index.php\/2025\/03\/14\/felipe-melo-aponta-diferencial-do-time-do-flamengo-acho-muito-bom\/#primaryimage"},"thumbnailUrl":"https:\/\/www.gaveanews.com\/wp-content\/uploads\/Felipe-Melo-em-acao-pelo-Palmeiras.webp","articleSection":["Flamengo"],"inLanguage":"pt-BR","potentialAction":[{"@type":"CommentAction","name":"Comment","target":["https:\/\/www.gaveanews.com\/index.php\/2025\/03\/14\/felipe-melo-aponta-diferencial-do-time-do-flamengo-acho-muito-bom\/#respond"]}],"copyrightYear":"2025","copyrightHolder":{"@id":"https:\/\/www.gaveanews.com\/#organization"}},{"@type":"WebPage","@id":"https:\/\/www.gaveanews.com\/index.php\/2025\/03\/14\/felipe-melo-aponta-diferencial-do-time-do-flamengo-acho-muito-bom\/","url":"https:\/\/www.gaveanews.com\/index.php\/2025\/03\/14\/felipe-melo-aponta-diferencial-do-time-do-flamengo-acho-muito-bom\/","name":"Felipe Melo aponta diferencial do time do Flamengo: \"Acho muito bom...\"","isPartOf":{"@id":"https:\/\/www.gaveanews.com\/#website"},"primaryImageOfPage":{"@id":"https:\/\/www.gaveanews.com\/index.php\/2025\/03\/14\/felipe-melo-aponta-diferencial-do-time-do-flamengo-acho-muito-bom\/#primaryimage"},"image":{"@id":"https:\/\/www.gaveanews.com\/index.php\/2025\/03\/14\/felipe-melo-aponta-diferencial-do-time-do-flamengo-acho-muito-bom\/#primaryimage"},"thumbnailUrl":"https:\/\/www.gaveanews.com\/wp-content\/uploads\/Felipe-Melo-em-acao-pelo-Palmeiras.webp","datePublished":"2025-03-14T14:05:00+00:00","author":{"@id":"https:\/\/www.gaveanews.com\/#\/schema\/person\/0eb3e3fe1754f0205218538adbe8f5ed"},"breadcrumb":{"@id":"https:\/\/www.gaveanews.com\/index.php\/2025\/03\/14\/felipe-melo-aponta-diferencial-do-time-do-flamengo-acho-muito-bom\/#breadcrumb"},"inLanguage":"pt-BR","potentialAction":[{"@type":"ReadAction","target":["https:\/\/www.gaveanews.com\/index.php\/2025\/03\/14\/felipe-melo-aponta-diferencial-do-time-do-flamengo-acho-muito-bom\/"]}]},{"@type":"ImageObject","inLanguage":"pt-BR","@id":"https:\/\/www.gaveanews.com\/index.php\/2025\/03\/14\/felipe-melo-aponta-diferencial-do-time-do-flamengo-acho-muito-bom\/#primaryimage","url":"https:\/\/www.gaveanews.com\/wp-content\/uploads\/Felipe-Melo-em-acao-pelo-Palmeiras.webp","contentUrl":"https:\/\/www.gaveanews.com\/wp-content\/uploads\/Felipe-Melo-em-acao-pelo-Palmeiras.webp","width":829,"height":397,"caption":"Felipe Melo em a\u00e7\u00e3o pelo Palmeiras (Foto: Marcelo Endelli\/Getty Images)"},{"@type":"BreadcrumbList","@id":"https:\/\/www.gaveanews.com\/index.php\/2025\/03\/14\/felipe-melo-aponta-diferencial-do-time-do-flamengo-acho-muito-bom\/#breadcrumb","itemListElement":[{"@type":"ListItem","position":1,"name":"Home","item":"https:\/\/www.gaveanews.com\/"},{"@type":"ListItem","position":2,"name":"Felipe Melo aponta diferencial do time do Flamengo: &#8220;Acho muito bom&#8230;&#8221;"}]},{"@type":"WebSite","@id":"https:\/\/www.gaveanews.com\/#website","url":"https:\/\/www.gaveanews.com\/","name":"G\u00e1vea News","description":"Veja todas as not\u00edcias sobre o Flamengo: Contrata\u00e7\u00f5es, categorias de base, resultados das partidas, tabela de classifica\u00e7\u00e3o, pr\u00f3ximos jogos!","potentialAction":[{"@type":"SearchAction","target":{"@type":"EntryPoint","urlTemplate":"https:\/\/www.gaveanews.com\/?s={search_term_string}"},"query-input":{"@type":"PropertyValueSpecification","valueRequired":true,"valueName":"search_term_string"}}],"inLanguage":"pt-BR"},{"@type":"Person","@id":"https:\/\/www.gaveanews.com\/#\/schema\/person\/0eb3e3fe1754f0205218538adbe8f5ed","name":"Rafaela Ladeira","image":{"@type":"ImageObject","inLanguage":"pt-BR","@id":"https:\/\/www.gaveanews.com\/#\/schema\/person\/image\/","url":"https:\/\/secure.gravatar.com\/avatar\/c31f513acffd85eacab5730cbdfdbbf59f21ba5aeada8cd890acea879fbb2455?s=96&d=mm&r=g","contentUrl":"https:\/\/secure.gravatar.com\/avatar\/c31f513acffd85eacab5730cbdfdbbf59f21ba5aeada8cd890acea879fbb2455?s=96&d=mm&r=g","caption":"Rafaela Ladeira"}}]}},"_links":{"self":[{"href":"https:\/\/www.gaveanews.com\/index.php\/wp-json\/wp\/v2\/posts\/239995","targetHints":{"allow":["GET"]}}],"collection":[{"href":"https:\/\/www.gaveanews.com\/index.php\/wp-json\/wp\/v2\/posts"}],"about":[{"href":"https:\/\/www.gaveanews.com\/index.php\/wp-json\/wp\/v2\/types\/post"}],"author":[{"embeddable":true,"href":"https:\/\/www.gaveanews.com\/index.php\/wp-json\/wp\/v2\/users\/25"}],"replies":[{"embeddable":true,"href":"https:\/\/www.gaveanews.com\/index.php\/wp-json\/wp\/v2\/comments?post=239995"}],"version-history":[{"count":1,"href":"https:\/\/www.gaveanews.com\/index.php\/wp-json\/wp\/v2\/posts\/239995\/revisions"}],"predecessor-version":[{"id":239996,"href":"https:\/\/www.gaveanews.com\/index.php\/wp-json\/wp\/v2\/posts\/239995\/revisions\/239996"}],"wp:featuredmedia":[{"embeddable":true,"href":"https:\/\/www.gaveanews.com\/index.php\/wp-json\/wp\/v2\/media\/69565"}],"wp:attachment":[{"href":"https:\/\/www.gaveanews.com\/index.php\/wp-json\/wp\/v2\/media?parent=239995"}],"wp:term":[{"taxonomy":"category","embeddable":true,"href":"https:\/\/www.gaveanews.com\/index.php\/wp-json\/wp\/v2\/categories?post=239995"},{"taxonomy":"post_tag","embeddable":true,"href":"https:\/\/www.gaveanews.com\/index.php\/wp-json\/wp\/v2\/tags?post=239995"}],"curies":[{"name":"wp","href":"https:\/\/api.w.org\/{rel}","templated":true}]}}