{"id":240026,"date":"2025-03-14T12:20:00","date_gmt":"2025-03-14T15:20:00","guid":{"rendered":"https:\/\/www.gaveanews.com\/?p=240026"},"modified":"2025-03-14T11:14:06","modified_gmt":"2025-03-14T14:14:06","slug":"oficial-fluminense-renova-com-titular-ate-2027","status":"publish","type":"post","link":"https:\/\/www.gaveanews.com\/index.php\/2025\/03\/14\/oficial-fluminense-renova-com-titular-ate-2027\/","title":{"rendered":"Oficial! Fluminense renova com titular at\u00e9 2027"},"content":{"rendered":"\n<p>O Fluminense anunciou oficialmente a renova\u00e7\u00e3o do contrato do volante Martinelli at\u00e9 dezembro de 2027. A prorroga\u00e7\u00e3o, que era aguardada, \u00e9 considerada como uma formalidade, j\u00e1 que estava prevista pelas metas estabelecidas em seu acordo anterior com o clube.<\/p>\n\n\n\n<h2 class=\"wp-block-heading\" id=\"h-martinelli-segue-firme-como-titular-do-fluminense\">Martinelli segue firme como titular do Fluminense<\/h2>\n\n\n\n<figure class=\"wp-block-image size-full\"><img loading=\"lazy\" decoding=\"async\" width=\"888\" height=\"592\" src=\"http:\/\/www.gaveanews.com\/wp-content\/uploads\/Martinelli-pelo-Fluminense.webp\" alt=\"\" class=\"wp-image-169796\" srcset=\"https:\/\/www.gaveanews.com\/wp-content\/uploads\/Martinelli-pelo-Fluminense.webp 888w, https:\/\/www.gaveanews.com\/wp-content\/uploads\/Martinelli-pelo-Fluminense-300x200.webp 300w, https:\/\/www.gaveanews.com\/wp-content\/uploads\/Martinelli-pelo-Fluminense-768x512.webp 768w, https:\/\/www.gaveanews.com\/wp-content\/uploads\/Martinelli-pelo-Fluminense-630x420.webp 630w, https:\/\/www.gaveanews.com\/wp-content\/uploads\/Martinelli-pelo-Fluminense-640x427.webp 640w, https:\/\/www.gaveanews.com\/wp-content\/uploads\/Martinelli-pelo-Fluminense-681x454.webp 681w, https:\/\/www.gaveanews.com\/wp-content\/uploads\/Martinelli-pelo-Fluminense-100x67.webp 100w\" sizes=\"auto, (max-width: 888px) 100vw, 888px\" \/><figcaption class=\"wp-element-caption\">Martinelli pelo Fluminense (Foto: Marcelo Gon\u00e7alves\/Fluminense)<\/figcaption><\/figure>\n\n\n\n<p>Na temporada de 2025, Martinelli tem se destacado como uma pe\u00e7a-chave no esquema do t\u00e9cnico Mano Menezes. O volante, de apenas 23 anos, tem sido titular em todos os jogos que disputou at\u00e9 agora, somando 10 partidas entre Campeonato Carioca e Copa do Brasil.&nbsp;<\/p>\n\n\n\n<p>Sendo assim, o jogador continua a mostrar sua import\u00e2ncia no meio-campo do Tricolor, mesmo com a chegada de novos refor\u00e7os como H\u00e9rcules e Ot\u00e1vio.<\/p>\n\n\n\n<h2 class=\"wp-block-heading\" id=\"h-sondagens-nao-alteraram-os-planos-de-martinelli\">Sondagens n\u00e3o alteraram os planos de Martinelli<\/h2>\n\n\n\n<p>Apesar de ser alvo de sondagens do Al-Shabab, Martinelli decidiu seguir no Fluminense, frustrando as tentativas de transfer\u00eancia. Vale destacar que, mesmo com a concorr\u00eancia no elenco, o camisa 8 conseguiu manter sua posi\u00e7\u00e3o entre os titulares, reafirmando seu protagonismo.<\/p>\n\n\n\n<h2 class=\"wp-block-heading\" id=\"h-historico-de-conquistas\">Hist\u00f3rico de conquistas<\/h2>\n\n\n\n<p>Al\u00e7ado ao time profissional em 2020, Martinelli tem se mostrado um jogador decisivo e de grande potencial. Isso porque conquistou t\u00edtulos importantes como a Libertadores, a Recopa Sul-Americana e dois Campeonatos Cariocas com o Fluminense.&nbsp;<\/p>\n\n\n\n<p>Por isso, \u00e9 considerado uma das pe\u00e7as mais valiosas do elenco. Al\u00e9m disso, o volante det\u00e9m o recorde de mais jogos disputados pelo clube na Copa Libertadores, com 240 partidas realizadas na maior competi\u00e7\u00e3o de clubes da Am\u00e9rica do Sul.<\/p>\n\n\n\n<h2 class=\"wp-block-heading\" id=\"h-o-futuro-de-martinelli-no-fluminense\">O futuro de Martinelli no Fluminense<\/h2>\n\n\n\n<p>Portanto, com seu contrato renovado at\u00e9 2027, Martinelli segue com a confian\u00e7a da comiss\u00e3o t\u00e9cnica e da torcida do Fluminense.&nbsp;<\/p>\n\n\n\n<p>Cabe ressaltar que o volante tem todas as condi\u00e7\u00f5es de se tornar ainda mais decisivo nas pr\u00f3ximas temporadas, consolidando-se como um dos grandes nomes do futebol brasileiro gra\u00e7as \u00e0 sua habilidade, dedica\u00e7\u00e3o e esp\u00edrito de lideran\u00e7a dentro de campo.<\/p>\n","protected":false},"excerpt":{"rendered":"<p>O Fluminense anunciou oficialmente a renova\u00e7\u00e3o do contrato do volante Martinelli at\u00e9 dezembro de 2027. A prorroga\u00e7\u00e3o, que era aguardada, \u00e9 considerada como uma formalidade, j\u00e1 que estava prevista pelas metas estabelecidas em seu acordo anterior com o clube. Martinelli segue firme como titular do Fluminense Na temporada de 2025, Martinelli tem se destacado como [&hellip;]<\/p>\n","protected":false},"author":25,"featured_media":144992,"comment_status":"open","ping_status":"closed","sticky":false,"template":"","format":"standard","meta":{"footnotes":""},"categories":[145],"tags":[],"class_list":["post-240026","post","type-post","status-publish","format-standard","has-post-thumbnail","hentry","category-fluminense"],"yoast_head":"<!-- This site is optimized with the Yoast SEO Premium plugin v24.2 (Yoast SEO v26.9) - https:\/\/yoast.com\/product\/yoast-seo-premium-wordpress\/ -->\n<title>Oficial! Fluminense renova com titular at\u00e9 2027<\/title>\n<meta name=\"robots\" content=\"index, follow, max-snippet:-1, max-image-preview:large, max-video-preview:-1\" \/>\n<link rel=\"canonical\" href=\"https:\/\/www.gaveanews.com\/index.php\/2025\/03\/14\/oficial-fluminense-renova-com-titular-ate-2027\/\" \/>\n<meta property=\"og:locale\" content=\"pt_BR\" \/>\n<meta property=\"og:type\" content=\"article\" \/>\n<meta property=\"og:title\" content=\"Oficial! Fluminense renova com titular at\u00e9 2027\" \/>\n<meta property=\"og:description\" content=\"O Fluminense anunciou oficialmente a renova\u00e7\u00e3o do contrato do volante Martinelli at\u00e9 dezembro de 2027. A prorroga\u00e7\u00e3o, que era aguardada, \u00e9 considerada como uma formalidade, j\u00e1 que estava prevista pelas metas estabelecidas em seu acordo anterior com o clube. Martinelli segue firme como titular do Fluminense Na temporada de 2025, Martinelli tem se destacado como [&hellip;]\" \/>\n<meta property=\"og:url\" content=\"https:\/\/www.gaveanews.com\/index.php\/2025\/03\/14\/oficial-fluminense-renova-com-titular-ate-2027\/\" \/>\n<meta property=\"og:site_name\" content=\"G\u00e1vea News\" \/>\n<meta property=\"article:publisher\" content=\"https:\/\/facebook.com\/gaveaNews\/\" \/>\n<meta property=\"article:published_time\" content=\"2025-03-14T15:20:00+00:00\" \/>\n<meta property=\"og:image\" content=\"https:\/\/www.gaveanews.com\/wp-content\/uploads\/Escudo-do-Fluminense.webp\" \/>\n\t<meta property=\"og:image:width\" content=\"1000\" \/>\n\t<meta property=\"og:image:height\" content=\"667\" \/>\n\t<meta property=\"og:image:type\" content=\"image\/webp\" \/>\n<meta name=\"author\" content=\"Rafaela Ladeira\" \/>\n<meta name=\"twitter:card\" content=\"summary_large_image\" \/>\n<meta name=\"twitter:label1\" content=\"Escrito por\" \/>\n\t<meta name=\"twitter:data1\" content=\"Rafaela Ladeira\" \/>\n\t<meta name=\"twitter:label2\" content=\"Est. tempo de leitura\" \/>\n\t<meta name=\"twitter:data2\" content=\"3 minutos\" \/>\n<script type=\"application\/ld+json\" class=\"yoast-schema-graph\">{\"@context\":\"https:\/\/schema.org\",\"@graph\":[{\"@type\":\"NewsArticle\",\"@id\":\"https:\/\/www.gaveanews.com\/index.php\/2025\/03\/14\/oficial-fluminense-renova-com-titular-ate-2027\/#article\",\"isPartOf\":{\"@id\":\"https:\/\/www.gaveanews.com\/index.php\/2025\/03\/14\/oficial-fluminense-renova-com-titular-ate-2027\/\"},\"author\":{\"name\":\"Rafaela Ladeira\",\"@id\":\"https:\/\/www.gaveanews.com\/#\/schema\/person\/0eb3e3fe1754f0205218538adbe8f5ed\"},\"headline\":\"Oficial! Fluminense renova com titular at\u00e9 2027\",\"datePublished\":\"2025-03-14T15:20:00+00:00\",\"mainEntityOfPage\":{\"@id\":\"https:\/\/www.gaveanews.com\/index.php\/2025\/03\/14\/oficial-fluminense-renova-com-titular-ate-2027\/\"},\"wordCount\":339,\"commentCount\":0,\"image\":{\"@id\":\"https:\/\/www.gaveanews.com\/index.php\/2025\/03\/14\/oficial-fluminense-renova-com-titular-ate-2027\/#primaryimage\"},\"thumbnailUrl\":\"https:\/\/www.gaveanews.com\/wp-content\/uploads\/Escudo-do-Fluminense.webp\",\"articleSection\":[\"Fluminense\"],\"inLanguage\":\"pt-BR\",\"potentialAction\":[{\"@type\":\"CommentAction\",\"name\":\"Comment\",\"target\":[\"https:\/\/www.gaveanews.com\/index.php\/2025\/03\/14\/oficial-fluminense-renova-com-titular-ate-2027\/#respond\"]}],\"copyrightYear\":\"2025\",\"copyrightHolder\":{\"@id\":\"https:\/\/www.gaveanews.com\/#organization\"}},{\"@type\":\"WebPage\",\"@id\":\"https:\/\/www.gaveanews.com\/index.php\/2025\/03\/14\/oficial-fluminense-renova-com-titular-ate-2027\/\",\"url\":\"https:\/\/www.gaveanews.com\/index.php\/2025\/03\/14\/oficial-fluminense-renova-com-titular-ate-2027\/\",\"name\":\"Oficial! Fluminense renova com titular at\u00e9 2027\",\"isPartOf\":{\"@id\":\"https:\/\/www.gaveanews.com\/#website\"},\"primaryImageOfPage\":{\"@id\":\"https:\/\/www.gaveanews.com\/index.php\/2025\/03\/14\/oficial-fluminense-renova-com-titular-ate-2027\/#primaryimage\"},\"image\":{\"@id\":\"https:\/\/www.gaveanews.com\/index.php\/2025\/03\/14\/oficial-fluminense-renova-com-titular-ate-2027\/#primaryimage\"},\"thumbnailUrl\":\"https:\/\/www.gaveanews.com\/wp-content\/uploads\/Escudo-do-Fluminense.webp\",\"datePublished\":\"2025-03-14T15:20:00+00:00\",\"author\":{\"@id\":\"https:\/\/www.gaveanews.com\/#\/schema\/person\/0eb3e3fe1754f0205218538adbe8f5ed\"},\"breadcrumb\":{\"@id\":\"https:\/\/www.gaveanews.com\/index.php\/2025\/03\/14\/oficial-fluminense-renova-com-titular-ate-2027\/#breadcrumb\"},\"inLanguage\":\"pt-BR\",\"potentialAction\":[{\"@type\":\"ReadAction\",\"target\":[\"https:\/\/www.gaveanews.com\/index.php\/2025\/03\/14\/oficial-fluminense-renova-com-titular-ate-2027\/\"]}]},{\"@type\":\"ImageObject\",\"inLanguage\":\"pt-BR\",\"@id\":\"https:\/\/www.gaveanews.com\/index.php\/2025\/03\/14\/oficial-fluminense-renova-com-titular-ate-2027\/#primaryimage\",\"url\":\"https:\/\/www.gaveanews.com\/wp-content\/uploads\/Escudo-do-Fluminense.webp\",\"contentUrl\":\"https:\/\/www.gaveanews.com\/wp-content\/uploads\/Escudo-do-Fluminense.webp\",\"width\":1000,\"height\":667,\"caption\":\"Escudo do Fluminense (Foto Reprodu\u00e7\u00e3o\/Instagram)\"},{\"@type\":\"BreadcrumbList\",\"@id\":\"https:\/\/www.gaveanews.com\/index.php\/2025\/03\/14\/oficial-fluminense-renova-com-titular-ate-2027\/#breadcrumb\",\"itemListElement\":[{\"@type\":\"ListItem\",\"position\":1,\"name\":\"Home\",\"item\":\"https:\/\/www.gaveanews.com\/\"},{\"@type\":\"ListItem\",\"position\":2,\"name\":\"Oficial! Fluminense renova com titular at\u00e9 2027\"}]},{\"@type\":\"WebSite\",\"@id\":\"https:\/\/www.gaveanews.com\/#website\",\"url\":\"https:\/\/www.gaveanews.com\/\",\"name\":\"G\u00e1vea News\",\"description\":\"Veja todas as not\u00edcias sobre o Flamengo: Contrata\u00e7\u00f5es, categorias de base, resultados das partidas, tabela de classifica\u00e7\u00e3o, pr\u00f3ximos jogos!\",\"potentialAction\":[{\"@type\":\"SearchAction\",\"target\":{\"@type\":\"EntryPoint\",\"urlTemplate\":\"https:\/\/www.gaveanews.com\/?s={search_term_string}\"},\"query-input\":{\"@type\":\"PropertyValueSpecification\",\"valueRequired\":true,\"valueName\":\"search_term_string\"}}],\"inLanguage\":\"pt-BR\"},{\"@type\":\"Person\",\"@id\":\"https:\/\/www.gaveanews.com\/#\/schema\/person\/0eb3e3fe1754f0205218538adbe8f5ed\",\"name\":\"Rafaela Ladeira\",\"image\":{\"@type\":\"ImageObject\",\"inLanguage\":\"pt-BR\",\"@id\":\"https:\/\/www.gaveanews.com\/#\/schema\/person\/image\/\",\"url\":\"https:\/\/secure.gravatar.com\/avatar\/c31f513acffd85eacab5730cbdfdbbf59f21ba5aeada8cd890acea879fbb2455?s=96&d=mm&r=g\",\"contentUrl\":\"https:\/\/secure.gravatar.com\/avatar\/c31f513acffd85eacab5730cbdfdbbf59f21ba5aeada8cd890acea879fbb2455?s=96&d=mm&r=g\",\"caption\":\"Rafaela Ladeira\"}}]}<\/script>\n<!-- \/ Yoast SEO Premium plugin. -->","yoast_head_json":{"title":"Oficial! Fluminense renova com titular at\u00e9 2027","robots":{"index":"index","follow":"follow","max-snippet":"max-snippet:-1","max-image-preview":"max-image-preview:large","max-video-preview":"max-video-preview:-1"},"canonical":"https:\/\/www.gaveanews.com\/index.php\/2025\/03\/14\/oficial-fluminense-renova-com-titular-ate-2027\/","og_locale":"pt_BR","og_type":"article","og_title":"Oficial! Fluminense renova com titular at\u00e9 2027","og_description":"O Fluminense anunciou oficialmente a renova\u00e7\u00e3o do contrato do volante Martinelli at\u00e9 dezembro de 2027. A prorroga\u00e7\u00e3o, que era aguardada, \u00e9 considerada como uma formalidade, j\u00e1 que estava prevista pelas metas estabelecidas em seu acordo anterior com o clube. Martinelli segue firme como titular do Fluminense Na temporada de 2025, Martinelli tem se destacado como [&hellip;]","og_url":"https:\/\/www.gaveanews.com\/index.php\/2025\/03\/14\/oficial-fluminense-renova-com-titular-ate-2027\/","og_site_name":"G\u00e1vea News","article_publisher":"https:\/\/facebook.com\/gaveaNews\/","article_published_time":"2025-03-14T15:20:00+00:00","og_image":[{"width":1000,"height":667,"url":"https:\/\/www.gaveanews.com\/wp-content\/uploads\/Escudo-do-Fluminense.webp","type":"image\/webp"}],"author":"Rafaela Ladeira","twitter_card":"summary_large_image","twitter_misc":{"Escrito por":"Rafaela Ladeira","Est. tempo de leitura":"3 minutos"},"schema":{"@context":"https:\/\/schema.org","@graph":[{"@type":"NewsArticle","@id":"https:\/\/www.gaveanews.com\/index.php\/2025\/03\/14\/oficial-fluminense-renova-com-titular-ate-2027\/#article","isPartOf":{"@id":"https:\/\/www.gaveanews.com\/index.php\/2025\/03\/14\/oficial-fluminense-renova-com-titular-ate-2027\/"},"author":{"name":"Rafaela Ladeira","@id":"https:\/\/www.gaveanews.com\/#\/schema\/person\/0eb3e3fe1754f0205218538adbe8f5ed"},"headline":"Oficial! Fluminense renova com titular at\u00e9 2027","datePublished":"2025-03-14T15:20:00+00:00","mainEntityOfPage":{"@id":"https:\/\/www.gaveanews.com\/index.php\/2025\/03\/14\/oficial-fluminense-renova-com-titular-ate-2027\/"},"wordCount":339,"commentCount":0,"image":{"@id":"https:\/\/www.gaveanews.com\/index.php\/2025\/03\/14\/oficial-fluminense-renova-com-titular-ate-2027\/#primaryimage"},"thumbnailUrl":"https:\/\/www.gaveanews.com\/wp-content\/uploads\/Escudo-do-Fluminense.webp","articleSection":["Fluminense"],"inLanguage":"pt-BR","potentialAction":[{"@type":"CommentAction","name":"Comment","target":["https:\/\/www.gaveanews.com\/index.php\/2025\/03\/14\/oficial-fluminense-renova-com-titular-ate-2027\/#respond"]}],"copyrightYear":"2025","copyrightHolder":{"@id":"https:\/\/www.gaveanews.com\/#organization"}},{"@type":"WebPage","@id":"https:\/\/www.gaveanews.com\/index.php\/2025\/03\/14\/oficial-fluminense-renova-com-titular-ate-2027\/","url":"https:\/\/www.gaveanews.com\/index.php\/2025\/03\/14\/oficial-fluminense-renova-com-titular-ate-2027\/","name":"Oficial! Fluminense renova com titular at\u00e9 2027","isPartOf":{"@id":"https:\/\/www.gaveanews.com\/#website"},"primaryImageOfPage":{"@id":"https:\/\/www.gaveanews.com\/index.php\/2025\/03\/14\/oficial-fluminense-renova-com-titular-ate-2027\/#primaryimage"},"image":{"@id":"https:\/\/www.gaveanews.com\/index.php\/2025\/03\/14\/oficial-fluminense-renova-com-titular-ate-2027\/#primaryimage"},"thumbnailUrl":"https:\/\/www.gaveanews.com\/wp-content\/uploads\/Escudo-do-Fluminense.webp","datePublished":"2025-03-14T15:20:00+00:00","author":{"@id":"https:\/\/www.gaveanews.com\/#\/schema\/person\/0eb3e3fe1754f0205218538adbe8f5ed"},"breadcrumb":{"@id":"https:\/\/www.gaveanews.com\/index.php\/2025\/03\/14\/oficial-fluminense-renova-com-titular-ate-2027\/#breadcrumb"},"inLanguage":"pt-BR","potentialAction":[{"@type":"ReadAction","target":["https:\/\/www.gaveanews.com\/index.php\/2025\/03\/14\/oficial-fluminense-renova-com-titular-ate-2027\/"]}]},{"@type":"ImageObject","inLanguage":"pt-BR","@id":"https:\/\/www.gaveanews.com\/index.php\/2025\/03\/14\/oficial-fluminense-renova-com-titular-ate-2027\/#primaryimage","url":"https:\/\/www.gaveanews.com\/wp-content\/uploads\/Escudo-do-Fluminense.webp","contentUrl":"https:\/\/www.gaveanews.com\/wp-content\/uploads\/Escudo-do-Fluminense.webp","width":1000,"height":667,"caption":"Escudo do Fluminense (Foto Reprodu\u00e7\u00e3o\/Instagram)"},{"@type":"BreadcrumbList","@id":"https:\/\/www.gaveanews.com\/index.php\/2025\/03\/14\/oficial-fluminense-renova-com-titular-ate-2027\/#breadcrumb","itemListElement":[{"@type":"ListItem","position":1,"name":"Home","item":"https:\/\/www.gaveanews.com\/"},{"@type":"ListItem","position":2,"name":"Oficial! Fluminense renova com titular at\u00e9 2027"}]},{"@type":"WebSite","@id":"https:\/\/www.gaveanews.com\/#website","url":"https:\/\/www.gaveanews.com\/","name":"G\u00e1vea News","description":"Veja todas as not\u00edcias sobre o Flamengo: Contrata\u00e7\u00f5es, categorias de base, resultados das partidas, tabela de classifica\u00e7\u00e3o, pr\u00f3ximos jogos!","potentialAction":[{"@type":"SearchAction","target":{"@type":"EntryPoint","urlTemplate":"https:\/\/www.gaveanews.com\/?s={search_term_string}"},"query-input":{"@type":"PropertyValueSpecification","valueRequired":true,"valueName":"search_term_string"}}],"inLanguage":"pt-BR"},{"@type":"Person","@id":"https:\/\/www.gaveanews.com\/#\/schema\/person\/0eb3e3fe1754f0205218538adbe8f5ed","name":"Rafaela Ladeira","image":{"@type":"ImageObject","inLanguage":"pt-BR","@id":"https:\/\/www.gaveanews.com\/#\/schema\/person\/image\/","url":"https:\/\/secure.gravatar.com\/avatar\/c31f513acffd85eacab5730cbdfdbbf59f21ba5aeada8cd890acea879fbb2455?s=96&d=mm&r=g","contentUrl":"https:\/\/secure.gravatar.com\/avatar\/c31f513acffd85eacab5730cbdfdbbf59f21ba5aeada8cd890acea879fbb2455?s=96&d=mm&r=g","caption":"Rafaela Ladeira"}}]}},"_links":{"self":[{"href":"https:\/\/www.gaveanews.com\/index.php\/wp-json\/wp\/v2\/posts\/240026","targetHints":{"allow":["GET"]}}],"collection":[{"href":"https:\/\/www.gaveanews.com\/index.php\/wp-json\/wp\/v2\/posts"}],"about":[{"href":"https:\/\/www.gaveanews.com\/index.php\/wp-json\/wp\/v2\/types\/post"}],"author":[{"embeddable":true,"href":"https:\/\/www.gaveanews.com\/index.php\/wp-json\/wp\/v2\/users\/25"}],"replies":[{"embeddable":true,"href":"https:\/\/www.gaveanews.com\/index.php\/wp-json\/wp\/v2\/comments?post=240026"}],"version-history":[{"count":1,"href":"https:\/\/www.gaveanews.com\/index.php\/wp-json\/wp\/v2\/posts\/240026\/revisions"}],"predecessor-version":[{"id":240027,"href":"https:\/\/www.gaveanews.com\/index.php\/wp-json\/wp\/v2\/posts\/240026\/revisions\/240027"}],"wp:featuredmedia":[{"embeddable":true,"href":"https:\/\/www.gaveanews.com\/index.php\/wp-json\/wp\/v2\/media\/144992"}],"wp:attachment":[{"href":"https:\/\/www.gaveanews.com\/index.php\/wp-json\/wp\/v2\/media?parent=240026"}],"wp:term":[{"taxonomy":"category","embeddable":true,"href":"https:\/\/www.gaveanews.com\/index.php\/wp-json\/wp\/v2\/categories?post=240026"},{"taxonomy":"post_tag","embeddable":true,"href":"https:\/\/www.gaveanews.com\/index.php\/wp-json\/wp\/v2\/tags?post=240026"}],"curies":[{"name":"wp","href":"https:\/\/api.w.org\/{rel}","templated":true}]}}