{"id":240047,"date":"2025-03-15T16:00:00","date_gmt":"2025-03-15T19:00:00","guid":{"rendered":"https:\/\/www.gaveanews.com\/?p=240047"},"modified":"2025-03-14T12:14:50","modified_gmt":"2025-03-14T15:14:50","slug":"internacional-x-gremio-inteligencia-artificial-crava-campeao","status":"publish","type":"post","link":"https:\/\/www.gaveanews.com\/index.php\/2025\/03\/15\/internacional-x-gremio-inteligencia-artificial-crava-campeao\/","title":{"rendered":"Internacional x Gr\u00eamio: intelig\u00eancia artificial crava campe\u00e3o"},"content":{"rendered":"\n<p>Internacional e Gr\u00eamio se enfrentam neste domingo (16 de mar\u00e7o) no Gre-Nal 446, duelo que definir\u00e1 o campe\u00e3o do Campeonato Ga\u00facho de 2025. A partida ser\u00e1 realizada no est\u00e1dio Beira-Rio, em Porto Alegre, com in\u00edcio marcado para as 16h (hor\u00e1rio de Bras\u00edlia). Com vantagem de dois gols no placar agregado, o Internacional entra em campo com a miss\u00e3o de confirmar o t\u00edtulo diante de sua torcida, enquanto o Gr\u00eamio precisa reverter o resultado para manter vivo o sonho do octacampeonato estadual in\u00e9dito.<\/p>\n\n\n\n<p>O portal G\u00e1vea News pediu para uma intelig\u00eancia artificial analisar resultados e estat\u00edsticas e prever quem sair\u00e1 vencedor, confira no decorrer da mat\u00e9ria<\/p>\n\n\n\n<h2 class=\"wp-block-heading\" id=\"h-detalhes-do-confronto\">Detalhes do confronto<\/h2>\n\n\n\n<p>O Colorado chega ao confronto mais descansado, j\u00e1 que n\u00e3o teve compromissos durante a semana e p\u00f4de focar inteiramente na decis\u00e3o. Por outro lado, o Gr\u00eamio precisou disputar uma partida desgastante contra o Athletic, pela segunda fase da Copa do Brasil. O duelo terminou empatado em 3 a 3, e a classifica\u00e7\u00e3o do Tricolor veio apenas na disputa por p\u00eanaltis. Al\u00e9m do cansa\u00e7o acumulado, a equipe precisar\u00e1 lidar com poss\u00edveis desfalques para o cl\u00e1ssico.<\/p>\n\n\n\n<p>O Beira-Rio estar\u00e1 completamente lotado para a decis\u00e3o, com todos os 50 mil ingressos vendidos. A expectativa \u00e9 de um dos maiores p\u00fablicos desde a reforma do est\u00e1dio para a Copa do Mundo de 2014. Para levar a final para os p\u00eanaltis, o Gr\u00eamio precisa vencer por dois gols de diferen\u00e7a no tempo regulamentar. Caso o Internacional consiga manter a vantagem, confirmar\u00e1 o t\u00edtulo sem necessidade de disputa por penalidades.<\/p>\n\n\n\n<h2 class=\"wp-block-heading\" id=\"h-provaveis-escalacoes\">Prov\u00e1veis escala\u00e7\u00f5es<\/h2>\n\n\n\n<p>As escala\u00e7\u00f5es indicam for\u00e7a m\u00e1xima dos dois lados. O Internacional deve ir a campo com Anthoni; Aguirre, Vit\u00e3o, Victor Gabriel, Bernabei; Fernando, Bruno Henrique, Vitinho, Alan Patrick, Carbonero; Enner Valencia. <\/p>\n\n\n\n<p>J\u00e1 o Gr\u00eamio deve iniciar com Tiago Volpi; Jo\u00e3o Pedro, Jemerson, Wagner Leonardo, Lucas Esteves; Cu\u00e9llar, Villasanti, Cristian Olivera, Monsalve (Edenilson) e Amuzu; Braithwaite. O t\u00e9cnico tricolor poder\u00e1 fazer ajustes na escala\u00e7\u00e3o de \u00faltima hora para evitar o desgaste excessivo de sua equipe.<\/p>\n\n\n\n<h2 class=\"wp-block-heading\" id=\"h-previsao-da-inteligencia-artificial-para-internacional-x-gremio\">Previs\u00e3o da Intelig\u00eancia Artificial para Internacional x Gr\u00eamio<\/h2>\n\n\n\n<p><em>O Internacional chega para o Gre-Nal com vantagem significativa ap\u00f3s vencer a primeira partida por 2 a 0 fora de casa. Al\u00e9m do bom momento, o time comandado por Roger Machado se mostra s\u00f3lido defensivamente, com uma campanha quase impec\u00e1vel no Campeonato Ga\u00facho, nove vit\u00f3rias e dois empates em 11 jogos. O apoio da torcida no Beira-Rio, com ingressos esgotados, e a manuten\u00e7\u00e3o da base titular refor\u00e7am ainda mais sua condi\u00e7\u00e3o de favorito. O Gr\u00eamio, por outro lado, vem de uma sequ\u00eancia irregular e precisa reverter um placar muito dif\u00edcil, al\u00e9m de lidar com poss\u00edveis desfalques importantes, como Braithwaite e Jo\u00e3o Pedro.<\/em><\/p>\n\n\n\n<p><em>Diante desse cen\u00e1rio, a tend\u00eancia \u00e9 que o Internacional jogue com intelig\u00eancia, administrando o resultado sem se expor demais. O Gr\u00eamio pode at\u00e9 tentar pressionar, mas sua inconsist\u00eancia recente e a for\u00e7a defensiva do Colorado dificultam uma virada. Assim, minha previs\u00e3o \u00e9 clara: o Internacional confirmar\u00e1 o t\u00edtulo e quebrar\u00e1 o jejum de nove anos sem conquistar o Campeonato Ga\u00facho.<\/em><\/p>\n","protected":false},"excerpt":{"rendered":"<p>Internacional e Gr\u00eamio se enfrentam neste domingo (16 de mar\u00e7o) no Gre-Nal 446, duelo que definir\u00e1 o campe\u00e3o do Campeonato Ga\u00facho de 2025. A partida ser\u00e1 realizada no est\u00e1dio Beira-Rio, em Porto Alegre, com in\u00edcio marcado para as 16h (hor\u00e1rio de Bras\u00edlia). Com vantagem de dois gols no placar agregado, o Internacional entra em campo [&hellip;]<\/p>\n","protected":false},"author":27,"featured_media":88472,"comment_status":"open","ping_status":"closed","sticky":false,"template":"","format":"standard","meta":{"footnotes":""},"categories":[147,148],"tags":[],"class_list":["post-240047","post","type-post","status-publish","format-standard","has-post-thumbnail","hentry","category-gremio","category-internacional"],"yoast_head":"<!-- This site is optimized with the Yoast SEO Premium plugin v24.2 (Yoast SEO v26.9) - https:\/\/yoast.com\/product\/yoast-seo-premium-wordpress\/ -->\n<title>Internacional x Gr\u00eamio: intelig\u00eancia artificial crava campe\u00e3o<\/title>\n<meta name=\"robots\" content=\"index, follow, max-snippet:-1, max-image-preview:large, max-video-preview:-1\" \/>\n<link rel=\"canonical\" href=\"https:\/\/www.gaveanews.com\/index.php\/2025\/03\/15\/internacional-x-gremio-inteligencia-artificial-crava-campeao\/\" \/>\n<meta property=\"og:locale\" content=\"pt_BR\" \/>\n<meta property=\"og:type\" content=\"article\" \/>\n<meta property=\"og:title\" content=\"Internacional x Gr\u00eamio: intelig\u00eancia artificial crava campe\u00e3o\" \/>\n<meta property=\"og:description\" content=\"Internacional e Gr\u00eamio se enfrentam neste domingo (16 de mar\u00e7o) no Gre-Nal 446, duelo que definir\u00e1 o campe\u00e3o do Campeonato Ga\u00facho de 2025. A partida ser\u00e1 realizada no est\u00e1dio Beira-Rio, em Porto Alegre, com in\u00edcio marcado para as 16h (hor\u00e1rio de Bras\u00edlia). Com vantagem de dois gols no placar agregado, o Internacional entra em campo [&hellip;]\" \/>\n<meta property=\"og:url\" content=\"https:\/\/www.gaveanews.com\/index.php\/2025\/03\/15\/internacional-x-gremio-inteligencia-artificial-crava-campeao\/\" \/>\n<meta property=\"og:site_name\" content=\"G\u00e1vea News\" \/>\n<meta property=\"article:publisher\" content=\"https:\/\/facebook.com\/gaveaNews\/\" \/>\n<meta property=\"article:published_time\" content=\"2025-03-15T19:00:00+00:00\" \/>\n<meta property=\"og:image\" content=\"https:\/\/www.gaveanews.com\/wp-content\/uploads\/Elenco-Internacional.webp\" \/>\n\t<meta property=\"og:image:width\" content=\"799\" \/>\n\t<meta property=\"og:image:height\" content=\"532\" \/>\n\t<meta property=\"og:image:type\" content=\"image\/webp\" \/>\n<meta name=\"author\" content=\"Matheus Felipe\" \/>\n<meta name=\"twitter:card\" content=\"summary_large_image\" \/>\n<meta name=\"twitter:label1\" content=\"Escrito por\" \/>\n\t<meta name=\"twitter:data1\" content=\"Matheus Felipe\" \/>\n\t<meta name=\"twitter:label2\" content=\"Est. tempo de leitura\" \/>\n\t<meta name=\"twitter:data2\" content=\"3 minutos\" \/>\n<script type=\"application\/ld+json\" class=\"yoast-schema-graph\">{\"@context\":\"https:\/\/schema.org\",\"@graph\":[{\"@type\":\"NewsArticle\",\"@id\":\"https:\/\/www.gaveanews.com\/index.php\/2025\/03\/15\/internacional-x-gremio-inteligencia-artificial-crava-campeao\/#article\",\"isPartOf\":{\"@id\":\"https:\/\/www.gaveanews.com\/index.php\/2025\/03\/15\/internacional-x-gremio-inteligencia-artificial-crava-campeao\/\"},\"author\":{\"name\":\"Matheus Felipe\",\"@id\":\"https:\/\/www.gaveanews.com\/#\/schema\/person\/8207cd4627f56151707418bfc835b2fb\"},\"headline\":\"Internacional x Gr\u00eamio: intelig\u00eancia artificial crava campe\u00e3o\",\"datePublished\":\"2025-03-15T19:00:00+00:00\",\"mainEntityOfPage\":{\"@id\":\"https:\/\/www.gaveanews.com\/index.php\/2025\/03\/15\/internacional-x-gremio-inteligencia-artificial-crava-campeao\/\"},\"wordCount\":565,\"commentCount\":0,\"image\":{\"@id\":\"https:\/\/www.gaveanews.com\/index.php\/2025\/03\/15\/internacional-x-gremio-inteligencia-artificial-crava-campeao\/#primaryimage\"},\"thumbnailUrl\":\"https:\/\/www.gaveanews.com\/wp-content\/uploads\/Elenco-Internacional.webp\",\"articleSection\":[\"Gr\u00eamio\",\"Internacional\"],\"inLanguage\":\"pt-BR\",\"potentialAction\":[{\"@type\":\"CommentAction\",\"name\":\"Comment\",\"target\":[\"https:\/\/www.gaveanews.com\/index.php\/2025\/03\/15\/internacional-x-gremio-inteligencia-artificial-crava-campeao\/#respond\"]}],\"copyrightYear\":\"2025\",\"copyrightHolder\":{\"@id\":\"https:\/\/www.gaveanews.com\/#organization\"}},{\"@type\":\"WebPage\",\"@id\":\"https:\/\/www.gaveanews.com\/index.php\/2025\/03\/15\/internacional-x-gremio-inteligencia-artificial-crava-campeao\/\",\"url\":\"https:\/\/www.gaveanews.com\/index.php\/2025\/03\/15\/internacional-x-gremio-inteligencia-artificial-crava-campeao\/\",\"name\":\"Internacional x Gr\u00eamio: intelig\u00eancia artificial crava campe\u00e3o\",\"isPartOf\":{\"@id\":\"https:\/\/www.gaveanews.com\/#website\"},\"primaryImageOfPage\":{\"@id\":\"https:\/\/www.gaveanews.com\/index.php\/2025\/03\/15\/internacional-x-gremio-inteligencia-artificial-crava-campeao\/#primaryimage\"},\"image\":{\"@id\":\"https:\/\/www.gaveanews.com\/index.php\/2025\/03\/15\/internacional-x-gremio-inteligencia-artificial-crava-campeao\/#primaryimage\"},\"thumbnailUrl\":\"https:\/\/www.gaveanews.com\/wp-content\/uploads\/Elenco-Internacional.webp\",\"datePublished\":\"2025-03-15T19:00:00+00:00\",\"author\":{\"@id\":\"https:\/\/www.gaveanews.com\/#\/schema\/person\/8207cd4627f56151707418bfc835b2fb\"},\"breadcrumb\":{\"@id\":\"https:\/\/www.gaveanews.com\/index.php\/2025\/03\/15\/internacional-x-gremio-inteligencia-artificial-crava-campeao\/#breadcrumb\"},\"inLanguage\":\"pt-BR\",\"potentialAction\":[{\"@type\":\"ReadAction\",\"target\":[\"https:\/\/www.gaveanews.com\/index.php\/2025\/03\/15\/internacional-x-gremio-inteligencia-artificial-crava-campeao\/\"]}]},{\"@type\":\"ImageObject\",\"inLanguage\":\"pt-BR\",\"@id\":\"https:\/\/www.gaveanews.com\/index.php\/2025\/03\/15\/internacional-x-gremio-inteligencia-artificial-crava-campeao\/#primaryimage\",\"url\":\"https:\/\/www.gaveanews.com\/wp-content\/uploads\/Elenco-Internacional.webp\",\"contentUrl\":\"https:\/\/www.gaveanews.com\/wp-content\/uploads\/Elenco-Internacional.webp\",\"width\":799,\"height\":532,\"caption\":\"Elenco do Internacional antes de partida (Foto: Divulga\u00e7\u00e3o\/Internacional)\"},{\"@type\":\"BreadcrumbList\",\"@id\":\"https:\/\/www.gaveanews.com\/index.php\/2025\/03\/15\/internacional-x-gremio-inteligencia-artificial-crava-campeao\/#breadcrumb\",\"itemListElement\":[{\"@type\":\"ListItem\",\"position\":1,\"name\":\"Home\",\"item\":\"https:\/\/www.gaveanews.com\/\"},{\"@type\":\"ListItem\",\"position\":2,\"name\":\"Internacional x Gr\u00eamio: intelig\u00eancia artificial crava campe\u00e3o\"}]},{\"@type\":\"WebSite\",\"@id\":\"https:\/\/www.gaveanews.com\/#website\",\"url\":\"https:\/\/www.gaveanews.com\/\",\"name\":\"G\u00e1vea News\",\"description\":\"Veja todas as not\u00edcias sobre o Flamengo: Contrata\u00e7\u00f5es, categorias de base, resultados das partidas, tabela de classifica\u00e7\u00e3o, pr\u00f3ximos jogos!\",\"potentialAction\":[{\"@type\":\"SearchAction\",\"target\":{\"@type\":\"EntryPoint\",\"urlTemplate\":\"https:\/\/www.gaveanews.com\/?s={search_term_string}\"},\"query-input\":{\"@type\":\"PropertyValueSpecification\",\"valueRequired\":true,\"valueName\":\"search_term_string\"}}],\"inLanguage\":\"pt-BR\"},{\"@type\":\"Person\",\"@id\":\"https:\/\/www.gaveanews.com\/#\/schema\/person\/8207cd4627f56151707418bfc835b2fb\",\"name\":\"Matheus Felipe\",\"image\":{\"@type\":\"ImageObject\",\"inLanguage\":\"pt-BR\",\"@id\":\"https:\/\/www.gaveanews.com\/#\/schema\/person\/image\/\",\"url\":\"https:\/\/secure.gravatar.com\/avatar\/a452ffbed9130f726358b298bb3a99ce4bd3c5338411f8440e87e14d74c7c087?s=96&d=mm&r=g\",\"contentUrl\":\"https:\/\/secure.gravatar.com\/avatar\/a452ffbed9130f726358b298bb3a99ce4bd3c5338411f8440e87e14d74c7c087?s=96&d=mm&r=g\",\"caption\":\"Matheus Felipe\"}}]}<\/script>\n<!-- \/ Yoast SEO Premium plugin. -->","yoast_head_json":{"title":"Internacional x Gr\u00eamio: intelig\u00eancia artificial crava campe\u00e3o","robots":{"index":"index","follow":"follow","max-snippet":"max-snippet:-1","max-image-preview":"max-image-preview:large","max-video-preview":"max-video-preview:-1"},"canonical":"https:\/\/www.gaveanews.com\/index.php\/2025\/03\/15\/internacional-x-gremio-inteligencia-artificial-crava-campeao\/","og_locale":"pt_BR","og_type":"article","og_title":"Internacional x Gr\u00eamio: intelig\u00eancia artificial crava campe\u00e3o","og_description":"Internacional e Gr\u00eamio se enfrentam neste domingo (16 de mar\u00e7o) no Gre-Nal 446, duelo que definir\u00e1 o campe\u00e3o do Campeonato Ga\u00facho de 2025. A partida ser\u00e1 realizada no est\u00e1dio Beira-Rio, em Porto Alegre, com in\u00edcio marcado para as 16h (hor\u00e1rio de Bras\u00edlia). Com vantagem de dois gols no placar agregado, o Internacional entra em campo [&hellip;]","og_url":"https:\/\/www.gaveanews.com\/index.php\/2025\/03\/15\/internacional-x-gremio-inteligencia-artificial-crava-campeao\/","og_site_name":"G\u00e1vea News","article_publisher":"https:\/\/facebook.com\/gaveaNews\/","article_published_time":"2025-03-15T19:00:00+00:00","og_image":[{"width":799,"height":532,"url":"https:\/\/www.gaveanews.com\/wp-content\/uploads\/Elenco-Internacional.webp","type":"image\/webp"}],"author":"Matheus Felipe","twitter_card":"summary_large_image","twitter_misc":{"Escrito por":"Matheus Felipe","Est. tempo de leitura":"3 minutos"},"schema":{"@context":"https:\/\/schema.org","@graph":[{"@type":"NewsArticle","@id":"https:\/\/www.gaveanews.com\/index.php\/2025\/03\/15\/internacional-x-gremio-inteligencia-artificial-crava-campeao\/#article","isPartOf":{"@id":"https:\/\/www.gaveanews.com\/index.php\/2025\/03\/15\/internacional-x-gremio-inteligencia-artificial-crava-campeao\/"},"author":{"name":"Matheus Felipe","@id":"https:\/\/www.gaveanews.com\/#\/schema\/person\/8207cd4627f56151707418bfc835b2fb"},"headline":"Internacional x Gr\u00eamio: intelig\u00eancia artificial crava campe\u00e3o","datePublished":"2025-03-15T19:00:00+00:00","mainEntityOfPage":{"@id":"https:\/\/www.gaveanews.com\/index.php\/2025\/03\/15\/internacional-x-gremio-inteligencia-artificial-crava-campeao\/"},"wordCount":565,"commentCount":0,"image":{"@id":"https:\/\/www.gaveanews.com\/index.php\/2025\/03\/15\/internacional-x-gremio-inteligencia-artificial-crava-campeao\/#primaryimage"},"thumbnailUrl":"https:\/\/www.gaveanews.com\/wp-content\/uploads\/Elenco-Internacional.webp","articleSection":["Gr\u00eamio","Internacional"],"inLanguage":"pt-BR","potentialAction":[{"@type":"CommentAction","name":"Comment","target":["https:\/\/www.gaveanews.com\/index.php\/2025\/03\/15\/internacional-x-gremio-inteligencia-artificial-crava-campeao\/#respond"]}],"copyrightYear":"2025","copyrightHolder":{"@id":"https:\/\/www.gaveanews.com\/#organization"}},{"@type":"WebPage","@id":"https:\/\/www.gaveanews.com\/index.php\/2025\/03\/15\/internacional-x-gremio-inteligencia-artificial-crava-campeao\/","url":"https:\/\/www.gaveanews.com\/index.php\/2025\/03\/15\/internacional-x-gremio-inteligencia-artificial-crava-campeao\/","name":"Internacional x Gr\u00eamio: intelig\u00eancia artificial crava campe\u00e3o","isPartOf":{"@id":"https:\/\/www.gaveanews.com\/#website"},"primaryImageOfPage":{"@id":"https:\/\/www.gaveanews.com\/index.php\/2025\/03\/15\/internacional-x-gremio-inteligencia-artificial-crava-campeao\/#primaryimage"},"image":{"@id":"https:\/\/www.gaveanews.com\/index.php\/2025\/03\/15\/internacional-x-gremio-inteligencia-artificial-crava-campeao\/#primaryimage"},"thumbnailUrl":"https:\/\/www.gaveanews.com\/wp-content\/uploads\/Elenco-Internacional.webp","datePublished":"2025-03-15T19:00:00+00:00","author":{"@id":"https:\/\/www.gaveanews.com\/#\/schema\/person\/8207cd4627f56151707418bfc835b2fb"},"breadcrumb":{"@id":"https:\/\/www.gaveanews.com\/index.php\/2025\/03\/15\/internacional-x-gremio-inteligencia-artificial-crava-campeao\/#breadcrumb"},"inLanguage":"pt-BR","potentialAction":[{"@type":"ReadAction","target":["https:\/\/www.gaveanews.com\/index.php\/2025\/03\/15\/internacional-x-gremio-inteligencia-artificial-crava-campeao\/"]}]},{"@type":"ImageObject","inLanguage":"pt-BR","@id":"https:\/\/www.gaveanews.com\/index.php\/2025\/03\/15\/internacional-x-gremio-inteligencia-artificial-crava-campeao\/#primaryimage","url":"https:\/\/www.gaveanews.com\/wp-content\/uploads\/Elenco-Internacional.webp","contentUrl":"https:\/\/www.gaveanews.com\/wp-content\/uploads\/Elenco-Internacional.webp","width":799,"height":532,"caption":"Elenco do Internacional antes de partida (Foto: Divulga\u00e7\u00e3o\/Internacional)"},{"@type":"BreadcrumbList","@id":"https:\/\/www.gaveanews.com\/index.php\/2025\/03\/15\/internacional-x-gremio-inteligencia-artificial-crava-campeao\/#breadcrumb","itemListElement":[{"@type":"ListItem","position":1,"name":"Home","item":"https:\/\/www.gaveanews.com\/"},{"@type":"ListItem","position":2,"name":"Internacional x Gr\u00eamio: intelig\u00eancia artificial crava campe\u00e3o"}]},{"@type":"WebSite","@id":"https:\/\/www.gaveanews.com\/#website","url":"https:\/\/www.gaveanews.com\/","name":"G\u00e1vea News","description":"Veja todas as not\u00edcias sobre o Flamengo: Contrata\u00e7\u00f5es, categorias de base, resultados das partidas, tabela de classifica\u00e7\u00e3o, pr\u00f3ximos jogos!","potentialAction":[{"@type":"SearchAction","target":{"@type":"EntryPoint","urlTemplate":"https:\/\/www.gaveanews.com\/?s={search_term_string}"},"query-input":{"@type":"PropertyValueSpecification","valueRequired":true,"valueName":"search_term_string"}}],"inLanguage":"pt-BR"},{"@type":"Person","@id":"https:\/\/www.gaveanews.com\/#\/schema\/person\/8207cd4627f56151707418bfc835b2fb","name":"Matheus Felipe","image":{"@type":"ImageObject","inLanguage":"pt-BR","@id":"https:\/\/www.gaveanews.com\/#\/schema\/person\/image\/","url":"https:\/\/secure.gravatar.com\/avatar\/a452ffbed9130f726358b298bb3a99ce4bd3c5338411f8440e87e14d74c7c087?s=96&d=mm&r=g","contentUrl":"https:\/\/secure.gravatar.com\/avatar\/a452ffbed9130f726358b298bb3a99ce4bd3c5338411f8440e87e14d74c7c087?s=96&d=mm&r=g","caption":"Matheus Felipe"}}]}},"_links":{"self":[{"href":"https:\/\/www.gaveanews.com\/index.php\/wp-json\/wp\/v2\/posts\/240047","targetHints":{"allow":["GET"]}}],"collection":[{"href":"https:\/\/www.gaveanews.com\/index.php\/wp-json\/wp\/v2\/posts"}],"about":[{"href":"https:\/\/www.gaveanews.com\/index.php\/wp-json\/wp\/v2\/types\/post"}],"author":[{"embeddable":true,"href":"https:\/\/www.gaveanews.com\/index.php\/wp-json\/wp\/v2\/users\/27"}],"replies":[{"embeddable":true,"href":"https:\/\/www.gaveanews.com\/index.php\/wp-json\/wp\/v2\/comments?post=240047"}],"version-history":[{"count":1,"href":"https:\/\/www.gaveanews.com\/index.php\/wp-json\/wp\/v2\/posts\/240047\/revisions"}],"predecessor-version":[{"id":240055,"href":"https:\/\/www.gaveanews.com\/index.php\/wp-json\/wp\/v2\/posts\/240047\/revisions\/240055"}],"wp:featuredmedia":[{"embeddable":true,"href":"https:\/\/www.gaveanews.com\/index.php\/wp-json\/wp\/v2\/media\/88472"}],"wp:attachment":[{"href":"https:\/\/www.gaveanews.com\/index.php\/wp-json\/wp\/v2\/media?parent=240047"}],"wp:term":[{"taxonomy":"category","embeddable":true,"href":"https:\/\/www.gaveanews.com\/index.php\/wp-json\/wp\/v2\/categories?post=240047"},{"taxonomy":"post_tag","embeddable":true,"href":"https:\/\/www.gaveanews.com\/index.php\/wp-json\/wp\/v2\/tags?post=240047"}],"curies":[{"name":"wp","href":"https:\/\/api.w.org\/{rel}","templated":true}]}}