{"id":240048,"date":"2025-03-14T12:45:00","date_gmt":"2025-03-14T15:45:00","guid":{"rendered":"https:\/\/www.gaveanews.com\/?p=240048"},"modified":"2025-03-14T12:01:35","modified_gmt":"2025-03-14T15:01:35","slug":"flamengo-a-declaracao-de-pvc-direcionada-a-leo-ortiz","status":"publish","type":"post","link":"https:\/\/www.gaveanews.com\/index.php\/2025\/03\/14\/flamengo-a-declaracao-de-pvc-direcionada-a-leo-ortiz\/","title":{"rendered":"Flamengo: a declara\u00e7\u00e3o de PVC direcionada a L\u00e9o Ortiz"},"content":{"rendered":"\n<p>Ap\u00f3s a vit\u00f3ria por 2 a 1 sobre o Fluminense na \u00faltima quarta-feira (12), o Flamengo se aproximou ainda mais da conquista do Campeonato Carioca. O time rubro-negro agora conta com uma vantagem para o jogo decisivo no pr\u00f3ximo domingo, que pode definir o campe\u00e3o.&nbsp;<\/p>\n\n\n\n<p>Entre os destaques da vit\u00f3ria, um nome tem se sobressa\u00eddo: o zagueiro L\u00e9o Ortiz. A atua\u00e7\u00e3o do defensor foi t\u00e3o not\u00e1vel que o jornalista Paulo Vin\u00edcius Coelho o chamou de \u201ccamisa 10 que veste a 3\u201d, evidenciando a import\u00e2ncia de Ortiz na constru\u00e7\u00e3o das jogadas e na organiza\u00e7\u00e3o da defesa do Flamengo.<\/p>\n\n\n\n<h2 class=\"wp-block-heading\" id=\"h-pvc-rasga-elogios-a-leo-ortiz\">PVC rasga elogios a L\u00e9o Ortiz<\/h2>\n\n\n\n<p>PVC, em sua an\u00e1lise t\u00e1tica do jogo de ida, chamou aten\u00e7\u00e3o para o posicionamento de L\u00e9o Ortiz durante um lance espec\u00edfico. O zagueiro esteve envolvido diretamente na constru\u00e7\u00e3o de uma jogada ofensiva que quase resultou em gol de Arrascaeta, sendo o lance interceptado por F\u00e1bio.&nbsp;<\/p>\n\n\n\n<p>&#8220;O time fica posicionado com L\u00e9o Ortiz em uma ponta da \u00e1rea, L\u00e9o Pereira na outra e De La Cruz no piv\u00f4 defensivo&#8221;, descreveu o jornalista, destacando a mobilidade do defensor.&nbsp;<\/p>\n\n\n\n<p>Essa movimenta\u00e7\u00e3o e leitura de jogo fizeram com que PVC o comparasse a um \u201ccamisa 10\u201d, uma compara\u00e7\u00e3o incomum para um zagueiro, mas que evidencia a habilidade do defensor em distribuir passes e organizar o time.<\/p>\n\n\n\n<p>Essa vis\u00e3o n\u00e3o \u00e9 uma novidade no Flamengo. Recentemente, o \u00eddolo Zico tamb\u00e9m fez quest\u00e3o de elogiar o desempenho de L\u00e9o Ortiz, apontando suas qualidades e destacando o quanto o jogador tem sido essencial para a forma\u00e7\u00e3o da defesa rubro-negra.<\/p>\n\n\n\n<h2 class=\"wp-block-heading\" id=\"h-o-papel-crucial-de-leo-ortiz-no-flamengo-em-2025\">O papel crucial de L\u00e9o Ortiz no Flamengo em 2025<\/h2>\n\n\n\n<p>Atualmente, L\u00e9o Ortiz \u00e9 o jogador com mais minutos em campo na temporada 2025 do Flamengo, com um total de 732 minutos disputados. Esse dado mostra o quanto o zagueiro tem sido fundamental para o time de Filipe Lu\u00eds, tanto defensivamente quanto no aux\u00edlio ao ataque.&nbsp;<\/p>\n\n\n\n<p>Sendo assim, ele se tornou um dos pilares da equipe, sempre seguro e com uma postura de l\u00edder.<\/p>\n\n\n\n<p>Al\u00e9m disso, L\u00e9o Ortiz tem se destacado pela sua regularidade em campo, marcando dois gols e se mostrando imune \u00e0 press\u00e3o de jogos decisivos, como o cl\u00e1ssico contra o Fluminense.&nbsp;<\/p>\n\n\n\n<p>Sua capacidade t\u00e9cnica e lideran\u00e7a t\u00eam sido determinantes para o bom desempenho do Flamengo, que conta com ele para conquistar o t\u00edtulo estadual e continuar brilhando nas competi\u00e7\u00f5es nacionais.<\/p>\n\n\n\n<p>Portanto, a partida de volta entre Flamengo e Fluminense, marcada para o pr\u00f3ximo domingo, promete ser ainda mais importante para o Flamengo, que tem em L\u00e9o Ortiz um dos seus principais jogadores na disputa pelo t\u00edtulo.<\/p>\n","protected":false},"excerpt":{"rendered":"<p>Ap\u00f3s a vit\u00f3ria por 2 a 1 sobre o Fluminense na \u00faltima quarta-feira (12), o Flamengo se aproximou ainda mais da conquista do Campeonato Carioca. O time rubro-negro agora conta com uma vantagem para o jogo decisivo no pr\u00f3ximo domingo, que pode definir o campe\u00e3o.&nbsp; Entre os destaques da vit\u00f3ria, um nome tem se sobressa\u00eddo: [&hellip;]<\/p>\n","protected":false},"author":25,"featured_media":144250,"comment_status":"open","ping_status":"closed","sticky":false,"template":"","format":"standard","meta":{"footnotes":""},"categories":[1],"tags":[],"class_list":["post-240048","post","type-post","status-publish","format-standard","has-post-thumbnail","hentry","category-flamengo"],"yoast_head":"<!-- This site is optimized with the Yoast SEO Premium plugin v24.2 (Yoast SEO v26.9) - https:\/\/yoast.com\/product\/yoast-seo-premium-wordpress\/ -->\n<title>Flamengo: a declara\u00e7\u00e3o de PVC direcionada a L\u00e9o Ortiz<\/title>\n<meta name=\"robots\" content=\"index, follow, max-snippet:-1, max-image-preview:large, max-video-preview:-1\" \/>\n<link rel=\"canonical\" href=\"https:\/\/www.gaveanews.com\/index.php\/2025\/03\/14\/flamengo-a-declaracao-de-pvc-direcionada-a-leo-ortiz\/\" \/>\n<meta property=\"og:locale\" content=\"pt_BR\" \/>\n<meta property=\"og:type\" content=\"article\" \/>\n<meta property=\"og:title\" content=\"Flamengo: a declara\u00e7\u00e3o de PVC direcionada a L\u00e9o Ortiz\" \/>\n<meta property=\"og:description\" content=\"Ap\u00f3s a vit\u00f3ria por 2 a 1 sobre o Fluminense na \u00faltima quarta-feira (12), o Flamengo se aproximou ainda mais da conquista do Campeonato Carioca. O time rubro-negro agora conta com uma vantagem para o jogo decisivo no pr\u00f3ximo domingo, que pode definir o campe\u00e3o.&nbsp; Entre os destaques da vit\u00f3ria, um nome tem se sobressa\u00eddo: [&hellip;]\" \/>\n<meta property=\"og:url\" content=\"https:\/\/www.gaveanews.com\/index.php\/2025\/03\/14\/flamengo-a-declaracao-de-pvc-direcionada-a-leo-ortiz\/\" \/>\n<meta property=\"og:site_name\" content=\"G\u00e1vea News\" \/>\n<meta property=\"article:publisher\" content=\"https:\/\/facebook.com\/gaveaNews\/\" \/>\n<meta property=\"article:published_time\" content=\"2025-03-14T15:45:00+00:00\" \/>\n<meta property=\"og:image\" content=\"https:\/\/www.gaveanews.com\/wp-content\/uploads\/Leo-Ortiz-jogador-do-Flamengo.webp\" \/>\n\t<meta property=\"og:image:width\" content=\"1440\" \/>\n\t<meta property=\"og:image:height\" content=\"960\" \/>\n\t<meta property=\"og:image:type\" content=\"image\/jpeg\" \/>\n<meta name=\"author\" content=\"Rafaela Ladeira\" \/>\n<meta name=\"twitter:card\" content=\"summary_large_image\" \/>\n<meta name=\"twitter:label1\" content=\"Escrito por\" \/>\n\t<meta name=\"twitter:data1\" content=\"Rafaela Ladeira\" \/>\n\t<meta name=\"twitter:label2\" content=\"Est. tempo de leitura\" \/>\n\t<meta name=\"twitter:data2\" content=\"3 minutos\" \/>\n<script type=\"application\/ld+json\" class=\"yoast-schema-graph\">{\"@context\":\"https:\/\/schema.org\",\"@graph\":[{\"@type\":\"NewsArticle\",\"@id\":\"https:\/\/www.gaveanews.com\/index.php\/2025\/03\/14\/flamengo-a-declaracao-de-pvc-direcionada-a-leo-ortiz\/#article\",\"isPartOf\":{\"@id\":\"https:\/\/www.gaveanews.com\/index.php\/2025\/03\/14\/flamengo-a-declaracao-de-pvc-direcionada-a-leo-ortiz\/\"},\"author\":{\"name\":\"Rafaela Ladeira\",\"@id\":\"https:\/\/www.gaveanews.com\/#\/schema\/person\/0eb3e3fe1754f0205218538adbe8f5ed\"},\"headline\":\"Flamengo: a declara\u00e7\u00e3o de PVC direcionada a L\u00e9o Ortiz\",\"datePublished\":\"2025-03-14T15:45:00+00:00\",\"mainEntityOfPage\":{\"@id\":\"https:\/\/www.gaveanews.com\/index.php\/2025\/03\/14\/flamengo-a-declaracao-de-pvc-direcionada-a-leo-ortiz\/\"},\"wordCount\":477,\"commentCount\":0,\"image\":{\"@id\":\"https:\/\/www.gaveanews.com\/index.php\/2025\/03\/14\/flamengo-a-declaracao-de-pvc-direcionada-a-leo-ortiz\/#primaryimage\"},\"thumbnailUrl\":\"https:\/\/www.gaveanews.com\/wp-content\/uploads\/Leo-Ortiz-jogador-do-Flamengo.webp\",\"articleSection\":[\"Flamengo\"],\"inLanguage\":\"pt-BR\",\"potentialAction\":[{\"@type\":\"CommentAction\",\"name\":\"Comment\",\"target\":[\"https:\/\/www.gaveanews.com\/index.php\/2025\/03\/14\/flamengo-a-declaracao-de-pvc-direcionada-a-leo-ortiz\/#respond\"]}],\"copyrightYear\":\"2025\",\"copyrightHolder\":{\"@id\":\"https:\/\/www.gaveanews.com\/#organization\"}},{\"@type\":\"WebPage\",\"@id\":\"https:\/\/www.gaveanews.com\/index.php\/2025\/03\/14\/flamengo-a-declaracao-de-pvc-direcionada-a-leo-ortiz\/\",\"url\":\"https:\/\/www.gaveanews.com\/index.php\/2025\/03\/14\/flamengo-a-declaracao-de-pvc-direcionada-a-leo-ortiz\/\",\"name\":\"Flamengo: a declara\u00e7\u00e3o de PVC direcionada a L\u00e9o Ortiz\",\"isPartOf\":{\"@id\":\"https:\/\/www.gaveanews.com\/#website\"},\"primaryImageOfPage\":{\"@id\":\"https:\/\/www.gaveanews.com\/index.php\/2025\/03\/14\/flamengo-a-declaracao-de-pvc-direcionada-a-leo-ortiz\/#primaryimage\"},\"image\":{\"@id\":\"https:\/\/www.gaveanews.com\/index.php\/2025\/03\/14\/flamengo-a-declaracao-de-pvc-direcionada-a-leo-ortiz\/#primaryimage\"},\"thumbnailUrl\":\"https:\/\/www.gaveanews.com\/wp-content\/uploads\/Leo-Ortiz-jogador-do-Flamengo.webp\",\"datePublished\":\"2025-03-14T15:45:00+00:00\",\"author\":{\"@id\":\"https:\/\/www.gaveanews.com\/#\/schema\/person\/0eb3e3fe1754f0205218538adbe8f5ed\"},\"breadcrumb\":{\"@id\":\"https:\/\/www.gaveanews.com\/index.php\/2025\/03\/14\/flamengo-a-declaracao-de-pvc-direcionada-a-leo-ortiz\/#breadcrumb\"},\"inLanguage\":\"pt-BR\",\"potentialAction\":[{\"@type\":\"ReadAction\",\"target\":[\"https:\/\/www.gaveanews.com\/index.php\/2025\/03\/14\/flamengo-a-declaracao-de-pvc-direcionada-a-leo-ortiz\/\"]}]},{\"@type\":\"ImageObject\",\"inLanguage\":\"pt-BR\",\"@id\":\"https:\/\/www.gaveanews.com\/index.php\/2025\/03\/14\/flamengo-a-declaracao-de-pvc-direcionada-a-leo-ortiz\/#primaryimage\",\"url\":\"https:\/\/www.gaveanews.com\/wp-content\/uploads\/Leo-Ortiz-jogador-do-Flamengo.webp\",\"contentUrl\":\"https:\/\/www.gaveanews.com\/wp-content\/uploads\/Leo-Ortiz-jogador-do-Flamengo.webp\",\"width\":1440,\"height\":960,\"caption\":\"L\u00e9o Ortiz, jogador do Flamengo (Foto Reprodu\u00e7\u00e3o\/Instagram)\"},{\"@type\":\"BreadcrumbList\",\"@id\":\"https:\/\/www.gaveanews.com\/index.php\/2025\/03\/14\/flamengo-a-declaracao-de-pvc-direcionada-a-leo-ortiz\/#breadcrumb\",\"itemListElement\":[{\"@type\":\"ListItem\",\"position\":1,\"name\":\"Home\",\"item\":\"https:\/\/www.gaveanews.com\/\"},{\"@type\":\"ListItem\",\"position\":2,\"name\":\"Flamengo: a declara\u00e7\u00e3o de PVC direcionada a L\u00e9o Ortiz\"}]},{\"@type\":\"WebSite\",\"@id\":\"https:\/\/www.gaveanews.com\/#website\",\"url\":\"https:\/\/www.gaveanews.com\/\",\"name\":\"G\u00e1vea News\",\"description\":\"Veja todas as not\u00edcias sobre o Flamengo: Contrata\u00e7\u00f5es, categorias de base, resultados das partidas, tabela de classifica\u00e7\u00e3o, pr\u00f3ximos jogos!\",\"potentialAction\":[{\"@type\":\"SearchAction\",\"target\":{\"@type\":\"EntryPoint\",\"urlTemplate\":\"https:\/\/www.gaveanews.com\/?s={search_term_string}\"},\"query-input\":{\"@type\":\"PropertyValueSpecification\",\"valueRequired\":true,\"valueName\":\"search_term_string\"}}],\"inLanguage\":\"pt-BR\"},{\"@type\":\"Person\",\"@id\":\"https:\/\/www.gaveanews.com\/#\/schema\/person\/0eb3e3fe1754f0205218538adbe8f5ed\",\"name\":\"Rafaela Ladeira\",\"image\":{\"@type\":\"ImageObject\",\"inLanguage\":\"pt-BR\",\"@id\":\"https:\/\/www.gaveanews.com\/#\/schema\/person\/image\/\",\"url\":\"https:\/\/secure.gravatar.com\/avatar\/c31f513acffd85eacab5730cbdfdbbf59f21ba5aeada8cd890acea879fbb2455?s=96&d=mm&r=g\",\"contentUrl\":\"https:\/\/secure.gravatar.com\/avatar\/c31f513acffd85eacab5730cbdfdbbf59f21ba5aeada8cd890acea879fbb2455?s=96&d=mm&r=g\",\"caption\":\"Rafaela Ladeira\"}}]}<\/script>\n<!-- \/ Yoast SEO Premium plugin. -->","yoast_head_json":{"title":"Flamengo: a declara\u00e7\u00e3o de PVC direcionada a L\u00e9o Ortiz","robots":{"index":"index","follow":"follow","max-snippet":"max-snippet:-1","max-image-preview":"max-image-preview:large","max-video-preview":"max-video-preview:-1"},"canonical":"https:\/\/www.gaveanews.com\/index.php\/2025\/03\/14\/flamengo-a-declaracao-de-pvc-direcionada-a-leo-ortiz\/","og_locale":"pt_BR","og_type":"article","og_title":"Flamengo: a declara\u00e7\u00e3o de PVC direcionada a L\u00e9o Ortiz","og_description":"Ap\u00f3s a vit\u00f3ria por 2 a 1 sobre o Fluminense na \u00faltima quarta-feira (12), o Flamengo se aproximou ainda mais da conquista do Campeonato Carioca. O time rubro-negro agora conta com uma vantagem para o jogo decisivo no pr\u00f3ximo domingo, que pode definir o campe\u00e3o.&nbsp; Entre os destaques da vit\u00f3ria, um nome tem se sobressa\u00eddo: [&hellip;]","og_url":"https:\/\/www.gaveanews.com\/index.php\/2025\/03\/14\/flamengo-a-declaracao-de-pvc-direcionada-a-leo-ortiz\/","og_site_name":"G\u00e1vea News","article_publisher":"https:\/\/facebook.com\/gaveaNews\/","article_published_time":"2025-03-14T15:45:00+00:00","og_image":[{"width":1440,"height":960,"url":"https:\/\/www.gaveanews.com\/wp-content\/uploads\/Leo-Ortiz-jogador-do-Flamengo.webp","type":"image\/jpeg"}],"author":"Rafaela Ladeira","twitter_card":"summary_large_image","twitter_misc":{"Escrito por":"Rafaela Ladeira","Est. tempo de leitura":"3 minutos"},"schema":{"@context":"https:\/\/schema.org","@graph":[{"@type":"NewsArticle","@id":"https:\/\/www.gaveanews.com\/index.php\/2025\/03\/14\/flamengo-a-declaracao-de-pvc-direcionada-a-leo-ortiz\/#article","isPartOf":{"@id":"https:\/\/www.gaveanews.com\/index.php\/2025\/03\/14\/flamengo-a-declaracao-de-pvc-direcionada-a-leo-ortiz\/"},"author":{"name":"Rafaela Ladeira","@id":"https:\/\/www.gaveanews.com\/#\/schema\/person\/0eb3e3fe1754f0205218538adbe8f5ed"},"headline":"Flamengo: a declara\u00e7\u00e3o de PVC direcionada a L\u00e9o Ortiz","datePublished":"2025-03-14T15:45:00+00:00","mainEntityOfPage":{"@id":"https:\/\/www.gaveanews.com\/index.php\/2025\/03\/14\/flamengo-a-declaracao-de-pvc-direcionada-a-leo-ortiz\/"},"wordCount":477,"commentCount":0,"image":{"@id":"https:\/\/www.gaveanews.com\/index.php\/2025\/03\/14\/flamengo-a-declaracao-de-pvc-direcionada-a-leo-ortiz\/#primaryimage"},"thumbnailUrl":"https:\/\/www.gaveanews.com\/wp-content\/uploads\/Leo-Ortiz-jogador-do-Flamengo.webp","articleSection":["Flamengo"],"inLanguage":"pt-BR","potentialAction":[{"@type":"CommentAction","name":"Comment","target":["https:\/\/www.gaveanews.com\/index.php\/2025\/03\/14\/flamengo-a-declaracao-de-pvc-direcionada-a-leo-ortiz\/#respond"]}],"copyrightYear":"2025","copyrightHolder":{"@id":"https:\/\/www.gaveanews.com\/#organization"}},{"@type":"WebPage","@id":"https:\/\/www.gaveanews.com\/index.php\/2025\/03\/14\/flamengo-a-declaracao-de-pvc-direcionada-a-leo-ortiz\/","url":"https:\/\/www.gaveanews.com\/index.php\/2025\/03\/14\/flamengo-a-declaracao-de-pvc-direcionada-a-leo-ortiz\/","name":"Flamengo: a declara\u00e7\u00e3o de PVC direcionada a L\u00e9o Ortiz","isPartOf":{"@id":"https:\/\/www.gaveanews.com\/#website"},"primaryImageOfPage":{"@id":"https:\/\/www.gaveanews.com\/index.php\/2025\/03\/14\/flamengo-a-declaracao-de-pvc-direcionada-a-leo-ortiz\/#primaryimage"},"image":{"@id":"https:\/\/www.gaveanews.com\/index.php\/2025\/03\/14\/flamengo-a-declaracao-de-pvc-direcionada-a-leo-ortiz\/#primaryimage"},"thumbnailUrl":"https:\/\/www.gaveanews.com\/wp-content\/uploads\/Leo-Ortiz-jogador-do-Flamengo.webp","datePublished":"2025-03-14T15:45:00+00:00","author":{"@id":"https:\/\/www.gaveanews.com\/#\/schema\/person\/0eb3e3fe1754f0205218538adbe8f5ed"},"breadcrumb":{"@id":"https:\/\/www.gaveanews.com\/index.php\/2025\/03\/14\/flamengo-a-declaracao-de-pvc-direcionada-a-leo-ortiz\/#breadcrumb"},"inLanguage":"pt-BR","potentialAction":[{"@type":"ReadAction","target":["https:\/\/www.gaveanews.com\/index.php\/2025\/03\/14\/flamengo-a-declaracao-de-pvc-direcionada-a-leo-ortiz\/"]}]},{"@type":"ImageObject","inLanguage":"pt-BR","@id":"https:\/\/www.gaveanews.com\/index.php\/2025\/03\/14\/flamengo-a-declaracao-de-pvc-direcionada-a-leo-ortiz\/#primaryimage","url":"https:\/\/www.gaveanews.com\/wp-content\/uploads\/Leo-Ortiz-jogador-do-Flamengo.webp","contentUrl":"https:\/\/www.gaveanews.com\/wp-content\/uploads\/Leo-Ortiz-jogador-do-Flamengo.webp","width":1440,"height":960,"caption":"L\u00e9o Ortiz, jogador do Flamengo (Foto Reprodu\u00e7\u00e3o\/Instagram)"},{"@type":"BreadcrumbList","@id":"https:\/\/www.gaveanews.com\/index.php\/2025\/03\/14\/flamengo-a-declaracao-de-pvc-direcionada-a-leo-ortiz\/#breadcrumb","itemListElement":[{"@type":"ListItem","position":1,"name":"Home","item":"https:\/\/www.gaveanews.com\/"},{"@type":"ListItem","position":2,"name":"Flamengo: a declara\u00e7\u00e3o de PVC direcionada a L\u00e9o Ortiz"}]},{"@type":"WebSite","@id":"https:\/\/www.gaveanews.com\/#website","url":"https:\/\/www.gaveanews.com\/","name":"G\u00e1vea News","description":"Veja todas as not\u00edcias sobre o Flamengo: Contrata\u00e7\u00f5es, categorias de base, resultados das partidas, tabela de classifica\u00e7\u00e3o, pr\u00f3ximos jogos!","potentialAction":[{"@type":"SearchAction","target":{"@type":"EntryPoint","urlTemplate":"https:\/\/www.gaveanews.com\/?s={search_term_string}"},"query-input":{"@type":"PropertyValueSpecification","valueRequired":true,"valueName":"search_term_string"}}],"inLanguage":"pt-BR"},{"@type":"Person","@id":"https:\/\/www.gaveanews.com\/#\/schema\/person\/0eb3e3fe1754f0205218538adbe8f5ed","name":"Rafaela Ladeira","image":{"@type":"ImageObject","inLanguage":"pt-BR","@id":"https:\/\/www.gaveanews.com\/#\/schema\/person\/image\/","url":"https:\/\/secure.gravatar.com\/avatar\/c31f513acffd85eacab5730cbdfdbbf59f21ba5aeada8cd890acea879fbb2455?s=96&d=mm&r=g","contentUrl":"https:\/\/secure.gravatar.com\/avatar\/c31f513acffd85eacab5730cbdfdbbf59f21ba5aeada8cd890acea879fbb2455?s=96&d=mm&r=g","caption":"Rafaela Ladeira"}}]}},"_links":{"self":[{"href":"https:\/\/www.gaveanews.com\/index.php\/wp-json\/wp\/v2\/posts\/240048","targetHints":{"allow":["GET"]}}],"collection":[{"href":"https:\/\/www.gaveanews.com\/index.php\/wp-json\/wp\/v2\/posts"}],"about":[{"href":"https:\/\/www.gaveanews.com\/index.php\/wp-json\/wp\/v2\/types\/post"}],"author":[{"embeddable":true,"href":"https:\/\/www.gaveanews.com\/index.php\/wp-json\/wp\/v2\/users\/25"}],"replies":[{"embeddable":true,"href":"https:\/\/www.gaveanews.com\/index.php\/wp-json\/wp\/v2\/comments?post=240048"}],"version-history":[{"count":1,"href":"https:\/\/www.gaveanews.com\/index.php\/wp-json\/wp\/v2\/posts\/240048\/revisions"}],"predecessor-version":[{"id":240049,"href":"https:\/\/www.gaveanews.com\/index.php\/wp-json\/wp\/v2\/posts\/240048\/revisions\/240049"}],"wp:featuredmedia":[{"embeddable":true,"href":"https:\/\/www.gaveanews.com\/index.php\/wp-json\/wp\/v2\/media\/144250"}],"wp:attachment":[{"href":"https:\/\/www.gaveanews.com\/index.php\/wp-json\/wp\/v2\/media?parent=240048"}],"wp:term":[{"taxonomy":"category","embeddable":true,"href":"https:\/\/www.gaveanews.com\/index.php\/wp-json\/wp\/v2\/categories?post=240048"},{"taxonomy":"post_tag","embeddable":true,"href":"https:\/\/www.gaveanews.com\/index.php\/wp-json\/wp\/v2\/tags?post=240048"}],"curies":[{"name":"wp","href":"https:\/\/api.w.org\/{rel}","templated":true}]}}