{"id":240096,"date":"2025-03-14T14:50:00","date_gmt":"2025-03-14T17:50:00","guid":{"rendered":"https:\/\/www.gaveanews.com\/?p=240096"},"modified":"2025-03-14T14:38:27","modified_gmt":"2025-03-14T17:38:27","slug":"cruzeiro-pedrinho-compara-leonardo-jardim-com-outros-tecnicos","status":"publish","type":"post","link":"https:\/\/www.gaveanews.com\/index.php\/2025\/03\/14\/cruzeiro-pedrinho-compara-leonardo-jardim-com-outros-tecnicos\/","title":{"rendered":"Cruzeiro: Pedrinho compara Leonardo Jardim com outros t\u00e9cnicos"},"content":{"rendered":"\n<p>O Cruzeiro iniciou uma nova fase com o t\u00e9cnico portugu\u00eas Leonardo Jardim, e os elogios ao trabalho do comandante n\u00e3o param de crescer. Em entrevista recente \u00e0 \u2018TV Cruzeiro\u2019, o gestor da Sociedade An\u00f4nima do Futebol (SAF), Pedro Louren\u00e7o, falou sobre o impacto do treinador no clube e comparou seu estilo ao dos t\u00e9cnicos brasileiros.&nbsp;<\/p>\n\n\n\n<p>O que mais chama a aten\u00e7\u00e3o \u00e9 o enfoque dedicado ao trato com os jogadores, algo que tem se mostrado um diferencial no trabalho de Jardim.<\/p>\n\n\n\n<h2 class=\"wp-block-heading\" id=\"h-uma-abordagem-diferenciada-no-trato-com-os-jogadores\">Uma abordagem diferenciada no trato com os jogadores<\/h2>\n\n\n\n<p>Pedro Louren\u00e7o destacou a dedica\u00e7\u00e3o e o m\u00e9todo avan\u00e7ado que Leonardo Jardim implementa com os jogadores.&nbsp;<\/p>\n\n\n\n<p>\u201cPara n\u00f3s, o Jardim \u00e9 novo, e estamos muito felizes com o trabalho dele. Ele est\u00e1 fazendo uma pr\u00e9-temporada e tem muito trabalho. A gente est\u00e1 acostumado com os h\u00e1bitos dos t\u00e9cnicos aqui do Brasil. Ele faz um trabalho bem diferente dos nossos t\u00e9cnicos. Trabalha todos os jogadores com dedica\u00e7\u00e3o, com um m\u00e9todo bem avan\u00e7ado\u201d, afirmou o gestor.&nbsp;<\/p>\n\n\n\n<p>Vale destacar que esse tipo de abordagem pode ser um ponto importante para o crescimento t\u00e9cnico do elenco do Cruzeiro, especialmente em um momento de reformula\u00e7\u00e3o e busca por resultados consistentes.<\/p>\n\n\n\n<p>Al\u00e9m disso, Pedrinho tamb\u00e9m ressaltou o impacto positivo de Jardim na avalia\u00e7\u00e3o do elenco. \u201cEle avaliou bem o elenco, que foi muito bem montado, e existe essa expectativa de que v\u00e1 melhorando\u201d, completou o gestor.&nbsp;<\/p>\n\n\n\n<p>Sendo assim, \u00e9 poss\u00edvel perceber que h\u00e1 uma confian\u00e7a crescente no trabalho do t\u00e9cnico, que tem sido visto como um fator crucial para o sucesso futuro do clube.<\/p>\n\n\n\n<h2 class=\"wp-block-heading\" id=\"h-expectativa-de-um-ano-promissor\">Expectativa de um ano promissor<\/h2>\n\n\n\n<p>A confian\u00e7a de Pedro Louren\u00e7o no trabalho de Leonardo Jardim \u00e9 clara. Segundo ele, as expectativas para o ano s\u00e3o muito boas. Com isso, a torcida do Cruzeiro pode ficar esperan\u00e7osa quanto ao desempenho do time na temporada, que promete ser marcada por desafios e evolu\u00e7\u00e3o.<\/p>\n\n\n\n<h2 class=\"wp-block-heading\" id=\"h-os-proximos-desafios\">Os pr\u00f3ximos desafios<\/h2>\n\n\n\n<p>O t\u00e9cnico portugu\u00eas chegou ao Cruzeiro em fevereiro e, ap\u00f3s uma sequ\u00eancia inicial de jogos-treino e amistosos, agora se prepara para estrear oficialmente no Campeonato Brasileiro.&nbsp;<\/p>\n\n\n\n<p>A Raposa enfrentar\u00e1 o Mirassol no dia 29 de mar\u00e7o, em partida v\u00e1lida pela 1\u00aa rodada da S\u00e9rie A. Al\u00e9m disso, o time ter\u00e1 jogos-treino contra Botafogo e Pouso Alegre, e um amistoso contra o RB Bragantino, que servir\u00e3o como prepara\u00e7\u00e3o para a competi\u00e7\u00e3o nacional.&nbsp;<\/p>\n\n\n\n<p>Dessa maneira, Leonardo Jardim ter\u00e1 a oportunidade de ajustar sua equipe para um bom desempenho na S\u00e9rie A.<\/p>\n","protected":false},"excerpt":{"rendered":"<p>O Cruzeiro iniciou uma nova fase com o t\u00e9cnico portugu\u00eas Leonardo Jardim, e os elogios ao trabalho do comandante n\u00e3o param de crescer. Em entrevista recente \u00e0 \u2018TV Cruzeiro\u2019, o gestor da Sociedade An\u00f4nima do Futebol (SAF), Pedro Louren\u00e7o, falou sobre o impacto do treinador no clube e comparou seu estilo ao dos t\u00e9cnicos brasileiros.&nbsp; [&hellip;]<\/p>\n","protected":false},"author":25,"featured_media":175923,"comment_status":"open","ping_status":"closed","sticky":false,"template":"","format":"standard","meta":{"footnotes":""},"categories":[143],"tags":[],"class_list":["post-240096","post","type-post","status-publish","format-standard","has-post-thumbnail","hentry","category-cruzeiro"],"yoast_head":"<!-- This site is optimized with the Yoast SEO Premium plugin v24.2 (Yoast SEO v26.9) - https:\/\/yoast.com\/product\/yoast-seo-premium-wordpress\/ -->\n<title>Cruzeiro: Pedrinho compara Leonardo Jardim com outros t\u00e9cnicos<\/title>\n<meta name=\"robots\" content=\"index, follow, max-snippet:-1, max-image-preview:large, max-video-preview:-1\" \/>\n<link rel=\"canonical\" href=\"https:\/\/www.gaveanews.com\/index.php\/2025\/03\/14\/cruzeiro-pedrinho-compara-leonardo-jardim-com-outros-tecnicos\/\" \/>\n<meta property=\"og:locale\" content=\"pt_BR\" \/>\n<meta property=\"og:type\" content=\"article\" \/>\n<meta property=\"og:title\" content=\"Cruzeiro: Pedrinho compara Leonardo Jardim com outros t\u00e9cnicos\" \/>\n<meta property=\"og:description\" content=\"O Cruzeiro iniciou uma nova fase com o t\u00e9cnico portugu\u00eas Leonardo Jardim, e os elogios ao trabalho do comandante n\u00e3o param de crescer. Em entrevista recente \u00e0 \u2018TV Cruzeiro\u2019, o gestor da Sociedade An\u00f4nima do Futebol (SAF), Pedro Louren\u00e7o, falou sobre o impacto do treinador no clube e comparou seu estilo ao dos t\u00e9cnicos brasileiros.&nbsp; [&hellip;]\" \/>\n<meta property=\"og:url\" content=\"https:\/\/www.gaveanews.com\/index.php\/2025\/03\/14\/cruzeiro-pedrinho-compara-leonardo-jardim-com-outros-tecnicos\/\" \/>\n<meta property=\"og:site_name\" content=\"G\u00e1vea News\" \/>\n<meta property=\"article:publisher\" content=\"https:\/\/facebook.com\/gaveaNews\/\" \/>\n<meta property=\"article:published_time\" content=\"2025-03-14T17:50:00+00:00\" \/>\n<meta property=\"og:image\" content=\"https:\/\/www.gaveanews.com\/wp-content\/uploads\/Pedro-Lourenco-Pedrinho.webp\" \/>\n\t<meta property=\"og:image:width\" content=\"984\" \/>\n\t<meta property=\"og:image:height\" content=\"656\" \/>\n\t<meta property=\"og:image:type\" content=\"image\/webp\" \/>\n<meta name=\"author\" content=\"Rafaela Ladeira\" \/>\n<meta name=\"twitter:card\" content=\"summary_large_image\" \/>\n<meta name=\"twitter:label1\" content=\"Escrito por\" \/>\n\t<meta name=\"twitter:data1\" content=\"Rafaela Ladeira\" \/>\n\t<meta name=\"twitter:label2\" content=\"Est. tempo de leitura\" \/>\n\t<meta name=\"twitter:data2\" content=\"3 minutos\" \/>\n<script type=\"application\/ld+json\" class=\"yoast-schema-graph\">{\"@context\":\"https:\/\/schema.org\",\"@graph\":[{\"@type\":\"NewsArticle\",\"@id\":\"https:\/\/www.gaveanews.com\/index.php\/2025\/03\/14\/cruzeiro-pedrinho-compara-leonardo-jardim-com-outros-tecnicos\/#article\",\"isPartOf\":{\"@id\":\"https:\/\/www.gaveanews.com\/index.php\/2025\/03\/14\/cruzeiro-pedrinho-compara-leonardo-jardim-com-outros-tecnicos\/\"},\"author\":{\"name\":\"Rafaela Ladeira\",\"@id\":\"https:\/\/www.gaveanews.com\/#\/schema\/person\/0eb3e3fe1754f0205218538adbe8f5ed\"},\"headline\":\"Cruzeiro: Pedrinho compara Leonardo Jardim com outros t\u00e9cnicos\",\"datePublished\":\"2025-03-14T17:50:00+00:00\",\"mainEntityOfPage\":{\"@id\":\"https:\/\/www.gaveanews.com\/index.php\/2025\/03\/14\/cruzeiro-pedrinho-compara-leonardo-jardim-com-outros-tecnicos\/\"},\"wordCount\":453,\"commentCount\":0,\"image\":{\"@id\":\"https:\/\/www.gaveanews.com\/index.php\/2025\/03\/14\/cruzeiro-pedrinho-compara-leonardo-jardim-com-outros-tecnicos\/#primaryimage\"},\"thumbnailUrl\":\"https:\/\/www.gaveanews.com\/wp-content\/uploads\/Pedro-Lourenco-Pedrinho.webp\",\"articleSection\":[\"Cruzeiro\"],\"inLanguage\":\"pt-BR\",\"potentialAction\":[{\"@type\":\"CommentAction\",\"name\":\"Comment\",\"target\":[\"https:\/\/www.gaveanews.com\/index.php\/2025\/03\/14\/cruzeiro-pedrinho-compara-leonardo-jardim-com-outros-tecnicos\/#respond\"]}],\"copyrightYear\":\"2025\",\"copyrightHolder\":{\"@id\":\"https:\/\/www.gaveanews.com\/#organization\"}},{\"@type\":\"WebPage\",\"@id\":\"https:\/\/www.gaveanews.com\/index.php\/2025\/03\/14\/cruzeiro-pedrinho-compara-leonardo-jardim-com-outros-tecnicos\/\",\"url\":\"https:\/\/www.gaveanews.com\/index.php\/2025\/03\/14\/cruzeiro-pedrinho-compara-leonardo-jardim-com-outros-tecnicos\/\",\"name\":\"Cruzeiro: Pedrinho compara Leonardo Jardim com outros t\u00e9cnicos\",\"isPartOf\":{\"@id\":\"https:\/\/www.gaveanews.com\/#website\"},\"primaryImageOfPage\":{\"@id\":\"https:\/\/www.gaveanews.com\/index.php\/2025\/03\/14\/cruzeiro-pedrinho-compara-leonardo-jardim-com-outros-tecnicos\/#primaryimage\"},\"image\":{\"@id\":\"https:\/\/www.gaveanews.com\/index.php\/2025\/03\/14\/cruzeiro-pedrinho-compara-leonardo-jardim-com-outros-tecnicos\/#primaryimage\"},\"thumbnailUrl\":\"https:\/\/www.gaveanews.com\/wp-content\/uploads\/Pedro-Lourenco-Pedrinho.webp\",\"datePublished\":\"2025-03-14T17:50:00+00:00\",\"author\":{\"@id\":\"https:\/\/www.gaveanews.com\/#\/schema\/person\/0eb3e3fe1754f0205218538adbe8f5ed\"},\"breadcrumb\":{\"@id\":\"https:\/\/www.gaveanews.com\/index.php\/2025\/03\/14\/cruzeiro-pedrinho-compara-leonardo-jardim-com-outros-tecnicos\/#breadcrumb\"},\"inLanguage\":\"pt-BR\",\"potentialAction\":[{\"@type\":\"ReadAction\",\"target\":[\"https:\/\/www.gaveanews.com\/index.php\/2025\/03\/14\/cruzeiro-pedrinho-compara-leonardo-jardim-com-outros-tecnicos\/\"]}]},{\"@type\":\"ImageObject\",\"inLanguage\":\"pt-BR\",\"@id\":\"https:\/\/www.gaveanews.com\/index.php\/2025\/03\/14\/cruzeiro-pedrinho-compara-leonardo-jardim-com-outros-tecnicos\/#primaryimage\",\"url\":\"https:\/\/www.gaveanews.com\/wp-content\/uploads\/Pedro-Lourenco-Pedrinho.webp\",\"contentUrl\":\"https:\/\/www.gaveanews.com\/wp-content\/uploads\/Pedro-Lourenco-Pedrinho.webp\",\"width\":984,\"height\":656,\"caption\":\"Pedro Louren\u00e7o (Pedrinho) (Foto: Gustavo Aleixo\/Cruzeiro)\"},{\"@type\":\"BreadcrumbList\",\"@id\":\"https:\/\/www.gaveanews.com\/index.php\/2025\/03\/14\/cruzeiro-pedrinho-compara-leonardo-jardim-com-outros-tecnicos\/#breadcrumb\",\"itemListElement\":[{\"@type\":\"ListItem\",\"position\":1,\"name\":\"Home\",\"item\":\"https:\/\/www.gaveanews.com\/\"},{\"@type\":\"ListItem\",\"position\":2,\"name\":\"Cruzeiro: Pedrinho compara Leonardo Jardim com outros t\u00e9cnicos\"}]},{\"@type\":\"WebSite\",\"@id\":\"https:\/\/www.gaveanews.com\/#website\",\"url\":\"https:\/\/www.gaveanews.com\/\",\"name\":\"G\u00e1vea News\",\"description\":\"Veja todas as not\u00edcias sobre o Flamengo: Contrata\u00e7\u00f5es, categorias de base, resultados das partidas, tabela de classifica\u00e7\u00e3o, pr\u00f3ximos jogos!\",\"potentialAction\":[{\"@type\":\"SearchAction\",\"target\":{\"@type\":\"EntryPoint\",\"urlTemplate\":\"https:\/\/www.gaveanews.com\/?s={search_term_string}\"},\"query-input\":{\"@type\":\"PropertyValueSpecification\",\"valueRequired\":true,\"valueName\":\"search_term_string\"}}],\"inLanguage\":\"pt-BR\"},{\"@type\":\"Person\",\"@id\":\"https:\/\/www.gaveanews.com\/#\/schema\/person\/0eb3e3fe1754f0205218538adbe8f5ed\",\"name\":\"Rafaela Ladeira\",\"image\":{\"@type\":\"ImageObject\",\"inLanguage\":\"pt-BR\",\"@id\":\"https:\/\/www.gaveanews.com\/#\/schema\/person\/image\/\",\"url\":\"https:\/\/secure.gravatar.com\/avatar\/c31f513acffd85eacab5730cbdfdbbf59f21ba5aeada8cd890acea879fbb2455?s=96&d=mm&r=g\",\"contentUrl\":\"https:\/\/secure.gravatar.com\/avatar\/c31f513acffd85eacab5730cbdfdbbf59f21ba5aeada8cd890acea879fbb2455?s=96&d=mm&r=g\",\"caption\":\"Rafaela Ladeira\"}}]}<\/script>\n<!-- \/ Yoast SEO Premium plugin. -->","yoast_head_json":{"title":"Cruzeiro: Pedrinho compara Leonardo Jardim com outros t\u00e9cnicos","robots":{"index":"index","follow":"follow","max-snippet":"max-snippet:-1","max-image-preview":"max-image-preview:large","max-video-preview":"max-video-preview:-1"},"canonical":"https:\/\/www.gaveanews.com\/index.php\/2025\/03\/14\/cruzeiro-pedrinho-compara-leonardo-jardim-com-outros-tecnicos\/","og_locale":"pt_BR","og_type":"article","og_title":"Cruzeiro: Pedrinho compara Leonardo Jardim com outros t\u00e9cnicos","og_description":"O Cruzeiro iniciou uma nova fase com o t\u00e9cnico portugu\u00eas Leonardo Jardim, e os elogios ao trabalho do comandante n\u00e3o param de crescer. Em entrevista recente \u00e0 \u2018TV Cruzeiro\u2019, o gestor da Sociedade An\u00f4nima do Futebol (SAF), Pedro Louren\u00e7o, falou sobre o impacto do treinador no clube e comparou seu estilo ao dos t\u00e9cnicos brasileiros.&nbsp; [&hellip;]","og_url":"https:\/\/www.gaveanews.com\/index.php\/2025\/03\/14\/cruzeiro-pedrinho-compara-leonardo-jardim-com-outros-tecnicos\/","og_site_name":"G\u00e1vea News","article_publisher":"https:\/\/facebook.com\/gaveaNews\/","article_published_time":"2025-03-14T17:50:00+00:00","og_image":[{"width":984,"height":656,"url":"https:\/\/www.gaveanews.com\/wp-content\/uploads\/Pedro-Lourenco-Pedrinho.webp","type":"image\/webp"}],"author":"Rafaela Ladeira","twitter_card":"summary_large_image","twitter_misc":{"Escrito por":"Rafaela Ladeira","Est. tempo de leitura":"3 minutos"},"schema":{"@context":"https:\/\/schema.org","@graph":[{"@type":"NewsArticle","@id":"https:\/\/www.gaveanews.com\/index.php\/2025\/03\/14\/cruzeiro-pedrinho-compara-leonardo-jardim-com-outros-tecnicos\/#article","isPartOf":{"@id":"https:\/\/www.gaveanews.com\/index.php\/2025\/03\/14\/cruzeiro-pedrinho-compara-leonardo-jardim-com-outros-tecnicos\/"},"author":{"name":"Rafaela Ladeira","@id":"https:\/\/www.gaveanews.com\/#\/schema\/person\/0eb3e3fe1754f0205218538adbe8f5ed"},"headline":"Cruzeiro: Pedrinho compara Leonardo Jardim com outros t\u00e9cnicos","datePublished":"2025-03-14T17:50:00+00:00","mainEntityOfPage":{"@id":"https:\/\/www.gaveanews.com\/index.php\/2025\/03\/14\/cruzeiro-pedrinho-compara-leonardo-jardim-com-outros-tecnicos\/"},"wordCount":453,"commentCount":0,"image":{"@id":"https:\/\/www.gaveanews.com\/index.php\/2025\/03\/14\/cruzeiro-pedrinho-compara-leonardo-jardim-com-outros-tecnicos\/#primaryimage"},"thumbnailUrl":"https:\/\/www.gaveanews.com\/wp-content\/uploads\/Pedro-Lourenco-Pedrinho.webp","articleSection":["Cruzeiro"],"inLanguage":"pt-BR","potentialAction":[{"@type":"CommentAction","name":"Comment","target":["https:\/\/www.gaveanews.com\/index.php\/2025\/03\/14\/cruzeiro-pedrinho-compara-leonardo-jardim-com-outros-tecnicos\/#respond"]}],"copyrightYear":"2025","copyrightHolder":{"@id":"https:\/\/www.gaveanews.com\/#organization"}},{"@type":"WebPage","@id":"https:\/\/www.gaveanews.com\/index.php\/2025\/03\/14\/cruzeiro-pedrinho-compara-leonardo-jardim-com-outros-tecnicos\/","url":"https:\/\/www.gaveanews.com\/index.php\/2025\/03\/14\/cruzeiro-pedrinho-compara-leonardo-jardim-com-outros-tecnicos\/","name":"Cruzeiro: Pedrinho compara Leonardo Jardim com outros t\u00e9cnicos","isPartOf":{"@id":"https:\/\/www.gaveanews.com\/#website"},"primaryImageOfPage":{"@id":"https:\/\/www.gaveanews.com\/index.php\/2025\/03\/14\/cruzeiro-pedrinho-compara-leonardo-jardim-com-outros-tecnicos\/#primaryimage"},"image":{"@id":"https:\/\/www.gaveanews.com\/index.php\/2025\/03\/14\/cruzeiro-pedrinho-compara-leonardo-jardim-com-outros-tecnicos\/#primaryimage"},"thumbnailUrl":"https:\/\/www.gaveanews.com\/wp-content\/uploads\/Pedro-Lourenco-Pedrinho.webp","datePublished":"2025-03-14T17:50:00+00:00","author":{"@id":"https:\/\/www.gaveanews.com\/#\/schema\/person\/0eb3e3fe1754f0205218538adbe8f5ed"},"breadcrumb":{"@id":"https:\/\/www.gaveanews.com\/index.php\/2025\/03\/14\/cruzeiro-pedrinho-compara-leonardo-jardim-com-outros-tecnicos\/#breadcrumb"},"inLanguage":"pt-BR","potentialAction":[{"@type":"ReadAction","target":["https:\/\/www.gaveanews.com\/index.php\/2025\/03\/14\/cruzeiro-pedrinho-compara-leonardo-jardim-com-outros-tecnicos\/"]}]},{"@type":"ImageObject","inLanguage":"pt-BR","@id":"https:\/\/www.gaveanews.com\/index.php\/2025\/03\/14\/cruzeiro-pedrinho-compara-leonardo-jardim-com-outros-tecnicos\/#primaryimage","url":"https:\/\/www.gaveanews.com\/wp-content\/uploads\/Pedro-Lourenco-Pedrinho.webp","contentUrl":"https:\/\/www.gaveanews.com\/wp-content\/uploads\/Pedro-Lourenco-Pedrinho.webp","width":984,"height":656,"caption":"Pedro Louren\u00e7o (Pedrinho) (Foto: Gustavo Aleixo\/Cruzeiro)"},{"@type":"BreadcrumbList","@id":"https:\/\/www.gaveanews.com\/index.php\/2025\/03\/14\/cruzeiro-pedrinho-compara-leonardo-jardim-com-outros-tecnicos\/#breadcrumb","itemListElement":[{"@type":"ListItem","position":1,"name":"Home","item":"https:\/\/www.gaveanews.com\/"},{"@type":"ListItem","position":2,"name":"Cruzeiro: Pedrinho compara Leonardo Jardim com outros t\u00e9cnicos"}]},{"@type":"WebSite","@id":"https:\/\/www.gaveanews.com\/#website","url":"https:\/\/www.gaveanews.com\/","name":"G\u00e1vea News","description":"Veja todas as not\u00edcias sobre o Flamengo: Contrata\u00e7\u00f5es, categorias de base, resultados das partidas, tabela de classifica\u00e7\u00e3o, pr\u00f3ximos jogos!","potentialAction":[{"@type":"SearchAction","target":{"@type":"EntryPoint","urlTemplate":"https:\/\/www.gaveanews.com\/?s={search_term_string}"},"query-input":{"@type":"PropertyValueSpecification","valueRequired":true,"valueName":"search_term_string"}}],"inLanguage":"pt-BR"},{"@type":"Person","@id":"https:\/\/www.gaveanews.com\/#\/schema\/person\/0eb3e3fe1754f0205218538adbe8f5ed","name":"Rafaela Ladeira","image":{"@type":"ImageObject","inLanguage":"pt-BR","@id":"https:\/\/www.gaveanews.com\/#\/schema\/person\/image\/","url":"https:\/\/secure.gravatar.com\/avatar\/c31f513acffd85eacab5730cbdfdbbf59f21ba5aeada8cd890acea879fbb2455?s=96&d=mm&r=g","contentUrl":"https:\/\/secure.gravatar.com\/avatar\/c31f513acffd85eacab5730cbdfdbbf59f21ba5aeada8cd890acea879fbb2455?s=96&d=mm&r=g","caption":"Rafaela Ladeira"}}]}},"_links":{"self":[{"href":"https:\/\/www.gaveanews.com\/index.php\/wp-json\/wp\/v2\/posts\/240096","targetHints":{"allow":["GET"]}}],"collection":[{"href":"https:\/\/www.gaveanews.com\/index.php\/wp-json\/wp\/v2\/posts"}],"about":[{"href":"https:\/\/www.gaveanews.com\/index.php\/wp-json\/wp\/v2\/types\/post"}],"author":[{"embeddable":true,"href":"https:\/\/www.gaveanews.com\/index.php\/wp-json\/wp\/v2\/users\/25"}],"replies":[{"embeddable":true,"href":"https:\/\/www.gaveanews.com\/index.php\/wp-json\/wp\/v2\/comments?post=240096"}],"version-history":[{"count":1,"href":"https:\/\/www.gaveanews.com\/index.php\/wp-json\/wp\/v2\/posts\/240096\/revisions"}],"predecessor-version":[{"id":240097,"href":"https:\/\/www.gaveanews.com\/index.php\/wp-json\/wp\/v2\/posts\/240096\/revisions\/240097"}],"wp:featuredmedia":[{"embeddable":true,"href":"https:\/\/www.gaveanews.com\/index.php\/wp-json\/wp\/v2\/media\/175923"}],"wp:attachment":[{"href":"https:\/\/www.gaveanews.com\/index.php\/wp-json\/wp\/v2\/media?parent=240096"}],"wp:term":[{"taxonomy":"category","embeddable":true,"href":"https:\/\/www.gaveanews.com\/index.php\/wp-json\/wp\/v2\/categories?post=240096"},{"taxonomy":"post_tag","embeddable":true,"href":"https:\/\/www.gaveanews.com\/index.php\/wp-json\/wp\/v2\/tags?post=240096"}],"curies":[{"name":"wp","href":"https:\/\/api.w.org\/{rel}","templated":true}]}}