{"id":240098,"date":"2025-03-14T14:55:00","date_gmt":"2025-03-14T17:55:00","guid":{"rendered":"https:\/\/www.gaveanews.com\/?p=240098"},"modified":"2025-03-14T14:42:48","modified_gmt":"2025-03-14T17:42:48","slug":"titular-absoluto-do-cruzeiro-vai-renovar-o-seu-contrato","status":"publish","type":"post","link":"https:\/\/www.gaveanews.com\/index.php\/2025\/03\/14\/titular-absoluto-do-cruzeiro-vai-renovar-o-seu-contrato\/","title":{"rendered":"Titular absoluto do Cruzeiro vai renovar o seu contrato"},"content":{"rendered":"\n<p>Com a gest\u00e3o de Pedro Louren\u00e7o promovendo diversas mudan\u00e7as no elenco do Cruzeiro, uma renova\u00e7\u00e3o importante est\u00e1 em pauta: a do capit\u00e3o Lucas Romero. O volante, que tem sido uma pe\u00e7a fundamental na equipe desde sua chegada ao clube no in\u00edcio de 2022, est\u00e1 com seu contrato vencendo em dezembro deste ano.&nbsp;<\/p>\n\n\n\n<p>Contudo, a diretoria j\u00e1 se mostra otimista quanto \u00e0 sua renova\u00e7\u00e3o. Isso porque, mesmo com a possibilidade de assinar um pr\u00e9-contrato com outro clube a partir de julho, Romero deve seguir na Toca da Raposa, atendendo ao interesse m\u00fatuo do jogador e do clube.<\/p>\n\n\n\n<h2 class=\"wp-block-heading\" id=\"h-o-futuro-de-lucas-romero-no-cruzeiro\">O futuro de Lucas Romero no Cruzeiro<\/h2>\n\n\n\n<p>A renova\u00e7\u00e3o com o argentino est\u00e1 sendo analisada com aten\u00e7\u00e3o pela diretoria celeste, e n\u00e3o h\u00e1 pressa em resolver a situa\u00e7\u00e3o. O desejo de ambas as partes de seguir com a parceria facilita as conversas, que devem acontecer de forma tranquila.&nbsp;<\/p>\n\n\n\n<p>Al\u00e9m disso, Romero tem sido uma presen\u00e7a constante no time titular de Leonardo Jardim, j\u00e1 tendo participado de sete dos dez jogos do Cruzeiro no Campeonato Mineiro.<\/p>\n\n\n\n<p>Sendo assim, sua import\u00e2ncia dentro de campo n\u00e3o deixa d\u00favidas sobre a necessidade de manter o capit\u00e3o no elenco. Sua lideran\u00e7a e experi\u00eancia s\u00e3o vitais para a equipe, que busca estabilidade no in\u00edcio de temporada.&nbsp;<\/p>\n\n\n\n<p>Vale destacar que o jogador completar\u00e1 31 anos em abril e, com 211 jogos disputados pelo clube, \u00e9 o estrangeiro com mais partidas na hist\u00f3ria do Cruzeiro.<\/p>\n\n\n\n<h2 class=\"wp-block-heading\" id=\"h-outros-jogadores-com-contrato-perto-do-fim\">Outros jogadores com contrato perto do fim<\/h2>\n\n\n\n<p>Al\u00e9m de Lucas Romero, o Cruzeiro tem mais cinco jogadores com v\u00ednculo at\u00e9 dezembro de 2025. Tr\u00eas deles est\u00e3o por empr\u00e9stimo: o zagueiro Mateo Gamarra, o lateral-direito Fagner e o atacante Marquinhos. J\u00e1 o meia Eduardo e o atacante Bolasie t\u00eam seus direitos econ\u00f4micos vinculados ao clube.<\/p>\n\n\n\n<p>Vale ressaltar que Bolasie se destacou ao marcar tr\u00eas gols no Campeonato Mineiro, embora n\u00e3o tenha sido titular. Marquinhos e Eduardo, por outro lado, alternaram participa\u00e7\u00f5es durante a competi\u00e7\u00e3o, o que coloca em pauta a avalia\u00e7\u00e3o da diretoria sobre o futuro de cada um deles.<\/p>\n\n\n\n<h2 class=\"wp-block-heading\" id=\"h-o-impacto-de-romero-para-o-cruzeiro\">O impacto de Romero para o Cruzeiro<\/h2>\n\n\n\n<p>Lucas Romero n\u00e3o \u00e9 apenas o capit\u00e3o do time, mas tamb\u00e9m um dos jogadores mais experientes do elenco, o que refor\u00e7a a import\u00e2ncia de sua perman\u00eancia. Com isso, sua renova\u00e7\u00e3o se torna estrat\u00e9gica para a continuidade da evolu\u00e7\u00e3o da equipe sob o comando de Leonardo Jardim.&nbsp;<\/p>\n\n\n\n<p>Dessa maneira, o Cruzeiro garante mais estabilidade e mant\u00e9m um dos pilares do elenco, que segue como refer\u00eancia dentro e fora de campo.<\/p>\n","protected":false},"excerpt":{"rendered":"<p>Com a gest\u00e3o de Pedro Louren\u00e7o promovendo diversas mudan\u00e7as no elenco do Cruzeiro, uma renova\u00e7\u00e3o importante est\u00e1 em pauta: a do capit\u00e3o Lucas Romero. O volante, que tem sido uma pe\u00e7a fundamental na equipe desde sua chegada ao clube no in\u00edcio de 2022, est\u00e1 com seu contrato vencendo em dezembro deste ano.&nbsp; Contudo, a diretoria [&hellip;]<\/p>\n","protected":false},"author":25,"featured_media":175601,"comment_status":"open","ping_status":"closed","sticky":false,"template":"","format":"standard","meta":{"footnotes":""},"categories":[143],"tags":[],"class_list":["post-240098","post","type-post","status-publish","format-standard","has-post-thumbnail","hentry","category-cruzeiro"],"yoast_head":"<!-- This site is optimized with the Yoast SEO Premium plugin v24.2 (Yoast SEO v26.9) - https:\/\/yoast.com\/product\/yoast-seo-premium-wordpress\/ -->\n<title>Titular absoluto do Cruzeiro vai renovar o seu contrato<\/title>\n<meta name=\"robots\" content=\"index, follow, max-snippet:-1, max-image-preview:large, max-video-preview:-1\" \/>\n<link rel=\"canonical\" href=\"https:\/\/www.gaveanews.com\/index.php\/2025\/03\/14\/titular-absoluto-do-cruzeiro-vai-renovar-o-seu-contrato\/\" \/>\n<meta property=\"og:locale\" content=\"pt_BR\" \/>\n<meta property=\"og:type\" content=\"article\" \/>\n<meta property=\"og:title\" content=\"Titular absoluto do Cruzeiro vai renovar o seu contrato\" \/>\n<meta property=\"og:description\" content=\"Com a gest\u00e3o de Pedro Louren\u00e7o promovendo diversas mudan\u00e7as no elenco do Cruzeiro, uma renova\u00e7\u00e3o importante est\u00e1 em pauta: a do capit\u00e3o Lucas Romero. O volante, que tem sido uma pe\u00e7a fundamental na equipe desde sua chegada ao clube no in\u00edcio de 2022, est\u00e1 com seu contrato vencendo em dezembro deste ano.&nbsp; Contudo, a diretoria [&hellip;]\" \/>\n<meta property=\"og:url\" content=\"https:\/\/www.gaveanews.com\/index.php\/2025\/03\/14\/titular-absoluto-do-cruzeiro-vai-renovar-o-seu-contrato\/\" \/>\n<meta property=\"og:site_name\" content=\"G\u00e1vea News\" \/>\n<meta property=\"article:publisher\" content=\"https:\/\/facebook.com\/gaveaNews\/\" \/>\n<meta property=\"article:published_time\" content=\"2025-03-14T17:55:00+00:00\" \/>\n<meta property=\"og:image\" content=\"https:\/\/www.gaveanews.com\/wp-content\/uploads\/Bandeira-do-Cruzeiro.webp\" \/>\n\t<meta property=\"og:image:width\" content=\"1062\" \/>\n\t<meta property=\"og:image:height\" content=\"708\" \/>\n\t<meta property=\"og:image:type\" content=\"image\/webp\" \/>\n<meta name=\"author\" content=\"Rafaela Ladeira\" \/>\n<meta name=\"twitter:card\" content=\"summary_large_image\" \/>\n<meta name=\"twitter:label1\" content=\"Escrito por\" \/>\n\t<meta name=\"twitter:data1\" content=\"Rafaela Ladeira\" \/>\n\t<meta name=\"twitter:label2\" content=\"Est. tempo de leitura\" \/>\n\t<meta name=\"twitter:data2\" content=\"3 minutos\" \/>\n<script type=\"application\/ld+json\" class=\"yoast-schema-graph\">{\"@context\":\"https:\/\/schema.org\",\"@graph\":[{\"@type\":\"NewsArticle\",\"@id\":\"https:\/\/www.gaveanews.com\/index.php\/2025\/03\/14\/titular-absoluto-do-cruzeiro-vai-renovar-o-seu-contrato\/#article\",\"isPartOf\":{\"@id\":\"https:\/\/www.gaveanews.com\/index.php\/2025\/03\/14\/titular-absoluto-do-cruzeiro-vai-renovar-o-seu-contrato\/\"},\"author\":{\"name\":\"Rafaela Ladeira\",\"@id\":\"https:\/\/www.gaveanews.com\/#\/schema\/person\/0eb3e3fe1754f0205218538adbe8f5ed\"},\"headline\":\"Titular absoluto do Cruzeiro vai renovar o seu contrato\",\"datePublished\":\"2025-03-14T17:55:00+00:00\",\"mainEntityOfPage\":{\"@id\":\"https:\/\/www.gaveanews.com\/index.php\/2025\/03\/14\/titular-absoluto-do-cruzeiro-vai-renovar-o-seu-contrato\/\"},\"wordCount\":462,\"commentCount\":0,\"image\":{\"@id\":\"https:\/\/www.gaveanews.com\/index.php\/2025\/03\/14\/titular-absoluto-do-cruzeiro-vai-renovar-o-seu-contrato\/#primaryimage\"},\"thumbnailUrl\":\"https:\/\/www.gaveanews.com\/wp-content\/uploads\/Bandeira-do-Cruzeiro.webp\",\"articleSection\":[\"Cruzeiro\"],\"inLanguage\":\"pt-BR\",\"potentialAction\":[{\"@type\":\"CommentAction\",\"name\":\"Comment\",\"target\":[\"https:\/\/www.gaveanews.com\/index.php\/2025\/03\/14\/titular-absoluto-do-cruzeiro-vai-renovar-o-seu-contrato\/#respond\"]}],\"copyrightYear\":\"2025\",\"copyrightHolder\":{\"@id\":\"https:\/\/www.gaveanews.com\/#organization\"}},{\"@type\":\"WebPage\",\"@id\":\"https:\/\/www.gaveanews.com\/index.php\/2025\/03\/14\/titular-absoluto-do-cruzeiro-vai-renovar-o-seu-contrato\/\",\"url\":\"https:\/\/www.gaveanews.com\/index.php\/2025\/03\/14\/titular-absoluto-do-cruzeiro-vai-renovar-o-seu-contrato\/\",\"name\":\"Titular absoluto do Cruzeiro vai renovar o seu contrato\",\"isPartOf\":{\"@id\":\"https:\/\/www.gaveanews.com\/#website\"},\"primaryImageOfPage\":{\"@id\":\"https:\/\/www.gaveanews.com\/index.php\/2025\/03\/14\/titular-absoluto-do-cruzeiro-vai-renovar-o-seu-contrato\/#primaryimage\"},\"image\":{\"@id\":\"https:\/\/www.gaveanews.com\/index.php\/2025\/03\/14\/titular-absoluto-do-cruzeiro-vai-renovar-o-seu-contrato\/#primaryimage\"},\"thumbnailUrl\":\"https:\/\/www.gaveanews.com\/wp-content\/uploads\/Bandeira-do-Cruzeiro.webp\",\"datePublished\":\"2025-03-14T17:55:00+00:00\",\"author\":{\"@id\":\"https:\/\/www.gaveanews.com\/#\/schema\/person\/0eb3e3fe1754f0205218538adbe8f5ed\"},\"breadcrumb\":{\"@id\":\"https:\/\/www.gaveanews.com\/index.php\/2025\/03\/14\/titular-absoluto-do-cruzeiro-vai-renovar-o-seu-contrato\/#breadcrumb\"},\"inLanguage\":\"pt-BR\",\"potentialAction\":[{\"@type\":\"ReadAction\",\"target\":[\"https:\/\/www.gaveanews.com\/index.php\/2025\/03\/14\/titular-absoluto-do-cruzeiro-vai-renovar-o-seu-contrato\/\"]}]},{\"@type\":\"ImageObject\",\"inLanguage\":\"pt-BR\",\"@id\":\"https:\/\/www.gaveanews.com\/index.php\/2025\/03\/14\/titular-absoluto-do-cruzeiro-vai-renovar-o-seu-contrato\/#primaryimage\",\"url\":\"https:\/\/www.gaveanews.com\/wp-content\/uploads\/Bandeira-do-Cruzeiro.webp\",\"contentUrl\":\"https:\/\/www.gaveanews.com\/wp-content\/uploads\/Bandeira-do-Cruzeiro.webp\",\"width\":1062,\"height\":708,\"caption\":\"Bandeira do Cruzeiro (Foto: Reprodu\u00e7\u00e3o\/Cruzeiro)\"},{\"@type\":\"BreadcrumbList\",\"@id\":\"https:\/\/www.gaveanews.com\/index.php\/2025\/03\/14\/titular-absoluto-do-cruzeiro-vai-renovar-o-seu-contrato\/#breadcrumb\",\"itemListElement\":[{\"@type\":\"ListItem\",\"position\":1,\"name\":\"Home\",\"item\":\"https:\/\/www.gaveanews.com\/\"},{\"@type\":\"ListItem\",\"position\":2,\"name\":\"Titular absoluto do Cruzeiro vai renovar o seu contrato\"}]},{\"@type\":\"WebSite\",\"@id\":\"https:\/\/www.gaveanews.com\/#website\",\"url\":\"https:\/\/www.gaveanews.com\/\",\"name\":\"G\u00e1vea News\",\"description\":\"Veja todas as not\u00edcias sobre o Flamengo: Contrata\u00e7\u00f5es, categorias de base, resultados das partidas, tabela de classifica\u00e7\u00e3o, pr\u00f3ximos jogos!\",\"potentialAction\":[{\"@type\":\"SearchAction\",\"target\":{\"@type\":\"EntryPoint\",\"urlTemplate\":\"https:\/\/www.gaveanews.com\/?s={search_term_string}\"},\"query-input\":{\"@type\":\"PropertyValueSpecification\",\"valueRequired\":true,\"valueName\":\"search_term_string\"}}],\"inLanguage\":\"pt-BR\"},{\"@type\":\"Person\",\"@id\":\"https:\/\/www.gaveanews.com\/#\/schema\/person\/0eb3e3fe1754f0205218538adbe8f5ed\",\"name\":\"Rafaela Ladeira\",\"image\":{\"@type\":\"ImageObject\",\"inLanguage\":\"pt-BR\",\"@id\":\"https:\/\/www.gaveanews.com\/#\/schema\/person\/image\/\",\"url\":\"https:\/\/secure.gravatar.com\/avatar\/c31f513acffd85eacab5730cbdfdbbf59f21ba5aeada8cd890acea879fbb2455?s=96&d=mm&r=g\",\"contentUrl\":\"https:\/\/secure.gravatar.com\/avatar\/c31f513acffd85eacab5730cbdfdbbf59f21ba5aeada8cd890acea879fbb2455?s=96&d=mm&r=g\",\"caption\":\"Rafaela Ladeira\"}}]}<\/script>\n<!-- \/ Yoast SEO Premium plugin. -->","yoast_head_json":{"title":"Titular absoluto do Cruzeiro vai renovar o seu contrato","robots":{"index":"index","follow":"follow","max-snippet":"max-snippet:-1","max-image-preview":"max-image-preview:large","max-video-preview":"max-video-preview:-1"},"canonical":"https:\/\/www.gaveanews.com\/index.php\/2025\/03\/14\/titular-absoluto-do-cruzeiro-vai-renovar-o-seu-contrato\/","og_locale":"pt_BR","og_type":"article","og_title":"Titular absoluto do Cruzeiro vai renovar o seu contrato","og_description":"Com a gest\u00e3o de Pedro Louren\u00e7o promovendo diversas mudan\u00e7as no elenco do Cruzeiro, uma renova\u00e7\u00e3o importante est\u00e1 em pauta: a do capit\u00e3o Lucas Romero. O volante, que tem sido uma pe\u00e7a fundamental na equipe desde sua chegada ao clube no in\u00edcio de 2022, est\u00e1 com seu contrato vencendo em dezembro deste ano.&nbsp; Contudo, a diretoria [&hellip;]","og_url":"https:\/\/www.gaveanews.com\/index.php\/2025\/03\/14\/titular-absoluto-do-cruzeiro-vai-renovar-o-seu-contrato\/","og_site_name":"G\u00e1vea News","article_publisher":"https:\/\/facebook.com\/gaveaNews\/","article_published_time":"2025-03-14T17:55:00+00:00","og_image":[{"width":1062,"height":708,"url":"https:\/\/www.gaveanews.com\/wp-content\/uploads\/Bandeira-do-Cruzeiro.webp","type":"image\/webp"}],"author":"Rafaela Ladeira","twitter_card":"summary_large_image","twitter_misc":{"Escrito por":"Rafaela Ladeira","Est. tempo de leitura":"3 minutos"},"schema":{"@context":"https:\/\/schema.org","@graph":[{"@type":"NewsArticle","@id":"https:\/\/www.gaveanews.com\/index.php\/2025\/03\/14\/titular-absoluto-do-cruzeiro-vai-renovar-o-seu-contrato\/#article","isPartOf":{"@id":"https:\/\/www.gaveanews.com\/index.php\/2025\/03\/14\/titular-absoluto-do-cruzeiro-vai-renovar-o-seu-contrato\/"},"author":{"name":"Rafaela Ladeira","@id":"https:\/\/www.gaveanews.com\/#\/schema\/person\/0eb3e3fe1754f0205218538adbe8f5ed"},"headline":"Titular absoluto do Cruzeiro vai renovar o seu contrato","datePublished":"2025-03-14T17:55:00+00:00","mainEntityOfPage":{"@id":"https:\/\/www.gaveanews.com\/index.php\/2025\/03\/14\/titular-absoluto-do-cruzeiro-vai-renovar-o-seu-contrato\/"},"wordCount":462,"commentCount":0,"image":{"@id":"https:\/\/www.gaveanews.com\/index.php\/2025\/03\/14\/titular-absoluto-do-cruzeiro-vai-renovar-o-seu-contrato\/#primaryimage"},"thumbnailUrl":"https:\/\/www.gaveanews.com\/wp-content\/uploads\/Bandeira-do-Cruzeiro.webp","articleSection":["Cruzeiro"],"inLanguage":"pt-BR","potentialAction":[{"@type":"CommentAction","name":"Comment","target":["https:\/\/www.gaveanews.com\/index.php\/2025\/03\/14\/titular-absoluto-do-cruzeiro-vai-renovar-o-seu-contrato\/#respond"]}],"copyrightYear":"2025","copyrightHolder":{"@id":"https:\/\/www.gaveanews.com\/#organization"}},{"@type":"WebPage","@id":"https:\/\/www.gaveanews.com\/index.php\/2025\/03\/14\/titular-absoluto-do-cruzeiro-vai-renovar-o-seu-contrato\/","url":"https:\/\/www.gaveanews.com\/index.php\/2025\/03\/14\/titular-absoluto-do-cruzeiro-vai-renovar-o-seu-contrato\/","name":"Titular absoluto do Cruzeiro vai renovar o seu contrato","isPartOf":{"@id":"https:\/\/www.gaveanews.com\/#website"},"primaryImageOfPage":{"@id":"https:\/\/www.gaveanews.com\/index.php\/2025\/03\/14\/titular-absoluto-do-cruzeiro-vai-renovar-o-seu-contrato\/#primaryimage"},"image":{"@id":"https:\/\/www.gaveanews.com\/index.php\/2025\/03\/14\/titular-absoluto-do-cruzeiro-vai-renovar-o-seu-contrato\/#primaryimage"},"thumbnailUrl":"https:\/\/www.gaveanews.com\/wp-content\/uploads\/Bandeira-do-Cruzeiro.webp","datePublished":"2025-03-14T17:55:00+00:00","author":{"@id":"https:\/\/www.gaveanews.com\/#\/schema\/person\/0eb3e3fe1754f0205218538adbe8f5ed"},"breadcrumb":{"@id":"https:\/\/www.gaveanews.com\/index.php\/2025\/03\/14\/titular-absoluto-do-cruzeiro-vai-renovar-o-seu-contrato\/#breadcrumb"},"inLanguage":"pt-BR","potentialAction":[{"@type":"ReadAction","target":["https:\/\/www.gaveanews.com\/index.php\/2025\/03\/14\/titular-absoluto-do-cruzeiro-vai-renovar-o-seu-contrato\/"]}]},{"@type":"ImageObject","inLanguage":"pt-BR","@id":"https:\/\/www.gaveanews.com\/index.php\/2025\/03\/14\/titular-absoluto-do-cruzeiro-vai-renovar-o-seu-contrato\/#primaryimage","url":"https:\/\/www.gaveanews.com\/wp-content\/uploads\/Bandeira-do-Cruzeiro.webp","contentUrl":"https:\/\/www.gaveanews.com\/wp-content\/uploads\/Bandeira-do-Cruzeiro.webp","width":1062,"height":708,"caption":"Bandeira do Cruzeiro (Foto: Reprodu\u00e7\u00e3o\/Cruzeiro)"},{"@type":"BreadcrumbList","@id":"https:\/\/www.gaveanews.com\/index.php\/2025\/03\/14\/titular-absoluto-do-cruzeiro-vai-renovar-o-seu-contrato\/#breadcrumb","itemListElement":[{"@type":"ListItem","position":1,"name":"Home","item":"https:\/\/www.gaveanews.com\/"},{"@type":"ListItem","position":2,"name":"Titular absoluto do Cruzeiro vai renovar o seu contrato"}]},{"@type":"WebSite","@id":"https:\/\/www.gaveanews.com\/#website","url":"https:\/\/www.gaveanews.com\/","name":"G\u00e1vea News","description":"Veja todas as not\u00edcias sobre o Flamengo: Contrata\u00e7\u00f5es, categorias de base, resultados das partidas, tabela de classifica\u00e7\u00e3o, pr\u00f3ximos jogos!","potentialAction":[{"@type":"SearchAction","target":{"@type":"EntryPoint","urlTemplate":"https:\/\/www.gaveanews.com\/?s={search_term_string}"},"query-input":{"@type":"PropertyValueSpecification","valueRequired":true,"valueName":"search_term_string"}}],"inLanguage":"pt-BR"},{"@type":"Person","@id":"https:\/\/www.gaveanews.com\/#\/schema\/person\/0eb3e3fe1754f0205218538adbe8f5ed","name":"Rafaela Ladeira","image":{"@type":"ImageObject","inLanguage":"pt-BR","@id":"https:\/\/www.gaveanews.com\/#\/schema\/person\/image\/","url":"https:\/\/secure.gravatar.com\/avatar\/c31f513acffd85eacab5730cbdfdbbf59f21ba5aeada8cd890acea879fbb2455?s=96&d=mm&r=g","contentUrl":"https:\/\/secure.gravatar.com\/avatar\/c31f513acffd85eacab5730cbdfdbbf59f21ba5aeada8cd890acea879fbb2455?s=96&d=mm&r=g","caption":"Rafaela Ladeira"}}]}},"_links":{"self":[{"href":"https:\/\/www.gaveanews.com\/index.php\/wp-json\/wp\/v2\/posts\/240098","targetHints":{"allow":["GET"]}}],"collection":[{"href":"https:\/\/www.gaveanews.com\/index.php\/wp-json\/wp\/v2\/posts"}],"about":[{"href":"https:\/\/www.gaveanews.com\/index.php\/wp-json\/wp\/v2\/types\/post"}],"author":[{"embeddable":true,"href":"https:\/\/www.gaveanews.com\/index.php\/wp-json\/wp\/v2\/users\/25"}],"replies":[{"embeddable":true,"href":"https:\/\/www.gaveanews.com\/index.php\/wp-json\/wp\/v2\/comments?post=240098"}],"version-history":[{"count":1,"href":"https:\/\/www.gaveanews.com\/index.php\/wp-json\/wp\/v2\/posts\/240098\/revisions"}],"predecessor-version":[{"id":240099,"href":"https:\/\/www.gaveanews.com\/index.php\/wp-json\/wp\/v2\/posts\/240098\/revisions\/240099"}],"wp:featuredmedia":[{"embeddable":true,"href":"https:\/\/www.gaveanews.com\/index.php\/wp-json\/wp\/v2\/media\/175601"}],"wp:attachment":[{"href":"https:\/\/www.gaveanews.com\/index.php\/wp-json\/wp\/v2\/media?parent=240098"}],"wp:term":[{"taxonomy":"category","embeddable":true,"href":"https:\/\/www.gaveanews.com\/index.php\/wp-json\/wp\/v2\/categories?post=240098"},{"taxonomy":"post_tag","embeddable":true,"href":"https:\/\/www.gaveanews.com\/index.php\/wp-json\/wp\/v2\/tags?post=240098"}],"curies":[{"name":"wp","href":"https:\/\/api.w.org\/{rel}","templated":true}]}}