{"id":240100,"date":"2025-03-14T15:00:00","date_gmt":"2025-03-14T18:00:00","guid":{"rendered":"https:\/\/www.gaveanews.com\/?p=240100"},"modified":"2025-03-14T14:53:53","modified_gmt":"2025-03-14T17:53:53","slug":"fabio-sormani-viraliza-ao-falar-sobre-a-historia-do-corinthians-veja-video","status":"publish","type":"post","link":"https:\/\/www.gaveanews.com\/index.php\/2025\/03\/14\/fabio-sormani-viraliza-ao-falar-sobre-a-historia-do-corinthians-veja-video\/","title":{"rendered":"F\u00e1bio Sormani viraliza ao falar sobre a hist\u00f3ria do Corinthians; veja v\u00eddeo"},"content":{"rendered":"\n<p>O jornalista F\u00e1bio Sormani, conhecido por suas opini\u00f5es provocativas, causou alvoro\u00e7o nas redes sociais ao falar sobre a hist\u00f3ria do Corinthians.&nbsp;<\/p>\n\n\n\n<p>A declara\u00e7\u00e3o gerou debates acalorados entre torcedores e especialistas, evidenciando mais uma vez o poder de Sormani em causar pol\u00eamica.<\/p>\n\n\n\n<h2 class=\"wp-block-heading\" id=\"h-a-declaracao-de-sormani\">A declara\u00e7\u00e3o de Sormani<\/h2>\n\n\n\n<p>A fala de F\u00e1bio Sormani pegou muitos de surpresa, especialmente pela maneira contundente com que ele se referiu ao Corinthians. Para o jornalista, o clube paulista teve seu destaque consolidado a partir da figura de Neto, que se tornou um dos maiores \u00eddolos da hist\u00f3ria corintiana ap\u00f3s o t\u00edtulo do Campeonato Paulista de 1990.&nbsp;<\/p>\n\n\n\n<p>Durante uma participa\u00e7\u00e3o na Placar TV, Sormani disparou: &#8220;O Corinthians n\u00e3o tem camisa. O &#8216;acesso negado&#8217; de hoje nada mais \u00e9 do que o &#8216;Corinthians n\u00e3o tem passaporte&#8217;. Quem colocou o Corinthians no mapa foi o Neto em 1990. Antes, o Corinthians era time de bairro.&#8221;&nbsp;<\/p>\n\n\n\n<blockquote class=\"twitter-tweet\" data-media-max-width=\"560\"><p lang=\"pt\" dir=\"ltr\">&quot;O Corinthians n\u00e3o tem camisa. O &#39;acesso negado&#39; de hoje nada mais \u00e9 do que o &#39;Corinthians n\u00e3o tem passaporte&#39;. Quem colocou o Corinthians no mapa foi o Neto em 1990. Antes, o Corinthians era time de bairro.&quot;<br><br>\ud83c\udf99\ufe0f Sormani, na Placar TV.<br>\ud83c\udfa5 <a href=\"https:\/\/twitter.com\/placar?ref_src=twsrc%5Etfw\">@placar<\/a> <a href=\"https:\/\/t.co\/mqXB6nAEwH\">pic.twitter.com\/mqXB6nAEwH<\/a><\/p>&mdash; Planeta do Futebol \ud83c\udf0e (@futebol_info) <a href=\"https:\/\/twitter.com\/futebol_info\/status\/1900220979327930712?ref_src=twsrc%5Etfw\">March 13, 2025<\/a><\/blockquote> <script async src=\"https:\/\/platform.twitter.com\/widgets.js\" charset=\"utf-8\"><\/script>\n\n\n\n<p>Isso porque, segundo Sormani, antes desse momento, o Corinthians n\u00e3o possu\u00eda a grandeza que conquistou ao longo dos anos. Sendo assim, sua an\u00e1lise foi considerada uma cr\u00edtica \u00e0 falta de uma hist\u00f3ria consolidada antes do per\u00edodo em que Neto esteve na equipe.<\/p>\n\n\n\n<h2 class=\"wp-block-heading\" id=\"h-a-reacao-dos-torcedores-o-corinthians-e-gigante\">A rea\u00e7\u00e3o dos torcedores: &#8220;O Corinthians \u00e9 gigante&#8221;<\/h2>\n\n\n\n<p>Dessa maneira, a fala de Sormani gerou uma onda de rea\u00e7\u00f5es, com muitos torcedores do Corinthians defendendo a grandiosidade do clube.&nbsp;<\/p>\n\n\n\n<p>&#8220;O Corinthians sempre foi gigante, n\u00e3o precisamos de Neto para sermos reconhecidos&#8221;, disse um torcedor nas redes sociais.&nbsp;<\/p>\n\n\n\n<p>Vale destacar que a hist\u00f3ria do Corinthians \u00e9 marcada por vit\u00f3rias e conquistas expressivas, como os t\u00edtulos do Campeonato Brasileiro, Libertadores e Mundial de Clubes.<\/p>\n\n\n\n<h2 class=\"wp-block-heading\" id=\"h-o-impacto-da-opiniao-de-sormani\">O impacto da opini\u00e3o de Sormani<\/h2>\n\n\n\n<p>Com isso, a fala de Sormani segue repercutindo, n\u00e3o apenas pela pol\u00eamica em si, mas tamb\u00e9m pela forma como ele abordou um dos clubes mais tradicionais do futebol brasileiro.&nbsp;<\/p>\n\n\n\n<p>Cabe ressaltar que, apesar das cr\u00edticas, o Corinthians continua sendo um dos maiores clubes do Brasil, com uma base de torcedores apaixonada e hist\u00f3ria rica.<\/p>\n","protected":false},"excerpt":{"rendered":"<p>O jornalista F\u00e1bio Sormani, conhecido por suas opini\u00f5es provocativas, causou alvoro\u00e7o nas redes sociais ao falar sobre a hist\u00f3ria do Corinthians.&nbsp; A declara\u00e7\u00e3o gerou debates acalorados entre torcedores e especialistas, evidenciando mais uma vez o poder de Sormani em causar pol\u00eamica. A declara\u00e7\u00e3o de Sormani A fala de F\u00e1bio Sormani pegou muitos de surpresa, especialmente [&hellip;]<\/p>\n","protected":false},"author":25,"featured_media":52970,"comment_status":"open","ping_status":"closed","sticky":false,"template":"","format":"standard","meta":{"footnotes":""},"categories":[141],"tags":[],"class_list":["post-240100","post","type-post","status-publish","format-standard","has-post-thumbnail","hentry","category-corinthians"],"yoast_head":"<!-- This site is optimized with the Yoast SEO Premium plugin v24.2 (Yoast SEO v26.9) - https:\/\/yoast.com\/product\/yoast-seo-premium-wordpress\/ -->\n<title>F\u00e1bio Sormani viraliza ao falar sobre a hist\u00f3ria do Corinthians; veja v\u00eddeo<\/title>\n<meta name=\"robots\" content=\"index, follow, max-snippet:-1, max-image-preview:large, max-video-preview:-1\" \/>\n<link rel=\"canonical\" href=\"https:\/\/www.gaveanews.com\/index.php\/2025\/03\/14\/fabio-sormani-viraliza-ao-falar-sobre-a-historia-do-corinthians-veja-video\/\" \/>\n<meta property=\"og:locale\" content=\"pt_BR\" \/>\n<meta property=\"og:type\" content=\"article\" \/>\n<meta property=\"og:title\" content=\"F\u00e1bio Sormani viraliza ao falar sobre a hist\u00f3ria do Corinthians; veja v\u00eddeo\" \/>\n<meta property=\"og:description\" content=\"O jornalista F\u00e1bio Sormani, conhecido por suas opini\u00f5es provocativas, causou alvoro\u00e7o nas redes sociais ao falar sobre a hist\u00f3ria do Corinthians.&nbsp; A declara\u00e7\u00e3o gerou debates acalorados entre torcedores e especialistas, evidenciando mais uma vez o poder de Sormani em causar pol\u00eamica. A declara\u00e7\u00e3o de Sormani A fala de F\u00e1bio Sormani pegou muitos de surpresa, especialmente [&hellip;]\" \/>\n<meta property=\"og:url\" content=\"https:\/\/www.gaveanews.com\/index.php\/2025\/03\/14\/fabio-sormani-viraliza-ao-falar-sobre-a-historia-do-corinthians-veja-video\/\" \/>\n<meta property=\"og:site_name\" content=\"G\u00e1vea News\" \/>\n<meta property=\"article:publisher\" content=\"https:\/\/facebook.com\/gaveaNews\/\" \/>\n<meta property=\"article:published_time\" content=\"2025-03-14T18:00:00+00:00\" \/>\n<meta property=\"og:image\" content=\"https:\/\/www.gaveanews.com\/wp-content\/uploads\/Sormani-durante-um-programa-da-emissora-Fox-Sports.webp\" \/>\n\t<meta property=\"og:image:width\" content=\"650\" \/>\n\t<meta property=\"og:image:height\" content=\"325\" \/>\n\t<meta property=\"og:image:type\" content=\"image\/jpeg\" \/>\n<meta name=\"author\" content=\"Rafaela Ladeira\" \/>\n<meta name=\"twitter:card\" content=\"summary_large_image\" \/>\n<meta name=\"twitter:label1\" content=\"Escrito por\" \/>\n\t<meta name=\"twitter:data1\" content=\"Rafaela Ladeira\" \/>\n\t<meta name=\"twitter:label2\" content=\"Est. tempo de leitura\" \/>\n\t<meta name=\"twitter:data2\" content=\"2 minutos\" \/>\n<script type=\"application\/ld+json\" class=\"yoast-schema-graph\">{\"@context\":\"https:\/\/schema.org\",\"@graph\":[{\"@type\":\"NewsArticle\",\"@id\":\"https:\/\/www.gaveanews.com\/index.php\/2025\/03\/14\/fabio-sormani-viraliza-ao-falar-sobre-a-historia-do-corinthians-veja-video\/#article\",\"isPartOf\":{\"@id\":\"https:\/\/www.gaveanews.com\/index.php\/2025\/03\/14\/fabio-sormani-viraliza-ao-falar-sobre-a-historia-do-corinthians-veja-video\/\"},\"author\":{\"name\":\"Rafaela Ladeira\",\"@id\":\"https:\/\/www.gaveanews.com\/#\/schema\/person\/0eb3e3fe1754f0205218538adbe8f5ed\"},\"headline\":\"F\u00e1bio Sormani viraliza ao falar sobre a hist\u00f3ria do Corinthians; veja v\u00eddeo\",\"datePublished\":\"2025-03-14T18:00:00+00:00\",\"mainEntityOfPage\":{\"@id\":\"https:\/\/www.gaveanews.com\/index.php\/2025\/03\/14\/fabio-sormani-viraliza-ao-falar-sobre-a-historia-do-corinthians-veja-video\/\"},\"wordCount\":423,\"commentCount\":0,\"image\":{\"@id\":\"https:\/\/www.gaveanews.com\/index.php\/2025\/03\/14\/fabio-sormani-viraliza-ao-falar-sobre-a-historia-do-corinthians-veja-video\/#primaryimage\"},\"thumbnailUrl\":\"https:\/\/www.gaveanews.com\/wp-content\/uploads\/Sormani-durante-um-programa-da-emissora-Fox-Sports.webp\",\"articleSection\":[\"Corinthians\"],\"inLanguage\":\"pt-BR\",\"potentialAction\":[{\"@type\":\"CommentAction\",\"name\":\"Comment\",\"target\":[\"https:\/\/www.gaveanews.com\/index.php\/2025\/03\/14\/fabio-sormani-viraliza-ao-falar-sobre-a-historia-do-corinthians-veja-video\/#respond\"]}],\"copyrightYear\":\"2025\",\"copyrightHolder\":{\"@id\":\"https:\/\/www.gaveanews.com\/#organization\"}},{\"@type\":\"WebPage\",\"@id\":\"https:\/\/www.gaveanews.com\/index.php\/2025\/03\/14\/fabio-sormani-viraliza-ao-falar-sobre-a-historia-do-corinthians-veja-video\/\",\"url\":\"https:\/\/www.gaveanews.com\/index.php\/2025\/03\/14\/fabio-sormani-viraliza-ao-falar-sobre-a-historia-do-corinthians-veja-video\/\",\"name\":\"F\u00e1bio Sormani viraliza ao falar sobre a hist\u00f3ria do Corinthians; veja v\u00eddeo\",\"isPartOf\":{\"@id\":\"https:\/\/www.gaveanews.com\/#website\"},\"primaryImageOfPage\":{\"@id\":\"https:\/\/www.gaveanews.com\/index.php\/2025\/03\/14\/fabio-sormani-viraliza-ao-falar-sobre-a-historia-do-corinthians-veja-video\/#primaryimage\"},\"image\":{\"@id\":\"https:\/\/www.gaveanews.com\/index.php\/2025\/03\/14\/fabio-sormani-viraliza-ao-falar-sobre-a-historia-do-corinthians-veja-video\/#primaryimage\"},\"thumbnailUrl\":\"https:\/\/www.gaveanews.com\/wp-content\/uploads\/Sormani-durante-um-programa-da-emissora-Fox-Sports.webp\",\"datePublished\":\"2025-03-14T18:00:00+00:00\",\"author\":{\"@id\":\"https:\/\/www.gaveanews.com\/#\/schema\/person\/0eb3e3fe1754f0205218538adbe8f5ed\"},\"breadcrumb\":{\"@id\":\"https:\/\/www.gaveanews.com\/index.php\/2025\/03\/14\/fabio-sormani-viraliza-ao-falar-sobre-a-historia-do-corinthians-veja-video\/#breadcrumb\"},\"inLanguage\":\"pt-BR\",\"potentialAction\":[{\"@type\":\"ReadAction\",\"target\":[\"https:\/\/www.gaveanews.com\/index.php\/2025\/03\/14\/fabio-sormani-viraliza-ao-falar-sobre-a-historia-do-corinthians-veja-video\/\"]}]},{\"@type\":\"ImageObject\",\"inLanguage\":\"pt-BR\",\"@id\":\"https:\/\/www.gaveanews.com\/index.php\/2025\/03\/14\/fabio-sormani-viraliza-ao-falar-sobre-a-historia-do-corinthians-veja-video\/#primaryimage\",\"url\":\"https:\/\/www.gaveanews.com\/wp-content\/uploads\/Sormani-durante-um-programa-da-emissora-Fox-Sports.webp\",\"contentUrl\":\"https:\/\/www.gaveanews.com\/wp-content\/uploads\/Sormani-durante-um-programa-da-emissora-Fox-Sports.webp\",\"width\":650,\"height\":325,\"caption\":\"Sormani durante um programa da emissora Fox Sports (Foto: Reprodu\u00e7\u00e3o)\"},{\"@type\":\"BreadcrumbList\",\"@id\":\"https:\/\/www.gaveanews.com\/index.php\/2025\/03\/14\/fabio-sormani-viraliza-ao-falar-sobre-a-historia-do-corinthians-veja-video\/#breadcrumb\",\"itemListElement\":[{\"@type\":\"ListItem\",\"position\":1,\"name\":\"Home\",\"item\":\"https:\/\/www.gaveanews.com\/\"},{\"@type\":\"ListItem\",\"position\":2,\"name\":\"F\u00e1bio Sormani viraliza ao falar sobre a hist\u00f3ria do Corinthians; veja v\u00eddeo\"}]},{\"@type\":\"WebSite\",\"@id\":\"https:\/\/www.gaveanews.com\/#website\",\"url\":\"https:\/\/www.gaveanews.com\/\",\"name\":\"G\u00e1vea News\",\"description\":\"Veja todas as not\u00edcias sobre o Flamengo: Contrata\u00e7\u00f5es, categorias de base, resultados das partidas, tabela de classifica\u00e7\u00e3o, pr\u00f3ximos jogos!\",\"potentialAction\":[{\"@type\":\"SearchAction\",\"target\":{\"@type\":\"EntryPoint\",\"urlTemplate\":\"https:\/\/www.gaveanews.com\/?s={search_term_string}\"},\"query-input\":{\"@type\":\"PropertyValueSpecification\",\"valueRequired\":true,\"valueName\":\"search_term_string\"}}],\"inLanguage\":\"pt-BR\"},{\"@type\":\"Person\",\"@id\":\"https:\/\/www.gaveanews.com\/#\/schema\/person\/0eb3e3fe1754f0205218538adbe8f5ed\",\"name\":\"Rafaela Ladeira\",\"image\":{\"@type\":\"ImageObject\",\"inLanguage\":\"pt-BR\",\"@id\":\"https:\/\/www.gaveanews.com\/#\/schema\/person\/image\/\",\"url\":\"https:\/\/secure.gravatar.com\/avatar\/c31f513acffd85eacab5730cbdfdbbf59f21ba5aeada8cd890acea879fbb2455?s=96&d=mm&r=g\",\"contentUrl\":\"https:\/\/secure.gravatar.com\/avatar\/c31f513acffd85eacab5730cbdfdbbf59f21ba5aeada8cd890acea879fbb2455?s=96&d=mm&r=g\",\"caption\":\"Rafaela Ladeira\"}}]}<\/script>\n<!-- \/ Yoast SEO Premium plugin. -->","yoast_head_json":{"title":"F\u00e1bio Sormani viraliza ao falar sobre a hist\u00f3ria do Corinthians; veja v\u00eddeo","robots":{"index":"index","follow":"follow","max-snippet":"max-snippet:-1","max-image-preview":"max-image-preview:large","max-video-preview":"max-video-preview:-1"},"canonical":"https:\/\/www.gaveanews.com\/index.php\/2025\/03\/14\/fabio-sormani-viraliza-ao-falar-sobre-a-historia-do-corinthians-veja-video\/","og_locale":"pt_BR","og_type":"article","og_title":"F\u00e1bio Sormani viraliza ao falar sobre a hist\u00f3ria do Corinthians; veja v\u00eddeo","og_description":"O jornalista F\u00e1bio Sormani, conhecido por suas opini\u00f5es provocativas, causou alvoro\u00e7o nas redes sociais ao falar sobre a hist\u00f3ria do Corinthians.&nbsp; A declara\u00e7\u00e3o gerou debates acalorados entre torcedores e especialistas, evidenciando mais uma vez o poder de Sormani em causar pol\u00eamica. A declara\u00e7\u00e3o de Sormani A fala de F\u00e1bio Sormani pegou muitos de surpresa, especialmente [&hellip;]","og_url":"https:\/\/www.gaveanews.com\/index.php\/2025\/03\/14\/fabio-sormani-viraliza-ao-falar-sobre-a-historia-do-corinthians-veja-video\/","og_site_name":"G\u00e1vea News","article_publisher":"https:\/\/facebook.com\/gaveaNews\/","article_published_time":"2025-03-14T18:00:00+00:00","og_image":[{"width":650,"height":325,"url":"https:\/\/www.gaveanews.com\/wp-content\/uploads\/Sormani-durante-um-programa-da-emissora-Fox-Sports.webp","type":"image\/jpeg"}],"author":"Rafaela Ladeira","twitter_card":"summary_large_image","twitter_misc":{"Escrito por":"Rafaela Ladeira","Est. tempo de leitura":"2 minutos"},"schema":{"@context":"https:\/\/schema.org","@graph":[{"@type":"NewsArticle","@id":"https:\/\/www.gaveanews.com\/index.php\/2025\/03\/14\/fabio-sormani-viraliza-ao-falar-sobre-a-historia-do-corinthians-veja-video\/#article","isPartOf":{"@id":"https:\/\/www.gaveanews.com\/index.php\/2025\/03\/14\/fabio-sormani-viraliza-ao-falar-sobre-a-historia-do-corinthians-veja-video\/"},"author":{"name":"Rafaela Ladeira","@id":"https:\/\/www.gaveanews.com\/#\/schema\/person\/0eb3e3fe1754f0205218538adbe8f5ed"},"headline":"F\u00e1bio Sormani viraliza ao falar sobre a hist\u00f3ria do Corinthians; veja v\u00eddeo","datePublished":"2025-03-14T18:00:00+00:00","mainEntityOfPage":{"@id":"https:\/\/www.gaveanews.com\/index.php\/2025\/03\/14\/fabio-sormani-viraliza-ao-falar-sobre-a-historia-do-corinthians-veja-video\/"},"wordCount":423,"commentCount":0,"image":{"@id":"https:\/\/www.gaveanews.com\/index.php\/2025\/03\/14\/fabio-sormani-viraliza-ao-falar-sobre-a-historia-do-corinthians-veja-video\/#primaryimage"},"thumbnailUrl":"https:\/\/www.gaveanews.com\/wp-content\/uploads\/Sormani-durante-um-programa-da-emissora-Fox-Sports.webp","articleSection":["Corinthians"],"inLanguage":"pt-BR","potentialAction":[{"@type":"CommentAction","name":"Comment","target":["https:\/\/www.gaveanews.com\/index.php\/2025\/03\/14\/fabio-sormani-viraliza-ao-falar-sobre-a-historia-do-corinthians-veja-video\/#respond"]}],"copyrightYear":"2025","copyrightHolder":{"@id":"https:\/\/www.gaveanews.com\/#organization"}},{"@type":"WebPage","@id":"https:\/\/www.gaveanews.com\/index.php\/2025\/03\/14\/fabio-sormani-viraliza-ao-falar-sobre-a-historia-do-corinthians-veja-video\/","url":"https:\/\/www.gaveanews.com\/index.php\/2025\/03\/14\/fabio-sormani-viraliza-ao-falar-sobre-a-historia-do-corinthians-veja-video\/","name":"F\u00e1bio Sormani viraliza ao falar sobre a hist\u00f3ria do Corinthians; veja v\u00eddeo","isPartOf":{"@id":"https:\/\/www.gaveanews.com\/#website"},"primaryImageOfPage":{"@id":"https:\/\/www.gaveanews.com\/index.php\/2025\/03\/14\/fabio-sormani-viraliza-ao-falar-sobre-a-historia-do-corinthians-veja-video\/#primaryimage"},"image":{"@id":"https:\/\/www.gaveanews.com\/index.php\/2025\/03\/14\/fabio-sormani-viraliza-ao-falar-sobre-a-historia-do-corinthians-veja-video\/#primaryimage"},"thumbnailUrl":"https:\/\/www.gaveanews.com\/wp-content\/uploads\/Sormani-durante-um-programa-da-emissora-Fox-Sports.webp","datePublished":"2025-03-14T18:00:00+00:00","author":{"@id":"https:\/\/www.gaveanews.com\/#\/schema\/person\/0eb3e3fe1754f0205218538adbe8f5ed"},"breadcrumb":{"@id":"https:\/\/www.gaveanews.com\/index.php\/2025\/03\/14\/fabio-sormani-viraliza-ao-falar-sobre-a-historia-do-corinthians-veja-video\/#breadcrumb"},"inLanguage":"pt-BR","potentialAction":[{"@type":"ReadAction","target":["https:\/\/www.gaveanews.com\/index.php\/2025\/03\/14\/fabio-sormani-viraliza-ao-falar-sobre-a-historia-do-corinthians-veja-video\/"]}]},{"@type":"ImageObject","inLanguage":"pt-BR","@id":"https:\/\/www.gaveanews.com\/index.php\/2025\/03\/14\/fabio-sormani-viraliza-ao-falar-sobre-a-historia-do-corinthians-veja-video\/#primaryimage","url":"https:\/\/www.gaveanews.com\/wp-content\/uploads\/Sormani-durante-um-programa-da-emissora-Fox-Sports.webp","contentUrl":"https:\/\/www.gaveanews.com\/wp-content\/uploads\/Sormani-durante-um-programa-da-emissora-Fox-Sports.webp","width":650,"height":325,"caption":"Sormani durante um programa da emissora Fox Sports (Foto: Reprodu\u00e7\u00e3o)"},{"@type":"BreadcrumbList","@id":"https:\/\/www.gaveanews.com\/index.php\/2025\/03\/14\/fabio-sormani-viraliza-ao-falar-sobre-a-historia-do-corinthians-veja-video\/#breadcrumb","itemListElement":[{"@type":"ListItem","position":1,"name":"Home","item":"https:\/\/www.gaveanews.com\/"},{"@type":"ListItem","position":2,"name":"F\u00e1bio Sormani viraliza ao falar sobre a hist\u00f3ria do Corinthians; veja v\u00eddeo"}]},{"@type":"WebSite","@id":"https:\/\/www.gaveanews.com\/#website","url":"https:\/\/www.gaveanews.com\/","name":"G\u00e1vea News","description":"Veja todas as not\u00edcias sobre o Flamengo: Contrata\u00e7\u00f5es, categorias de base, resultados das partidas, tabela de classifica\u00e7\u00e3o, pr\u00f3ximos jogos!","potentialAction":[{"@type":"SearchAction","target":{"@type":"EntryPoint","urlTemplate":"https:\/\/www.gaveanews.com\/?s={search_term_string}"},"query-input":{"@type":"PropertyValueSpecification","valueRequired":true,"valueName":"search_term_string"}}],"inLanguage":"pt-BR"},{"@type":"Person","@id":"https:\/\/www.gaveanews.com\/#\/schema\/person\/0eb3e3fe1754f0205218538adbe8f5ed","name":"Rafaela Ladeira","image":{"@type":"ImageObject","inLanguage":"pt-BR","@id":"https:\/\/www.gaveanews.com\/#\/schema\/person\/image\/","url":"https:\/\/secure.gravatar.com\/avatar\/c31f513acffd85eacab5730cbdfdbbf59f21ba5aeada8cd890acea879fbb2455?s=96&d=mm&r=g","contentUrl":"https:\/\/secure.gravatar.com\/avatar\/c31f513acffd85eacab5730cbdfdbbf59f21ba5aeada8cd890acea879fbb2455?s=96&d=mm&r=g","caption":"Rafaela Ladeira"}}]}},"_links":{"self":[{"href":"https:\/\/www.gaveanews.com\/index.php\/wp-json\/wp\/v2\/posts\/240100","targetHints":{"allow":["GET"]}}],"collection":[{"href":"https:\/\/www.gaveanews.com\/index.php\/wp-json\/wp\/v2\/posts"}],"about":[{"href":"https:\/\/www.gaveanews.com\/index.php\/wp-json\/wp\/v2\/types\/post"}],"author":[{"embeddable":true,"href":"https:\/\/www.gaveanews.com\/index.php\/wp-json\/wp\/v2\/users\/25"}],"replies":[{"embeddable":true,"href":"https:\/\/www.gaveanews.com\/index.php\/wp-json\/wp\/v2\/comments?post=240100"}],"version-history":[{"count":1,"href":"https:\/\/www.gaveanews.com\/index.php\/wp-json\/wp\/v2\/posts\/240100\/revisions"}],"predecessor-version":[{"id":240101,"href":"https:\/\/www.gaveanews.com\/index.php\/wp-json\/wp\/v2\/posts\/240100\/revisions\/240101"}],"wp:featuredmedia":[{"embeddable":true,"href":"https:\/\/www.gaveanews.com\/index.php\/wp-json\/wp\/v2\/media\/52970"}],"wp:attachment":[{"href":"https:\/\/www.gaveanews.com\/index.php\/wp-json\/wp\/v2\/media?parent=240100"}],"wp:term":[{"taxonomy":"category","embeddable":true,"href":"https:\/\/www.gaveanews.com\/index.php\/wp-json\/wp\/v2\/categories?post=240100"},{"taxonomy":"post_tag","embeddable":true,"href":"https:\/\/www.gaveanews.com\/index.php\/wp-json\/wp\/v2\/tags?post=240100"}],"curies":[{"name":"wp","href":"https:\/\/api.w.org\/{rel}","templated":true}]}}